{"id":1014,"date":"2024-01-29T15:45:43","date_gmt":"2024-01-29T13:45:43","guid":{"rendered":"https:\/\/propertybook.ro\/blog\/de-vanzare-apartament-modern-cu-2-camere-in-zona-platinia-ideal-situat-si-mobilat\/"},"modified":"2024-01-29T15:45:43","modified_gmt":"2024-01-29T13:45:43","slug":"de-vanzare-apartament-modern-cu-2-camere-in-zona-platinia-ideal-situat-si-mobilat","status":"publish","type":"post","link":"https:\/\/propertybook.ro\/blog\/de-vanzare-apartament-modern-cu-2-camere-in-zona-platinia-ideal-situat-si-mobilat\/","title":{"rendered":"De V\u00e2nzare: Apartament Modern cu 2 Camere \u00een Zona Platinia, Ideal Situat \u0219i Mobilat"},"content":{"rendered":"\n<!-- ngfb content-buttons begin -->\n<!-- generated on 2026-05-02T11:32:03+00:00 -->\n<div class=\"ngfb-content-buttons\">\n<div class=\"ngfb-buttons en_US\">\n<!-- Email Button --><div class=\"css-button email-button\">\n  <a href=\"mailto:?subject=Share:%20De%20V%C3%A2nzare%3A%20Apartament%20Modern%20cu%202%20Camere%20%C3%AEn%20Zona%20Platinia%2C%20Ideal%20Situat%20%C8%99i%20Mobilat&body=Cluj-Napoca%2C%20M%C4%83n%C4%83%C8%99tur%20-%20De%20v%C3%A2nzare%2C%20apartament%20cu%202%20camere%2C%20situat%20la%20etajul%202%20%C3%AEntr-un%20imobil%20nou%20din%202019%2C%20%C3%AEn%20cartierul%20Manastur.%20Zona%20semi-central%C4%83%2C%20aproape%20de%20transport%20%C8%99i%20magazine.%20Suprafa%C8%9Ba%20de%2054%20mp%2C%20include%20dormitor%2C%20buc%C4%83t%C4%83rie%20deschis%C4%83%20cu%20living%2C%20baie%20%C8%99i%20balcon.%20Finisaje%20moderne%2C%20mobilat%20%C8%99i%20utilat.%20Posibilitate%20achizi%C8%9Bie%20loc%20de%20parcare%20subteran%20separat%20%28%2B15000%20euro%29.%0D%0A%0D%0AShared%20from%20https:\/\/propertybook.ro\/blog\/de-vanzare-apartament-modern-cu-2-camere-in-zona-platinia-ideal-situat-si-mobilat\/%0D%0A\">\n    <span class=\"ngfb-icon\">\n      <svg xmlns=\"http:\/\/www.w3.org\/2000\/svg\" width=\"9\" height=\"9\" viewBox=\"0 0 28 28\">\n        <path d=\"M20.11 26.147c-2.335 1.05-4.36 1.4-7.124 1.4C6.524 27.548.84 22.916.84 15.284.84 7.343 6.602.45 15.4.45c6.854 0 11.8 4.7 11.8 11.252 0 5.684-3.193 9.265-7.398 9.3-1.83 0-3.153-.934-3.347-2.997h-.077c-1.208 1.986-2.96 2.997-5.023 2.997-2.532 0-4.36-1.868-4.36-5.062 0-4.75 3.503-9.07 9.11-9.07 1.713 0 3.7.4 4.6.972l-1.17 7.203c-.387 2.298-.115 3.3 1 3.4 1.674 0 3.774-2.102 3.774-6.58 0-5.06-3.27-8.994-9.304-8.994C9.05 2.87 3.83 7.545 3.83 14.97c0 6.5 4.2 10.2 10 10.202 1.987 0 4.09-.43 5.647-1.245l.634 2.22zM16.647 10.1c-.31-.078-.7-.155-1.207-.155-2.572 0-4.596 2.53-4.596 5.53 0 1.5.7 2.4 1.9 2.4 1.44 0 2.96-1.83 3.31-4.088l.592-3.72z\" \/>\n      <\/svg>\n    <\/span>\n    <span class=\"ngfb-text\"><\/span>\n  <\/a>\n<\/div><\/div><!-- .ngfb-buttons.en_US -->\n<\/div><!-- .ngfb-content-buttons -->\n<!-- ngfb content-buttons end -->\n\n\n<!-- ngfb schema image for pinterest pin it button -->\n<div class=\"ngfb-schema-image-for-pinterest\" style=\"display:none;\">\n<img loading=\"lazy\" decoding=\"async\" src=\"https:\/\/propertybook.ro\/blog\/wp-content\/uploads\/2024\/01\/137135.webp\" width=\"0\" height=\"0\" style=\"width:0;height:0;\" data-pin-description=\"Cluj-Napoca, M\u0103n\u0103\u0219tur - De v&acirc;nzare, apartament cu 2 camere, situat la etajul 2 &icirc;ntr-un imobil nou din 2019, &icirc;n cartierul Manastur. Zona semi-central\u0103, aproape de transport \u0219i magazine. Suprafa\u021ba de 54 mp, include dormitor, buc\u0103t\u0103rie deschis\u0103 cu living, baie \u0219i balcon. Finisaje moderne, mobilat...\" alt=\"\"\/>\n<\/div><!-- .ngfb-schema-image-for-pinterest -->\n\n<figure class=\"wp-block-image size-large\"><img decoding=\"async\" src=\"https:\/\/cdn.propertybook.ro\/napoca_imobiliare\/137135.webp\" alt=\"\" \/><\/figure>\n<ul>\n<li><a href=\"\/cluj-napoca\/\">Imobiliare Cluj-Napoca<\/a><\/li>\n<li><a href=\"\/cluj-napoca\/apartamente-vanzare\/\">Apartamente de vanzare Cluj-Napoca<\/a><\/li>\n<li><a href=\"\/cluj-napoca\/apartamente-vanzare\/2-camere\/\">Apartamente cu 2 camere de vanzare Cluj-Napoca<\/a><\/li>\n<li><a href=\"\/cluj-napoca\/apartamente-vanzare\/manastur\/2-camere\/\">Apartamente cu 2 camere de vanzare M\u0103n\u0103\u0219tur, Cluj-Napoca<\/a><\/li>\n<\/ul>\n<p><a href=\"\/cluj-napoca\/imobiliare-25-137135-vanzare-apartament-2-camere-in-manastur\/\" class=\"pb-listing-action\">Detaliile proprietatii<\/a><\/p>\n<p>Titlu: Descoper\u0103 Confortul Urban Modern: Apartament Ultramodern cu 2 Camere \u00een Platinia, Manastur<\/p>\n<p>Dac\u0103 e\u0219ti \u00een c\u0103utarea vie\u021bii urbane des\u0103v\u00e2r\u0219ite, avem ceva special pentru tine: un apartament \u00eenc\u00e2nt\u0103tor cu 2 camere, situat \u00een inima cartierului Manastur, unul dintre cele mai solicitate cartiere din ora\u0219. <\/p>\n<p>Apartamentul \u2013 Un Sanctuar al Confortului \u0219i Esteticii<\/p>\n<p>Situat la etajul 2 \u00eentr-un imobil nou, dat \u00een folosin\u021b\u0103 \u00een anul 2019, acest apartament este \u00eentocmai ceea ce ai putea numi &#8220;acas\u0103&#8221;. Construit cu o structur\u0103 pe 6 etaje, imobilul \u00eembin\u0103 elegan\u021ba cu func\u021bionalitatea, f\u0103c\u00e2nd parte dintr-un ansamblu reziden\u021bial care redefine\u0219te standardul de confort urban.<\/p>\n<p>Conceput Pentru a Impresiona<\/p>\n<p>Cu o suprafa\u021b\u0103 util\u0103 de 54 mp, aceast\u0103 proprietate astonomiaz\u0103 printr-o compartimentare inteligent\u0103 \u0219i finisaje moderne, garant\u00e2nd un stil de via\u021b\u0103 de invidiat. O buc\u0103t\u0103rie deschis\u0103, integrat\u0103 armonios cu camera de zi, ofer\u0103 un spa\u021biu perfect pentru relaxare \u0219i divertisment. Dormitorul \u00eembin\u0103 practicul cu confortul, fiind g\u00e2ndit s\u0103 v\u0103 ofere lini\u0219tea necesar\u0103 dup\u0103 o zi agitat\u0103. Baia dotat\u0103 cu ventilatie electric\u0103 adaug\u0103 un plus de comoditate, iar antreul primitor v\u0103 \u00eent\u00e2mpin\u0103 ca un preludiu c\u0103tre c\u0103ldura c\u0103minului dumneavoastr\u0103.<\/p>\n<p>Detaliile care Contez\u0103<\/p>\n<p>\u0218tim c\u00e2t de importante sunt detaliile, a\u0219a c\u0103 v-am preg\u0103tit finisaje selec\u021bionate cu grij\u0103:<\/p>\n<p>&#8211; Pardoseal\u0103 cu parchet laminat, oferind stil \u0219i durabilitate.<\/p>\n<p>&#8211; Pere\u021bi zugr\u0103vi\u021bi cu vopsea lavabil\u0103, pentru un aspect mereu proasp\u0103t.<\/p>\n<p>&#8211; Ferestre termoizolante din PVC, asigur\u00e2nd eficien\u021b\u0103 energetic\u0103 \u0219i confort termic.<\/p>\n<p>&#8211; U\u0219i interioare elegante din lemn \u0219i o u\u0219\u0103 de la intrare metalic\u0103, pentru siguran\u021b\u0103 \u0219i intimitate.<\/p>\n<p>&#8211; Baia \u0219i buc\u0103t\u0103ria sunt placate cu gresie \u0219i faian\u021b\u0103 moderne, eviden\u021biind elegan\u021ba \u0219i u\u0219urin\u021ba \u00een \u00eentre\u021binere.<\/p>\n<p>Mobilat pentru a V\u0103 \u00cent\u00e2mpina<\/p>\n<p>Pentru a elimina grija de a mobilier \u0219i a utila un nou spa\u021biu, aceast\u0103 proprietate este disponibil\u0103 complet mobilat\u0103 \u0219i utilat\u0103 conform fotografiilor. Pur \u0219i simplu aduce\u021bi-v\u0103 bagajele \u0219i \u00eencepe\u021bi s\u0103 v\u0103 bucura\u021bi de noua dumneavoastr\u0103 cas\u0103 f\u0103r\u0103 niciun efort suplimentar.<\/p>\n<p>Asum\u00eendu-V\u0103 Viitorul<\/p>\n<p>Pentru cei dintre dumneavoastr\u0103 care doresc \u0219i mai mult\u0103 comoditate, exist\u0103 posibilitatea achizi\u021bion\u0103rii unui loc de parcare subteran separat.<\/p>\n<p>\u00cen jurul Propriet\u0103\u021bii<\/p>\n<p>Zona Platinia este binecunoscut\u0103 pentru accesul direct la facilit\u0103\u021bile urbane. De la mijloace de transport \u00een comun la magazine, complexe comerciale \u0219i farmacii, totul este la doar c\u00e2teva minute distan\u021b\u0103. Plus, pentru cei pasiona\u021bi de fitness \u0219i s\u0103n\u0103tate, ve\u021bi g\u0103si s\u0103li de sport dotate \u00een vecin\u0103tate.<\/p>\n<p>Nu rata\u021bi ocazia de a deveni proprietarul acestui minunat apartament. Alege\u021bi s\u0103 tr\u0103i\u021bi acolo unde designul, confortul \u0219i accesul la servicii se \u00eembin\u0103 armonios pentru a crea locul ideal pe care s\u0103-l numi\u021bi acas\u0103.<\/p>\n<p>Aceast\u0103 proprietate este o oportunitate ce nu trebuie ratat\u0103! A\u0219a c\u0103, dac\u0103 sunte\u021bi interesa\u021bi s\u0103 afla\u021bi mai multe detalii sau s\u0103 programa\u021bi o vizionare, v\u0103 a\u0219tept\u0103m s\u0103 ne contacta\u021bi.<\/p>\n<p><a href=\"\/cluj-napoca\/imobiliare-25-137135-vanzare-apartament-2-camere-in-manastur\/\" class=\"pb-listing-action\">Stabileste o vizionare<\/a><\/p>\n<ul>\n<li><a href=\"\/cluj-napoca\/\">Imobiliare Cluj-Napoca<\/a><\/li>\n<li><a href=\"\/cluj-napoca\/apartamente-vanzare\/\">Apartamente de vanzare Cluj-Napoca<\/a><\/li>\n<li><a href=\"\/cluj-napoca\/apartamente-vanzare\/2-camere\/\">Apartamente cu 2 camere de vanzare Cluj-Napoca<\/a><\/li>\n<li><a href=\"\/cluj-napoca\/apartamente-vanzare\/manastur\/2-camere\/\">Apartamente cu 2 camere de vanzare M\u0103n\u0103\u0219tur, Cluj-Napoca<\/a><\/li>\n<\/ul>\n\n<!-- ngfb content-buttons begin -->\n<!-- generated on 2026-05-02T11:32:03+00:00 -->\n<div class=\"ngfb-content-buttons\">\n<div class=\"ngfb-buttons en_US\">\n<!-- Email Button --><div class=\"css-button email-button\">\n  <a href=\"mailto:?subject=Share:%20De%20V%C3%A2nzare%3A%20Apartament%20Modern%20cu%202%20Camere%20%C3%AEn%20Zona%20Platinia%2C%20Ideal%20Situat%20%C8%99i%20Mobilat&body=Cluj-Napoca%2C%20M%C4%83n%C4%83%C8%99tur%20-%20De%20v%C3%A2nzare%2C%20apartament%20cu%202%20camere%2C%20situat%20la%20etajul%202%20%C3%AEntr-un%20imobil%20nou%20din%202019%2C%20%C3%AEn%20cartierul%20Manastur.%20Zona%20semi-central%C4%83%2C%20aproape%20de%20transport%20%C8%99i%20magazine.%20Suprafa%C8%9Ba%20de%2054%20mp%2C%20include%20dormitor%2C%20buc%C4%83t%C4%83rie%20deschis%C4%83%20cu%20living%2C%20baie%20%C8%99i%20balcon.%20Finisaje%20moderne%2C%20mobilat%20%C8%99i%20utilat.%20Posibilitate%20achizi%C8%9Bie%20loc%20de%20parcare%20subteran%20separat%20%28%2B15000%20euro%29.%0D%0A%0D%0AShared%20from%20https:\/\/propertybook.ro\/blog\/de-vanzare-apartament-modern-cu-2-camere-in-zona-platinia-ideal-situat-si-mobilat\/%0D%0A\">\n    <span class=\"ngfb-icon\">\n      <svg xmlns=\"http:\/\/www.w3.org\/2000\/svg\" width=\"9\" height=\"9\" viewBox=\"0 0 28 28\">\n        <path d=\"M20.11 26.147c-2.335 1.05-4.36 1.4-7.124 1.4C6.524 27.548.84 22.916.84 15.284.84 7.343 6.602.45 15.4.45c6.854 0 11.8 4.7 11.8 11.252 0 5.684-3.193 9.265-7.398 9.3-1.83 0-3.153-.934-3.347-2.997h-.077c-1.208 1.986-2.96 2.997-5.023 2.997-2.532 0-4.36-1.868-4.36-5.062 0-4.75 3.503-9.07 9.11-9.07 1.713 0 3.7.4 4.6.972l-1.17 7.203c-.387 2.298-.115 3.3 1 3.4 1.674 0 3.774-2.102 3.774-6.58 0-5.06-3.27-8.994-9.304-8.994C9.05 2.87 3.83 7.545 3.83 14.97c0 6.5 4.2 10.2 10 10.202 1.987 0 4.09-.43 5.647-1.245l.634 2.22zM16.647 10.1c-.31-.078-.7-.155-1.207-.155-2.572 0-4.596 2.53-4.596 5.53 0 1.5.7 2.4 1.9 2.4 1.44 0 2.96-1.83 3.31-4.088l.592-3.72z\" \/>\n      <\/svg>\n    <\/span>\n    <span class=\"ngfb-text\"><\/span>\n  <\/a>\n<\/div><\/div><!-- .ngfb-buttons.en_US -->\n<\/div><!-- .ngfb-content-buttons -->\n<!-- ngfb content-buttons end -->\n\n","protected":false},"excerpt":{"rendered":"<p>Cluj-Napoca, M\u0103n\u0103\u0219tur &#8211; De v\u00e2nzare, apartament cu 2 camere, situat la etajul 2 \u00eentr-un imobil nou din 2019, \u00een cartierul Manastur. Zona semi-central\u0103, aproape de transport \u0219i magazine. Suprafa\u021ba de 54 mp, include dormitor, buc\u0103t\u0103rie deschis\u0103 cu living, baie \u0219i balcon. Finisaje moderne, mobilat \u0219i utilat. Posibilitate achizi\u021bie loc de parcare subteran separat (+15000 euro).<\/p>\n","protected":false},"author":8,"featured_media":1013,"comment_status":"open","ping_status":"open","sticky":false,"template":"","format":"standard","meta":{"footnotes":""},"categories":[50,48,47],"tags":[62,74,65,91,56,123,60,70,63],"class_list":["post-1014","post","type-post","status-publish","format-standard","has-post-thumbnail","hentry","category-apartamente-de-vanzare-in-cluj-napoca","category-oferte-imobiliare-in-cluj-napoca","category-oferte","tag-2-camere","tag-balcon","tag-centrala-termica","tag-cluj-napoca","tag-etaj-2-6","tag-manastur","tag-parcare","tag-parchet","tag-semidecomandat"],"_links":{"self":[{"href":"https:\/\/propertybook.ro\/blog\/wp-json\/wp\/v2\/posts\/1014","targetHints":{"allow":["GET"]}}],"collection":[{"href":"https:\/\/propertybook.ro\/blog\/wp-json\/wp\/v2\/posts"}],"about":[{"href":"https:\/\/propertybook.ro\/blog\/wp-json\/wp\/v2\/types\/post"}],"author":[{"embeddable":true,"href":"https:\/\/propertybook.ro\/blog\/wp-json\/wp\/v2\/users\/8"}],"replies":[{"embeddable":true,"href":"https:\/\/propertybook.ro\/blog\/wp-json\/wp\/v2\/comments?post=1014"}],"version-history":[{"count":0,"href":"https:\/\/propertybook.ro\/blog\/wp-json\/wp\/v2\/posts\/1014\/revisions"}],"wp:featuredmedia":[{"embeddable":true,"href":"https:\/\/propertybook.ro\/blog\/wp-json\/wp\/v2\/media\/1013"}],"wp:attachment":[{"href":"https:\/\/propertybook.ro\/blog\/wp-json\/wp\/v2\/media?parent=1014"}],"wp:term":[{"taxonomy":"category","embeddable":true,"href":"https:\/\/propertybook.ro\/blog\/wp-json\/wp\/v2\/categories?post=1014"},{"taxonomy":"post_tag","embeddable":true,"href":"https:\/\/propertybook.ro\/blog\/wp-json\/wp\/v2\/tags?post=1014"}],"curies":[{"name":"wp","href":"https:\/\/api.w.org\/{rel}","templated":true}]}}