{"id":1094,"date":"2024-02-07T15:45:50","date_gmt":"2024-02-07T13:45:50","guid":{"rendered":"https:\/\/propertybook.ro\/blog\/apartament-luminos-cu-2-camere-decomandate-in-manastur-zona-centrala-ideal-amplasat\/"},"modified":"2024-02-07T15:45:50","modified_gmt":"2024-02-07T13:45:50","slug":"apartament-luminos-cu-2-camere-decomandate-in-manastur-zona-centrala-ideal-amplasat","status":"publish","type":"post","link":"https:\/\/propertybook.ro\/blog\/apartament-luminos-cu-2-camere-decomandate-in-manastur-zona-centrala-ideal-amplasat\/","title":{"rendered":"Apartament luminos cu 2 camere decomandate \u00een Manastur, zona central\u0103, ideal amplasat"},"content":{"rendered":"\n<!-- ngfb content-buttons begin -->\n<!-- generated on 2026-04-30T10:35:46+00:00 -->\n<div class=\"ngfb-content-buttons\">\n<div class=\"ngfb-buttons en_US\">\n<!-- Email Button --><div class=\"css-button email-button\">\n  <a href=\"mailto:?subject=Share:%20Apartament%20luminos%20cu%202%20camere%20decomandate%20%C3%AEn%20Manastur%2C%20zona%20central%C4%83%2C%20ideal%20amplasat&body=Cluj-Napoca%2C%20M%C4%83n%C4%83%C8%99tur%20-%20De%20v%C3%A2nzare%20apartament%202%20camere%20decomandate%20%C3%AEn%20Manastur%2C%20la%20etajul%204%2F4%2C%20suprafa%C8%9B%C4%83%20de%2040%20mp.%20Zon%C4%83%20accesibil%C4%83%2C%20aproape%20de%20servicii%20esen%C8%9Biale.%20%C3%8Enc%C4%83perile%20includ%202%20dormitoare%2C%20buc%C4%83t%C4%83rie%2C%20baie%2C%20hol%20%C8%99i%20debara.%20Finisaje%20clasice%20%C8%99i%20moderne%20cu%20parchet%20laminat%2C%20pere%C8%9Bi%20vopsi%C8%9Bi%2C%20u%C8%99i%20din%20lemn%2C%20geamuri%20PVC%20%C8%99i%20u%C8%99%C4%83%20metalic%C4%83%20la%20intrare.%20Contact%20pentru%20vizionare.%0D%0A%0D%0AShared%20from%20https:\/\/propertybook.ro\/blog\/apartament-luminos-cu-2-camere-decomandate-in-manastur-zona-centrala-ideal-amplasat\/%0D%0A\">\n    <span class=\"ngfb-icon\">\n      <svg xmlns=\"http:\/\/www.w3.org\/2000\/svg\" width=\"9\" height=\"9\" viewBox=\"0 0 28 28\">\n        <path d=\"M20.11 26.147c-2.335 1.05-4.36 1.4-7.124 1.4C6.524 27.548.84 22.916.84 15.284.84 7.343 6.602.45 15.4.45c6.854 0 11.8 4.7 11.8 11.252 0 5.684-3.193 9.265-7.398 9.3-1.83 0-3.153-.934-3.347-2.997h-.077c-1.208 1.986-2.96 2.997-5.023 2.997-2.532 0-4.36-1.868-4.36-5.062 0-4.75 3.503-9.07 9.11-9.07 1.713 0 3.7.4 4.6.972l-1.17 7.203c-.387 2.298-.115 3.3 1 3.4 1.674 0 3.774-2.102 3.774-6.58 0-5.06-3.27-8.994-9.304-8.994C9.05 2.87 3.83 7.545 3.83 14.97c0 6.5 4.2 10.2 10 10.202 1.987 0 4.09-.43 5.647-1.245l.634 2.22zM16.647 10.1c-.31-.078-.7-.155-1.207-.155-2.572 0-4.596 2.53-4.596 5.53 0 1.5.7 2.4 1.9 2.4 1.44 0 2.96-1.83 3.31-4.088l.592-3.72z\" \/>\n      <\/svg>\n    <\/span>\n    <span class=\"ngfb-text\"><\/span>\n  <\/a>\n<\/div><\/div><!-- .ngfb-buttons.en_US -->\n<\/div><!-- .ngfb-content-buttons -->\n<!-- ngfb content-buttons end -->\n\n\n<!-- ngfb schema image for pinterest pin it button -->\n<div class=\"ngfb-schema-image-for-pinterest\" style=\"display:none;\">\n<img loading=\"lazy\" decoding=\"async\" src=\"https:\/\/propertybook.ro\/blog\/wp-content\/uploads\/2024\/02\/124498.webp\" width=\"0\" height=\"0\" style=\"width:0;height:0;\" data-pin-description=\"Cluj-Napoca, M\u0103n\u0103\u0219tur - De v&acirc;nzare apartament 2 camere decomandate &icirc;n Manastur, la etajul 4\/4, suprafa\u021b\u0103 de 40 mp. Zon\u0103 accesibil\u0103, aproape de servicii esen\u021biale. &Icirc;nc\u0103perile includ 2 dormitoare, buc\u0103t\u0103rie, baie, hol \u0219i debara. Finisaje clasice \u0219i moderne cu parchet laminat, pere\u021bi vopsi\u021bi, u\u0219i...\" alt=\"\"\/>\n<\/div><!-- .ngfb-schema-image-for-pinterest -->\n\n<figure class=\"wp-block-image size-large\"><img decoding=\"async\" src=\"https:\/\/cdn.propertybook.ro\/napoca_imobiliare\/124498.webp\" alt=\"\" \/><\/figure>\n<ul>\n<li><a href=\"\/cluj-napoca\/\">Imobiliare Cluj-Napoca<\/a><\/li>\n<li><a href=\"\/cluj-napoca\/apartamente-vanzare\/\">Apartamente de vanzare Cluj-Napoca<\/a><\/li>\n<li><a href=\"\/cluj-napoca\/apartamente-vanzare\/2-camere\/\">Apartamente cu 2 camere de vanzare Cluj-Napoca<\/a><\/li>\n<li><a href=\"\/cluj-napoca\/apartamente-vanzare\/manastur\/2-camere\/\">Apartamente cu 2 camere de vanzare M\u0103n\u0103\u0219tur, Cluj-Napoca<\/a><\/li>\n<\/ul>\n<p><a href=\"\/cluj-napoca\/imobiliare-25-124498-se-vinde-apartament-2-camere-in-manastur\/\" class=\"pb-listing-action\">Detaliile proprietatii<\/a><\/p>\n<p><h2 class=\"wp-block-heading\">Descoperi\u021bi Noul Dumneavoastr\u0103 Acas\u0103: Apartament cu 2 Camere in Manastur<\/h2>\n<p>C\u0103utarea unei noi locuin\u021be poate fi o aventur\u0103 interesant\u0103 \u0219i, deopotriv\u0103, stresant\u0103. Important este s\u0103 g\u0103si\u021bi acel loc care s\u0103 v\u0103 \u00eemplineasc\u0103 toate nevoile \u0219i s\u0103 v\u0103 fac\u0103 s\u0103 v\u0103 sim\u021bi\u021bi acas\u0103. Dac\u0103 sunte\u021bi \u00een c\u0103utarea unui spa\u021biu confortabil \u0219i bine pozi\u021bionat, v-am putea avea solu\u021bia ideal\u0103 pentru dumneavoastr\u0103: un apartament cu dou\u0103 camere decomandate, perfect situat \u00een inima cartierului Manastur.<\/p>\n<p><h2 class=\"wp-block-heading\">Un Apartament cu Detalii Bine G\u00e2ndite<\/h2>\n<p>Situat la etajul al patrulea al unui imobil cu patru niveluri, acest apartament este spa\u021biul ideal pentru cei care apreciaz\u0103 confortul \u0219i accesibilitatea. Av\u00e2nd dou\u0103 camere decomandate, locuin\u021ba se \u00eentinde pe o suprafa\u021b\u0103 de 40 mp \u0219i este organizat\u0103 eficient pentru a maximiza fiecare centimetru p\u0103trat.<\/p>\n<p>Interiorul apartamentului este proiectat pentru a oferi destul spa\u021biu \u0219i confort. Cele dou\u0103 dormitoare sunt g\u00e2ndite s\u0103 fie un sanctuar de lini\u0219te \u0219i relaxare dup\u0103 o zi lung\u0103. Buc\u0103t\u0103ria este locul ideal pentru a experimenta cu re\u021bete noi sau pentru a \u00eenv\u0103\u021ba me\u0219te\u0219ugul artei culinare, iar baia este un spa\u021biu optim pentru a \u00eencepe sau a \u00eencheia ziua \u00eentr-o not\u0103 pozitiv\u0103. Holul spatios \u0219i debara func\u021bional\u0103 adaug\u0103 un plus de spa\u021biu pentru depozitarea lucrurilor necesare.<\/p>\n<p><h2 class=\"wp-block-heading\">O Amenajare Clasic\u0103 \u0219i Modern\u0103<\/h2>\n<p>Finisajele apartamentului \u00eembin\u0103 stilul clasic cu cel modern. Pardoseala din parchet laminat adaug\u0103 un aspect cald \u0219i primitor \u00eenc\u0103perilor, iar pere\u021bii finisa\u021bi cu vopsea lavabil\u0103 faciliteaz\u0103 \u00eentre\u021binerea zilnic\u0103. U\u0219ile interioare sunt din lemn, ceea ce confer\u0103 o not\u0103 de elegan\u021b\u0103 \u0219i durabilitate, \u00een timp ce ferestrele sunt prev\u0103zute cu t\u00e2mpl\u0103rie PVC pentru o izola\u021bie eficient\u0103 \u0219i un consum energetic redus. De asemenea, u\u0219a metalic\u0103 de la intrare spore\u0219te siguran\u021ba locuin\u021bei.<\/p>\n<p><h2 class=\"wp-block-heading\">Localizare Perfect\u0103<\/h2>\n<p>Unul dintre cele mai atractive aspecte ale acestui apartament este localizarea sa. Fiind situat \u00een Manastur, ave\u021bi la dispozi\u021bie toate comodit\u0103\u021bile urbane pe care le pute\u021bi dori. De la centre comerciale \u0219i pie\u021be p\u00e2n\u0103 la unit\u0103\u021bi de \u00eenv\u0103\u021b\u0103m\u00e2nt, parcuri, sta\u021bii de transport \u00een comun \u0219i chiar campusuri universitare, totul este la doar c\u00e2\u021biva pa\u0219i distan\u021b\u0103.<\/p>\n<p><h2 class=\"wp-block-heading\">Gata s\u0103 Face\u021bi Pasul Urm\u0103tor?<\/h2>\n<p>Dac\u0103 acest apartament frumos amenajat \u0219i bine plasat pare s\u0103 fie locul pe care \u00eel c\u0103uta\u021bi, nu r\u0103m\u00e2ne dec\u00e2t s\u0103-l vizita\u021bi \u0219i s\u0103 v\u0103 imagina\u021bi viata \u00een noua dumneavoastr\u0103 locuin\u021b\u0103. Contacta\u021bi-ne \u0219i vom fi bucuro\u0219i s\u0103 v\u0103 oferim mai multe detalii \u0219i s\u0103 aranjam o vizionare pentru a descoperi de ce acest apartament ar putea fi noul dumneavoastr\u0103 camin. <\/p>\n<p>Nu rata\u021bi \u0219ansa de a locui \u00eentr-unul dintre cele mai dorite cartiere ale ora\u0219ului \u0219i de a v\u0103 bucura de confortul \u0219i comoditatea unui apartament gata s\u0103 v\u0103 \u00eent\u00e2mpine cu bra\u021bele deschise.<\/p>\n<p><a href=\"\/cluj-napoca\/imobiliare-25-124498-se-vinde-apartament-2-camere-in-manastur\/\" class=\"pb-listing-action\">Stabileste o vizionare<\/a><\/p>\n<ul>\n<li><a href=\"\/cluj-napoca\/\">Imobiliare Cluj-Napoca<\/a><\/li>\n<li><a href=\"\/cluj-napoca\/apartamente-vanzare\/\">Apartamente de vanzare Cluj-Napoca<\/a><\/li>\n<li><a href=\"\/cluj-napoca\/apartamente-vanzare\/2-camere\/\">Apartamente cu 2 camere de vanzare Cluj-Napoca<\/a><\/li>\n<li><a href=\"\/cluj-napoca\/apartamente-vanzare\/manastur\/2-camere\/\">Apartamente cu 2 camere de vanzare M\u0103n\u0103\u0219tur, Cluj-Napoca<\/a><\/li>\n<\/ul>\n\n<!-- ngfb content-buttons begin -->\n<!-- generated on 2026-04-30T10:35:46+00:00 -->\n<div class=\"ngfb-content-buttons\">\n<div class=\"ngfb-buttons en_US\">\n<!-- Email Button --><div class=\"css-button email-button\">\n  <a href=\"mailto:?subject=Share:%20Apartament%20luminos%20cu%202%20camere%20decomandate%20%C3%AEn%20Manastur%2C%20zona%20central%C4%83%2C%20ideal%20amplasat&body=Cluj-Napoca%2C%20M%C4%83n%C4%83%C8%99tur%20-%20De%20v%C3%A2nzare%20apartament%202%20camere%20decomandate%20%C3%AEn%20Manastur%2C%20la%20etajul%204%2F4%2C%20suprafa%C8%9B%C4%83%20de%2040%20mp.%20Zon%C4%83%20accesibil%C4%83%2C%20aproape%20de%20servicii%20esen%C8%9Biale.%20%C3%8Enc%C4%83perile%20includ%202%20dormitoare%2C%20buc%C4%83t%C4%83rie%2C%20baie%2C%20hol%20%C8%99i%20debara.%20Finisaje%20clasice%20%C8%99i%20moderne%20cu%20parchet%20laminat%2C%20pere%C8%9Bi%20vopsi%C8%9Bi%2C%20u%C8%99i%20din%20lemn%2C%20geamuri%20PVC%20%C8%99i%20u%C8%99%C4%83%20metalic%C4%83%20la%20intrare.%20Contact%20pentru%20vizionare.%0D%0A%0D%0AShared%20from%20https:\/\/propertybook.ro\/blog\/apartament-luminos-cu-2-camere-decomandate-in-manastur-zona-centrala-ideal-amplasat\/%0D%0A\">\n    <span class=\"ngfb-icon\">\n      <svg xmlns=\"http:\/\/www.w3.org\/2000\/svg\" width=\"9\" height=\"9\" viewBox=\"0 0 28 28\">\n        <path d=\"M20.11 26.147c-2.335 1.05-4.36 1.4-7.124 1.4C6.524 27.548.84 22.916.84 15.284.84 7.343 6.602.45 15.4.45c6.854 0 11.8 4.7 11.8 11.252 0 5.684-3.193 9.265-7.398 9.3-1.83 0-3.153-.934-3.347-2.997h-.077c-1.208 1.986-2.96 2.997-5.023 2.997-2.532 0-4.36-1.868-4.36-5.062 0-4.75 3.503-9.07 9.11-9.07 1.713 0 3.7.4 4.6.972l-1.17 7.203c-.387 2.298-.115 3.3 1 3.4 1.674 0 3.774-2.102 3.774-6.58 0-5.06-3.27-8.994-9.304-8.994C9.05 2.87 3.83 7.545 3.83 14.97c0 6.5 4.2 10.2 10 10.202 1.987 0 4.09-.43 5.647-1.245l.634 2.22zM16.647 10.1c-.31-.078-.7-.155-1.207-.155-2.572 0-4.596 2.53-4.596 5.53 0 1.5.7 2.4 1.9 2.4 1.44 0 2.96-1.83 3.31-4.088l.592-3.72z\" \/>\n      <\/svg>\n    <\/span>\n    <span class=\"ngfb-text\"><\/span>\n  <\/a>\n<\/div><\/div><!-- .ngfb-buttons.en_US -->\n<\/div><!-- .ngfb-content-buttons -->\n<!-- ngfb content-buttons end -->\n\n","protected":false},"excerpt":{"rendered":"<p>Cluj-Napoca, M\u0103n\u0103\u0219tur &#8211; De v\u00e2nzare apartament 2 camere decomandate \u00een Manastur, la etajul 4\/4, suprafa\u021b\u0103 de 40 mp. Zon\u0103 accesibil\u0103, aproape de servicii esen\u021biale. \u00cenc\u0103perile includ 2 dormitoare, buc\u0103t\u0103rie, baie, hol \u0219i debara. Finisaje clasice \u0219i moderne cu parchet laminat, pere\u021bi vopsi\u021bi, u\u0219i din lemn, geamuri PVC \u0219i u\u0219\u0103 metalic\u0103 la intrare. Contact pentru vizionare.<\/p>\n","protected":false},"author":8,"featured_media":1093,"comment_status":"open","ping_status":"open","sticky":false,"template":"","format":"standard","meta":{"footnotes":""},"categories":[50,48,47],"tags":[62,91,68,79,123,70],"class_list":["post-1094","post","type-post","status-publish","format-standard","has-post-thumbnail","hentry","category-apartamente-de-vanzare-in-cluj-napoca","category-oferte-imobiliare-in-cluj-napoca","category-oferte","tag-2-camere","tag-cluj-napoca","tag-decomandat","tag-etaj-4-4","tag-manastur","tag-parchet"],"_links":{"self":[{"href":"https:\/\/propertybook.ro\/blog\/wp-json\/wp\/v2\/posts\/1094","targetHints":{"allow":["GET"]}}],"collection":[{"href":"https:\/\/propertybook.ro\/blog\/wp-json\/wp\/v2\/posts"}],"about":[{"href":"https:\/\/propertybook.ro\/blog\/wp-json\/wp\/v2\/types\/post"}],"author":[{"embeddable":true,"href":"https:\/\/propertybook.ro\/blog\/wp-json\/wp\/v2\/users\/8"}],"replies":[{"embeddable":true,"href":"https:\/\/propertybook.ro\/blog\/wp-json\/wp\/v2\/comments?post=1094"}],"version-history":[{"count":0,"href":"https:\/\/propertybook.ro\/blog\/wp-json\/wp\/v2\/posts\/1094\/revisions"}],"wp:featuredmedia":[{"embeddable":true,"href":"https:\/\/propertybook.ro\/blog\/wp-json\/wp\/v2\/media\/1093"}],"wp:attachment":[{"href":"https:\/\/propertybook.ro\/blog\/wp-json\/wp\/v2\/media?parent=1094"}],"wp:term":[{"taxonomy":"category","embeddable":true,"href":"https:\/\/propertybook.ro\/blog\/wp-json\/wp\/v2\/categories?post=1094"},{"taxonomy":"post_tag","embeddable":true,"href":"https:\/\/propertybook.ro\/blog\/wp-json\/wp\/v2\/tags?post=1094"}],"curies":[{"name":"wp","href":"https:\/\/api.w.org\/{rel}","templated":true}]}}