{"id":1110,"date":"2024-02-09T13:45:36","date_gmt":"2024-02-09T11:45:36","guid":{"rendered":"https:\/\/propertybook.ro\/blog\/de-vanzare-apartament-cu-1-camera-si-mezanin-ultracentral-in-cluj-napoca-ideal-pentru-investitie\/"},"modified":"2024-02-09T13:45:36","modified_gmt":"2024-02-09T11:45:36","slug":"de-vanzare-apartament-cu-1-camera-si-mezanin-ultracentral-in-cluj-napoca-ideal-pentru-investitie","status":"publish","type":"post","link":"https:\/\/propertybook.ro\/blog\/de-vanzare-apartament-cu-1-camera-si-mezanin-ultracentral-in-cluj-napoca-ideal-pentru-investitie\/","title":{"rendered":"De V\u00e2nzare: Apartament cu 1 Camer\u0103 \u0219i Mezanin, Ultracentral \u00een Cluj-Napoca, Ideal pentru Investi\u021bie"},"content":{"rendered":"\n<!-- ngfb content-buttons begin -->\n<!-- generated on 2026-04-29T20:27:52+00:00 -->\n<div class=\"ngfb-content-buttons\">\n<div class=\"ngfb-buttons en_US\">\n<!-- Email Button --><div class=\"css-button email-button\">\n  <a href=\"mailto:?subject=Share:%20De%20V%C3%A2nzare%3A%20Apartament%20cu%201%20Camer%C4%83%20%C8%99i%20Mezanin%2C%20Ultracentral%20%C3%AEn%20Cluj-Napoca%2C%20Ideal%20pentru%20Investi%C8%9Bie&body=Cluj-Napoca%2C%20Centru%20-%20De%20v%C3%A2nzare%20apartament%20elegant%20situat%20ultracentral%20%C3%AEn%20Cluj%2C%20ideal%20pentru%20investi%C8%9Bie.%20Unitatea%20de%2038%20mp%2C%20plus%20un%20mezanin%20de%2010%20mp%2C%20beneficiaz%C4%83%20de%20finisaje%20moderne%20%C8%99i%20este%20complet%20mobilat%C4%83%20%C8%99i%20utilat%C4%83.%20Spa%C8%9Biul%20este%20compartimentat%20%C3%AEn%20buc%C4%83t%C4%83rie%2C%20baie%2C%20dormitor%2C%20mezanin%20%C8%99i%20include%20teras%C4%83.%20Precedent%20folosit%20%C3%AEn%20regim%20hotelier%2C%20se%20vinde%20mobilat.%0D%0A%0D%0AShared%20from%20https:\/\/propertybook.ro\/blog\/de-vanzare-apartament-cu-1-camera-si-mezanin-ultracentral-in-cluj-napoca-ideal-pentru-investitie\/%0D%0A\">\n    <span class=\"ngfb-icon\">\n      <svg xmlns=\"http:\/\/www.w3.org\/2000\/svg\" width=\"9\" height=\"9\" viewBox=\"0 0 28 28\">\n        <path d=\"M20.11 26.147c-2.335 1.05-4.36 1.4-7.124 1.4C6.524 27.548.84 22.916.84 15.284.84 7.343 6.602.45 15.4.45c6.854 0 11.8 4.7 11.8 11.252 0 5.684-3.193 9.265-7.398 9.3-1.83 0-3.153-.934-3.347-2.997h-.077c-1.208 1.986-2.96 2.997-5.023 2.997-2.532 0-4.36-1.868-4.36-5.062 0-4.75 3.503-9.07 9.11-9.07 1.713 0 3.7.4 4.6.972l-1.17 7.203c-.387 2.298-.115 3.3 1 3.4 1.674 0 3.774-2.102 3.774-6.58 0-5.06-3.27-8.994-9.304-8.994C9.05 2.87 3.83 7.545 3.83 14.97c0 6.5 4.2 10.2 10 10.202 1.987 0 4.09-.43 5.647-1.245l.634 2.22zM16.647 10.1c-.31-.078-.7-.155-1.207-.155-2.572 0-4.596 2.53-4.596 5.53 0 1.5.7 2.4 1.9 2.4 1.44 0 2.96-1.83 3.31-4.088l.592-3.72z\" \/>\n      <\/svg>\n    <\/span>\n    <span class=\"ngfb-text\"><\/span>\n  <\/a>\n<\/div><\/div><!-- .ngfb-buttons.en_US -->\n<\/div><!-- .ngfb-content-buttons -->\n<!-- ngfb content-buttons end -->\n\n<figure class=\"wp-block-image size-large\"><img decoding=\"async\" src=\"https:\/\/cdn.propertybook.ro\/napoca_imobiliare\/140931.webp\" alt=\"\" \/><\/figure>\n<ul>\n<li><a href=\"\/cluj-napoca\/\">Imobiliare Cluj-Napoca<\/a><\/li>\n<li><a href=\"\/cluj-napoca\/apartamente-vanzare\/\">Apartamente de vanzare Cluj-Napoca<\/a><\/li>\n<li><a href=\"\/cluj-napoca\/garsoniere-vanzare\/\">Garsoniere de vanzare Cluj-Napoca<\/a><\/li>\n<li><a href=\"\/cluj-napoca\/garsoniere-vanzare\/centru\/\">Garsoniere de vanzare Centru, Cluj-Napoca<\/a><\/li>\n<\/ul>\n<p><a href=\"\/cluj-napoca\/imobiliare-25-140931-de-vanzare-apartament-o-camera-in-ultracentral\/\" class=\"pb-listing-action\">Detaliile proprietatii<\/a><\/p>\n<p><h2 class=\"wp-block-heading\">Descoperi\u021bi Noua Bijuterie Imobiliar\u0103 din Inima Clujului<\/h2>\n<p>\u00cen c\u0103utarea acelui apartament perfect, unde luxul \u00eent\u00e2lne\u0219te func\u021bionalitatea \u0219i unde vibra\u021biile urbane ale vie\u021bii de ora\u0219 sunt la doar un pas? Ast\u0103zi, dorim s\u0103 v\u0103 prezent\u0103m o proprietate care \u00eendepline\u0219te cu gra\u021bie toate aceste cerin\u021be \u0219i chiar mai mult \u2013 un cochet apartament cu o camer\u0103 situat ultracentral, o piatr\u0103 pre\u021bioas\u0103 \u00een coroana imobiliar\u0103 a Clujului.<\/p>\n<p><h2 class=\"wp-block-heading\">Charme-ul Urban Transpus \u00een Confortul Domestical<\/h2>\n<p>Aceast\u0103 proprietate are multe de oferit oric\u0103rui investitor sau viitor proprietar care caut\u0103 o pies\u0103 de apartament care s\u0103 se disting\u0103. Cu o suprafa\u021b\u0103 util\u0103 generoas\u0103 de 38 de metri p\u0103tra\u021bi, plus un mezanin adi\u021bional de 10 metri p\u0103tra\u021bi \u2013 acest spa\u021biu este deschis \u0219i aerisit, oferind mai mult dec\u00e2t simpla \u00eendeplinire a nevoilor de baz\u0103; el stimuleaz\u0103 un stil de via\u021b\u0103 activ \u0219i modern.<\/p>\n<p>Fiecare \u00eenc\u0103pere a apartamentului a fost conceput\u0103 cu g\u00e2ndul la confort maxim. Buc\u0103t\u0103ria este dotat\u0103 astfel \u00eenc\u00e2t s\u0103 v\u0103 inspire s\u0103 prepara\u021bi cele mai delicioase mese, \u00een timp ce baia ofer\u0103 un sanctuar personal pentru relaxare dup\u0103 o zi lung\u0103. Dormitorul este acel c\u0103min lini\u0219tit pe care fiecare dintre noi \u00eel c\u0103ut\u0103m la sf\u00e2r\u0219itul zilei, \u00een timp ce mezaninul adaug\u0103 un farmec aparte, fiind perfect pentru un spa\u021biu de stocare sau o mic\u0103 zon\u0103 de lectur\u0103.<\/p>\n<p><h2 class=\"wp-block-heading\">Detalii care Contureaz\u0103 Luxul<\/h2>\n<p>Cu o teras\u0103 care v\u0103 permite s\u0103 v\u0103 bucura\u021bi de aerul proasp\u0103t al ora\u0219ului \u0219i s\u0103 admira\u021bi priveli\u0219tea urban\u0103, acest apartament ofer\u0103 de asemenea finisaje moderne, mobilier elegant \u0219i echipamente de ultim\u0103 genera\u021bie. At\u00e2t estetic, c\u00e2t \u0219i func\u021bional, spa\u021biul este g\u00e2ndit pentru a asigura un confort de neegalat \u0219i o ambian\u021b\u0103 sofisticat\u0103.<\/p>\n<p><h2 class=\"wp-block-heading\">O Oportunitate de Investi\u021bie Str\u0103lucit\u0103<\/h2>\n<p>Av\u00e2nd \u00een vedere istoricul s\u0103u antecedent ca spa\u021biu \u00een regim hotelier, apartamentul se prezint\u0103 ca o oportunitate invalorabil\u0103 pentru cineva care dore\u0219te s\u0103 investeasc\u0103 \u00eentr-o proprietate care a demonstrat deja un poten\u021bial de c\u00e2\u0219tig. Astfel, fie c\u0103 sunte\u021bi \u00een c\u0103utarea unei noi case sau a unui nou proiect de investi\u021bii, acest apartament este gata s\u0103 v\u0103 \u00eent\u00e2mpine cu u\u0219ile deschise.<\/p>\n<p><h2 class=\"wp-block-heading\">Explora\u021bi Ulterior F\u0103r\u0103 Angajament<\/h2>\n<p>Pentru cei interesa\u021bi s\u0103 descopere mai multe despre aceast\u0103 proprietate excep\u021bional\u0103 situat\u0103 \u00een inima vibrant\u0103 a Clujului, exist\u0103 posibilitatea de a explora nu doar spa\u021biul \u00een sine, ci \u0219i oportunit\u0103\u021bile multiple pe care loca\u021bia ultracentral\u0103 le poate oferi.<\/p>\n<p>Intriga\u021bi de ceea ce a\u021bi citit? Imagina\u021bia v\u0103 este \u0219i mai stimulat\u0103 de pozele care reflect\u0103 realitatea apartamentului? V\u0103 \u00eencuraj\u0103m s\u0103 lua\u021bi leg\u0103tura pentru a programa o vizionare afl\u00e2nd mai multe despre aceast\u0103 rar\u0103 combina\u021bie de stil, confort \u0219i oportunitate. Aceast\u0103 proprietate ispititoare v\u0103 a\u0219teapt\u0103 s\u0103 scrie\u021bi urm\u0103torul capitol \u00een povestea sa.<\/p>\n<p><a href=\"\/cluj-napoca\/imobiliare-25-140931-de-vanzare-apartament-o-camera-in-ultracentral\/\" class=\"pb-listing-action\">Stabileste o vizionare<\/a><\/p>\n<ul>\n<li><a href=\"\/cluj-napoca\/\">Imobiliare Cluj-Napoca<\/a><\/li>\n<li><a href=\"\/cluj-napoca\/apartamente-vanzare\/\">Apartamente de vanzare Cluj-Napoca<\/a><\/li>\n<li><a href=\"\/cluj-napoca\/garsoniere-vanzare\/\">Garsoniere de vanzare Cluj-Napoca<\/a><\/li>\n<li><a href=\"\/cluj-napoca\/garsoniere-vanzare\/centru\/\">Garsoniere de vanzare Centru, Cluj-Napoca<\/a><\/li>\n<\/ul>\n\n<!-- ngfb content-buttons begin -->\n<!-- generated on 2026-04-29T20:27:52+00:00 -->\n<div class=\"ngfb-content-buttons\">\n<div class=\"ngfb-buttons en_US\">\n<!-- Email Button --><div class=\"css-button email-button\">\n  <a href=\"mailto:?subject=Share:%20De%20V%C3%A2nzare%3A%20Apartament%20cu%201%20Camer%C4%83%20%C8%99i%20Mezanin%2C%20Ultracentral%20%C3%AEn%20Cluj-Napoca%2C%20Ideal%20pentru%20Investi%C8%9Bie&body=Cluj-Napoca%2C%20Centru%20-%20De%20v%C3%A2nzare%20apartament%20elegant%20situat%20ultracentral%20%C3%AEn%20Cluj%2C%20ideal%20pentru%20investi%C8%9Bie.%20Unitatea%20de%2038%20mp%2C%20plus%20un%20mezanin%20de%2010%20mp%2C%20beneficiaz%C4%83%20de%20finisaje%20moderne%20%C8%99i%20este%20complet%20mobilat%C4%83%20%C8%99i%20utilat%C4%83.%20Spa%C8%9Biul%20este%20compartimentat%20%C3%AEn%20buc%C4%83t%C4%83rie%2C%20baie%2C%20dormitor%2C%20mezanin%20%C8%99i%20include%20teras%C4%83.%20Precedent%20folosit%20%C3%AEn%20regim%20hotelier%2C%20se%20vinde%20mobilat.%0D%0A%0D%0AShared%20from%20https:\/\/propertybook.ro\/blog\/de-vanzare-apartament-cu-1-camera-si-mezanin-ultracentral-in-cluj-napoca-ideal-pentru-investitie\/%0D%0A\">\n    <span class=\"ngfb-icon\">\n      <svg xmlns=\"http:\/\/www.w3.org\/2000\/svg\" width=\"9\" height=\"9\" viewBox=\"0 0 28 28\">\n        <path d=\"M20.11 26.147c-2.335 1.05-4.36 1.4-7.124 1.4C6.524 27.548.84 22.916.84 15.284.84 7.343 6.602.45 15.4.45c6.854 0 11.8 4.7 11.8 11.252 0 5.684-3.193 9.265-7.398 9.3-1.83 0-3.153-.934-3.347-2.997h-.077c-1.208 1.986-2.96 2.997-5.023 2.997-2.532 0-4.36-1.868-4.36-5.062 0-4.75 3.503-9.07 9.11-9.07 1.713 0 3.7.4 4.6.972l-1.17 7.203c-.387 2.298-.115 3.3 1 3.4 1.674 0 3.774-2.102 3.774-6.58 0-5.06-3.27-8.994-9.304-8.994C9.05 2.87 3.83 7.545 3.83 14.97c0 6.5 4.2 10.2 10 10.202 1.987 0 4.09-.43 5.647-1.245l.634 2.22zM16.647 10.1c-.31-.078-.7-.155-1.207-.155-2.572 0-4.596 2.53-4.596 5.53 0 1.5.7 2.4 1.9 2.4 1.44 0 2.96-1.83 3.31-4.088l.592-3.72z\" \/>\n      <\/svg>\n    <\/span>\n    <span class=\"ngfb-text\"><\/span>\n  <\/a>\n<\/div><\/div><!-- .ngfb-buttons.en_US -->\n<\/div><!-- .ngfb-content-buttons -->\n<!-- ngfb content-buttons end -->\n\n","protected":false},"excerpt":{"rendered":"<p>Cluj-Napoca, Centru &#8211; De v\u00e2nzare apartament elegant situat ultracentral \u00een Cluj, ideal pentru investi\u021bie. Unitatea de 38 mp, plus un mezanin de 10 mp, beneficiaz\u0103 de finisaje moderne \u0219i este complet mobilat\u0103 \u0219i utilat\u0103. Spa\u021biul este compartimentat \u00een buc\u0103t\u0103rie, baie, dormitor, mezanin \u0219i include teras\u0103. Precedent folosit \u00een regim hotelier, se vinde mobilat.<\/p>\n","protected":false},"author":8,"featured_media":1109,"comment_status":"open","ping_status":"open","sticky":false,"template":"","format":"standard","meta":{"footnotes":""},"categories":[50,48,47],"tags":[102,104,91,68,80],"class_list":["post-1110","post","type-post","status-publish","format-standard","has-post-thumbnail","hentry","category-apartamente-de-vanzare-in-cluj-napoca","category-oferte-imobiliare-in-cluj-napoca","category-oferte","tag-1-camera","tag-centru","tag-cluj-napoca","tag-decomandat","tag-etaj-1-1"],"_links":{"self":[{"href":"https:\/\/propertybook.ro\/blog\/wp-json\/wp\/v2\/posts\/1110","targetHints":{"allow":["GET"]}}],"collection":[{"href":"https:\/\/propertybook.ro\/blog\/wp-json\/wp\/v2\/posts"}],"about":[{"href":"https:\/\/propertybook.ro\/blog\/wp-json\/wp\/v2\/types\/post"}],"author":[{"embeddable":true,"href":"https:\/\/propertybook.ro\/blog\/wp-json\/wp\/v2\/users\/8"}],"replies":[{"embeddable":true,"href":"https:\/\/propertybook.ro\/blog\/wp-json\/wp\/v2\/comments?post=1110"}],"version-history":[{"count":0,"href":"https:\/\/propertybook.ro\/blog\/wp-json\/wp\/v2\/posts\/1110\/revisions"}],"wp:featuredmedia":[{"embeddable":true,"href":"https:\/\/propertybook.ro\/blog\/wp-json\/wp\/v2\/media\/1109"}],"wp:attachment":[{"href":"https:\/\/propertybook.ro\/blog\/wp-json\/wp\/v2\/media?parent=1110"}],"wp:term":[{"taxonomy":"category","embeddable":true,"href":"https:\/\/propertybook.ro\/blog\/wp-json\/wp\/v2\/categories?post=1110"},{"taxonomy":"post_tag","embeddable":true,"href":"https:\/\/propertybook.ro\/blog\/wp-json\/wp\/v2\/tags?post=1110"}],"curies":[{"name":"wp","href":"https:\/\/api.w.org\/{rel}","templated":true}]}}