{"id":1161,"date":"2024-02-19T15:45:03","date_gmt":"2024-02-19T13:45:03","guid":{"rendered":"https:\/\/propertybook.ro\/blog\/apartament-modern-cu-3-camere-si-terasa-etaj-1-zona-linistita-in-manastur-padure-in-apropiere\/"},"modified":"2024-02-19T15:45:03","modified_gmt":"2024-02-19T13:45:03","slug":"apartament-modern-cu-3-camere-si-terasa-etaj-1-zona-linistita-in-manastur-padure-in-apropiere","status":"publish","type":"post","link":"https:\/\/propertybook.ro\/blog\/apartament-modern-cu-3-camere-si-terasa-etaj-1-zona-linistita-in-manastur-padure-in-apropiere\/","title":{"rendered":"Apartament Modern cu 3 Camere \u0219i Teras\u0103 &#8211; Etaj 1, Zon\u0103 Lini\u0219tit\u0103 \u00een Manastur, Padure \u00een Apropiere"},"content":{"rendered":"\n<!-- ngfb content-buttons begin -->\n<!-- generated on 2026-04-30T15:47:37+00:00 -->\n<div class=\"ngfb-content-buttons\">\n<div class=\"ngfb-buttons en_US\">\n<!-- Email Button --><div class=\"css-button email-button\">\n  <a href=\"mailto:?subject=Share:%20Apartament%20Modern%20cu%203%20Camere%20%C8%99i%20Teras%C4%83%20%26%238211%3B%20Etaj%201%2C%20Zon%C4%83%20Lini%C8%99tit%C4%83%20%C3%AEn%20Manastur%2C%20Padure%20%C3%AEn%20Apropiere&body=Cluj-Napoca%2C%20M%C4%83n%C4%83%C8%99tur%20-%20De%20v%C3%A2nzare%20apartament%20de%203%20camere%20%C3%AEn%20Manastur%2C%20l%C3%A2ng%C4%83%20p%C4%83dure%2C%20ideal%20pentru%20natur%C4%83%20%C8%99i%20aer%20curat.%20Descriere%3A%20etaj%201%2F4%2C%20construc%C8%9Bie%202011%2C%20cu%20baie%2C%20buc%C4%83t%C4%83rie%2C%20teras%C4%83%20%C8%99i%20loc%20parcare%20inclus.%20Dotat%20cu%20finisaje%20moderne%2C%20mobilat%2C%20disponibil%20imediat.%0D%0A%0D%0AShared%20from%20https:\/\/propertybook.ro\/blog\/apartament-modern-cu-3-camere-si-terasa-etaj-1-zona-linistita-in-manastur-padure-in-apropiere\/%0D%0A\">\n    <span class=\"ngfb-icon\">\n      <svg xmlns=\"http:\/\/www.w3.org\/2000\/svg\" width=\"9\" height=\"9\" viewBox=\"0 0 28 28\">\n        <path d=\"M20.11 26.147c-2.335 1.05-4.36 1.4-7.124 1.4C6.524 27.548.84 22.916.84 15.284.84 7.343 6.602.45 15.4.45c6.854 0 11.8 4.7 11.8 11.252 0 5.684-3.193 9.265-7.398 9.3-1.83 0-3.153-.934-3.347-2.997h-.077c-1.208 1.986-2.96 2.997-5.023 2.997-2.532 0-4.36-1.868-4.36-5.062 0-4.75 3.503-9.07 9.11-9.07 1.713 0 3.7.4 4.6.972l-1.17 7.203c-.387 2.298-.115 3.3 1 3.4 1.674 0 3.774-2.102 3.774-6.58 0-5.06-3.27-8.994-9.304-8.994C9.05 2.87 3.83 7.545 3.83 14.97c0 6.5 4.2 10.2 10 10.202 1.987 0 4.09-.43 5.647-1.245l.634 2.22zM16.647 10.1c-.31-.078-.7-.155-1.207-.155-2.572 0-4.596 2.53-4.596 5.53 0 1.5.7 2.4 1.9 2.4 1.44 0 2.96-1.83 3.31-4.088l.592-3.72z\" \/>\n      <\/svg>\n    <\/span>\n    <span class=\"ngfb-text\"><\/span>\n  <\/a>\n<\/div><\/div><!-- .ngfb-buttons.en_US -->\n<\/div><!-- .ngfb-content-buttons -->\n<!-- ngfb content-buttons end -->\n\n\n<!-- ngfb schema image for pinterest pin it button -->\n<div class=\"ngfb-schema-image-for-pinterest\" style=\"display:none;\">\n<img loading=\"lazy\" decoding=\"async\" src=\"https:\/\/propertybook.ro\/blog\/wp-content\/uploads\/2024\/02\/115916.webp\" width=\"0\" height=\"0\" style=\"width:0;height:0;\" data-pin-description=\"Cluj-Napoca, M\u0103n\u0103\u0219tur - De v&acirc;nzare apartament de 3 camere &icirc;n Manastur, l&acirc;ng\u0103 p\u0103dure, ideal pentru natur\u0103 \u0219i aer curat. Descriere: etaj 1\/4, construc\u021bie 2011, cu baie, buc\u0103t\u0103rie, teras\u0103 \u0219i loc parcare inclus. Dotat cu finisaje moderne, mobilat, disponibil imediat.\" alt=\"\"\/>\n<\/div><!-- .ngfb-schema-image-for-pinterest -->\n\n<figure class=\"wp-block-image size-large\"><img decoding=\"async\" src=\"https:\/\/cdn.propertybook.ro\/napoca_imobiliare\/115916.webp\" alt=\"\" \/><\/figure>\n<ul>\n<li><a href=\"\/cluj-napoca\/\">Imobiliare Cluj-Napoca<\/a><\/li>\n<li><a href=\"\/cluj-napoca\/apartamente-vanzare\/\">Apartamente de vanzare Cluj-Napoca<\/a><\/li>\n<li><a href=\"\/cluj-napoca\/apartamente-vanzare\/3-camere\/\">Apartamente cu 3 camere de vanzare Cluj-Napoca<\/a><\/li>\n<li><a href=\"\/cluj-napoca\/apartamente-vanzare\/manastur\/3-camere\/\">Apartamente cu 3 camere de vanzare M\u0103n\u0103\u0219tur, Cluj-Napoca<\/a><\/li>\n<\/ul>\n<p><a href=\"\/cluj-napoca\/imobiliare-25-115916-vanzare-apartament-3-camere-in-manastur\/\" class=\"pb-listing-action\">Detaliile proprietatii<\/a><\/p>\n<p><h2 class=\"wp-block-heading\">Descoper\u0103 Oaz\u0103 de Lini\u0219te \u00een Inima Cartierului M\u0103n\u0103\u0219tur: Apartament Cu 3 Camere de V\u00e2nzare<\/h2>\n<p>Dac\u0103 v\u0103 dori\u021bi un loc de locuit care s\u0103 \u00eembine armonios accesul rapid la facilit\u0103\u021bile urbane cu lini\u0219tea \u0219i aerul curat al naturii, acest apartament cu 3 camere situat \u00een cartierul M\u0103n\u0103\u0219tur, \u00een apropiere de p\u0103dure, poate fi exact ceea ce c\u0103uta\u021bi.<\/p>\n<p>Situat pe strada Edgar Quinet, \u00eentr-o zon\u0103 pa\u0219nic\u0103 \u0219i cu verdea\u021b\u0103, apartamentul este destul de exclusivist, oferindu-le reziden\u021bilor un refugiu personal dup\u0103 o zi lung\u0103. \u0218i de\u0219i documentele indic\u0103 faptul c\u0103 este un demisol, aceast\u0103 proprietate se afl\u0103, de fapt, la primul etaj al unei cl\u0103diri cu 4 etaje, construite \u00een 2011, ceea ce ofer\u0103 o perspectiv\u0103 pl\u0103cut\u0103 asupra \u00eemprejurimilor \u0219i un plus de intimitate.<\/p>\n<p>Configura\u021bia optim\u0103 de 3 camere face din acest apartament locuin\u021ba ideal\u0103 pentru o familie \u00een cre\u0219tere sau pentru un cuplu care se g\u00e2nde\u0219te la viitor. At\u00e2ta timp c\u00e2t va include \u0219i o baie spa\u021bioas\u0103, o buc\u0103t\u0103rie \u00eendeajuns de mare pentru a g\u0103ti \u0219i a servii mesele zilnice, plus o teras\u0103 pentru acele momente de relaxare sau cafele de diminea\u021b\u0103 \u00een aer liber, ve\u021bi g\u0103si c\u0103 acest spa\u021biu este perfect echilibrat \u00eentre confort \u0219i func\u021bionalitate.<\/p>\n<p>Unul dintre avantajele importante este c\u0103 locuin\u021ba dispune de un loc de parcare inclus \u00een pre\u021b, astfel \u00eenc\u00e2t ve\u021bi avea mereu un loc reservat pentru vehiculul dvs., elimin\u00e2nd stresul legat de c\u0103utarea unui loc de parcare la sf\u00e2r\u0219itul zilei.<\/p>\n<p>Interiorul este definit prin finisaje moderne, care adaug\u0103 un plus de stil \u0219i durabilitate locuin\u021bei. Parchetul laminat confer\u0103 c\u0103ldur\u0103 \u0219i caracter fiec\u0103rei \u00eenc\u0103peri, \u00een timp ce u\u0219a metalic\u0103 la intrare asigur\u0103 securitatea necesar\u0103. U\u0219ile interioare din lemn \u0219i ferestrele cu termoizolare din PVC sunt at\u00e2t practice, c\u00e2t \u0219i estetice, iar baia \u0219i buc\u0103t\u0103ria finisate cu gresie \u0219i faian\u021b\u0103 moderne sunt u\u0219or de \u00eentre\u021binut \u0219i cur\u0103\u021bat.<\/p>\n<p>Apartamentul se vinde mobilat, ceea ce \u00eenseamn\u0103 c\u0103 procesul de mutare va fi mai pu\u021bin stresant. V\u0103 pute\u021bi imagina tr\u0103ind aici f\u0103r\u0103 griji \u0219i f\u0103r\u0103 a investi timp \u0219i bani \u00een mobilare suplimentar\u0103.<\/p>\n<p>Este important de men\u021bionat c\u0103 aceast\u0103 proprietate este disponibil\u0103 pentru achizi\u021bie imediat\u0103, permi\u021b\u00e2nd poten\u021bialilor cump\u0103r\u0103tori s\u0103 se mute \u0219i s\u0103 \u00eenceap\u0103 s\u0103 se bucure de noua lor cas\u0103 f\u0103r\u0103 a\u0219tept\u0103ri prelungite.<\/p>\n<p>Dac\u0103 dori\u021bi mai multe detalii sau s\u0103 programa\u021bi o vizionare, nu ezita\u021bi s\u0103 contacta\u021bi un agent imobiliar de \u00eencredere. Acesta v\u0103 va furniza toate informa\u021biile necesare \u0219i v\u0103 va ajuta s\u0103 face\u021bi primii pa\u0219i \u00een achizi\u021bionarea acestei locuin\u021be \u00eenc\u00e2nt\u0103toare.<\/p>\n<p>**Nu l\u0103sa\u021bi s\u0103 v\u0103 scape aceast\u0103 ocazie de a v\u0103 g\u0103si noua cas\u0103 ideal\u0103 \u00een inima unuia dintre cele mai c\u0103utate cartiere ale ora\u0219ului!**<\/p>\n<p><a href=\"\/cluj-napoca\/imobiliare-25-115916-vanzare-apartament-3-camere-in-manastur\/\" class=\"pb-listing-action\">Stabileste o vizionare<\/a><\/p>\n<ul>\n<li><a href=\"\/cluj-napoca\/\">Imobiliare Cluj-Napoca<\/a><\/li>\n<li><a href=\"\/cluj-napoca\/apartamente-vanzare\/\">Apartamente de vanzare Cluj-Napoca<\/a><\/li>\n<li><a href=\"\/cluj-napoca\/apartamente-vanzare\/3-camere\/\">Apartamente cu 3 camere de vanzare Cluj-Napoca<\/a><\/li>\n<li><a href=\"\/cluj-napoca\/apartamente-vanzare\/manastur\/3-camere\/\">Apartamente cu 3 camere de vanzare M\u0103n\u0103\u0219tur, Cluj-Napoca<\/a><\/li>\n<\/ul>\n\n<!-- ngfb content-buttons begin -->\n<!-- generated on 2026-04-30T15:47:37+00:00 -->\n<div class=\"ngfb-content-buttons\">\n<div class=\"ngfb-buttons en_US\">\n<!-- Email Button --><div class=\"css-button email-button\">\n  <a href=\"mailto:?subject=Share:%20Apartament%20Modern%20cu%203%20Camere%20%C8%99i%20Teras%C4%83%20%26%238211%3B%20Etaj%201%2C%20Zon%C4%83%20Lini%C8%99tit%C4%83%20%C3%AEn%20Manastur%2C%20Padure%20%C3%AEn%20Apropiere&body=Cluj-Napoca%2C%20M%C4%83n%C4%83%C8%99tur%20-%20De%20v%C3%A2nzare%20apartament%20de%203%20camere%20%C3%AEn%20Manastur%2C%20l%C3%A2ng%C4%83%20p%C4%83dure%2C%20ideal%20pentru%20natur%C4%83%20%C8%99i%20aer%20curat.%20Descriere%3A%20etaj%201%2F4%2C%20construc%C8%9Bie%202011%2C%20cu%20baie%2C%20buc%C4%83t%C4%83rie%2C%20teras%C4%83%20%C8%99i%20loc%20parcare%20inclus.%20Dotat%20cu%20finisaje%20moderne%2C%20mobilat%2C%20disponibil%20imediat.%0D%0A%0D%0AShared%20from%20https:\/\/propertybook.ro\/blog\/apartament-modern-cu-3-camere-si-terasa-etaj-1-zona-linistita-in-manastur-padure-in-apropiere\/%0D%0A\">\n    <span class=\"ngfb-icon\">\n      <svg xmlns=\"http:\/\/www.w3.org\/2000\/svg\" width=\"9\" height=\"9\" viewBox=\"0 0 28 28\">\n        <path d=\"M20.11 26.147c-2.335 1.05-4.36 1.4-7.124 1.4C6.524 27.548.84 22.916.84 15.284.84 7.343 6.602.45 15.4.45c6.854 0 11.8 4.7 11.8 11.252 0 5.684-3.193 9.265-7.398 9.3-1.83 0-3.153-.934-3.347-2.997h-.077c-1.208 1.986-2.96 2.997-5.023 2.997-2.532 0-4.36-1.868-4.36-5.062 0-4.75 3.503-9.07 9.11-9.07 1.713 0 3.7.4 4.6.972l-1.17 7.203c-.387 2.298-.115 3.3 1 3.4 1.674 0 3.774-2.102 3.774-6.58 0-5.06-3.27-8.994-9.304-8.994C9.05 2.87 3.83 7.545 3.83 14.97c0 6.5 4.2 10.2 10 10.202 1.987 0 4.09-.43 5.647-1.245l.634 2.22zM16.647 10.1c-.31-.078-.7-.155-1.207-.155-2.572 0-4.596 2.53-4.596 5.53 0 1.5.7 2.4 1.9 2.4 1.44 0 2.96-1.83 3.31-4.088l.592-3.72z\" \/>\n      <\/svg>\n    <\/span>\n    <span class=\"ngfb-text\"><\/span>\n  <\/a>\n<\/div><\/div><!-- .ngfb-buttons.en_US -->\n<\/div><!-- .ngfb-content-buttons -->\n<!-- ngfb content-buttons end -->\n\n","protected":false},"excerpt":{"rendered":"<p>Cluj-Napoca, M\u0103n\u0103\u0219tur &#8211; De v\u00e2nzare apartament de 3 camere \u00een Manastur, l\u00e2ng\u0103 p\u0103dure, ideal pentru natur\u0103 \u0219i aer curat. Descriere: etaj 1\/4, construc\u021bie 2011, cu baie, buc\u0103t\u0103rie, teras\u0103 \u0219i loc parcare inclus. Dotat cu finisaje moderne, mobilat, disponibil imediat.<\/p>\n","protected":false},"author":8,"featured_media":1160,"comment_status":"open","ping_status":"open","sticky":false,"template":"","format":"standard","meta":{"footnotes":""},"categories":[50,48,47],"tags":[55,91,67,123,60,70,63],"class_list":["post-1161","post","type-post","status-publish","format-standard","has-post-thumbnail","hentry","category-apartamente-de-vanzare-in-cluj-napoca","category-oferte-imobiliare-in-cluj-napoca","category-oferte","tag-3-camere","tag-cluj-napoca","tag-etaj-1-4","tag-manastur","tag-parcare","tag-parchet","tag-semidecomandat"],"_links":{"self":[{"href":"https:\/\/propertybook.ro\/blog\/wp-json\/wp\/v2\/posts\/1161","targetHints":{"allow":["GET"]}}],"collection":[{"href":"https:\/\/propertybook.ro\/blog\/wp-json\/wp\/v2\/posts"}],"about":[{"href":"https:\/\/propertybook.ro\/blog\/wp-json\/wp\/v2\/types\/post"}],"author":[{"embeddable":true,"href":"https:\/\/propertybook.ro\/blog\/wp-json\/wp\/v2\/users\/8"}],"replies":[{"embeddable":true,"href":"https:\/\/propertybook.ro\/blog\/wp-json\/wp\/v2\/comments?post=1161"}],"version-history":[{"count":0,"href":"https:\/\/propertybook.ro\/blog\/wp-json\/wp\/v2\/posts\/1161\/revisions"}],"wp:featuredmedia":[{"embeddable":true,"href":"https:\/\/propertybook.ro\/blog\/wp-json\/wp\/v2\/media\/1160"}],"wp:attachment":[{"href":"https:\/\/propertybook.ro\/blog\/wp-json\/wp\/v2\/media?parent=1161"}],"wp:term":[{"taxonomy":"category","embeddable":true,"href":"https:\/\/propertybook.ro\/blog\/wp-json\/wp\/v2\/categories?post=1161"},{"taxonomy":"post_tag","embeddable":true,"href":"https:\/\/propertybook.ro\/blog\/wp-json\/wp\/v2\/tags?post=1161"}],"curies":[{"name":"wp","href":"https:\/\/api.w.org\/{rel}","templated":true}]}}