{"id":1183,"date":"2024-02-22T11:45:51","date_gmt":"2024-02-22T09:45:51","guid":{"rendered":"https:\/\/propertybook.ro\/blog\/exclusiv-apartament-decomandat-cu-3-camere-si-vedere-panoramica-in-manastur-ideal-locuit\/"},"modified":"2024-02-22T11:45:51","modified_gmt":"2024-02-22T09:45:51","slug":"exclusiv-apartament-decomandat-cu-3-camere-si-vedere-panoramica-in-manastur-ideal-locuit","status":"publish","type":"post","link":"https:\/\/propertybook.ro\/blog\/exclusiv-apartament-decomandat-cu-3-camere-si-vedere-panoramica-in-manastur-ideal-locuit\/","title":{"rendered":"Exclusiv! Apartament Decomandat cu 3 Camere \u0219i Vedere Panoramic\u0103 \u00een Manastur &#8211; Ideal Locuit"},"content":{"rendered":"\n<!-- ngfb content-buttons begin -->\n<!-- generated on 2026-05-02T02:29:59+00:00 -->\n<div class=\"ngfb-content-buttons\">\n<div class=\"ngfb-buttons en_US\">\n<!-- Email Button --><div class=\"css-button email-button\">\n  <a href=\"mailto:?subject=Share:%20Exclusiv%21%20Apartament%20Decomandat%20cu%203%20Camere%20%C8%99i%20Vedere%20Panoramic%C4%83%20%C3%AEn%20Manastur%20%26%238211%3B%20Ideal%20Locuit&body=Cluj-Napoca%2C%20M%C4%83n%C4%83%C8%99tur%20-%20Apartament%20decomandat%20cu%203%20camere%2C%2055%20mp%2C%20etaj%207%2F10%2C%20%C3%AEn%20Manastur%2C%20cu%202%20dormitoare%2C%20camer%C4%83%20de%20zi%2C%20buc%C4%83t%C4%83rie%2C%20baie%2C%20hol%20%C8%99i%20balcon%2C%20ofer%C4%83%20panorama%20ora%C8%99ului.%20Finisaje%20de%20calitate%3A%20parchet%20lemn%20masiv%2C%20gresie%2C%20faiant%C4%83%2C%20PVC%20termoizolant.%20V%C3%A2ndut%20mobilat%2C%20cu%20central%C4%83%20proprie.%20Acces%20la%20servicii%2C%20magazine%2C%20%C8%99coli.%0D%0A%0D%0AShared%20from%20https:\/\/propertybook.ro\/blog\/exclusiv-apartament-decomandat-cu-3-camere-si-vedere-panoramica-in-manastur-ideal-locuit\/%0D%0A\">\n    <span class=\"ngfb-icon\">\n      <svg xmlns=\"http:\/\/www.w3.org\/2000\/svg\" width=\"9\" height=\"9\" viewBox=\"0 0 28 28\">\n        <path d=\"M20.11 26.147c-2.335 1.05-4.36 1.4-7.124 1.4C6.524 27.548.84 22.916.84 15.284.84 7.343 6.602.45 15.4.45c6.854 0 11.8 4.7 11.8 11.252 0 5.684-3.193 9.265-7.398 9.3-1.83 0-3.153-.934-3.347-2.997h-.077c-1.208 1.986-2.96 2.997-5.023 2.997-2.532 0-4.36-1.868-4.36-5.062 0-4.75 3.503-9.07 9.11-9.07 1.713 0 3.7.4 4.6.972l-1.17 7.203c-.387 2.298-.115 3.3 1 3.4 1.674 0 3.774-2.102 3.774-6.58 0-5.06-3.27-8.994-9.304-8.994C9.05 2.87 3.83 7.545 3.83 14.97c0 6.5 4.2 10.2 10 10.202 1.987 0 4.09-.43 5.647-1.245l.634 2.22zM16.647 10.1c-.31-.078-.7-.155-1.207-.155-2.572 0-4.596 2.53-4.596 5.53 0 1.5.7 2.4 1.9 2.4 1.44 0 2.96-1.83 3.31-4.088l.592-3.72z\" \/>\n      <\/svg>\n    <\/span>\n    <span class=\"ngfb-text\"><\/span>\n  <\/a>\n<\/div><\/div><!-- .ngfb-buttons.en_US -->\n<\/div><!-- .ngfb-content-buttons -->\n<!-- ngfb content-buttons end -->\n\n<figure class=\"wp-block-image size-large\"><img decoding=\"async\" src=\"https:\/\/cdn.propertybook.ro\/napoca_imobiliare\/141293.webp\" alt=\"\" \/><\/figure>\n<ul>\n<li><a href=\"\/cluj-napoca\/\">Imobiliare Cluj-Napoca<\/a><\/li>\n<li><a href=\"\/cluj-napoca\/apartamente-vanzare\/\">Apartamente de vanzare Cluj-Napoca<\/a><\/li>\n<li><a href=\"\/cluj-napoca\/apartamente-vanzare\/3-camere\/\">Apartamente cu 3 camere de vanzare Cluj-Napoca<\/a><\/li>\n<li><a href=\"\/cluj-napoca\/apartamente-vanzare\/manastur\/3-camere\/\">Apartamente cu 3 camere de vanzare M\u0103n\u0103\u0219tur, Cluj-Napoca<\/a><\/li>\n<\/ul>\n<p><a href=\"\/cluj-napoca\/imobiliare-25-141293-vanzare-apartament-3-camere-in-manastur\/\" class=\"pb-listing-action\">Detaliile proprietatii<\/a><\/p>\n<p><h2 class=\"wp-block-heading\">Descoper\u0103 Apartamentul Ideal cu Trei Camere din Inima Manasturului!<\/h2>\n<p>Dac\u0103 e\u0219ti \u00een c\u0103utarea unui nou c\u0103min \u00eentr-una din cele mai r\u00e2vnite cartiere ale ora\u0219ului, avem o veste extraordinar\u0103 pentru tine. \u00ce\u021bi prezent\u0103m ast\u0103zi un apartament cu trei camere decomandate, situat la etajul al \u0219aptelea al unui imobil impozant ce atinge 10 niveluri. Aceast\u0103 proprietate, cu o priveli\u0219te de invidiat asupra orizontului urban, ar putea fi exact ceea ce c\u0103utai!<\/p>\n<p>#<\/p>\n<h2 class=\"wp-block-heading\">Loca\u021bie Privilegiat\u0103<\/h2>\n<p>Acesta este un apartament care \u00ee\u021bi ofer\u0103 nu doar confortul unui spa\u021biu generos, ci \u0219i comoditatea unei loca\u021bii ideale. Situat \u00een vibrantul \u0219i mereu verdele cartier Manastur, apartamentul garanteaz\u0103 un acces rapid \u0219i u\u0219or c\u0103tre puncte cheie ale vie\u021bii cotidiene: de la parcuri \u0219i zone naturale, la institu\u021bii educa\u021bionale, diverse magazine \u0219i farmacii. Tot ceea ce ai nevoie este la doar c\u00e2\u021biva pa\u0219i distan\u021b\u0103.<\/p>\n<p>#<\/p>\n<h2 class=\"wp-block-heading\">Caracteristici Individuale <\/h2>\n<p>Pe o suprafa\u021b\u0103 de 55 de metri p\u0103tra\u021bi, acesta este perfect pentr-o familie sau pentru cineva care \u00ee\u0219i dore\u0219te mai mult spa\u021biu. Datorit\u0103 compartiment\u0103rii intime, va fi simplu s\u0103 te sim\u021bi acas\u0103:<\/p>\n<p>&#8211; Dou\u0103 dormitoare \u00eembietoare \u0219i lini\u0219tite<\/p>\n<p>&#8211; O camer\u0103 de zi spa\u021bioas\u0103, ideal\u0103 pentru relaxare \u0219i socializare<\/p>\n<p>&#8211; O buc\u0103t\u0103rie func\u021bional\u0103, preg\u0103tit\u0103 pentru a-\u021bi r\u0103sf\u0103\u021ba sim\u021burile culinare<\/p>\n<p>&#8211; O baie modern\u0103 \u0219i utilat\u0103<\/p>\n<p>&#8211; Un hol primitor<\/p>\n<p>&#8211; Un balcon generos, care \u00ee\u021bi permite s\u0103 te delectezi cu panorama ora\u0219ului<\/p>\n<p>Interioarele acestui apartament sunt atent finisate:<\/p>\n<p>&#8211; Parchet din lemn masiv, rezistent \u0219i elegant<\/p>\n<p>&#8211; Gresie \u0219i faian\u021b\u0103 pentru u\u0219urin\u021ba \u00een \u00eentre\u021binere<\/p>\n<p>&#8211; Ferestre cu termoizolare din PVC, pentru confort termic maxim<\/p>\n<p>&#8211; U\u0219i interioare de lemn, ce adaug\u0103 un plus de caracter<\/p>\n<p>&#8211; U\u0219\u0103 exterioar\u0103 metalic\u0103, pentru securitate crescut\u0103<\/p>\n<p>&#8211; Pere\u021bi vopsi\u021bi cu vopsea lavabil\u0103, \u00een culori neutre ce permite u\u0219or adaptarea oric\u0103rui stil decorativ<\/p>\n<p>#<\/p>\n<h2 class=\"wp-block-heading\">Confort \u0218i Comoditate<\/h2>\n<p>\u00cen plus, apartamentul se vinde complet mobilat, a\u0219a cum se prezint\u0103 \u00een fotografiile disponibile, fiind gata s\u0103 te \u00eent\u00e2mpine ca noul proprietar. De asemenea, pentru a te bucura de c\u0103ldura dorit\u0103 \u00een zilele reci, ai la dispozi\u021bie o central\u0103 proprie, care \u00ee\u021bi asigur\u0103 confortul termic f\u0103r\u0103 griji.<\/p>\n<p>#<\/p>\n<h2 class=\"wp-block-heading\">Cum Procedezi Mai Departe?<\/h2>\n<p>Dac\u0103 sim\u021bi c\u0103 acest apartament cu trei camere este locul pe care \u00eel nume\u0219ti acas\u0103, nu ezita s\u0103 organizezi o vizionare. Imagineaz\u0103-\u021bi cum ar fi s\u0103 te treze\u0219ti \u00een fiecare diminea\u021b\u0103 privind c\u0103tre orizontul inspirator al ora\u0219ului, s\u0103 \u00ee\u021bi petreci seri lini\u0219tite \u00een intimitatea camerei de zi \u0219i s\u0103 te bucuri de beneficiile unei loca\u021bii privilegiate.<\/p>\n<p>Este momentul s\u0103 faci pasul cel mare spre un nou \u00eenceput, \u00eentr-un c\u0103min care \u00eembin\u0103 armonios confortul modern cu comoditatea unei loca\u021bii excelente. Nu l\u0103sa aceast\u0103 oportunitate s\u0103 \u00ee\u021bi scape!<\/p>\n<p><a href=\"\/cluj-napoca\/imobiliare-25-141293-vanzare-apartament-3-camere-in-manastur\/\" class=\"pb-listing-action\">Stabileste o vizionare<\/a><\/p>\n<ul>\n<li><a href=\"\/cluj-napoca\/\">Imobiliare Cluj-Napoca<\/a><\/li>\n<li><a href=\"\/cluj-napoca\/apartamente-vanzare\/\">Apartamente de vanzare Cluj-Napoca<\/a><\/li>\n<li><a href=\"\/cluj-napoca\/apartamente-vanzare\/3-camere\/\">Apartamente cu 3 camere de vanzare Cluj-Napoca<\/a><\/li>\n<li><a href=\"\/cluj-napoca\/apartamente-vanzare\/manastur\/3-camere\/\">Apartamente cu 3 camere de vanzare M\u0103n\u0103\u0219tur, Cluj-Napoca<\/a><\/li>\n<\/ul>\n\n<!-- ngfb content-buttons begin -->\n<!-- generated on 2026-05-02T02:29:59+00:00 -->\n<div class=\"ngfb-content-buttons\">\n<div class=\"ngfb-buttons en_US\">\n<!-- Email Button --><div class=\"css-button email-button\">\n  <a href=\"mailto:?subject=Share:%20Exclusiv%21%20Apartament%20Decomandat%20cu%203%20Camere%20%C8%99i%20Vedere%20Panoramic%C4%83%20%C3%AEn%20Manastur%20%26%238211%3B%20Ideal%20Locuit&body=Cluj-Napoca%2C%20M%C4%83n%C4%83%C8%99tur%20-%20Apartament%20decomandat%20cu%203%20camere%2C%2055%20mp%2C%20etaj%207%2F10%2C%20%C3%AEn%20Manastur%2C%20cu%202%20dormitoare%2C%20camer%C4%83%20de%20zi%2C%20buc%C4%83t%C4%83rie%2C%20baie%2C%20hol%20%C8%99i%20balcon%2C%20ofer%C4%83%20panorama%20ora%C8%99ului.%20Finisaje%20de%20calitate%3A%20parchet%20lemn%20masiv%2C%20gresie%2C%20faiant%C4%83%2C%20PVC%20termoizolant.%20V%C3%A2ndut%20mobilat%2C%20cu%20central%C4%83%20proprie.%20Acces%20la%20servicii%2C%20magazine%2C%20%C8%99coli.%0D%0A%0D%0AShared%20from%20https:\/\/propertybook.ro\/blog\/exclusiv-apartament-decomandat-cu-3-camere-si-vedere-panoramica-in-manastur-ideal-locuit\/%0D%0A\">\n    <span class=\"ngfb-icon\">\n      <svg xmlns=\"http:\/\/www.w3.org\/2000\/svg\" width=\"9\" height=\"9\" viewBox=\"0 0 28 28\">\n        <path d=\"M20.11 26.147c-2.335 1.05-4.36 1.4-7.124 1.4C6.524 27.548.84 22.916.84 15.284.84 7.343 6.602.45 15.4.45c6.854 0 11.8 4.7 11.8 11.252 0 5.684-3.193 9.265-7.398 9.3-1.83 0-3.153-.934-3.347-2.997h-.077c-1.208 1.986-2.96 2.997-5.023 2.997-2.532 0-4.36-1.868-4.36-5.062 0-4.75 3.503-9.07 9.11-9.07 1.713 0 3.7.4 4.6.972l-1.17 7.203c-.387 2.298-.115 3.3 1 3.4 1.674 0 3.774-2.102 3.774-6.58 0-5.06-3.27-8.994-9.304-8.994C9.05 2.87 3.83 7.545 3.83 14.97c0 6.5 4.2 10.2 10 10.202 1.987 0 4.09-.43 5.647-1.245l.634 2.22zM16.647 10.1c-.31-.078-.7-.155-1.207-.155-2.572 0-4.596 2.53-4.596 5.53 0 1.5.7 2.4 1.9 2.4 1.44 0 2.96-1.83 3.31-4.088l.592-3.72z\" \/>\n      <\/svg>\n    <\/span>\n    <span class=\"ngfb-text\"><\/span>\n  <\/a>\n<\/div><\/div><!-- .ngfb-buttons.en_US -->\n<\/div><!-- .ngfb-content-buttons -->\n<!-- ngfb content-buttons end -->\n\n","protected":false},"excerpt":{"rendered":"<p>Cluj-Napoca, M\u0103n\u0103\u0219tur &#8211; Apartament decomandat cu 3 camere, 55 mp, etaj 7\/10, \u00een Manastur, cu 2 dormitoare, camer\u0103 de zi, buc\u0103t\u0103rie, baie, hol \u0219i balcon, ofer\u0103 panorama ora\u0219ului. Finisaje de calitate: parchet lemn masiv, gresie, faiant\u0103, PVC termoizolant. V\u00e2ndut mobilat, cu central\u0103 proprie. Acces la servicii, magazine, \u0219coli.<\/p>\n","protected":false},"author":8,"featured_media":1182,"comment_status":"open","ping_status":"open","sticky":false,"template":"","format":"standard","meta":{"footnotes":""},"categories":[50,48,47],"tags":[55,74,65,91,68,119,123,70],"class_list":["post-1183","post","type-post","status-publish","format-standard","has-post-thumbnail","hentry","category-apartamente-de-vanzare-in-cluj-napoca","category-oferte-imobiliare-in-cluj-napoca","category-oferte","tag-3-camere","tag-balcon","tag-centrala-termica","tag-cluj-napoca","tag-decomandat","tag-etaj-7-10","tag-manastur","tag-parchet"],"_links":{"self":[{"href":"https:\/\/propertybook.ro\/blog\/wp-json\/wp\/v2\/posts\/1183","targetHints":{"allow":["GET"]}}],"collection":[{"href":"https:\/\/propertybook.ro\/blog\/wp-json\/wp\/v2\/posts"}],"about":[{"href":"https:\/\/propertybook.ro\/blog\/wp-json\/wp\/v2\/types\/post"}],"author":[{"embeddable":true,"href":"https:\/\/propertybook.ro\/blog\/wp-json\/wp\/v2\/users\/8"}],"replies":[{"embeddable":true,"href":"https:\/\/propertybook.ro\/blog\/wp-json\/wp\/v2\/comments?post=1183"}],"version-history":[{"count":0,"href":"https:\/\/propertybook.ro\/blog\/wp-json\/wp\/v2\/posts\/1183\/revisions"}],"wp:featuredmedia":[{"embeddable":true,"href":"https:\/\/propertybook.ro\/blog\/wp-json\/wp\/v2\/media\/1182"}],"wp:attachment":[{"href":"https:\/\/propertybook.ro\/blog\/wp-json\/wp\/v2\/media?parent=1183"}],"wp:term":[{"taxonomy":"category","embeddable":true,"href":"https:\/\/propertybook.ro\/blog\/wp-json\/wp\/v2\/categories?post=1183"},{"taxonomy":"post_tag","embeddable":true,"href":"https:\/\/propertybook.ro\/blog\/wp-json\/wp\/v2\/tags?post=1183"}],"curies":[{"name":"wp","href":"https:\/\/api.w.org\/{rel}","templated":true}]}}