{"id":1239,"date":"2024-03-03T09:45:11","date_gmt":"2024-03-03T07:45:11","guid":{"rendered":"https:\/\/propertybook.ro\/blog\/casa-duplex-spatioasa-cu-5-camere-si-teren-generos-zona-aparatorii-patriei-bucuresti-complet-mobilata-si-utilata\/"},"modified":"2024-03-03T09:45:11","modified_gmt":"2024-03-03T07:45:11","slug":"casa-duplex-spatioasa-cu-5-camere-si-teren-generos-zona-aparatorii-patriei-bucuresti-complet-mobilata-si-utilata","status":"publish","type":"post","link":"https:\/\/propertybook.ro\/blog\/casa-duplex-spatioasa-cu-5-camere-si-teren-generos-zona-aparatorii-patriei-bucuresti-complet-mobilata-si-utilata\/","title":{"rendered":"Casa Duplex Spatioasa cu 5 Camere si Teren Generos, Zona Aparatorii Patriei, Bucuresti &#8211; Complet Mobilata si Utilata"},"content":{"rendered":"\n<!-- ngfb content-buttons begin -->\n<!-- generated on 2026-04-30T03:32:00+00:00 -->\n<div class=\"ngfb-content-buttons\">\n<div class=\"ngfb-buttons en_US\">\n<!-- Email Button --><div class=\"css-button email-button\">\n  <a href=\"mailto:?subject=Share:%20Casa%20Duplex%20Spatioasa%20cu%205%20Camere%20si%20Teren%20Generos%2C%20Zona%20Aparatorii%20Patriei%2C%20Bucuresti%20%26%238211%3B%20Complet%20Mobilata%20si%20Utilata&body=Bucure%C8%99ti%20-%20De%20v%C3%A2nzare%20cas%C4%83%20duplex%20situat%C4%83%20%C3%AEn%20Aparatorii%20Patriei%2C%20la%2010%20minute%20de%20metrou.%20Decomandat%C4%83%2C%20cu%20teren%20de%20330%20mp%2C%20160%20mp%20utili%3A%20living%2C%204%20dormitoare%2C%20baie%2C%20dressing%2C%20spa%C8%9Bii%20depozitare.%20Include%20curte%20pentru%20dou%C4%83%20ma%C8%99ini%2C%20loc%20de%20joac%C4%83%2C%20gr%C4%83dini%C8%9B%C4%83.%20Mobilat%C4%83%2C%20utilat%C4%83.%20Contact%20pentru%20detalii%20%C8%99i%20vizion%C4%83ri.%0D%0A%0D%0AShared%20from%20https:\/\/propertybook.ro\/blog\/casa-duplex-spatioasa-cu-5-camere-si-teren-generos-zona-aparatorii-patriei-bucuresti-complet-mobilata-si-utilata\/%0D%0A\">\n    <span class=\"ngfb-icon\">\n      <svg xmlns=\"http:\/\/www.w3.org\/2000\/svg\" width=\"9\" height=\"9\" viewBox=\"0 0 28 28\">\n        <path d=\"M20.11 26.147c-2.335 1.05-4.36 1.4-7.124 1.4C6.524 27.548.84 22.916.84 15.284.84 7.343 6.602.45 15.4.45c6.854 0 11.8 4.7 11.8 11.252 0 5.684-3.193 9.265-7.398 9.3-1.83 0-3.153-.934-3.347-2.997h-.077c-1.208 1.986-2.96 2.997-5.023 2.997-2.532 0-4.36-1.868-4.36-5.062 0-4.75 3.503-9.07 9.11-9.07 1.713 0 3.7.4 4.6.972l-1.17 7.203c-.387 2.298-.115 3.3 1 3.4 1.674 0 3.774-2.102 3.774-6.58 0-5.06-3.27-8.994-9.304-8.994C9.05 2.87 3.83 7.545 3.83 14.97c0 6.5 4.2 10.2 10 10.202 1.987 0 4.09-.43 5.647-1.245l.634 2.22zM16.647 10.1c-.31-.078-.7-.155-1.207-.155-2.572 0-4.596 2.53-4.596 5.53 0 1.5.7 2.4 1.9 2.4 1.44 0 2.96-1.83 3.31-4.088l.592-3.72z\" \/>\n      <\/svg>\n    <\/span>\n    <span class=\"ngfb-text\"><\/span>\n  <\/a>\n<\/div><\/div><!-- .ngfb-buttons.en_US -->\n<\/div><!-- .ngfb-content-buttons -->\n<!-- ngfb content-buttons end -->\n\n\n<!-- ngfb schema image for pinterest pin it button -->\n<div class=\"ngfb-schema-image-for-pinterest\" style=\"display:none;\">\n<img loading=\"lazy\" decoding=\"async\" src=\"https:\/\/propertybook.ro\/blog\/wp-content\/uploads\/2024\/03\/22003054.webp\" width=\"0\" height=\"0\" style=\"width:0;height:0;\" data-pin-description=\"Bucure\u0219ti - De v&acirc;nzare cas\u0103 duplex situat\u0103 &icirc;n Aparatorii Patriei, la 10 minute de metrou. Decomandat\u0103, cu teren de 330 mp, 160 mp utili: living, 4 dormitoare, baie, dressing, spa\u021bii depozitare. Include curte pentru dou\u0103 ma\u0219ini, loc de joac\u0103, gr\u0103dini\u021b\u0103. Mobilat\u0103, utilat\u0103. Contact pentru detalii...\" alt=\"\"\/>\n<\/div><!-- .ngfb-schema-image-for-pinterest -->\n\n<figure class=\"wp-block-image size-large\"><img decoding=\"async\" src=\"https:\/\/cdn.propertybook.ro\/svn_residentialist\/22003054.webp\" alt=\"\" \/><\/figure>\n<ul>\n<li><a href=\"\/bucuresti\/\">Imobiliare Bucure\u0219ti<\/a><\/li>\n<li><a href=\"\/bucuresti\/case-vanzare\/\">Case de vanzare Bucure\u0219ti<\/a><\/li>\n<li><a href=\"\/bucuresti\/case-vanzare\/5-camere\/\">Case cu 5 camere de vanzare Bucure\u0219ti<\/a><\/li>\n<\/ul>\n<p><a href=\"\/bucuresti\/imobiliare-163-22003054-se-vinde-casa-5-camere-in-sector-4-zona-aparatorii-patriei\/\" class=\"pb-listing-action\">Detaliile proprietatii<\/a><\/p>\n<p><h2 class=\"wp-block-heading\">Descoper\u0103 Acum Noul T\u0103u Sanctuar Urban \u00een Bucure\u0219ti<\/h2>\n<p>Te-ai g\u00e2ndit vreodat\u0103 cum ar fi s\u0103 te treze\u0219ti \u00een confortul propriului t\u0103u duplex, situat \u00eentr-un cartier lini\u0219tit, \u0219i s\u0103 fii totodat\u0103 la doar 10 minute de agita\u021bia ora\u0219ului? Ei bine, \u00een zona de sud a Bucure\u0219tiului &#8211; Aparatorii Patriei, visul t\u0103u poate deveni realitate. <\/p>\n<p><h2 class=\"wp-block-heading\">Oaz\u0103 de Spa\u021biu \u0219i Confort<\/h2>\n<p>Imagineaz\u0103-\u021bi c\u0103 de\u021bii o cas\u0103 de tip duplex elegant\u0103, \u00eentins\u0103 pe un lot generos de 330 metri p\u0103tra\u021bi; un loc unde fiecare membru al familiei se poate bucura de spa\u021biul s\u0103u. Cu o suprafa\u021b\u0103 util\u0103 de 160 metri p\u0103tra\u021bi, aceast\u0103 locuin\u021b\u0103 este organizat\u0103 pe dou\u0103 niveluri plus pod, oferind flexibilitate \u0219i confort pentru to\u021bi ocupan\u021bii.<\/p>\n<p><h2 class=\"wp-block-heading\">Design Interior Functional \u0219i Primitor<\/h2>\n<p>La parter, un living spa\u021bios te a\u0219teapt\u0103 s\u0103 petreci momente pre\u021bioase al\u0103turi de familie sau prieteni, completat de un dormitor mare de aproximativ 20 metri p\u0103tra\u021bi \u0219i o baie generoas\u0103 de 9 metri p\u0103tra\u021bi &#8211; perfect pentru a g\u0103zdui oaspe\u021bi sau pentru a te bucura de un plus de intimitate. Urca\u021bi la etaj \u0219i vei descoperi trei dormitoare ce ofer\u0103 un refugiu de lini\u0219te pentru fiecare, completate de b\u0103i proprii, dressing-uri \u0219i spa\u021bii practice de depozitare. <\/p>\n<p>Podul accesibil prin trapa adaug\u0103 un bonus de spa\u021biu &#8211; ideal pentru depozitare ori poate transformarea \u00eentr-un atelier, birou sau de ce nu, o camer\u0103 de hobby.<\/p>\n<p><h2 class=\"wp-block-heading\">Exteriorul &#8211; Un Sanctuar Privat<\/h2>\n<p>Curtea, ingenios \u00eemp\u0103r\u021bit\u0103, te \u00eenvite s\u0103 te bucuri de zile \u00eensorite \u00een aer liber. Cu spa\u021biu suficient pentru a parca dou\u0103 automobile confortabil \u0219i totodat\u0103 pentru a amenaja un loc de joac\u0103 pentru cei mici sau o mic\u0103 gr\u0103din\u0103 unde s\u0103 \u00ee\u021bi cultivi plantele preferate, acesta este col\u021bul t\u0103u de rai.<\/p>\n<p><h2 class=\"wp-block-heading\">Ambalat\u0103 Complet, gata de Locuit<\/h2>\n<p>Petreci mult timp c\u0103ut\u00e2nd mobilier \u0219i echipamente potrivite pentru casa ta visurilor? Nu este necesar aici. Aceast\u0103 cas\u0103 se vinde complet mobilat\u0103 \u0219i utilat\u0103, astfel \u00eenc\u00e2t s\u0103 te po\u021bi muta direct \u00een noua ta cas\u0103 de vis.<\/p>\n<p>Dac\u0103 te-ai \u00eendr\u0103gostit deja de descrierea acestei propriet\u0103\u021bi \u0219i sim\u021bi c\u0103 este locul pe care l-ai numi acas\u0103, nu ezita s\u0103 ini\u021biezi pasul urm\u0103tor pentru a o explora personal.<\/p>\n<p>Contact\u00e2nd un expert \u00een propriet\u0103\u021bi, te vei asigura c\u0103 ai tot sprijinul necesar pentru a face tranzi\u021bia c\u0103tre noua ta via\u021b\u0103 &#8211; o via\u021b\u0103 \u00een care confortul, elegan\u021ba \u0219i accesibilitatea se \u00eembin\u0103 \u00een mod armonios, pentru a crea un c\u0103min pe care cu m\u00e2ndrie \u00eel vei numi al t\u0103u. Este timpul s\u0103-\u021bi deschizi poarta c\u0103tre un \u00eenceput nou \u0219i f\u0103g\u0103duit \u00een Bucure\u0219ti.<\/p>\n<p><a href=\"\/bucuresti\/imobiliare-163-22003054-se-vinde-casa-5-camere-in-sector-4-zona-aparatorii-patriei\/\" class=\"pb-listing-action\">Stabileste o vizionare<\/a><\/p>\n<ul>\n<li><a href=\"\/bucuresti\/\">Imobiliare Bucure\u0219ti<\/a><\/li>\n<li><a href=\"\/bucuresti\/case-vanzare\/\">Case de vanzare Bucure\u0219ti<\/a><\/li>\n<li><a href=\"\/bucuresti\/case-vanzare\/5-camere\/\">Case cu 5 camere de vanzare Bucure\u0219ti<\/a><\/li>\n<\/ul>\n\n<!-- ngfb content-buttons begin -->\n<!-- generated on 2026-04-30T03:32:00+00:00 -->\n<div class=\"ngfb-content-buttons\">\n<div class=\"ngfb-buttons en_US\">\n<!-- Email Button --><div class=\"css-button email-button\">\n  <a href=\"mailto:?subject=Share:%20Casa%20Duplex%20Spatioasa%20cu%205%20Camere%20si%20Teren%20Generos%2C%20Zona%20Aparatorii%20Patriei%2C%20Bucuresti%20%26%238211%3B%20Complet%20Mobilata%20si%20Utilata&body=Bucure%C8%99ti%20-%20De%20v%C3%A2nzare%20cas%C4%83%20duplex%20situat%C4%83%20%C3%AEn%20Aparatorii%20Patriei%2C%20la%2010%20minute%20de%20metrou.%20Decomandat%C4%83%2C%20cu%20teren%20de%20330%20mp%2C%20160%20mp%20utili%3A%20living%2C%204%20dormitoare%2C%20baie%2C%20dressing%2C%20spa%C8%9Bii%20depozitare.%20Include%20curte%20pentru%20dou%C4%83%20ma%C8%99ini%2C%20loc%20de%20joac%C4%83%2C%20gr%C4%83dini%C8%9B%C4%83.%20Mobilat%C4%83%2C%20utilat%C4%83.%20Contact%20pentru%20detalii%20%C8%99i%20vizion%C4%83ri.%0D%0A%0D%0AShared%20from%20https:\/\/propertybook.ro\/blog\/casa-duplex-spatioasa-cu-5-camere-si-teren-generos-zona-aparatorii-patriei-bucuresti-complet-mobilata-si-utilata\/%0D%0A\">\n    <span class=\"ngfb-icon\">\n      <svg xmlns=\"http:\/\/www.w3.org\/2000\/svg\" width=\"9\" height=\"9\" viewBox=\"0 0 28 28\">\n        <path d=\"M20.11 26.147c-2.335 1.05-4.36 1.4-7.124 1.4C6.524 27.548.84 22.916.84 15.284.84 7.343 6.602.45 15.4.45c6.854 0 11.8 4.7 11.8 11.252 0 5.684-3.193 9.265-7.398 9.3-1.83 0-3.153-.934-3.347-2.997h-.077c-1.208 1.986-2.96 2.997-5.023 2.997-2.532 0-4.36-1.868-4.36-5.062 0-4.75 3.503-9.07 9.11-9.07 1.713 0 3.7.4 4.6.972l-1.17 7.203c-.387 2.298-.115 3.3 1 3.4 1.674 0 3.774-2.102 3.774-6.58 0-5.06-3.27-8.994-9.304-8.994C9.05 2.87 3.83 7.545 3.83 14.97c0 6.5 4.2 10.2 10 10.202 1.987 0 4.09-.43 5.647-1.245l.634 2.22zM16.647 10.1c-.31-.078-.7-.155-1.207-.155-2.572 0-4.596 2.53-4.596 5.53 0 1.5.7 2.4 1.9 2.4 1.44 0 2.96-1.83 3.31-4.088l.592-3.72z\" \/>\n      <\/svg>\n    <\/span>\n    <span class=\"ngfb-text\"><\/span>\n  <\/a>\n<\/div><\/div><!-- .ngfb-buttons.en_US -->\n<\/div><!-- .ngfb-content-buttons -->\n<!-- ngfb content-buttons end -->\n\n","protected":false},"excerpt":{"rendered":"<p>Bucure\u0219ti &#8211; De v\u00e2nzare cas\u0103 duplex situat\u0103 \u00een Aparatorii Patriei, la 10 minute de metrou. Decomandat\u0103, cu teren de 330 mp, 160 mp utili: living, 4 dormitoare, baie, dressing, spa\u021bii depozitare. Include curte pentru dou\u0103 ma\u0219ini, loc de joac\u0103, gr\u0103dini\u021b\u0103. Mobilat\u0103, utilat\u0103. Contact pentru detalii \u0219i vizion\u0103ri.<\/p>\n","protected":false},"author":8,"featured_media":1238,"comment_status":"open","ping_status":"open","sticky":false,"template":"","format":"standard","meta":{"footnotes":""},"categories":[49,53,47],"tags":[59,142,130,89,70,85],"class_list":["post-1239","post","type-post","status-publish","format-standard","has-post-thumbnail","hentry","category-oferte-imobiliare-bucuresti","category-case-de-vanzare-bucuresti","category-oferte","tag-2-balcoane","tag-5-camere","tag-an-const-2008","tag-bucuresti","tag-parchet","tag-termopane"],"_links":{"self":[{"href":"https:\/\/propertybook.ro\/blog\/wp-json\/wp\/v2\/posts\/1239","targetHints":{"allow":["GET"]}}],"collection":[{"href":"https:\/\/propertybook.ro\/blog\/wp-json\/wp\/v2\/posts"}],"about":[{"href":"https:\/\/propertybook.ro\/blog\/wp-json\/wp\/v2\/types\/post"}],"author":[{"embeddable":true,"href":"https:\/\/propertybook.ro\/blog\/wp-json\/wp\/v2\/users\/8"}],"replies":[{"embeddable":true,"href":"https:\/\/propertybook.ro\/blog\/wp-json\/wp\/v2\/comments?post=1239"}],"version-history":[{"count":0,"href":"https:\/\/propertybook.ro\/blog\/wp-json\/wp\/v2\/posts\/1239\/revisions"}],"wp:featuredmedia":[{"embeddable":true,"href":"https:\/\/propertybook.ro\/blog\/wp-json\/wp\/v2\/media\/1238"}],"wp:attachment":[{"href":"https:\/\/propertybook.ro\/blog\/wp-json\/wp\/v2\/media?parent=1239"}],"wp:term":[{"taxonomy":"category","embeddable":true,"href":"https:\/\/propertybook.ro\/blog\/wp-json\/wp\/v2\/categories?post=1239"},{"taxonomy":"post_tag","embeddable":true,"href":"https:\/\/propertybook.ro\/blog\/wp-json\/wp\/v2\/tags?post=1239"}],"curies":[{"name":"wp","href":"https:\/\/api.w.org\/{rel}","templated":true}]}}