{"id":1247,"date":"2024-03-03T13:44:48","date_gmt":"2024-03-03T11:44:48","guid":{"rendered":"https:\/\/propertybook.ro\/blog\/exclusivista-vila-dp1m-de-vanzare-in-zona-kiseleff-ideala-pentru-comert-si-birouri-cu-parcare-si-curte-privata\/"},"modified":"2024-03-03T13:44:48","modified_gmt":"2024-03-03T11:44:48","slug":"exclusivista-vila-dp1m-de-vanzare-in-zona-kiseleff-ideala-pentru-comert-si-birouri-cu-parcare-si-curte-privata","status":"publish","type":"post","link":"https:\/\/propertybook.ro\/blog\/exclusivista-vila-dp1m-de-vanzare-in-zona-kiseleff-ideala-pentru-comert-si-birouri-cu-parcare-si-curte-privata\/","title":{"rendered":"Exclusivist\u0103 Vil\u0103 D+P+1+M de V\u00e2nzare \u00een Zona Kiseleff, Ideal\u0103 pentru Comer\u021b \u0219i Birouri, cu Parcare \u0219i Curte Privat\u0103"},"content":{"rendered":"\n<!-- ngfb content-buttons begin -->\n<!-- generated on 2026-04-30T20:24:16+00:00 -->\n<div class=\"ngfb-content-buttons\">\n<div class=\"ngfb-buttons en_US\">\n<!-- Email Button --><div class=\"css-button email-button\">\n  <a href=\"mailto:?subject=Share:%20Exclusivist%C4%83%20Vil%C4%83%20D%2BP%2B1%2BM%20de%20V%C3%A2nzare%20%C3%AEn%20Zona%20Kiseleff%2C%20Ideal%C4%83%20pentru%20Comer%C8%9B%20%C8%99i%20Birouri%2C%20cu%20Parcare%20%C8%99i%20Curte%20Privat%C4%83&body=Bucure%C8%99ti%2C%20Aviatorilor%20-%20De%20v%C3%A2nzare%2C%20imobil%20D%2BP%2B1%2BM%20situat%20%C3%AEn%20zona%20Kiseleff%2C%20cu%20o%20suprafa%C8%9B%C4%83%20construit%C4%83%20de%20~663mp%20%C8%99i%20teren%20de%20541mp.%20Proprietatea%20ofer%C4%83%204%20intr%C4%83ri%2C%20apartamente%20decomandate%20cu%206-7%20camere%20pe%20nivel%2C%203%20locuri%20de%20parcare%20externe%2C%202%20interne%2C%20%C8%99i%20este%20%C3%AEnchiriat%C4%83%20par%C8%9Bial%20ca%20spa%C8%9Bii%20comerciale%20%C8%99i%20birouri.%20Dispune%20de%20curte%20%C3%AEnconjur%C4%83toare%20%C8%99i%20garaj%2C%20f%C4%83r%C4%83%20calcan%2C%20iar%20mansarda%20este%20%C3%AEnalt%C4%83%20%C8%99i%20locuibil%C4%83.%0D%0A%0D%0AShared%20from%20https:\/\/propertybook.ro\/blog\/exclusivista-vila-dp1m-de-vanzare-in-zona-kiseleff-ideala-pentru-comert-si-birouri-cu-parcare-si-curte-privata\/%0D%0A\">\n    <span class=\"ngfb-icon\">\n      <svg xmlns=\"http:\/\/www.w3.org\/2000\/svg\" width=\"9\" height=\"9\" viewBox=\"0 0 28 28\">\n        <path d=\"M20.11 26.147c-2.335 1.05-4.36 1.4-7.124 1.4C6.524 27.548.84 22.916.84 15.284.84 7.343 6.602.45 15.4.45c6.854 0 11.8 4.7 11.8 11.252 0 5.684-3.193 9.265-7.398 9.3-1.83 0-3.153-.934-3.347-2.997h-.077c-1.208 1.986-2.96 2.997-5.023 2.997-2.532 0-4.36-1.868-4.36-5.062 0-4.75 3.503-9.07 9.11-9.07 1.713 0 3.7.4 4.6.972l-1.17 7.203c-.387 2.298-.115 3.3 1 3.4 1.674 0 3.774-2.102 3.774-6.58 0-5.06-3.27-8.994-9.304-8.994C9.05 2.87 3.83 7.545 3.83 14.97c0 6.5 4.2 10.2 10 10.202 1.987 0 4.09-.43 5.647-1.245l.634 2.22zM16.647 10.1c-.31-.078-.7-.155-1.207-.155-2.572 0-4.596 2.53-4.596 5.53 0 1.5.7 2.4 1.9 2.4 1.44 0 2.96-1.83 3.31-4.088l.592-3.72z\" \/>\n      <\/svg>\n    <\/span>\n    <span class=\"ngfb-text\"><\/span>\n  <\/a>\n<\/div><\/div><!-- .ngfb-buttons.en_US -->\n<\/div><!-- .ngfb-content-buttons -->\n<!-- ngfb content-buttons end -->\n\n\n<!-- ngfb schema image for pinterest pin it button -->\n<div class=\"ngfb-schema-image-for-pinterest\" style=\"display:none;\">\n<img loading=\"lazy\" decoding=\"async\" src=\"https:\/\/propertybook.ro\/blog\/wp-content\/uploads\/2024\/03\/22002440.webp\" width=\"0\" height=\"0\" style=\"width:0;height:0;\" data-pin-description=\"Bucure\u0219ti, Aviatorilor - De v&acirc;nzare, imobil D+P+1+M situat &icirc;n zona Kiseleff, cu o suprafa\u021b\u0103 construit\u0103 de ~663mp \u0219i teren de 541mp. Proprietatea ofer\u0103 4 intr\u0103ri, apartamente decomandate cu 6-7 camere pe nivel, 3 locuri de parcare externe, 2 interne, \u0219i este &icirc;nchiriat\u0103 par\u021bial ca spa\u021bii...\" alt=\"\"\/>\n<\/div><!-- .ngfb-schema-image-for-pinterest -->\n\n<figure class=\"wp-block-image size-large\"><img decoding=\"async\" src=\"https:\/\/cdn.propertybook.ro\/svn_residentialist\/22002440.webp\" alt=\"\" \/><\/figure>\n<ul>\n<li><a href=\"\/bucuresti\/\">Imobiliare Bucure\u0219ti<\/a><\/li>\n<li><a href=\"\/bucuresti\/case-vanzare\/\">Case de vanzare Bucure\u0219ti<\/a><\/li>\n<li><a href=\"\/bucuresti\/case-vanzare\/20-camere\/\">Case cu 20 camere de vanzare Bucure\u0219ti<\/a><\/li>\n<li><a href=\"\/bucuresti\/case-vanzare\/aviatorilor\/20-camere\/\">Case cu 20 camere de vanzare Aviatorilor, Bucure\u0219ti<\/a><\/li>\n<\/ul>\n<p><a href=\"\/bucuresti\/imobiliare-163-22002440-vanzare-casa-20-camere-in-sector-1-zona-kiseleff\/\" class=\"pb-listing-action\">Detaliile proprietatii<\/a><\/p>\n<p><h2 class=\"wp-block-heading\">Descoperi\u021bi Oaz\u0103 Urban\u0103 de Elegan\u021b\u0103 \u00een Inima Capitalei &#8211; Vila Versatil\u0103 din Zona Kiseleff<\/h2>\n<p>Nestled \u00eentr-una dintre cele mai prestigioase \u0219i lini\u0219tite zone ale Bucure\u0219tiului, zona Kiseleff, v\u0103 prezent\u0103m o proprietate versatil\u0103 care exudeaz\u0103 \u0219arm, confort \u0219i opulen\u021b\u0103. V\u0103 invit\u0103m s\u0103 explora\u021bi aceast\u0103 vil\u0103 impun\u0103toare, perfect echilibrat\u0103 \u00eentre un refugiu urban privat \u0219i un nod central de activitate comercial\u0103 \u0219i profesional\u0103.<\/p>\n<p><h2 class=\"wp-block-heading\">Arhitectur\u0103 \u0219i Design<\/h2>\n<p>Aceast\u0103 proprietate unic\u0103 dispune de o structur\u0103 D+P+1+M, oferind spa\u021bii generoase r\u0103sp\u00e2ndite pe patru niveluri, fiecare cu acces separat. Arhitectura sa clasic\u0103 este \u00eembog\u0103\u021bit\u0103 de functionalitatea modern\u0103, facilit\u00e2nd o varietate de utiliz\u0103ri &#8211; de la o reziden\u021b\u0103 de lux la spa\u021bii pentru birouri sau clinici medicale.<\/p>\n<p><h2 class=\"wp-block-heading\">Spa\u021biul Generos<\/h2>\n<p>Odat\u0103 ce p\u0103\u0219i\u021bi \u00een incinta ei, ve\u021bi observa c\u0103 fiecare nivel se \u00eentinde pe aproximativ 180 mp, cu apartamente decomandate de 6-7 camere. Designul interior este atent g\u00e2ndit pentru a asigura confortul \u0219i intimitatea fiec\u0103rui spa\u021biu. Amploarea locurilor de depozitare, b\u0103ile spa\u021bioase \u0219i grupurile sanitare sunt doar c\u00e2teva dintre caracteristicile care ofer\u0103 func\u021bionalitate de neegalat.<\/p>\n<p><h2 class=\"wp-block-heading\">Loca\u021bie \u0219i Teren<\/h2>\n<p>Imobilul se m\u00e2ndre\u0219te cu o loca\u021bie superb\u0103, amplasat\u0103 pe un teren de 541 mp \u00een cel mai frumos col\u021b din centrul Capitalei. Ofer\u0103 nu doar un spatiu amplu interior, dar \u0219i o curte capabil\u0103 s\u0103 ad\u0103posteasc\u0103 momente de relaxare \u0219i distensie \u00een aer liber.<\/p>\n<p><h2 class=\"wp-block-heading\">Parcare \u0219i Acces<\/h2>\n<p>Convenienta este un cuv\u00e2nt cheie pentru aceast\u0103 proprietate. Beneficia\u021bi de trei locuri de parcare accesibile direct de la poart\u0103 \u0219i alte dou\u0103 \u00een curte, elimin\u00e2nd astfel grija locurilor de parcare \u00eentr-o zon\u0103 aglomerat\u0103 a ora\u0219ului.<\/p>\n<p><h2 class=\"wp-block-heading\">Flexibilitate \u0219i Utilizare<\/h2>\n<p>A\u0219a cum este \u00een prezent configurat\u0103, proprietatea func\u021bioneaz\u0103 des\u0103v\u00e2r\u0219it pentru utiliz\u0103ri comerciale. Demisolul este optimizat pentru birouri &#8211; oferind spa\u021biu adecvat pentru o companie sau un start-up. Parterul \u0219i primul etaj sunt \u00eenchiriate pentru o clinic\u0103 medical\u0103, oferind un ambient calm \u0219i profesionist. Mansarda este adaptat\u0103 pentru birouri, av\u00e2nd o \u00een\u0103l\u021bime confortabil\u0103 \u00eentre 2,4 \u0219i 2,8 metri.<\/p>\n<p><h2 class=\"wp-block-heading\">Detalii Finale<\/h2>\n<p>Un alt atuu al acestei propriet\u0103\u021bi este lipsa unui calcan, oferind astfel \u0219i mai mult\u0103 intimitate \u0219i lumin\u0103 natural\u0103. \u00cen plus, vil\u0103 beneficiaz\u0103 de un garaj, oferind un spa\u021biu securizat pentru vehicule sau poate fi transforma\u021bi \u00eentr-un atelier sau spa\u021biu de storage.<\/p>\n<p>Aceast\u0103 proprietate reprezint\u0103 oportunitatea perfect\u0103 pentru cei care caut\u0103 s\u0103 investeasc\u0103 \u00eentr-o pies\u0103 de patrimoniu, \u00eentr-o zon\u0103 emblematic\u0103 a Bucure\u0219tiului. Atinge\u021bi apogeul elegan\u021bei urbane \u0219i versatilit\u0103\u021bii cu acest imobil de excep\u021bie, care promite a fi nu doar un spa\u021biu de locuit, ci un veritabil centru al vie\u021bii profesionale \u0219i personale.<\/p>\n<p><a href=\"\/bucuresti\/imobiliare-163-22002440-vanzare-casa-20-camere-in-sector-1-zona-kiseleff\/\" class=\"pb-listing-action\">Stabileste o vizionare<\/a><\/p>\n<ul>\n<li><a href=\"\/bucuresti\/\">Imobiliare Bucure\u0219ti<\/a><\/li>\n<li><a href=\"\/bucuresti\/case-vanzare\/\">Case de vanzare Bucure\u0219ti<\/a><\/li>\n<li><a href=\"\/bucuresti\/case-vanzare\/20-camere\/\">Case cu 20 camere de vanzare Bucure\u0219ti<\/a><\/li>\n<li><a href=\"\/bucuresti\/case-vanzare\/aviatorilor\/20-camere\/\">Case cu 20 camere de vanzare Aviatorilor, Bucure\u0219ti<\/a><\/li>\n<\/ul>\n\n<!-- ngfb content-buttons begin -->\n<!-- generated on 2026-04-30T20:24:16+00:00 -->\n<div class=\"ngfb-content-buttons\">\n<div class=\"ngfb-buttons en_US\">\n<!-- Email Button --><div class=\"css-button email-button\">\n  <a href=\"mailto:?subject=Share:%20Exclusivist%C4%83%20Vil%C4%83%20D%2BP%2B1%2BM%20de%20V%C3%A2nzare%20%C3%AEn%20Zona%20Kiseleff%2C%20Ideal%C4%83%20pentru%20Comer%C8%9B%20%C8%99i%20Birouri%2C%20cu%20Parcare%20%C8%99i%20Curte%20Privat%C4%83&body=Bucure%C8%99ti%2C%20Aviatorilor%20-%20De%20v%C3%A2nzare%2C%20imobil%20D%2BP%2B1%2BM%20situat%20%C3%AEn%20zona%20Kiseleff%2C%20cu%20o%20suprafa%C8%9B%C4%83%20construit%C4%83%20de%20~663mp%20%C8%99i%20teren%20de%20541mp.%20Proprietatea%20ofer%C4%83%204%20intr%C4%83ri%2C%20apartamente%20decomandate%20cu%206-7%20camere%20pe%20nivel%2C%203%20locuri%20de%20parcare%20externe%2C%202%20interne%2C%20%C8%99i%20este%20%C3%AEnchiriat%C4%83%20par%C8%9Bial%20ca%20spa%C8%9Bii%20comerciale%20%C8%99i%20birouri.%20Dispune%20de%20curte%20%C3%AEnconjur%C4%83toare%20%C8%99i%20garaj%2C%20f%C4%83r%C4%83%20calcan%2C%20iar%20mansarda%20este%20%C3%AEnalt%C4%83%20%C8%99i%20locuibil%C4%83.%0D%0A%0D%0AShared%20from%20https:\/\/propertybook.ro\/blog\/exclusivista-vila-dp1m-de-vanzare-in-zona-kiseleff-ideala-pentru-comert-si-birouri-cu-parcare-si-curte-privata\/%0D%0A\">\n    <span class=\"ngfb-icon\">\n      <svg xmlns=\"http:\/\/www.w3.org\/2000\/svg\" width=\"9\" height=\"9\" viewBox=\"0 0 28 28\">\n        <path d=\"M20.11 26.147c-2.335 1.05-4.36 1.4-7.124 1.4C6.524 27.548.84 22.916.84 15.284.84 7.343 6.602.45 15.4.45c6.854 0 11.8 4.7 11.8 11.252 0 5.684-3.193 9.265-7.398 9.3-1.83 0-3.153-.934-3.347-2.997h-.077c-1.208 1.986-2.96 2.997-5.023 2.997-2.532 0-4.36-1.868-4.36-5.062 0-4.75 3.503-9.07 9.11-9.07 1.713 0 3.7.4 4.6.972l-1.17 7.203c-.387 2.298-.115 3.3 1 3.4 1.674 0 3.774-2.102 3.774-6.58 0-5.06-3.27-8.994-9.304-8.994C9.05 2.87 3.83 7.545 3.83 14.97c0 6.5 4.2 10.2 10 10.202 1.987 0 4.09-.43 5.647-1.245l.634 2.22zM16.647 10.1c-.31-.078-.7-.155-1.207-.155-2.572 0-4.596 2.53-4.596 5.53 0 1.5.7 2.4 1.9 2.4 1.44 0 2.96-1.83 3.31-4.088l.592-3.72z\" \/>\n      <\/svg>\n    <\/span>\n    <span class=\"ngfb-text\"><\/span>\n  <\/a>\n<\/div><\/div><!-- .ngfb-buttons.en_US -->\n<\/div><!-- .ngfb-content-buttons -->\n<!-- ngfb content-buttons end -->\n\n","protected":false},"excerpt":{"rendered":"<p>Bucure\u0219ti, Aviatorilor &#8211; De v\u00e2nzare, imobil D+P+1+M situat \u00een zona Kiseleff, cu o suprafa\u021b\u0103 construit\u0103 de ~663mp \u0219i teren de 541mp. Proprietatea ofer\u0103 4 intr\u0103ri, apartamente decomandate cu 6-7 camere pe nivel, 3 locuri de parcare externe, 2 interne, \u0219i este \u00eenchiriat\u0103 par\u021bial ca spa\u021bii comerciale \u0219i birouri. Dispune de curte \u00eenconjur\u0103toare \u0219i garaj, f\u0103r\u0103 calcan, iar mansarda este \u00eenalt\u0103 \u0219i locuibil\u0103.<\/p>\n","protected":false},"author":8,"featured_media":1246,"comment_status":"open","ping_status":"open","sticky":false,"template":"","format":"standard","meta":{"footnotes":""},"categories":[49,53,47],"tags":[59,201,97,202,89,70,85],"class_list":["post-1247","post","type-post","status-publish","format-standard","has-post-thumbnail","hentry","category-oferte-imobiliare-bucuresti","category-case-de-vanzare-bucuresti","category-oferte","tag-2-balcoane","tag-20-camere","tag-an-const-1980","tag-aviatorilor","tag-bucuresti","tag-parchet","tag-termopane"],"_links":{"self":[{"href":"https:\/\/propertybook.ro\/blog\/wp-json\/wp\/v2\/posts\/1247","targetHints":{"allow":["GET"]}}],"collection":[{"href":"https:\/\/propertybook.ro\/blog\/wp-json\/wp\/v2\/posts"}],"about":[{"href":"https:\/\/propertybook.ro\/blog\/wp-json\/wp\/v2\/types\/post"}],"author":[{"embeddable":true,"href":"https:\/\/propertybook.ro\/blog\/wp-json\/wp\/v2\/users\/8"}],"replies":[{"embeddable":true,"href":"https:\/\/propertybook.ro\/blog\/wp-json\/wp\/v2\/comments?post=1247"}],"version-history":[{"count":0,"href":"https:\/\/propertybook.ro\/blog\/wp-json\/wp\/v2\/posts\/1247\/revisions"}],"wp:featuredmedia":[{"embeddable":true,"href":"https:\/\/propertybook.ro\/blog\/wp-json\/wp\/v2\/media\/1246"}],"wp:attachment":[{"href":"https:\/\/propertybook.ro\/blog\/wp-json\/wp\/v2\/media?parent=1247"}],"wp:term":[{"taxonomy":"category","embeddable":true,"href":"https:\/\/propertybook.ro\/blog\/wp-json\/wp\/v2\/categories?post=1247"},{"taxonomy":"post_tag","embeddable":true,"href":"https:\/\/propertybook.ro\/blog\/wp-json\/wp\/v2\/tags?post=1247"}],"curies":[{"name":"wp","href":"https:\/\/api.w.org\/{rel}","templated":true}]}}