{"id":1275,"date":"2024-03-05T13:45:29","date_gmt":"2024-03-05T11:45:29","guid":{"rendered":"https:\/\/propertybook.ro\/blog\/apartament-luminos-cu-3-camere-si-loc-de-parcare-in-manastur-aproape-de-servicii-si-transport\/"},"modified":"2024-03-05T13:45:29","modified_gmt":"2024-03-05T11:45:29","slug":"apartament-luminos-cu-3-camere-si-loc-de-parcare-in-manastur-aproape-de-servicii-si-transport","status":"publish","type":"post","link":"https:\/\/propertybook.ro\/blog\/apartament-luminos-cu-3-camere-si-loc-de-parcare-in-manastur-aproape-de-servicii-si-transport\/","title":{"rendered":"Apartament luminos cu 3 camere \u0219i loc de parcare \u00een Manastur, aproape de servicii \u0219i transport"},"content":{"rendered":"\n<!-- ngfb content-buttons begin -->\n<!-- generated on 2026-05-01T03:18:06+00:00 -->\n<div class=\"ngfb-content-buttons\">\n<div class=\"ngfb-buttons en_US\">\n<!-- Email Button --><div class=\"css-button email-button\">\n  <a href=\"mailto:?subject=Share:%20Apartament%20luminos%20cu%203%20camere%20%C8%99i%20loc%20de%20parcare%20%C3%AEn%20Manastur%2C%20aproape%20de%20servicii%20%C8%99i%20transport&body=Cluj-Napoca%2C%20M%C4%83n%C4%83%C8%99tur%20-%20Se%20vinde%20apartament%20semidecomandat%20de%203%20camere%20%C3%AEn%20Manastur%2C%20etaj%201%2C%20construc%C8%9Bie%202008.%20Suprafa%C8%9Ba%20de%2068%20mp%2C%20include%20living%2C%202%20dormitoare%2C%20buc%C4%83t%C4%83rie%2C%20baie%2C%20hol%2C%20balcon%20%C8%99i%20logie.%20Finisaje%20moderne%2C%20parchet%2C%20gresie%2C%20vopsea%20lavabil%C4%83%2C%20ferestre%20PVC%20cu%20termoizolant.%20Dotat%20cu%20central%C4%83%20t%C3%A9rmic%C4%83%20%C8%99i%20aer%20condi%C8%9Bionat.%20Loc%20de%20parcare%20inclus.%20Situat%20%C3%AEn%20zon%C4%83%20lini%C8%99tit%C4%83%2C%20aproape%20de%20magazine%20%C8%99i%20transport%20public.%0D%0A%0D%0AShared%20from%20https:\/\/propertybook.ro\/blog\/apartament-luminos-cu-3-camere-si-loc-de-parcare-in-manastur-aproape-de-servicii-si-transport\/%0D%0A\">\n    <span class=\"ngfb-icon\">\n      <svg xmlns=\"http:\/\/www.w3.org\/2000\/svg\" width=\"9\" height=\"9\" viewBox=\"0 0 28 28\">\n        <path d=\"M20.11 26.147c-2.335 1.05-4.36 1.4-7.124 1.4C6.524 27.548.84 22.916.84 15.284.84 7.343 6.602.45 15.4.45c6.854 0 11.8 4.7 11.8 11.252 0 5.684-3.193 9.265-7.398 9.3-1.83 0-3.153-.934-3.347-2.997h-.077c-1.208 1.986-2.96 2.997-5.023 2.997-2.532 0-4.36-1.868-4.36-5.062 0-4.75 3.503-9.07 9.11-9.07 1.713 0 3.7.4 4.6.972l-1.17 7.203c-.387 2.298-.115 3.3 1 3.4 1.674 0 3.774-2.102 3.774-6.58 0-5.06-3.27-8.994-9.304-8.994C9.05 2.87 3.83 7.545 3.83 14.97c0 6.5 4.2 10.2 10 10.202 1.987 0 4.09-.43 5.647-1.245l.634 2.22zM16.647 10.1c-.31-.078-.7-.155-1.207-.155-2.572 0-4.596 2.53-4.596 5.53 0 1.5.7 2.4 1.9 2.4 1.44 0 2.96-1.83 3.31-4.088l.592-3.72z\" \/>\n      <\/svg>\n    <\/span>\n    <span class=\"ngfb-text\"><\/span>\n  <\/a>\n<\/div><\/div><!-- .ngfb-buttons.en_US -->\n<\/div><!-- .ngfb-content-buttons -->\n<!-- ngfb content-buttons end -->\n\n\n<!-- ngfb schema image for pinterest pin it button -->\n<div class=\"ngfb-schema-image-for-pinterest\" style=\"display:none;\">\n<img loading=\"lazy\" decoding=\"async\" src=\"https:\/\/propertybook.ro\/blog\/wp-content\/uploads\/2024\/03\/141606.webp\" width=\"0\" height=\"0\" style=\"width:0;height:0;\" data-pin-description=\"Cluj-Napoca, M\u0103n\u0103\u0219tur - Se vinde apartament semidecomandat de 3 camere &icirc;n Manastur, etaj 1, construc\u021bie 2008. Suprafa\u021ba de 68 mp, include living, 2 dormitoare, buc\u0103t\u0103rie, baie, hol, balcon \u0219i logie. Finisaje moderne, parchet, gresie, vopsea lavabil\u0103, ferestre PVC cu termoizolant. Dotat cu...\" alt=\"\"\/>\n<\/div><!-- .ngfb-schema-image-for-pinterest -->\n\n<figure class=\"wp-block-image size-large\"><img decoding=\"async\" src=\"https:\/\/cdn.propertybook.ro\/napoca_imobiliare\/141606.webp\" alt=\"\" \/><\/figure>\n<ul>\n<li><a href=\"\/cluj-napoca\/\">Imobiliare Cluj-Napoca<\/a><\/li>\n<li><a href=\"\/cluj-napoca\/apartamente-vanzare\/\">Apartamente de vanzare Cluj-Napoca<\/a><\/li>\n<li><a href=\"\/cluj-napoca\/apartamente-vanzare\/3-camere\/\">Apartamente cu 3 camere de vanzare Cluj-Napoca<\/a><\/li>\n<li><a href=\"\/cluj-napoca\/apartamente-vanzare\/manastur\/3-camere\/\">Apartamente cu 3 camere de vanzare M\u0103n\u0103\u0219tur, Cluj-Napoca<\/a><\/li>\n<\/ul>\n<p><a href=\"\/cluj-napoca\/imobiliare-25-141606-de-vanzare-apartament-3-camere-in-manastur\/\" class=\"pb-listing-action\">Detaliile proprietatii<\/a><\/p>\n<p><h2 class=\"wp-block-heading\">Descoper\u0103 O nou\u0103 Oportunitate de Locuit \u00een Cartierul Manastur<\/h2>\n<p>\u00cen c\u0103utarea unei locuin\u021be care s\u0103 v\u0103 ofere confort, modernism \u0219i accesibilitate? V\u0103 invit\u0103m s\u0103 explora\u021bi un apartament cu adev\u0103rat deosebit, situat \u00een inima cartierului Manastur, o zon\u0103 apreciat\u0103 pentru lini\u0219te \u0219i comoditatea de a avea aproape facilit\u0103\u021bi urbane esen\u021biale.<\/p>\n<p>#<\/p>\n<h2 class=\"wp-block-heading\">Detalii Privind Proprietatea<\/h2>\n<p>Apartamentul \u00een discu\u021bie este o bijuterie imobiliar\u0103 aflat\u0103 la etajul 1 al unui imobil nou, construit solid \u0219i sigur \u00een anul 2008. Este vorba despre o structur\u0103 reziden\u021bial\u0103 cu doar 2 niveluri, care ofer\u0103 intimitate \u0219i o atmosfer\u0103 familial\u0103.<\/p>\n<p>Oferind o suprafa\u021b\u0103 util\u0103 de 68 mp, proprietatea este g\u00e2ndit\u0103 s\u0103 maximizeze spa\u021biul disponibil. Semidecomandat \u0219i meticulos \u00eemp\u0103r\u021bit, apartamentul se structureaz\u0103 astfel:<\/p>\n<p>&#8211; Un living primitor \u0219i spatios;<\/p>\n<p>&#8211; Dou\u0103 dormitoare confortabile, ideale pentru odihn\u0103 \u0219i relaxare;<\/p>\n<p>&#8211; Buc\u0103t\u0103ria &#8211; perfect\u0103 pentru cei pasiona\u021bi de g\u0103tit;<\/p>\n<p>&#8211; O baie utilat\u0103 corespunz\u0103tor nevoilor zilnice;<\/p>\n<p>&#8211; Holul &#8211; care faciliteaz\u0103 tranzitul armonios \u00eentre camerele locuin\u021bei;<\/p>\n<p>&#8211; Balconul &#8211; spa\u021biul ideal pentru cafeaua de diminea\u021b\u0103;<\/p>\n<p>&#8211; Plus o logie adi\u021bional\u0103.<\/p>\n<p>#<\/p>\n<h2 class=\"wp-block-heading\">Finisaje \u0219i Dot\u0103ri<\/h2>\n<p>Apartamentul impresioneaz\u0103 prin finisajele moderne \u0219i de bun gust, care includ:<\/p>\n<p>&#8211; Parchet laminat, u\u0219or de \u00eentre\u021binut \u0219i care adaug\u0103 c\u0103ldur\u0103 oric\u0103rei \u00eenc\u0103peri;<\/p>\n<p>&#8211; Gresie \u0219i faian\u021b\u0103 modern\u0103, care accentueaz\u0103 aspectul curat \u0219i elegant al locuin\u021bei;<\/p>\n<p>&#8211; Pere\u021bi zugr\u0103vi\u021bi cu vopsea lavabil\u0103 pentru un aspect impecabil \u0219i \u00eentre\u021binere u\u0219oar\u0103;<\/p>\n<p>&#8211; U\u0219i interioare din lemn, care adaug\u0103 un plus de stil \u0219i durabilitate;<\/p>\n<p>&#8211; O u\u0219\u0103 metalic\u0103 la intrare, care asigur\u0103 siguran\u021ba necesar\u0103 oric\u0103rui c\u0103min;<\/p>\n<p>&#8211; Ferestre cu termoizolant din PVC pentru izola\u021bie termic\u0103 \u0219i fonic\u0103 optim\u0103.<\/p>\n<p>Pentru confortul termic pe timpul iernii, apartamentul este dotat cu o central\u0103 proprie. Iar pentru zilele toride de var\u0103, nu trebuie s\u0103 v\u0103 face\u021bi griji &#8211; livingul este echipat cu un aparat de aer condi\u021bionat eficient.<\/p>\n<p>#<\/p>\n<h2 class=\"wp-block-heading\">Bonus Exclusiv<\/h2>\n<p>Un avantaj de necontestat este c\u0103 pre\u021bul de achizi\u021bie include un loc de parcare cu CF, o raritate \u00een zonele urbane aglomerate.<\/p>\n<p>#<\/p>\n<h2 class=\"wp-block-heading\">Concluzie<\/h2>\n<p>Dac\u0103 v-a\u021bi imaginat vreodat\u0103 s\u0103 tr\u0103i\u021bi \u00eentr-o zon\u0103 urban\u0103 care s\u0103 ofere o combina\u021bie perfect\u0103 \u00eentre lini\u0219tea dorit\u0103 \u0219i accesibilitatea necesar\u0103, acest apartament ar putea fi exact ceea ce c\u0103uta\u021bi. <\/p>\n<p>V\u0103 invit\u0103m s\u0103 profita\u021bi de aceast\u0103 oportunitate rar\u0103 de a \u00eencepe un nou capitol \u00eentr-un spa\u021biu care se poate transforma rapid \u00een caminul dvs. de vis.<\/p>\n<p>Pentru detalii suplimentare sau pentru a programa o vizionare, sunte\u021bi invita\u021bi s\u0103 lua\u021bi leg\u0103tura cu o agen\u021bie imobiliar\u0103 de \u00eencredere care v\u0103 poate facilita accesul la acest minunat apartament. <\/p>\n<p>V\u0103 a\u0219tept\u0103m pentru o experien\u021b\u0103 imobiliar\u0103 de top!<\/p>\n<p><a href=\"\/cluj-napoca\/imobiliare-25-141606-de-vanzare-apartament-3-camere-in-manastur\/\" class=\"pb-listing-action\">Stabileste o vizionare<\/a><\/p>\n<ul>\n<li><a href=\"\/cluj-napoca\/\">Imobiliare Cluj-Napoca<\/a><\/li>\n<li><a href=\"\/cluj-napoca\/apartamente-vanzare\/\">Apartamente de vanzare Cluj-Napoca<\/a><\/li>\n<li><a href=\"\/cluj-napoca\/apartamente-vanzare\/3-camere\/\">Apartamente cu 3 camere de vanzare Cluj-Napoca<\/a><\/li>\n<li><a href=\"\/cluj-napoca\/apartamente-vanzare\/manastur\/3-camere\/\">Apartamente cu 3 camere de vanzare M\u0103n\u0103\u0219tur, Cluj-Napoca<\/a><\/li>\n<\/ul>\n\n<!-- ngfb content-buttons begin -->\n<!-- generated on 2026-05-01T03:18:06+00:00 -->\n<div class=\"ngfb-content-buttons\">\n<div class=\"ngfb-buttons en_US\">\n<!-- Email Button --><div class=\"css-button email-button\">\n  <a href=\"mailto:?subject=Share:%20Apartament%20luminos%20cu%203%20camere%20%C8%99i%20loc%20de%20parcare%20%C3%AEn%20Manastur%2C%20aproape%20de%20servicii%20%C8%99i%20transport&body=Cluj-Napoca%2C%20M%C4%83n%C4%83%C8%99tur%20-%20Se%20vinde%20apartament%20semidecomandat%20de%203%20camere%20%C3%AEn%20Manastur%2C%20etaj%201%2C%20construc%C8%9Bie%202008.%20Suprafa%C8%9Ba%20de%2068%20mp%2C%20include%20living%2C%202%20dormitoare%2C%20buc%C4%83t%C4%83rie%2C%20baie%2C%20hol%2C%20balcon%20%C8%99i%20logie.%20Finisaje%20moderne%2C%20parchet%2C%20gresie%2C%20vopsea%20lavabil%C4%83%2C%20ferestre%20PVC%20cu%20termoizolant.%20Dotat%20cu%20central%C4%83%20t%C3%A9rmic%C4%83%20%C8%99i%20aer%20condi%C8%9Bionat.%20Loc%20de%20parcare%20inclus.%20Situat%20%C3%AEn%20zon%C4%83%20lini%C8%99tit%C4%83%2C%20aproape%20de%20magazine%20%C8%99i%20transport%20public.%0D%0A%0D%0AShared%20from%20https:\/\/propertybook.ro\/blog\/apartament-luminos-cu-3-camere-si-loc-de-parcare-in-manastur-aproape-de-servicii-si-transport\/%0D%0A\">\n    <span class=\"ngfb-icon\">\n      <svg xmlns=\"http:\/\/www.w3.org\/2000\/svg\" width=\"9\" height=\"9\" viewBox=\"0 0 28 28\">\n        <path d=\"M20.11 26.147c-2.335 1.05-4.36 1.4-7.124 1.4C6.524 27.548.84 22.916.84 15.284.84 7.343 6.602.45 15.4.45c6.854 0 11.8 4.7 11.8 11.252 0 5.684-3.193 9.265-7.398 9.3-1.83 0-3.153-.934-3.347-2.997h-.077c-1.208 1.986-2.96 2.997-5.023 2.997-2.532 0-4.36-1.868-4.36-5.062 0-4.75 3.503-9.07 9.11-9.07 1.713 0 3.7.4 4.6.972l-1.17 7.203c-.387 2.298-.115 3.3 1 3.4 1.674 0 3.774-2.102 3.774-6.58 0-5.06-3.27-8.994-9.304-8.994C9.05 2.87 3.83 7.545 3.83 14.97c0 6.5 4.2 10.2 10 10.202 1.987 0 4.09-.43 5.647-1.245l.634 2.22zM16.647 10.1c-.31-.078-.7-.155-1.207-.155-2.572 0-4.596 2.53-4.596 5.53 0 1.5.7 2.4 1.9 2.4 1.44 0 2.96-1.83 3.31-4.088l.592-3.72z\" \/>\n      <\/svg>\n    <\/span>\n    <span class=\"ngfb-text\"><\/span>\n  <\/a>\n<\/div><\/div><!-- .ngfb-buttons.en_US -->\n<\/div><!-- .ngfb-content-buttons -->\n<!-- ngfb content-buttons end -->\n\n","protected":false},"excerpt":{"rendered":"<p>Cluj-Napoca, M\u0103n\u0103\u0219tur &#8211; Se vinde apartament semidecomandat de 3 camere \u00een Manastur, etaj 1, construc\u021bie 2008. Suprafa\u021ba de 68 mp, include living, 2 dormitoare, buc\u0103t\u0103rie, baie, hol, balcon \u0219i logie. Finisaje moderne, parchet, gresie, vopsea lavabil\u0103, ferestre PVC cu termoizolant. Dotat cu central\u0103 t\u00e9rmic\u0103 \u0219i aer condi\u021bionat. Loc de parcare inclus. Situat \u00een zon\u0103 lini\u0219tit\u0103, aproape de magazine \u0219i transport public.<\/p>\n","protected":false},"author":8,"featured_media":1274,"comment_status":"open","ping_status":"open","sticky":false,"template":"","format":"standard","meta":{"footnotes":""},"categories":[50,48,47],"tags":[55,74,65,91,105,123,60,70,63],"class_list":["post-1275","post","type-post","status-publish","format-standard","has-post-thumbnail","hentry","category-apartamente-de-vanzare-in-cluj-napoca","category-oferte-imobiliare-in-cluj-napoca","category-oferte","tag-3-camere","tag-balcon","tag-centrala-termica","tag-cluj-napoca","tag-etaj-1-2","tag-manastur","tag-parcare","tag-parchet","tag-semidecomandat"],"_links":{"self":[{"href":"https:\/\/propertybook.ro\/blog\/wp-json\/wp\/v2\/posts\/1275","targetHints":{"allow":["GET"]}}],"collection":[{"href":"https:\/\/propertybook.ro\/blog\/wp-json\/wp\/v2\/posts"}],"about":[{"href":"https:\/\/propertybook.ro\/blog\/wp-json\/wp\/v2\/types\/post"}],"author":[{"embeddable":true,"href":"https:\/\/propertybook.ro\/blog\/wp-json\/wp\/v2\/users\/8"}],"replies":[{"embeddable":true,"href":"https:\/\/propertybook.ro\/blog\/wp-json\/wp\/v2\/comments?post=1275"}],"version-history":[{"count":0,"href":"https:\/\/propertybook.ro\/blog\/wp-json\/wp\/v2\/posts\/1275\/revisions"}],"wp:featuredmedia":[{"embeddable":true,"href":"https:\/\/propertybook.ro\/blog\/wp-json\/wp\/v2\/media\/1274"}],"wp:attachment":[{"href":"https:\/\/propertybook.ro\/blog\/wp-json\/wp\/v2\/media?parent=1275"}],"wp:term":[{"taxonomy":"category","embeddable":true,"href":"https:\/\/propertybook.ro\/blog\/wp-json\/wp\/v2\/categories?post=1275"},{"taxonomy":"post_tag","embeddable":true,"href":"https:\/\/propertybook.ro\/blog\/wp-json\/wp\/v2\/tags?post=1275"}],"curies":[{"name":"wp","href":"https:\/\/api.w.org\/{rel}","templated":true}]}}