{"id":1331,"date":"2024-03-08T11:45:20","date_gmt":"2024-03-08T09:45:20","guid":{"rendered":"https:\/\/propertybook.ro\/blog\/confortabil-apartament-de-2-camere-cu-parcare-subterana-in-ansamblu-rezidential-modern\/"},"modified":"2024-03-08T11:45:20","modified_gmt":"2024-03-08T09:45:20","slug":"confortabil-apartament-de-2-camere-cu-parcare-subterana-in-ansamblu-rezidential-modern","status":"publish","type":"post","link":"https:\/\/propertybook.ro\/blog\/confortabil-apartament-de-2-camere-cu-parcare-subterana-in-ansamblu-rezidential-modern\/","title":{"rendered":"Confortabil Apartament de 2 Camere cu Parcare Subteran\u0103 \u00een Ansamblu Reziden\u021bial Modern"},"content":{"rendered":"\n<!-- ngfb content-buttons begin -->\n<!-- generated on 2026-04-30T11:12:36+00:00 -->\n<div class=\"ngfb-content-buttons\">\n<div class=\"ngfb-buttons en_US\">\n<!-- Email Button --><div class=\"css-button email-button\">\n  <a href=\"mailto:?subject=Share:%20Confortabil%20Apartament%20de%202%20Camere%20cu%20Parcare%20Subteran%C4%83%20%C3%AEn%20Ansamblu%20Reziden%C8%9Bial%20Modern&body=Cluj-Napoca%2C%20Iris%20-%20De%20v%C3%A2nzare%20apartament%20%C3%AEn%20ansamblu%20reziden%C8%9Bial%2C%20etajul%201%20din%205%2C%20construit%20%C3%AEn%202016%2C%20cu%20suprafa%C8%9Ba%20de%2049.5mp.%20Dispune%20de%20living%20cu%20buc%C4%83t%C4%83rie%2C%20un%20dormitor%2C%20hol%2C%20balcon%20generos%20%C8%99i%20loc%20de%20parcare%20subteran.%20Beneficiaz%C4%83%20de%20mobilier%20inclus%2C%20orientare%20vestic%C4%83%20%C8%99i%20proximitate%20la%20%C8%99coal%C4%83%2C%20hypermarket%2C%20parcuri.%0D%0A%0D%0AShared%20from%20https:\/\/propertybook.ro\/blog\/confortabil-apartament-de-2-camere-cu-parcare-subterana-in-ansamblu-rezidential-modern\/%0D%0A\">\n    <span class=\"ngfb-icon\">\n      <svg xmlns=\"http:\/\/www.w3.org\/2000\/svg\" width=\"9\" height=\"9\" viewBox=\"0 0 28 28\">\n        <path d=\"M20.11 26.147c-2.335 1.05-4.36 1.4-7.124 1.4C6.524 27.548.84 22.916.84 15.284.84 7.343 6.602.45 15.4.45c6.854 0 11.8 4.7 11.8 11.252 0 5.684-3.193 9.265-7.398 9.3-1.83 0-3.153-.934-3.347-2.997h-.077c-1.208 1.986-2.96 2.997-5.023 2.997-2.532 0-4.36-1.868-4.36-5.062 0-4.75 3.503-9.07 9.11-9.07 1.713 0 3.7.4 4.6.972l-1.17 7.203c-.387 2.298-.115 3.3 1 3.4 1.674 0 3.774-2.102 3.774-6.58 0-5.06-3.27-8.994-9.304-8.994C9.05 2.87 3.83 7.545 3.83 14.97c0 6.5 4.2 10.2 10 10.202 1.987 0 4.09-.43 5.647-1.245l.634 2.22zM16.647 10.1c-.31-.078-.7-.155-1.207-.155-2.572 0-4.596 2.53-4.596 5.53 0 1.5.7 2.4 1.9 2.4 1.44 0 2.96-1.83 3.31-4.088l.592-3.72z\" \/>\n      <\/svg>\n    <\/span>\n    <span class=\"ngfb-text\"><\/span>\n  <\/a>\n<\/div><\/div><!-- .ngfb-buttons.en_US -->\n<\/div><!-- .ngfb-content-buttons -->\n<!-- ngfb content-buttons end -->\n\n\n<!-- ngfb schema image for pinterest pin it button -->\n<div class=\"ngfb-schema-image-for-pinterest\" style=\"display:none;\">\n<img loading=\"lazy\" decoding=\"async\" src=\"https:\/\/propertybook.ro\/blog\/wp-content\/uploads\/2024\/03\/141718.webp\" width=\"0\" height=\"0\" style=\"width:0;height:0;\" data-pin-description=\"Cluj-Napoca, Iris - De v&acirc;nzare apartament &icirc;n ansamblu reziden\u021bial, etajul 1 din 5, construit &icirc;n 2016, cu suprafa\u021ba de 49.5mp. Dispune de living cu buc\u0103t\u0103rie, un dormitor, hol, balcon generos \u0219i loc de parcare subteran. Beneficiaz\u0103 de mobilier inclus, orientare vestic\u0103 \u0219i proximitate la \u0219coal\u0103...\" alt=\"\"\/>\n<\/div><!-- .ngfb-schema-image-for-pinterest -->\n\n<figure class=\"wp-block-image size-large\"><img decoding=\"async\" src=\"https:\/\/cdn.propertybook.ro\/napoca_imobiliare\/141718.webp\" alt=\"\" \/><\/figure>\n<ul>\n<li><a href=\"\/cluj-napoca\/\">Imobiliare Cluj-Napoca<\/a><\/li>\n<li><a href=\"\/cluj-napoca\/apartamente-vanzare\/\">Apartamente de vanzare Cluj-Napoca<\/a><\/li>\n<li><a href=\"\/cluj-napoca\/apartamente-vanzare\/2-camere\/\">Apartamente cu 2 camere de vanzare Cluj-Napoca<\/a><\/li>\n<li><a href=\"\/cluj-napoca\/apartamente-vanzare\/iris\/2-camere\/\">Apartamente cu 2 camere de vanzare Iris, Cluj-Napoca<\/a><\/li>\n<\/ul>\n<p><a href=\"\/cluj-napoca\/imobiliare-25-141718-se-vinde-apartament-2-camere-in-iris\/\" class=\"pb-listing-action\">Detaliile proprietatii<\/a><\/p>\n<p><h2 class=\"wp-block-heading\">Descoperi\u021bi Confortul Modern \u00een Inima Ansamblului Reziden\u021bial: Apartamentul Ideal cu Parcare Inclus\u0103!<\/h2>\n<p>C\u0103utarea unei locuin\u021be ideale se poate dovedi a fi o veritabil\u0103 aventur\u0103. \u00cens\u0103, c\u00e2nd dau de un apartament care atinge toate cordoanele unei vie\u021bi urbane confortabile, astfel de c\u0103utari se transform\u0103 \u00een pove\u0219ti de succes. Ast\u0103zi, vreau s\u0103 v\u0103 prezint o proprietate care pot s\u0103 garantez c\u0103 va pune fr\u00e2u c\u0103ut\u0103rilor dumneavoastr\u0103: un apartament \u00eenc\u00e2nt\u0103tor \u00eentr-un ansamblu reziden\u021bial cunoscut, unde detaliile conteaz\u0103.<\/p>\n<p>Primul punct forte al acestei propriet\u0103\u021bi este localizarea sa strategic\u0103. \u00cenconjurat de proiecte noi \u0219i fascinante precum \u0219coli, hipermarketuri, parcuri \u0219i zone verzi, apartamentul este o bijuterie urban\u0103 care r\u0103spunde nevoilor unei vie\u021bi moderne \u0219i active. Comoditatea de a avea toate facilit\u0103\u021bile urbane la un pas distan\u021b\u0103 face din acest loc un mediu propice pentru o via\u021b\u0103 dinamic\u0103 \u0219i plin\u0103 de confort.<\/p>\n<p>Construit cu aten\u021bie la detalii \u00een jurul anului 2016, imobilul \u00een care se afl\u0103 apartamentul se m\u00e2ndre\u0219te cu parc\u0103ri subterane &#8211; fiecare parcare av\u00e2nd certificat de proprietate (CF) propriu &#8211; un detaliu de mare valoare \u00een dinamica urban\u0103 de ast\u0103zi. \u00cen plus, accesul este securizat cu interfon, iar deplasarea \u00eentre etaje se face u\u0219or \u0219i confortabil cu ajutorul liftului modern.<\/p>\n<p>Apartamentul, situat la etajul 1 din 5, este un sanctuar de lini\u0219te \u0219i intimitate destinat s\u0103 devin\u0103 casa perfect\u0103. Cu o suprafa\u021ba util\u0103 de 49.5 metri p\u0103tra\u021bi, acesta este inteligent compartimentat pentru a maximiza spa\u021biul \u0219i a oferi o func\u021bionalitate deplin\u0103. La intrare, un hol primitor creeaz\u0103 o tranzi\u021bie natural\u0103 spre livingul spa\u021bios care este completat de o buc\u0103t\u0103rie modern\u0103, perfect integrat\u0103. Adiacent se afl\u0103 dormitorul t\u0103u intim \u0219i reconfortant. <\/p>\n<p>Unul dintre aspectele cele mai atr\u0103g\u0103toare ale acestui apartament este balconul generos care ofer\u0103 o priveli\u0219te relaxant\u0103 \u0219i este accesibil direct din living. Este locul perfect pentru a te delecta cu o carte, o cafea sau chiar a admira apusul, datorit\u0103 orient\u0103rii vestice care transform\u0103 fiecare sear\u0103 \u00eentr-un spectacol de culori \u00een mi\u0219care.<\/p>\n<p>\u0218i dac\u0103 v\u0103 \u00eentreba\u021bi despre mobilierul care va \u00eenso\u021bi acest apartament, ve\u021bi fi \u00eenc\u00e2nta\u021bi s\u0103 afla\u021bi c\u0103 acesta este inclus \u00een pre\u021b. Prin urmare, noul dumneavoastr\u0103 camin este gata pentru a v\u0103 \u00eent\u00e2mpina, f\u0103r\u0103 grija de a mai achizi\u021biona piese de mobilier suplimentare. Fie c\u0103 sunte\u021bi \u00een c\u0103utarea primei dumneavoastr\u0103 locuin\u021be sau dori\u021bi s\u0103 le oferi\u021bi membrilor familiei un start proasp\u0103t, acest apartament v\u0103 a\u0219teapt\u0103 s\u0103-i trece\u021bi pragul.<\/p>\n<p>Nu ezita\u021bi s\u0103 contacta\u021bi agentul pentru detalii suplimentare \u0219i s\u0103 programa\u021bi o vizit\u0103 pentru a experimenta din prima direct dinamica \u0219i comoditatea care definesc aceast\u0103 re\u0219edin\u021b\u0103 urban\u0103. G\u00e2nde\u0219te-te la acest apartament nu doar ca la o simpl\u0103 locuin\u021b\u0103, ci ca la fundamentul vie\u021bii tale urbane de vis. Este timpul s\u0103 \u00ee\u021bi \u00eempline\u0219ti visul de a avea un c\u0103min \u00eemb\u0103t\u0103tor \u00eentr-o loca\u021bie de excep\u021bie. A\u0219tept\u0103rile dumneavoastr\u0103 de confort, siguran\u021b\u0103 \u0219i accesibilitate au fost ascultate \u0219i \u00eendeplinite de aceast\u0103 proprietate senza\u021bional\u0103.<\/p>\n<p><a href=\"\/cluj-napoca\/imobiliare-25-141718-se-vinde-apartament-2-camere-in-iris\/\" class=\"pb-listing-action\">Stabileste o vizionare<\/a><\/p>\n<ul>\n<li><a href=\"\/cluj-napoca\/\">Imobiliare Cluj-Napoca<\/a><\/li>\n<li><a href=\"\/cluj-napoca\/apartamente-vanzare\/\">Apartamente de vanzare Cluj-Napoca<\/a><\/li>\n<li><a href=\"\/cluj-napoca\/apartamente-vanzare\/2-camere\/\">Apartamente cu 2 camere de vanzare Cluj-Napoca<\/a><\/li>\n<li><a href=\"\/cluj-napoca\/apartamente-vanzare\/iris\/2-camere\/\">Apartamente cu 2 camere de vanzare Iris, Cluj-Napoca<\/a><\/li>\n<\/ul>\n\n<!-- ngfb content-buttons begin -->\n<!-- generated on 2026-04-30T11:12:36+00:00 -->\n<div class=\"ngfb-content-buttons\">\n<div class=\"ngfb-buttons en_US\">\n<!-- Email Button --><div class=\"css-button email-button\">\n  <a href=\"mailto:?subject=Share:%20Confortabil%20Apartament%20de%202%20Camere%20cu%20Parcare%20Subteran%C4%83%20%C3%AEn%20Ansamblu%20Reziden%C8%9Bial%20Modern&body=Cluj-Napoca%2C%20Iris%20-%20De%20v%C3%A2nzare%20apartament%20%C3%AEn%20ansamblu%20reziden%C8%9Bial%2C%20etajul%201%20din%205%2C%20construit%20%C3%AEn%202016%2C%20cu%20suprafa%C8%9Ba%20de%2049.5mp.%20Dispune%20de%20living%20cu%20buc%C4%83t%C4%83rie%2C%20un%20dormitor%2C%20hol%2C%20balcon%20generos%20%C8%99i%20loc%20de%20parcare%20subteran.%20Beneficiaz%C4%83%20de%20mobilier%20inclus%2C%20orientare%20vestic%C4%83%20%C8%99i%20proximitate%20la%20%C8%99coal%C4%83%2C%20hypermarket%2C%20parcuri.%0D%0A%0D%0AShared%20from%20https:\/\/propertybook.ro\/blog\/confortabil-apartament-de-2-camere-cu-parcare-subterana-in-ansamblu-rezidential-modern\/%0D%0A\">\n    <span class=\"ngfb-icon\">\n      <svg xmlns=\"http:\/\/www.w3.org\/2000\/svg\" width=\"9\" height=\"9\" viewBox=\"0 0 28 28\">\n        <path d=\"M20.11 26.147c-2.335 1.05-4.36 1.4-7.124 1.4C6.524 27.548.84 22.916.84 15.284.84 7.343 6.602.45 15.4.45c6.854 0 11.8 4.7 11.8 11.252 0 5.684-3.193 9.265-7.398 9.3-1.83 0-3.153-.934-3.347-2.997h-.077c-1.208 1.986-2.96 2.997-5.023 2.997-2.532 0-4.36-1.868-4.36-5.062 0-4.75 3.503-9.07 9.11-9.07 1.713 0 3.7.4 4.6.972l-1.17 7.203c-.387 2.298-.115 3.3 1 3.4 1.674 0 3.774-2.102 3.774-6.58 0-5.06-3.27-8.994-9.304-8.994C9.05 2.87 3.83 7.545 3.83 14.97c0 6.5 4.2 10.2 10 10.202 1.987 0 4.09-.43 5.647-1.245l.634 2.22zM16.647 10.1c-.31-.078-.7-.155-1.207-.155-2.572 0-4.596 2.53-4.596 5.53 0 1.5.7 2.4 1.9 2.4 1.44 0 2.96-1.83 3.31-4.088l.592-3.72z\" \/>\n      <\/svg>\n    <\/span>\n    <span class=\"ngfb-text\"><\/span>\n  <\/a>\n<\/div><\/div><!-- .ngfb-buttons.en_US -->\n<\/div><!-- .ngfb-content-buttons -->\n<!-- ngfb content-buttons end -->\n\n","protected":false},"excerpt":{"rendered":"<p>Cluj-Napoca, Iris &#8211; De v\u00e2nzare apartament \u00een ansamblu reziden\u021bial, etajul 1 din 5, construit \u00een 2016, cu suprafa\u021ba de 49.5mp. Dispune de living cu buc\u0103t\u0103rie, un dormitor, hol, balcon generos \u0219i loc de parcare subteran. Beneficiaz\u0103 de mobilier inclus, orientare vestic\u0103 \u0219i proximitate la \u0219coal\u0103, hypermarket, parcuri.<\/p>\n","protected":false},"author":8,"featured_media":1330,"comment_status":"open","ping_status":"open","sticky":false,"template":"","format":"standard","meta":{"footnotes":""},"categories":[50,48,47],"tags":[62,74,91,110,96,60,63],"class_list":["post-1331","post","type-post","status-publish","format-standard","has-post-thumbnail","hentry","category-apartamente-de-vanzare-in-cluj-napoca","category-oferte-imobiliare-in-cluj-napoca","category-oferte","tag-2-camere","tag-balcon","tag-cluj-napoca","tag-etaj-1-5","tag-iris","tag-parcare","tag-semidecomandat"],"_links":{"self":[{"href":"https:\/\/propertybook.ro\/blog\/wp-json\/wp\/v2\/posts\/1331","targetHints":{"allow":["GET"]}}],"collection":[{"href":"https:\/\/propertybook.ro\/blog\/wp-json\/wp\/v2\/posts"}],"about":[{"href":"https:\/\/propertybook.ro\/blog\/wp-json\/wp\/v2\/types\/post"}],"author":[{"embeddable":true,"href":"https:\/\/propertybook.ro\/blog\/wp-json\/wp\/v2\/users\/8"}],"replies":[{"embeddable":true,"href":"https:\/\/propertybook.ro\/blog\/wp-json\/wp\/v2\/comments?post=1331"}],"version-history":[{"count":0,"href":"https:\/\/propertybook.ro\/blog\/wp-json\/wp\/v2\/posts\/1331\/revisions"}],"wp:featuredmedia":[{"embeddable":true,"href":"https:\/\/propertybook.ro\/blog\/wp-json\/wp\/v2\/media\/1330"}],"wp:attachment":[{"href":"https:\/\/propertybook.ro\/blog\/wp-json\/wp\/v2\/media?parent=1331"}],"wp:term":[{"taxonomy":"category","embeddable":true,"href":"https:\/\/propertybook.ro\/blog\/wp-json\/wp\/v2\/categories?post=1331"},{"taxonomy":"post_tag","embeddable":true,"href":"https:\/\/propertybook.ro\/blog\/wp-json\/wp\/v2\/tags?post=1331"}],"curies":[{"name":"wp","href":"https:\/\/api.w.org\/{rel}","templated":true}]}}