{"id":1401,"date":"2024-03-13T15:44:48","date_gmt":"2024-03-13T13:44:48","guid":{"rendered":"https:\/\/propertybook.ro\/blog\/apartament-de-lux-2-camere-cu-terasa-generoasa-in-aviatiei-tower-vedere-deschisa-spre-muzeul-aviatiei-parcare-inclusa\/"},"modified":"2024-03-13T15:44:48","modified_gmt":"2024-03-13T13:44:48","slug":"apartament-de-lux-2-camere-cu-terasa-generoasa-in-aviatiei-tower-vedere-deschisa-spre-muzeul-aviatiei-parcare-inclusa","status":"publish","type":"post","link":"https:\/\/propertybook.ro\/blog\/apartament-de-lux-2-camere-cu-terasa-generoasa-in-aviatiei-tower-vedere-deschisa-spre-muzeul-aviatiei-parcare-inclusa\/","title":{"rendered":"Apartament de Lux 2 Camere cu Teras\u0103 Generoas\u0103 \u00een Avia\u021biei Tower, Vedere Deschis\u0103 spre Muzeul Avia\u021biei &#8211; Parcare Inclus\u0103"},"content":{"rendered":"\n<!-- ngfb content-buttons begin -->\n<!-- generated on 2026-04-30T17:27:07+00:00 -->\n<div class=\"ngfb-content-buttons\">\n<div class=\"ngfb-buttons en_US\">\n<!-- Email Button --><div class=\"css-button email-button\">\n  <a href=\"mailto:?subject=Share:%20Apartament%20de%20Lux%202%20Camere%20cu%20Teras%C4%83%20Generoas%C4%83%20%C3%AEn%20Avia%C8%9Biei%20Tower%2C%20Vedere%20Deschis%C4%83%20spre%20Muzeul%20Avia%C8%9Biei%20%26%238211%3B%20Parcare%20Inclus%C4%83&body=Bucure%C8%99ti%20-%20De%20v%C3%A2nzare%20apartament%202%20camere%20%C3%AEn%20Avia%C8%9Biei%20Tower%2C%2061%20mp%20%2B%20teras%C4%83%2025%20mp%2C%20etaj%203%2C%20complet%20mobilat%20%C8%99i%20utilat.%20Dot%C4%83ri%20de%20lux%2C%20smart%20home%2C%20climatizare%2C%20finisaje%20de%20calitate%2C%20paza%2024%2F7%2C%20parcare.%20Aproape%20de%20Mall%20Promenada%2C%20facilit%C4%83%C8%9Bi%20urbane%2C%20priveli%C8%99te%20deschis%C4%83%20spre%20Muzeul%20Avia%C8%9Biei.%0D%0A%0D%0AShared%20from%20https:\/\/propertybook.ro\/blog\/apartament-de-lux-2-camere-cu-terasa-generoasa-in-aviatiei-tower-vedere-deschisa-spre-muzeul-aviatiei-parcare-inclusa\/%0D%0A\">\n    <span class=\"ngfb-icon\">\n      <svg xmlns=\"http:\/\/www.w3.org\/2000\/svg\" width=\"9\" height=\"9\" viewBox=\"0 0 28 28\">\n        <path d=\"M20.11 26.147c-2.335 1.05-4.36 1.4-7.124 1.4C6.524 27.548.84 22.916.84 15.284.84 7.343 6.602.45 15.4.45c6.854 0 11.8 4.7 11.8 11.252 0 5.684-3.193 9.265-7.398 9.3-1.83 0-3.153-.934-3.347-2.997h-.077c-1.208 1.986-2.96 2.997-5.023 2.997-2.532 0-4.36-1.868-4.36-5.062 0-4.75 3.503-9.07 9.11-9.07 1.713 0 3.7.4 4.6.972l-1.17 7.203c-.387 2.298-.115 3.3 1 3.4 1.674 0 3.774-2.102 3.774-6.58 0-5.06-3.27-8.994-9.304-8.994C9.05 2.87 3.83 7.545 3.83 14.97c0 6.5 4.2 10.2 10 10.202 1.987 0 4.09-.43 5.647-1.245l.634 2.22zM16.647 10.1c-.31-.078-.7-.155-1.207-.155-2.572 0-4.596 2.53-4.596 5.53 0 1.5.7 2.4 1.9 2.4 1.44 0 2.96-1.83 3.31-4.088l.592-3.72z\" \/>\n      <\/svg>\n    <\/span>\n    <span class=\"ngfb-text\"><\/span>\n  <\/a>\n<\/div><\/div><!-- .ngfb-buttons.en_US -->\n<\/div><!-- .ngfb-content-buttons -->\n<!-- ngfb content-buttons end -->\n\n\n<!-- ngfb schema image for pinterest pin it button -->\n<div class=\"ngfb-schema-image-for-pinterest\" style=\"display:none;\">\n<img loading=\"lazy\" decoding=\"async\" src=\"https:\/\/propertybook.ro\/blog\/wp-content\/uploads\/2024\/03\/11016503.webp\" width=\"0\" height=\"0\" style=\"width:0;height:0;\" data-pin-description=\"Bucure\u0219ti - De v&acirc;nzare apartament 2 camere &icirc;n Avia\u021biei Tower, 61 mp + teras\u0103 25 mp, etaj 3, complet mobilat \u0219i utilat. Dot\u0103ri de lux, smart home, climatizare, finisaje de calitate, paza 24\/7, parcare. Aproape de Mall Promenada, facilit\u0103\u021bi urbane, priveli\u0219te deschis\u0103 spre Muzeul Avia\u021biei.\" alt=\"\"\/>\n<\/div><!-- .ngfb-schema-image-for-pinterest -->\n\n<figure class=\"wp-block-image size-large\"><img decoding=\"async\" src=\"https:\/\/cdn.propertybook.ro\/svn_residentialist\/11016503.webp\" alt=\"\" \/><\/figure>\n<ul>\n<li><a href=\"\/bucuresti\/\">Imobiliare Bucure\u0219ti<\/a><\/li>\n<li><a href=\"\/bucuresti\/apartamente-vanzare\/\">Apartamente de vanzare Bucure\u0219ti<\/a><\/li>\n<li><a href=\"\/bucuresti\/apartamente-vanzare\/2-camere\/\">Apartamente cu 2 camere de vanzare Bucure\u0219ti<\/a><\/li>\n<\/ul>\n<p><a href=\"\/bucuresti\/imobiliare-163-11016503-vanzare-apartament-2-camere-in-sector-1-zona-aviatiei\/\" class=\"pb-listing-action\">Detaliile proprietatii<\/a><\/p>\n<p><h2 class=\"wp-block-heading\">Descoper\u0103 Confortul Urban \u00een Noul Apartament din Complexul Aviatiei Tower<\/h2>\n<p>Dac\u0103 sunte\u021bi \u00een c\u0103utarea unui apartament modern, spatios \u0219i plin de dot\u0103ri de ultim\u0103 genera\u021bie, atunci nu mai c\u0103uta\u021bi. Avem pentru dumneavoastr\u0103 tocmai ce v\u0103 trebuie: un apartament de dou\u0103 camere situat \u00eentr-un complex reziden\u021bial invidiat din zona Aviatiei, un cartier dinamic \u0219i plin de via\u021b\u0103 al Bucure\u0219tiului.<\/p>\n<p>Situat la etajul 3 al unui ansamblu arhitectural impresionant, acest apartament reprezint\u0103 defini\u021bia confortului urban. Cu o suprafa\u021b\u0103 util\u0103 de 61 mp \u0219i o teras\u0103 generoas\u0103 de 25 mp, spa\u021biul a fost inteligen\u021be distribuit pentru a satisface cele mai exigente gusturi. <\/p>\n<p>Living-ul, \u00eempreun\u0103 cu buc\u0103t\u0103ria open space, ocup\u0103 36,8 mp \u0219i invit\u0103 la relaxare \u0219i socializare, fiind perfecte pentru a g\u0103zdui o cin\u0103 cu prietenii sau pentru seara de film \u00een familie. Piesa de rezisten\u021b\u0103 a zonei de zi este f\u0103r\u0103 \u00eendoial\u0103 terasa, care v\u0103 ofer\u0103 posibilitatea s\u0103 v\u0103 bucura\u021bi de un peisaj urban relaxant, ideal pentru a savura cafeaua dimine\u021bii sau pentru a te destinde dup\u0103 o zi lung\u0103.<\/p>\n<p>Camera de 14 mp a\u0219teapt\u0103 s\u0103 fie personalizat\u0103 dup\u0103 propriile dorin\u021be \u0219i nevoi, oferind spa\u021biul perfect pentru un somn odihnitor. Baia de 4,4 mp nu este doar func\u021bional\u0103 ci \u0219i modern\u0103, fiind dotat\u0103 cu produse sanitare premium, iar holul primitor de 5,5 mp completeaz\u0103 armonios compartimentarea locuin\u021bei.<\/p>\n<p>Apartamentul vine complet mobilat \u0219i utilat, cu o aten\u021bie deosebit\u0103 pentru detalii, astfel \u00eenc\u00e2t s\u0103 v\u0103 pute\u021bi muta imediat f\u0103r\u0103 griji suplimentare. Parchetul triplu stratificat de \u00eenalt\u0103 calitate, pl\u0103cile ceramice variate Porcelanosa, precum \u0219i climatizarea smart pentru living \u0219i dormitor sunt doar c\u00e2teva dintre elementele care fac diferen\u021ba.<\/p>\n<p>Dincolo de pragul apartamentului, loca\u021bia este una de excep\u021bie. Se afl\u0103 la doar 500 de metri de Mall Promenada, loc spre care se \u00eendreapt\u0103 pasii at\u00e2t pentru shopping, c\u00e2t \u0219i pentru divertisment. \u00cen vecin\u0103tate se g\u0103sesc sali de sport World Class fitness, centre comerciale, institu\u021bii bancare de top, restaurante \u0219i cafenele exclusiviste, precum \u0219i alte facilit\u0103\u021bi urbane necesare unui stil de via\u021b\u0103 contemporan &#8211; farmacii, gr\u0103dini\u021be, \u0219coli \u0219i o clinica medicala de standarde interna\u021bionale.<\/p>\n<p>Pentru pacea min\u021bii dumneavoastr\u0103, complexul ofer\u0103 securitate \u0219i paz\u0103 24\/7, iar accesul securizat \u0219i video interfonul smart adaug\u0103 un plus de siguran\u021b\u0103. \u0218i nu \u00een ultimul r\u00e2nd, un loc de parcare suprateran este inclus \u00een ofert\u0103, elimin\u00e2nd grija c\u0103ut\u0103rii unui loc de parcare la sf\u00e2r\u0219itul zilei.<\/p>\n<p>Locuin\u021ba din Complexul Aviatiei Tower reprezint\u0103 fuziunea perfect\u0103 \u00eentre design modern, confort \u0219i accesibilitate. Este mai mult dec\u00e2t o simpl\u0103 ofert\u0103 imobiliar\u0103, este invita\u021bia la un nou \u00eenceput, la un stil de via\u021b\u0103 superior \u00een inima unuia dintre cele mai r\u00e2vnite cartiere ale capitalei. Fie c\u0103 sunte\u021bi un profesionist \u00een c\u0103utarea unei locuin\u021be aproape de locul de munc\u0103 sau o familie \u00een c\u0103utarea unei comunit\u0103\u021bi prietenoase \u0219i sigure, acest apartament ar putea fi noua dumneavoastr\u0103 cas\u0103.<\/p>\n<p>Pentru mai multe informa\u021bii \u0219i posibilitatea de a vizualiza acest spa\u021biu ideal pentru dumneavoastr\u0103, nu ezita\u021bi s\u0103 contacta\u021bi un agent imobiliar de \u00eencredere. Acesta v\u0103 va ghida prin toate etapele necesare pentru a face din acest vis, realitatea dumneavoastr\u0103.<\/p>\n<p><a href=\"\/bucuresti\/imobiliare-163-11016503-vanzare-apartament-2-camere-in-sector-1-zona-aviatiei\/\" class=\"pb-listing-action\">Stabileste o vizionare<\/a><\/p>\n<ul>\n<li><a href=\"\/bucuresti\/\">Imobiliare Bucure\u0219ti<\/a><\/li>\n<li><a href=\"\/bucuresti\/apartamente-vanzare\/\">Apartamente de vanzare Bucure\u0219ti<\/a><\/li>\n<li><a href=\"\/bucuresti\/apartamente-vanzare\/2-camere\/\">Apartamente cu 2 camere de vanzare Bucure\u0219ti<\/a><\/li>\n<\/ul>\n\n<!-- ngfb content-buttons begin -->\n<!-- generated on 2026-04-30T17:27:07+00:00 -->\n<div class=\"ngfb-content-buttons\">\n<div class=\"ngfb-buttons en_US\">\n<!-- Email Button --><div class=\"css-button email-button\">\n  <a href=\"mailto:?subject=Share:%20Apartament%20de%20Lux%202%20Camere%20cu%20Teras%C4%83%20Generoas%C4%83%20%C3%AEn%20Avia%C8%9Biei%20Tower%2C%20Vedere%20Deschis%C4%83%20spre%20Muzeul%20Avia%C8%9Biei%20%26%238211%3B%20Parcare%20Inclus%C4%83&body=Bucure%C8%99ti%20-%20De%20v%C3%A2nzare%20apartament%202%20camere%20%C3%AEn%20Avia%C8%9Biei%20Tower%2C%2061%20mp%20%2B%20teras%C4%83%2025%20mp%2C%20etaj%203%2C%20complet%20mobilat%20%C8%99i%20utilat.%20Dot%C4%83ri%20de%20lux%2C%20smart%20home%2C%20climatizare%2C%20finisaje%20de%20calitate%2C%20paza%2024%2F7%2C%20parcare.%20Aproape%20de%20Mall%20Promenada%2C%20facilit%C4%83%C8%9Bi%20urbane%2C%20priveli%C8%99te%20deschis%C4%83%20spre%20Muzeul%20Avia%C8%9Biei.%0D%0A%0D%0AShared%20from%20https:\/\/propertybook.ro\/blog\/apartament-de-lux-2-camere-cu-terasa-generoasa-in-aviatiei-tower-vedere-deschisa-spre-muzeul-aviatiei-parcare-inclusa\/%0D%0A\">\n    <span class=\"ngfb-icon\">\n      <svg xmlns=\"http:\/\/www.w3.org\/2000\/svg\" width=\"9\" height=\"9\" viewBox=\"0 0 28 28\">\n        <path d=\"M20.11 26.147c-2.335 1.05-4.36 1.4-7.124 1.4C6.524 27.548.84 22.916.84 15.284.84 7.343 6.602.45 15.4.45c6.854 0 11.8 4.7 11.8 11.252 0 5.684-3.193 9.265-7.398 9.3-1.83 0-3.153-.934-3.347-2.997h-.077c-1.208 1.986-2.96 2.997-5.023 2.997-2.532 0-4.36-1.868-4.36-5.062 0-4.75 3.503-9.07 9.11-9.07 1.713 0 3.7.4 4.6.972l-1.17 7.203c-.387 2.298-.115 3.3 1 3.4 1.674 0 3.774-2.102 3.774-6.58 0-5.06-3.27-8.994-9.304-8.994C9.05 2.87 3.83 7.545 3.83 14.97c0 6.5 4.2 10.2 10 10.202 1.987 0 4.09-.43 5.647-1.245l.634 2.22zM16.647 10.1c-.31-.078-.7-.155-1.207-.155-2.572 0-4.596 2.53-4.596 5.53 0 1.5.7 2.4 1.9 2.4 1.44 0 2.96-1.83 3.31-4.088l.592-3.72z\" \/>\n      <\/svg>\n    <\/span>\n    <span class=\"ngfb-text\"><\/span>\n  <\/a>\n<\/div><\/div><!-- .ngfb-buttons.en_US -->\n<\/div><!-- .ngfb-content-buttons -->\n<!-- ngfb content-buttons end -->\n\n","protected":false},"excerpt":{"rendered":"<p>Bucure\u0219ti &#8211; De v\u00e2nzare apartament 2 camere \u00een Avia\u021biei Tower, 61 mp + teras\u0103 25 mp, etaj 3, complet mobilat \u0219i utilat. Dot\u0103ri de lux, smart home, climatizare, finisaje de calitate, paza 24\/7, parcare. Aproape de Mall Promenada, facilit\u0103\u021bi urbane, priveli\u0219te deschis\u0103 spre Muzeul Avia\u021biei.<\/p>\n","protected":false},"author":8,"featured_media":1400,"comment_status":"open","ping_status":"open","sticky":false,"template":"","format":"standard","meta":{"footnotes":""},"categories":[52,49,47],"tags":[62,64,74,89,68,167,70,85],"class_list":["post-1401","post","type-post","status-publish","format-standard","has-post-thumbnail","hentry","category-apartamente-de-vanzare-bucuresti","category-oferte-imobiliare-bucuresti","category-oferte","tag-2-camere","tag-an-const-2021","tag-balcon","tag-bucuresti","tag-decomandat","tag-etaj-3-10","tag-parchet","tag-termopane"],"_links":{"self":[{"href":"https:\/\/propertybook.ro\/blog\/wp-json\/wp\/v2\/posts\/1401","targetHints":{"allow":["GET"]}}],"collection":[{"href":"https:\/\/propertybook.ro\/blog\/wp-json\/wp\/v2\/posts"}],"about":[{"href":"https:\/\/propertybook.ro\/blog\/wp-json\/wp\/v2\/types\/post"}],"author":[{"embeddable":true,"href":"https:\/\/propertybook.ro\/blog\/wp-json\/wp\/v2\/users\/8"}],"replies":[{"embeddable":true,"href":"https:\/\/propertybook.ro\/blog\/wp-json\/wp\/v2\/comments?post=1401"}],"version-history":[{"count":0,"href":"https:\/\/propertybook.ro\/blog\/wp-json\/wp\/v2\/posts\/1401\/revisions"}],"wp:featuredmedia":[{"embeddable":true,"href":"https:\/\/propertybook.ro\/blog\/wp-json\/wp\/v2\/media\/1400"}],"wp:attachment":[{"href":"https:\/\/propertybook.ro\/blog\/wp-json\/wp\/v2\/media?parent=1401"}],"wp:term":[{"taxonomy":"category","embeddable":true,"href":"https:\/\/propertybook.ro\/blog\/wp-json\/wp\/v2\/categories?post=1401"},{"taxonomy":"post_tag","embeddable":true,"href":"https:\/\/propertybook.ro\/blog\/wp-json\/wp\/v2\/tags?post=1401"}],"curies":[{"name":"wp","href":"https:\/\/api.w.org\/{rel}","templated":true}]}}