{"id":1407,"date":"2024-03-13T19:45:09","date_gmt":"2024-03-13T17:45:09","guid":{"rendered":"https:\/\/propertybook.ro\/blog\/apartament-modern-de-2-camere-cu-terasa-in-complex-rezidential-iris-loc-de-parcare-disponibil\/"},"modified":"2024-03-13T19:45:09","modified_gmt":"2024-03-13T17:45:09","slug":"apartament-modern-de-2-camere-cu-terasa-in-complex-rezidential-iris-loc-de-parcare-disponibil","status":"publish","type":"post","link":"https:\/\/propertybook.ro\/blog\/apartament-modern-de-2-camere-cu-terasa-in-complex-rezidential-iris-loc-de-parcare-disponibil\/","title":{"rendered":"Apartament Modern de 2 Camere cu Teras\u0103 \u00een Complex Reziden\u021bial Iris &#8211; Loc de Parcare Disponibil"},"content":{"rendered":"\n<!-- ngfb content-buttons begin -->\n<!-- generated on 2026-05-02T12:34:39+00:00 -->\n<div class=\"ngfb-content-buttons\">\n<div class=\"ngfb-buttons en_US\">\n<!-- Email Button --><div class=\"css-button email-button\">\n  <a href=\"mailto:?subject=Share:%20Apartament%20Modern%20de%202%20Camere%20cu%20Teras%C4%83%20%C3%AEn%20Complex%20Reziden%C8%9Bial%20Iris%20%26%238211%3B%20Loc%20de%20Parcare%20Disponibil&body=Cluj-Napoca%2C%20Iris%20-%20De%20v%C3%A2nzare%20apartament%20cu%202%20camere%20%C3%AEn%20Iris%2C%20zona%20Junior%20Residence%2C%20situat%20la%20etajul%203%20al%20unui%20imobil%20din%202018.%20Cu%2053%20mp%2C%20include%20dormitor%2C%20living%20cu%20buc%C4%83t%C4%83rie%2C%20baie%20%C8%99i%20teras%C4%83.%20Finisaje%20moderne%2C%20parchet%2C%20faianta%2C%20geamuri%20PVC%2C%20%C3%AEnc%C4%83lzire%20central%C4%83%2C%20mobilat%20%C8%99i%20echipat%2C%20cu%20aer%20condi%C8%9Bionat.%20Op%C8%9Bional%2C%20loc%20de%20parcare%20subteran%20contra%20cost.%20Zon%C4%83%20lini%C8%99tit%C4%83%2C%20aproape%20de%20transport%20%C8%99i%20magazine.%0D%0A%0D%0AShared%20from%20https:\/\/propertybook.ro\/blog\/apartament-modern-de-2-camere-cu-terasa-in-complex-rezidential-iris-loc-de-parcare-disponibil\/%0D%0A\">\n    <span class=\"ngfb-icon\">\n      <svg xmlns=\"http:\/\/www.w3.org\/2000\/svg\" width=\"9\" height=\"9\" viewBox=\"0 0 28 28\">\n        <path d=\"M20.11 26.147c-2.335 1.05-4.36 1.4-7.124 1.4C6.524 27.548.84 22.916.84 15.284.84 7.343 6.602.45 15.4.45c6.854 0 11.8 4.7 11.8 11.252 0 5.684-3.193 9.265-7.398 9.3-1.83 0-3.153-.934-3.347-2.997h-.077c-1.208 1.986-2.96 2.997-5.023 2.997-2.532 0-4.36-1.868-4.36-5.062 0-4.75 3.503-9.07 9.11-9.07 1.713 0 3.7.4 4.6.972l-1.17 7.203c-.387 2.298-.115 3.3 1 3.4 1.674 0 3.774-2.102 3.774-6.58 0-5.06-3.27-8.994-9.304-8.994C9.05 2.87 3.83 7.545 3.83 14.97c0 6.5 4.2 10.2 10 10.202 1.987 0 4.09-.43 5.647-1.245l.634 2.22zM16.647 10.1c-.31-.078-.7-.155-1.207-.155-2.572 0-4.596 2.53-4.596 5.53 0 1.5.7 2.4 1.9 2.4 1.44 0 2.96-1.83 3.31-4.088l.592-3.72z\" \/>\n      <\/svg>\n    <\/span>\n    <span class=\"ngfb-text\"><\/span>\n  <\/a>\n<\/div><\/div><!-- .ngfb-buttons.en_US -->\n<\/div><!-- .ngfb-content-buttons -->\n<!-- ngfb content-buttons end -->\n\n<figure class=\"wp-block-image size-large\"><img decoding=\"async\" src=\"https:\/\/cdn.propertybook.ro\/napoca_imobiliare\/141699.webp\" alt=\"\" \/><\/figure>\n<ul>\n<li><a href=\"\/cluj-napoca\/\">Imobiliare Cluj-Napoca<\/a><\/li>\n<li><a href=\"\/cluj-napoca\/apartamente-vanzare\/\">Apartamente de vanzare Cluj-Napoca<\/a><\/li>\n<li><a href=\"\/cluj-napoca\/apartamente-vanzare\/2-camere\/\">Apartamente cu 2 camere de vanzare Cluj-Napoca<\/a><\/li>\n<li><a href=\"\/cluj-napoca\/apartamente-vanzare\/iris\/2-camere\/\">Apartamente cu 2 camere de vanzare Iris, Cluj-Napoca<\/a><\/li>\n<\/ul>\n<p><a href=\"\/cluj-napoca\/imobiliare-25-141699-de-vanzare-apartament-2-camere-in-iris\/\" class=\"pb-listing-action\">Detaliile proprietatii<\/a><\/p>\n<p>Dac\u0103 v\u0103 afla\u021bi \u00een c\u0103utarea unui stil de via\u021b\u0103 confortabil \u0219i modern \u00eentr-o comunitate reziden\u021bial\u0103 proasp\u0103t\u0103, v\u0103 prezent\u0103m o proprietate care merit\u0103 toat\u0103 aten\u021bia dumneavoastr\u0103. Este vorba despre un apartament cu 2 camere \u0219i teras\u0103, ce combin\u0103 elegan\u021ba, func\u021bionalitatea \u0219i comoditatea, ideal pentru cei care doresc s\u0103 se bucure de lini\u0219tea unui cartier select, f\u0103r\u0103 a fi departe de pulsul urban.<\/p>\n<p>Situat \u00een cartierul Iris, acest apartament v\u0103 a\u0219teapt\u0103 s\u0103 p\u0103\u0219i\u021bi \u00eentr-un spa\u021biu de locuit proiectat cu grij\u0103 pentru detalii \u0219i finisaje de \u00eenalt\u0103 calitate. Fiind parte dintr-un bloc nou construit \u00een 2018, se afl\u0103 la etajul trei al unei cl\u0103diri cu 6 niveluri. \u00cenconjurat de spa\u021bii verzi, locuri de joac\u0103 \u0219i magazine, \u0219i av\u00e2nd \u00een apropiere acces la mijloace de transport \u00een comun, locuin\u021ba ofer\u0103 un echilibru perfect \u00eentre via\u021ba cotidian\u0103 agitat\u0103 \u0219i un refugiu personal de calitate.<\/p>\n<p>Interiorul apartamentului, cu o suprafa\u021b\u0103 util\u0103 de 53 de metri p\u0103tra\u021bi, este inteligent compartimentat pentru a optimiza spa\u021biul \u0219i a oferi confort maxim. Camera de zi \u00eempreun\u0103 cu buc\u0103t\u0103ria deschis\u0103 creeaz\u0103 un ambient primitor, perfect pentru sesiuni de g\u0103tit \u00een familie sau momente de relaxare. Un dormitor primitiv ofer\u0103 intimitatea necesar\u0103, \u00een timp ce baia dotat\u0103 cu finisaje moderne asigur\u0103 func\u021bionalitatea a\u0219teptat\u0103 de la un astfel de spa\u021biu.<\/p>\n<p>\u00cen ceea ce prive\u0219te designul interior, apartamentul se m\u00e2ndre\u0219te cu finisaje moderne care includ pardoseal\u0103 pl\u0103cut\u0103 din parchet laminat, pere\u021bi fini\u021bi cu lavabil, b\u0103i cu gresie \u0219i faian\u021b\u0103 modern\u0103, precum \u0219i ferestre termoizolante din PVC ce asigur\u0103 o bun\u0103 izolarea termic\u0103 \u0219i fonic\u0103. Siguran\u021ba este garantat\u0103 printr-o u\u0219\u0103 de la intrare metalic\u0103, \u00een timp ce confortul este sporit de prezen\u021ba unei centrale termice pentru \u00eenc\u0103lzire \u0219i de aerul condi\u021bionat.<\/p>\n<p>Pentru cei interesa\u021bi de spa\u021biu suplimentar pentru automobil, apartamentul ofer\u0103 posibilitatea achizi\u021bion\u0103rii unui loc de parcare subteran.<\/p>\n<p>Aceast\u0103 proprietate este o ocazie excelent\u0103 pentru cei care \u00ee\u0219i doresc o locuin\u021b\u0103 gata mobilat\u0103 \u0219i echipat\u0103, care s\u0103 necesite un efort minim pentru mutare \u0219i amenajare. \u00cen plus, terasa reprezint\u0103 locul perfect pentru a savura cafeaua de diminea\u021b\u0103 sau pentru a v\u0103 destinde \u00een serile calde de var\u0103, complet\u00e2nd tabloul unei vie\u021bi urbane comode. <\/p>\n<p>Pentru cei interesa\u021bi de aceast\u0103 proprietate superb\u0103, vizion\u0103rile se pot aranja u\u0219or, facilit\u00e2nd cunoa\u0219terea de aproape a tot ceea ce are de oferit aceast\u0103 reziden\u021b\u0103. Este clar c\u0103 acest apartament \u00een Iris constituie nu doar un ad\u0103post, ci un adev\u0103rat c\u0103min care a\u0219teapt\u0103 s\u0103 fie plin de via\u021b\u0103 \u0219i bucurie.<\/p>\n<p><a href=\"\/cluj-napoca\/imobiliare-25-141699-de-vanzare-apartament-2-camere-in-iris\/\" class=\"pb-listing-action\">Stabileste o vizionare<\/a><\/p>\n<ul>\n<li><a href=\"\/cluj-napoca\/\">Imobiliare Cluj-Napoca<\/a><\/li>\n<li><a href=\"\/cluj-napoca\/apartamente-vanzare\/\">Apartamente de vanzare Cluj-Napoca<\/a><\/li>\n<li><a href=\"\/cluj-napoca\/apartamente-vanzare\/2-camere\/\">Apartamente cu 2 camere de vanzare Cluj-Napoca<\/a><\/li>\n<li><a href=\"\/cluj-napoca\/apartamente-vanzare\/iris\/2-camere\/\">Apartamente cu 2 camere de vanzare Iris, Cluj-Napoca<\/a><\/li>\n<\/ul>\n\n<!-- ngfb content-buttons begin -->\n<!-- generated on 2026-05-02T12:34:39+00:00 -->\n<div class=\"ngfb-content-buttons\">\n<div class=\"ngfb-buttons en_US\">\n<!-- Email Button --><div class=\"css-button email-button\">\n  <a href=\"mailto:?subject=Share:%20Apartament%20Modern%20de%202%20Camere%20cu%20Teras%C4%83%20%C3%AEn%20Complex%20Reziden%C8%9Bial%20Iris%20%26%238211%3B%20Loc%20de%20Parcare%20Disponibil&body=Cluj-Napoca%2C%20Iris%20-%20De%20v%C3%A2nzare%20apartament%20cu%202%20camere%20%C3%AEn%20Iris%2C%20zona%20Junior%20Residence%2C%20situat%20la%20etajul%203%20al%20unui%20imobil%20din%202018.%20Cu%2053%20mp%2C%20include%20dormitor%2C%20living%20cu%20buc%C4%83t%C4%83rie%2C%20baie%20%C8%99i%20teras%C4%83.%20Finisaje%20moderne%2C%20parchet%2C%20faianta%2C%20geamuri%20PVC%2C%20%C3%AEnc%C4%83lzire%20central%C4%83%2C%20mobilat%20%C8%99i%20echipat%2C%20cu%20aer%20condi%C8%9Bionat.%20Op%C8%9Bional%2C%20loc%20de%20parcare%20subteran%20contra%20cost.%20Zon%C4%83%20lini%C8%99tit%C4%83%2C%20aproape%20de%20transport%20%C8%99i%20magazine.%0D%0A%0D%0AShared%20from%20https:\/\/propertybook.ro\/blog\/apartament-modern-de-2-camere-cu-terasa-in-complex-rezidential-iris-loc-de-parcare-disponibil\/%0D%0A\">\n    <span class=\"ngfb-icon\">\n      <svg xmlns=\"http:\/\/www.w3.org\/2000\/svg\" width=\"9\" height=\"9\" viewBox=\"0 0 28 28\">\n        <path d=\"M20.11 26.147c-2.335 1.05-4.36 1.4-7.124 1.4C6.524 27.548.84 22.916.84 15.284.84 7.343 6.602.45 15.4.45c6.854 0 11.8 4.7 11.8 11.252 0 5.684-3.193 9.265-7.398 9.3-1.83 0-3.153-.934-3.347-2.997h-.077c-1.208 1.986-2.96 2.997-5.023 2.997-2.532 0-4.36-1.868-4.36-5.062 0-4.75 3.503-9.07 9.11-9.07 1.713 0 3.7.4 4.6.972l-1.17 7.203c-.387 2.298-.115 3.3 1 3.4 1.674 0 3.774-2.102 3.774-6.58 0-5.06-3.27-8.994-9.304-8.994C9.05 2.87 3.83 7.545 3.83 14.97c0 6.5 4.2 10.2 10 10.202 1.987 0 4.09-.43 5.647-1.245l.634 2.22zM16.647 10.1c-.31-.078-.7-.155-1.207-.155-2.572 0-4.596 2.53-4.596 5.53 0 1.5.7 2.4 1.9 2.4 1.44 0 2.96-1.83 3.31-4.088l.592-3.72z\" \/>\n      <\/svg>\n    <\/span>\n    <span class=\"ngfb-text\"><\/span>\n  <\/a>\n<\/div><\/div><!-- .ngfb-buttons.en_US -->\n<\/div><!-- .ngfb-content-buttons -->\n<!-- ngfb content-buttons end -->\n\n","protected":false},"excerpt":{"rendered":"<p>Cluj-Napoca, Iris &#8211; De v\u00e2nzare apartament cu 2 camere \u00een Iris, zona Junior Residence, situat la etajul 3 al unui imobil din 2018. Cu 53 mp, include dormitor, living cu buc\u0103t\u0103rie, baie \u0219i teras\u0103. Finisaje moderne, parchet, faianta, geamuri PVC, \u00eenc\u0103lzire central\u0103, mobilat \u0219i echipat, cu aer condi\u021bionat. Op\u021bional, loc de parcare subteran contra cost. Zon\u0103 lini\u0219tit\u0103, aproape de transport \u0219i magazine.<\/p>\n","protected":false},"author":8,"featured_media":1406,"comment_status":"open","ping_status":"open","sticky":false,"template":"","format":"standard","meta":{"footnotes":""},"categories":[50,48,47],"tags":[62,65,91,112,96,60,70,63],"class_list":["post-1407","post","type-post","status-publish","format-standard","has-post-thumbnail","hentry","category-apartamente-de-vanzare-in-cluj-napoca","category-oferte-imobiliare-in-cluj-napoca","category-oferte","tag-2-camere","tag-centrala-termica","tag-cluj-napoca","tag-etaj-3-6","tag-iris","tag-parcare","tag-parchet","tag-semidecomandat"],"_links":{"self":[{"href":"https:\/\/propertybook.ro\/blog\/wp-json\/wp\/v2\/posts\/1407","targetHints":{"allow":["GET"]}}],"collection":[{"href":"https:\/\/propertybook.ro\/blog\/wp-json\/wp\/v2\/posts"}],"about":[{"href":"https:\/\/propertybook.ro\/blog\/wp-json\/wp\/v2\/types\/post"}],"author":[{"embeddable":true,"href":"https:\/\/propertybook.ro\/blog\/wp-json\/wp\/v2\/users\/8"}],"replies":[{"embeddable":true,"href":"https:\/\/propertybook.ro\/blog\/wp-json\/wp\/v2\/comments?post=1407"}],"version-history":[{"count":0,"href":"https:\/\/propertybook.ro\/blog\/wp-json\/wp\/v2\/posts\/1407\/revisions"}],"wp:featuredmedia":[{"embeddable":true,"href":"https:\/\/propertybook.ro\/blog\/wp-json\/wp\/v2\/media\/1406"}],"wp:attachment":[{"href":"https:\/\/propertybook.ro\/blog\/wp-json\/wp\/v2\/media?parent=1407"}],"wp:term":[{"taxonomy":"category","embeddable":true,"href":"https:\/\/propertybook.ro\/blog\/wp-json\/wp\/v2\/categories?post=1407"},{"taxonomy":"post_tag","embeddable":true,"href":"https:\/\/propertybook.ro\/blog\/wp-json\/wp\/v2\/tags?post=1407"}],"curies":[{"name":"wp","href":"https:\/\/api.w.org\/{rel}","templated":true}]}}