{"id":1427,"date":"2024-03-14T17:46:18","date_gmt":"2024-03-14T15:46:18","guid":{"rendered":"https:\/\/propertybook.ro\/blog\/casa-de-vanzare-in-inima-centrului-istoric-4-camere-curte-proprie-zona-gradina-icoanei\/"},"modified":"2024-03-14T17:46:18","modified_gmt":"2024-03-14T15:46:18","slug":"casa-de-vanzare-in-inima-centrului-istoric-4-camere-curte-proprie-zona-gradina-icoanei","status":"publish","type":"post","link":"https:\/\/propertybook.ro\/blog\/casa-de-vanzare-in-inima-centrului-istoric-4-camere-curte-proprie-zona-gradina-icoanei\/","title":{"rendered":"Cas\u0103 de V\u00e2nzare \u00een Inima Centrului Istoric &#8211; 4 Camere, Curte Proprie, Zona Gradina Icoanei"},"content":{"rendered":"\n<!-- ngfb content-buttons begin -->\n<!-- generated on 2026-05-01T02:33:21+00:00 -->\n<div class=\"ngfb-content-buttons\">\n<div class=\"ngfb-buttons en_US\">\n<!-- Email Button --><div class=\"css-button email-button\">\n  <a href=\"mailto:?subject=Share:%20Cas%C4%83%20de%20V%C3%A2nzare%20%C3%AEn%20Inima%20Centrului%20Istoric%20%26%238211%3B%204%20Camere%2C%20Curte%20Proprie%2C%20Zona%20Gradina%20Icoanei&body=Bucure%C8%99ti%20-%20De%20v%C3%A2nzare%20cas%C4%83%20cu%204%20camere%20%C3%AEn%20Centrul%20Bucure%C8%99tiului%2C%20zona%20Gradina%20Icoanei%2C%20aproape%20de%20parcuri%20%C8%99i%20servicii.%20Proprietatea%20include%20demisol%2C%20parter%2C%20pod%2C%204%20locuri%20parcare%20%C8%99i%20curte%20de%20152mp.%20Ideal%C4%83%20pentru%20reziden%C8%9Bial%20sau%20birouri%2C%20cu%20acces%20facil%20la%20transport%20%C8%99i%20facilit%C4%83%C8%9Bi%20urbane.%0D%0A%0D%0AShared%20from%20https:\/\/propertybook.ro\/blog\/casa-de-vanzare-in-inima-centrului-istoric-4-camere-curte-proprie-zona-gradina-icoanei\/%0D%0A\">\n    <span class=\"ngfb-icon\">\n      <svg xmlns=\"http:\/\/www.w3.org\/2000\/svg\" width=\"9\" height=\"9\" viewBox=\"0 0 28 28\">\n        <path d=\"M20.11 26.147c-2.335 1.05-4.36 1.4-7.124 1.4C6.524 27.548.84 22.916.84 15.284.84 7.343 6.602.45 15.4.45c6.854 0 11.8 4.7 11.8 11.252 0 5.684-3.193 9.265-7.398 9.3-1.83 0-3.153-.934-3.347-2.997h-.077c-1.208 1.986-2.96 2.997-5.023 2.997-2.532 0-4.36-1.868-4.36-5.062 0-4.75 3.503-9.07 9.11-9.07 1.713 0 3.7.4 4.6.972l-1.17 7.203c-.387 2.298-.115 3.3 1 3.4 1.674 0 3.774-2.102 3.774-6.58 0-5.06-3.27-8.994-9.304-8.994C9.05 2.87 3.83 7.545 3.83 14.97c0 6.5 4.2 10.2 10 10.202 1.987 0 4.09-.43 5.647-1.245l.634 2.22zM16.647 10.1c-.31-.078-.7-.155-1.207-.155-2.572 0-4.596 2.53-4.596 5.53 0 1.5.7 2.4 1.9 2.4 1.44 0 2.96-1.83 3.31-4.088l.592-3.72z\" \/>\n      <\/svg>\n    <\/span>\n    <span class=\"ngfb-text\"><\/span>\n  <\/a>\n<\/div><\/div><!-- .ngfb-buttons.en_US -->\n<\/div><!-- .ngfb-content-buttons -->\n<!-- ngfb content-buttons end -->\n\n\n<!-- ngfb schema image for pinterest pin it button -->\n<div class=\"ngfb-schema-image-for-pinterest\" style=\"display:none;\">\n<img loading=\"lazy\" decoding=\"async\" src=\"https:\/\/propertybook.ro\/blog\/wp-content\/uploads\/2024\/03\/22000490.webp\" width=\"0\" height=\"0\" style=\"width:0;height:0;\" data-pin-description=\"Bucure\u0219ti - De v&acirc;nzare cas\u0103 cu 4 camere &icirc;n Centrul Bucure\u0219tiului, zona Gradina Icoanei, aproape de parcuri \u0219i servicii. Proprietatea include demisol, parter, pod, 4 locuri parcare \u0219i curte de 152mp. Ideal\u0103 pentru reziden\u021bial sau birouri, cu acces facil la transport \u0219i facilit\u0103\u021bi urbane.\" alt=\"\"\/>\n<\/div><!-- .ngfb-schema-image-for-pinterest -->\n\n<figure class=\"wp-block-image size-large\"><img decoding=\"async\" src=\"https:\/\/cdn.propertybook.ro\/svn_residentialist\/22000490.webp\" alt=\"\" \/><\/figure>\n<ul>\n<li><a href=\"\/bucuresti\/\">Imobiliare Bucure\u0219ti<\/a><\/li>\n<li><a href=\"\/bucuresti\/case-vanzare\/\">Case de vanzare Bucure\u0219ti<\/a><\/li>\n<li><a href=\"\/bucuresti\/case-vanzare\/4-camere\/\">Case cu 4 camere de vanzare Bucure\u0219ti<\/a><\/li>\n<\/ul>\n<p><a href=\"\/bucuresti\/imobiliare-163-22000490-vanzare-casa-4-camere-in-sector-2-zona-eminescu\/\" class=\"pb-listing-action\">Detaliile proprietatii<\/a><\/p>\n<p><h2 class=\"wp-block-heading\">Descoperi\u021bi Comoara Arhitecturii Interbelice &#8211; Casa de Vis din Inima Bucure\u0219tiului<\/h2>\n<p>Bucure\u0219tiul, un ora\u0219 cu o istorie bogat\u0103 \u0219i cu o arhitectur\u0103 care pur \u0219i simplu te transpune \u00eentr-un alt timp \u0219i spa\u021biu. Aici, \u00een inima Capitalei, \u00eentr-o zon\u0103 ce respir\u0103 istorie \u0219i cultura, se afl\u0103 o proprietate care merit\u0103 toat\u0103 aten\u021bia dumneavoastr\u0103 &#8211; o cas\u0103 cu 4 camere \u00een zona Gradina Icoanei.<\/p>\n<p>Imagina\u021bi-v\u0103 c\u0103 locui\u021bi \u00eentr-unul dintre cele mai frumoase cartiere ale Bucure\u0219tiului, \u00eembibat de un stil arhitectonic interbelic care v\u0103 farmec\u0103 la fiecare pas. Priveli\u0219tea zonei etaleaz\u0103 un mozaic de cl\u0103diri istorice, unde fiecare piatr\u0103 spune o poveste. Acest cadru idilic poate fi acum locul pe care \u00eel numi\u021bi &#8220;acas\u0103&#8221;.<\/p>\n<p>Casa propus\u0103 spre v\u00e2nzare este o bijuterie cu un design circular eficient, dispus\u0103 pe demisol, parter \u0219i pod. Cu o curte proprie de 152 mp \u0219i nu mai pu\u021bin de 4 locuri de parcare, confortul \u0219i func\u021bionalitatea se \u00eempletesc armonios pentru a v\u0103 oferi un stil de via\u021b\u0103 la care mul\u021bi doar viseaz\u0103.<\/p>\n<p>Interiorul propriet\u0103\u021bii este la fel de captivant. Cele 4 camere sunt g\u00e2ndite astfel \u00eenc\u00e2t s\u0103 maximizeze spa\u021biul \u0219i s\u0103 ofere posibilit\u0103\u021bi multiple de amenajare. Fie c\u0103 prefera\u021bi un design interior modern sau vre\u021bi s\u0103 p\u0103stra\u021bi notele clasice ale casei, aici ave\u021bi p\u00e2nza perfect\u0103 pentru a crea locul ideal pentru familie, pentru activit\u0103\u021bi de birou sau chiar \u0219i pentru ini\u021biative comerciale. Cu 2 b\u0103i \u0219i o buc\u0103t\u0103rie complet utilat\u0103, acest imobil nu v\u0103 va lipsi de nimic.<\/p>\n<p>Tr\u0103ind aici, ve\u021bi descoperi nu doar o cas\u0103, ci un stil de via\u021b\u0103. Vi se deschide accesul la facilit\u0103\u021bi de neegalat &#8211; de la institu\u021bii de \u00eenv\u0103\u021b\u0103m\u00e2nt renumite p\u00e2n\u0103 la magazine, restaurante \u0219i cafenele premiate. Plus, parcurile Gradina Icoanei \u0219i Ioanid sunt dou\u0103 oaze verzi la doar c\u00e2\u021biva pa\u0219i, unde pute\u021bi fugi de agita\u021bia urban\u0103.<\/p>\n<p>Avantajele pe care casa le ofer\u0103 sunt nenum\u0103rate, \u00eens\u0103 cu siguran\u021b\u0103, pozi\u021bionarea excelent\u0103 \u00eentr-o zon\u0103 de prestigiu \u0219i versatilitatea destina\u021biilor pe care le poate adopta sunt punctele forte ale acestei propriet\u0103\u021bi. Plus, vizibilitatea de care se bucur\u0103, fiind amplasat\u0103 strategic la intersec\u021bia unor str\u0103zi, v\u0103 poate pune business-ul \u00een lumina reflectoarelor sau v\u0103 poate asigura o reziden\u021b\u0103 pe m\u0103sur\u0103.<\/p>\n<p>Pia\u021ba Roman\u0103, ASE \u0219i zonele adiacente, precum bulevardul Dacia, sunt doar c\u00e2teva dintre reperele importate \u00een apropiere, f\u0103c\u00e2nd din aceast\u0103 cas\u0103 locul perfect pentru cei ce doresc s\u0103 fie la intersec\u021bia dintre business, cultur\u0103 \u0219i via\u021b\u0103 social\u0103.<\/p>\n<p>Dac\u0103 sunte\u021bi \u00een c\u0103utarea unei propriet\u0103\u021bi cu caracter, amplasat\u0103 \u00eentr-un cartier emblematic pentru Bucure\u0219ti \u0219i plin\u0103 de poten\u021bial, aceast\u0103 cas\u0103 merit\u0103 cu adev\u0103rat s\u0103 fie luat\u0103 \u00een considerare. S\u0103 v\u0103 \u00eemp\u0103rt\u0103\u0219esc un secret: este o oportunitate rar\u0103 pe pia\u021ba imobiliar\u0103, o proprietate care nu va sta mult timp disponibil\u0103.<\/p>\n<p>Visele pot deveni realitate, iar aceast\u0103 cas\u0103 din centrul Bucure\u0219tiului este dovada vie. Nu rata\u021bi aceast\u0103 \u0219ans\u0103 de a face parte din istoria \u0219i elegan\u021ba Bucure\u0219tiului!<\/p>\n<p><a href=\"\/bucuresti\/imobiliare-163-22000490-vanzare-casa-4-camere-in-sector-2-zona-eminescu\/\" class=\"pb-listing-action\">Stabileste o vizionare<\/a><\/p>\n<ul>\n<li><a href=\"\/bucuresti\/\">Imobiliare Bucure\u0219ti<\/a><\/li>\n<li><a href=\"\/bucuresti\/case-vanzare\/\">Case de vanzare Bucure\u0219ti<\/a><\/li>\n<li><a href=\"\/bucuresti\/case-vanzare\/4-camere\/\">Case cu 4 camere de vanzare Bucure\u0219ti<\/a><\/li>\n<\/ul>\n\n<!-- ngfb content-buttons begin -->\n<!-- generated on 2026-05-01T02:33:21+00:00 -->\n<div class=\"ngfb-content-buttons\">\n<div class=\"ngfb-buttons en_US\">\n<!-- Email Button --><div class=\"css-button email-button\">\n  <a href=\"mailto:?subject=Share:%20Cas%C4%83%20de%20V%C3%A2nzare%20%C3%AEn%20Inima%20Centrului%20Istoric%20%26%238211%3B%204%20Camere%2C%20Curte%20Proprie%2C%20Zona%20Gradina%20Icoanei&body=Bucure%C8%99ti%20-%20De%20v%C3%A2nzare%20cas%C4%83%20cu%204%20camere%20%C3%AEn%20Centrul%20Bucure%C8%99tiului%2C%20zona%20Gradina%20Icoanei%2C%20aproape%20de%20parcuri%20%C8%99i%20servicii.%20Proprietatea%20include%20demisol%2C%20parter%2C%20pod%2C%204%20locuri%20parcare%20%C8%99i%20curte%20de%20152mp.%20Ideal%C4%83%20pentru%20reziden%C8%9Bial%20sau%20birouri%2C%20cu%20acces%20facil%20la%20transport%20%C8%99i%20facilit%C4%83%C8%9Bi%20urbane.%0D%0A%0D%0AShared%20from%20https:\/\/propertybook.ro\/blog\/casa-de-vanzare-in-inima-centrului-istoric-4-camere-curte-proprie-zona-gradina-icoanei\/%0D%0A\">\n    <span class=\"ngfb-icon\">\n      <svg xmlns=\"http:\/\/www.w3.org\/2000\/svg\" width=\"9\" height=\"9\" viewBox=\"0 0 28 28\">\n        <path d=\"M20.11 26.147c-2.335 1.05-4.36 1.4-7.124 1.4C6.524 27.548.84 22.916.84 15.284.84 7.343 6.602.45 15.4.45c6.854 0 11.8 4.7 11.8 11.252 0 5.684-3.193 9.265-7.398 9.3-1.83 0-3.153-.934-3.347-2.997h-.077c-1.208 1.986-2.96 2.997-5.023 2.997-2.532 0-4.36-1.868-4.36-5.062 0-4.75 3.503-9.07 9.11-9.07 1.713 0 3.7.4 4.6.972l-1.17 7.203c-.387 2.298-.115 3.3 1 3.4 1.674 0 3.774-2.102 3.774-6.58 0-5.06-3.27-8.994-9.304-8.994C9.05 2.87 3.83 7.545 3.83 14.97c0 6.5 4.2 10.2 10 10.202 1.987 0 4.09-.43 5.647-1.245l.634 2.22zM16.647 10.1c-.31-.078-.7-.155-1.207-.155-2.572 0-4.596 2.53-4.596 5.53 0 1.5.7 2.4 1.9 2.4 1.44 0 2.96-1.83 3.31-4.088l.592-3.72z\" \/>\n      <\/svg>\n    <\/span>\n    <span class=\"ngfb-text\"><\/span>\n  <\/a>\n<\/div><\/div><!-- .ngfb-buttons.en_US -->\n<\/div><!-- .ngfb-content-buttons -->\n<!-- ngfb content-buttons end -->\n\n","protected":false},"excerpt":{"rendered":"<p>Bucure\u0219ti &#8211; De v\u00e2nzare cas\u0103 cu 4 camere \u00een Centrul Bucure\u0219tiului, zona Gradina Icoanei, aproape de parcuri \u0219i servicii. Proprietatea include demisol, parter, pod, 4 locuri parcare \u0219i curte de 152mp. Ideal\u0103 pentru reziden\u021bial sau birouri, cu acces facil la transport \u0219i facilit\u0103\u021bi urbane.<\/p>\n","protected":false},"author":8,"featured_media":1426,"comment_status":"open","ping_status":"open","sticky":false,"template":"","format":"standard","meta":{"footnotes":""},"categories":[49,53,47],"tags":[93,244,89,70,85],"class_list":["post-1427","post","type-post","status-publish","format-standard","has-post-thumbnail","hentry","category-oferte-imobiliare-bucuresti","category-case-de-vanzare-bucuresti","category-oferte","tag-4-camere","tag-an-const-1911","tag-bucuresti","tag-parchet","tag-termopane"],"_links":{"self":[{"href":"https:\/\/propertybook.ro\/blog\/wp-json\/wp\/v2\/posts\/1427","targetHints":{"allow":["GET"]}}],"collection":[{"href":"https:\/\/propertybook.ro\/blog\/wp-json\/wp\/v2\/posts"}],"about":[{"href":"https:\/\/propertybook.ro\/blog\/wp-json\/wp\/v2\/types\/post"}],"author":[{"embeddable":true,"href":"https:\/\/propertybook.ro\/blog\/wp-json\/wp\/v2\/users\/8"}],"replies":[{"embeddable":true,"href":"https:\/\/propertybook.ro\/blog\/wp-json\/wp\/v2\/comments?post=1427"}],"version-history":[{"count":0,"href":"https:\/\/propertybook.ro\/blog\/wp-json\/wp\/v2\/posts\/1427\/revisions"}],"wp:featuredmedia":[{"embeddable":true,"href":"https:\/\/propertybook.ro\/blog\/wp-json\/wp\/v2\/media\/1426"}],"wp:attachment":[{"href":"https:\/\/propertybook.ro\/blog\/wp-json\/wp\/v2\/media?parent=1427"}],"wp:term":[{"taxonomy":"category","embeddable":true,"href":"https:\/\/propertybook.ro\/blog\/wp-json\/wp\/v2\/categories?post=1427"},{"taxonomy":"post_tag","embeddable":true,"href":"https:\/\/propertybook.ro\/blog\/wp-json\/wp\/v2\/tags?post=1427"}],"curies":[{"name":"wp","href":"https:\/\/api.w.org\/{rel}","templated":true}]}}