{"id":1429,"date":"2024-03-14T19:44:53","date_gmt":"2024-03-14T17:44:53","guid":{"rendered":"https:\/\/propertybook.ro\/blog\/apartament-modern-cu-2-camere-si-parcare-zona-platinia-manastur\/"},"modified":"2024-03-14T19:44:53","modified_gmt":"2024-03-14T17:44:53","slug":"apartament-modern-cu-2-camere-si-parcare-zona-platinia-manastur","status":"publish","type":"post","link":"https:\/\/propertybook.ro\/blog\/apartament-modern-cu-2-camere-si-parcare-zona-platinia-manastur\/","title":{"rendered":"Apartament Modern cu 2 Camere \u0219i Parcare, Zona Platinia Manastur"},"content":{"rendered":"\n<!-- ngfb content-buttons begin -->\n<!-- generated on 2026-05-01T02:29:33+00:00 -->\n<div class=\"ngfb-content-buttons\">\n<div class=\"ngfb-buttons en_US\">\n<!-- Email Button --><div class=\"css-button email-button\">\n  <a href=\"mailto:?subject=Share:%20Apartament%20Modern%20cu%202%20Camere%20%C8%99i%20Parcare%2C%20Zona%20Platinia%20Manastur&body=Cluj-Napoca%2C%20M%C4%83n%C4%83%C8%99tur%20-%20De%20v%C3%A2nzare%20apartament%20cu%202%20camere%20%C3%AEn%20Manastur%2C%20etajul%202%2F5%2C%2057%20mp%20utili%3A%20living%20cu%20buc%C4%83t%C4%83rie%20deschis%C4%83%2C%20dormitor%2C%20baie%2C%20hol%20%C8%99i%20teras%C4%83.%20Finisat%20modern%2C%20cu%20parchet%2C%20tapet%2C%20PVC%2C%20u%C8%99i%20de%20lemn%2C%20usa%20metalic%C4%83%2C%20gresie%20%C8%99i%20faian%C8%9B%C4%83%20%C3%AEn%20zonele%20umede.%20Confort%20termic%20prin%20centrala%20proprie%20%C8%99i%20aer%20condi%C8%9Bionat.%20Include%20loc%20de%20parcare%20subteran.%0D%0A%0D%0AShared%20from%20https:\/\/propertybook.ro\/blog\/apartament-modern-cu-2-camere-si-parcare-zona-platinia-manastur\/%0D%0A\">\n    <span class=\"ngfb-icon\">\n      <svg xmlns=\"http:\/\/www.w3.org\/2000\/svg\" width=\"9\" height=\"9\" viewBox=\"0 0 28 28\">\n        <path d=\"M20.11 26.147c-2.335 1.05-4.36 1.4-7.124 1.4C6.524 27.548.84 22.916.84 15.284.84 7.343 6.602.45 15.4.45c6.854 0 11.8 4.7 11.8 11.252 0 5.684-3.193 9.265-7.398 9.3-1.83 0-3.153-.934-3.347-2.997h-.077c-1.208 1.986-2.96 2.997-5.023 2.997-2.532 0-4.36-1.868-4.36-5.062 0-4.75 3.503-9.07 9.11-9.07 1.713 0 3.7.4 4.6.972l-1.17 7.203c-.387 2.298-.115 3.3 1 3.4 1.674 0 3.774-2.102 3.774-6.58 0-5.06-3.27-8.994-9.304-8.994C9.05 2.87 3.83 7.545 3.83 14.97c0 6.5 4.2 10.2 10 10.202 1.987 0 4.09-.43 5.647-1.245l.634 2.22zM16.647 10.1c-.31-.078-.7-.155-1.207-.155-2.572 0-4.596 2.53-4.596 5.53 0 1.5.7 2.4 1.9 2.4 1.44 0 2.96-1.83 3.31-4.088l.592-3.72z\" \/>\n      <\/svg>\n    <\/span>\n    <span class=\"ngfb-text\"><\/span>\n  <\/a>\n<\/div><\/div><!-- .ngfb-buttons.en_US -->\n<\/div><!-- .ngfb-content-buttons -->\n<!-- ngfb content-buttons end -->\n\n<figure class=\"wp-block-image size-large\"><img decoding=\"async\" src=\"https:\/\/cdn.propertybook.ro\/napoca_imobiliare\/141873.webp\" alt=\"\" \/><\/figure>\n<ul>\n<li><a href=\"\/cluj-napoca\/\">Imobiliare Cluj-Napoca<\/a><\/li>\n<li><a href=\"\/cluj-napoca\/apartamente-vanzare\/\">Apartamente de vanzare Cluj-Napoca<\/a><\/li>\n<li><a href=\"\/cluj-napoca\/apartamente-vanzare\/2-camere\/\">Apartamente cu 2 camere de vanzare Cluj-Napoca<\/a><\/li>\n<li><a href=\"\/cluj-napoca\/apartamente-vanzare\/manastur\/2-camere\/\">Apartamente cu 2 camere de vanzare M\u0103n\u0103\u0219tur, Cluj-Napoca<\/a><\/li>\n<\/ul>\n<p><a href=\"\/cluj-napoca\/imobiliare-25-141873-de-vanzare-apartament-2-camere-in-manastur\/\" class=\"pb-listing-action\">Detaliile proprietatii<\/a><\/p>\n<p><h2 class=\"wp-block-heading\">Descoper\u0103 Comoditatea Urban\u0103: O Nou\u0103 Defini\u021bie a Confortului \u00een Inima Manasturului<\/h2>\n<p>Cau\u021bi o locuin\u021b\u0103 care s\u0103 \u00eembine armonios confortul, stilul \u0219i accesibilitatea? Ai putea s\u0103 deschizi o nou\u0103 pagin\u0103 \u00een cartea vie\u021bii tale \u00eentr-un apartament cu 2 camere aflat \u00een inima cartierului Manastur, unui dintre cele mai dorite cartiere reziden\u021biale din Cluj-Napoca.<\/p>\n<p><h2 class=\"wp-block-heading\">Arhitectur\u0103 Modern\u0103 \u0219i Confort Superior<\/h2>\n<p>Imaginile \u00eencep s\u0103 prind\u0103 contur de la primul pas \u00een acest apartament modern, situat la etajul 2 al unui imobil nou cu 5 nivele. E\u0219ti \u00eent\u00e2mpinat de o construc\u021bie ce \u00eembin\u0103 elegan\u021ba cu cele mai noi tendin\u021be \u00een materie de arhitectur\u0103 reziden\u021bial\u0103, \u00eentr-o zon\u0103 semi-central\u0103 a ora\u0219ului. Strategia arhitectural\u0103 a fost g\u00e2ndit\u0103 pentru cei ce caut\u0103 lini\u0219tea \u0219i intimitatea, reu\u0219ind prin pozi\u021bionarea strategic\u0103 a imobilului s\u0103 ofere o retragere fa\u021b\u0103 de agita\u021bia urban\u0103, f\u0103r\u0103 a compromite accesul la facilit\u0103\u021bile moderne.<\/p>\n<p><h2 class=\"wp-block-heading\">Un Spa\u021biu ce R\u0103spunde Nevoilor Tale<\/h2>\n<p>Apartamentul de 57 mp este ingenios compartimentat, oferind un spa\u021biu optim pentru via\u021ba de zi cu zi, precum \u0219i pentru momentele de relaxare. Camera de zi, spa\u021bioas\u0103 \u0219i luminat\u0103 natural, se \u00eembin\u0103 perfect cu buc\u0103t\u0103ria deschis\u0103, cre\u00e2nd un mediu ideal pentru petrecerea timpului cu familia sau prietenii. Dormitorul este sanctuarul t\u0103u personal, un loc unde te po\u021bi retrage pentru un somn lini\u0219tit sau pentru momente de relaxare \u00een intimitate. <\/p>\n<p><h2 class=\"wp-block-heading\">Design \u0219i Finisaje Moderne<\/h2>\n<p>At\u00e2t estetica, c\u00e2t \u0219i func\u021bionalitatea se reg\u0103sesc \u00een detaliile minu\u021bioase ale finisajelor moderne. Parchetul laminat adaug\u0103 c\u0103ldur\u0103 oric\u0103rui pas, \u00een timp ce combina\u021bia dintre vopseaua lavabil\u0103 \u0219i tapet creeaz\u0103 un decor rafinat pentru pere\u021bi. Izola\u021bia termic\u0103 este asigurat\u0103 de ferestrele din PVC, iar intimitatea este garantat\u0103 de robuste\u021bea u\u0219ilor din lemn \u0219i u\u0219a metalic\u0103 de la intrare. Baia \u0219i buc\u0103t\u0103ria arat\u0103 impecabil datorit\u0103 pl\u0103cilor de gresie \u0219i faian\u021b\u0103 selectate cu gust.<\/p>\n<p><h2 class=\"wp-block-heading\">Confortul Termic Nu a Fost Niciodat\u0103 Mai Accesibil<\/h2>\n<p>Centrala proprie a imobilului \u00ee\u021bi permite s\u0103 reglezi cu precizie temperaturile din interior, iar ajutorul vine \u0219i din partea sistemului de aer condi\u021bionat pentru zilele toride de var\u0103. <\/p>\n<p><h2 class=\"wp-block-heading\">Logistic\u0103 Intelligent\u0103<\/h2>\n<p>Pentru a completa pachetul de confort \u0219i eficien\u021b\u0103, ai la dispozi\u021bie un loc de parcare subteran, pentru a te asigura c\u0103 venirea acas\u0103 va fi \u00eentotdeauna u\u0219oar\u0103 \u0219i convenabil\u0103.<\/p>\n<p><h2 class=\"wp-block-heading\">Localizare Strategic\u0103 \u00een Inima Clujului<\/h2>\n<p>Fie c\u0103 este vorba de un drum scurt p\u00e2n\u0103 la un supermarket, o vizit\u0103 la mall sau o sear\u0103 \u00een ora\u0219, totul este la doar c\u00e2\u021biva pa\u0219i distan\u021b\u0103. \u00cembin\u00e2nd \u00eemprejur\u0103rile lini\u0219tite cu accesul rapid la punctele de interes ale ora\u0219ului, acest apartament din zona Platinia reprezint\u0103 locul perfect pentru a te bucura de tot ce are de oferit via\u021ba urban\u0103.<\/p>\n<p><h2 class=\"wp-block-heading\">F\u0103 Primul Pas C\u0103tre Noul T\u0103u Acas\u0103<\/h2>\n<p>Descoper\u0103 frumuse\u021bea vie\u021bii urbane moderne \u0219i s\u0103rb\u0103tore\u0219te fiecare zi \u00een acest apartament cu 2 camere din zona Platinia. Contacteaz\u0103 pentru a programa o vizionare \u0219i ia-\u021bi timp s\u0103 sim\u021bi vibra\u021bia acestui loc ce a\u0219teapt\u0103 s\u0103 devin\u0103 acas\u0103 pentru tine. <\/p>\n<p>&#8212;<\/p>\n<p>\u00cencheiem aici acest tur al comodit\u0103\u021bii moderne, \u00een speran\u021ba c\u0103 v-am inspirat s\u0103 exploreaz\u0103\u021bi aceast\u0103 proprietate de vis. P\u00e2n\u0103 la urm\u0103, acas\u0103 nu e doar un loc&#8230; este un sentiment.<\/p>\n<p><a href=\"\/cluj-napoca\/imobiliare-25-141873-de-vanzare-apartament-2-camere-in-manastur\/\" class=\"pb-listing-action\">Stabileste o vizionare<\/a><\/p>\n<ul>\n<li><a href=\"\/cluj-napoca\/\">Imobiliare Cluj-Napoca<\/a><\/li>\n<li><a href=\"\/cluj-napoca\/apartamente-vanzare\/\">Apartamente de vanzare Cluj-Napoca<\/a><\/li>\n<li><a href=\"\/cluj-napoca\/apartamente-vanzare\/2-camere\/\">Apartamente cu 2 camere de vanzare Cluj-Napoca<\/a><\/li>\n<li><a href=\"\/cluj-napoca\/apartamente-vanzare\/manastur\/2-camere\/\">Apartamente cu 2 camere de vanzare M\u0103n\u0103\u0219tur, Cluj-Napoca<\/a><\/li>\n<\/ul>\n\n<!-- ngfb content-buttons begin -->\n<!-- generated on 2026-05-01T02:29:33+00:00 -->\n<div class=\"ngfb-content-buttons\">\n<div class=\"ngfb-buttons en_US\">\n<!-- Email Button --><div class=\"css-button email-button\">\n  <a href=\"mailto:?subject=Share:%20Apartament%20Modern%20cu%202%20Camere%20%C8%99i%20Parcare%2C%20Zona%20Platinia%20Manastur&body=Cluj-Napoca%2C%20M%C4%83n%C4%83%C8%99tur%20-%20De%20v%C3%A2nzare%20apartament%20cu%202%20camere%20%C3%AEn%20Manastur%2C%20etajul%202%2F5%2C%2057%20mp%20utili%3A%20living%20cu%20buc%C4%83t%C4%83rie%20deschis%C4%83%2C%20dormitor%2C%20baie%2C%20hol%20%C8%99i%20teras%C4%83.%20Finisat%20modern%2C%20cu%20parchet%2C%20tapet%2C%20PVC%2C%20u%C8%99i%20de%20lemn%2C%20usa%20metalic%C4%83%2C%20gresie%20%C8%99i%20faian%C8%9B%C4%83%20%C3%AEn%20zonele%20umede.%20Confort%20termic%20prin%20centrala%20proprie%20%C8%99i%20aer%20condi%C8%9Bionat.%20Include%20loc%20de%20parcare%20subteran.%0D%0A%0D%0AShared%20from%20https:\/\/propertybook.ro\/blog\/apartament-modern-cu-2-camere-si-parcare-zona-platinia-manastur\/%0D%0A\">\n    <span class=\"ngfb-icon\">\n      <svg xmlns=\"http:\/\/www.w3.org\/2000\/svg\" width=\"9\" height=\"9\" viewBox=\"0 0 28 28\">\n        <path d=\"M20.11 26.147c-2.335 1.05-4.36 1.4-7.124 1.4C6.524 27.548.84 22.916.84 15.284.84 7.343 6.602.45 15.4.45c6.854 0 11.8 4.7 11.8 11.252 0 5.684-3.193 9.265-7.398 9.3-1.83 0-3.153-.934-3.347-2.997h-.077c-1.208 1.986-2.96 2.997-5.023 2.997-2.532 0-4.36-1.868-4.36-5.062 0-4.75 3.503-9.07 9.11-9.07 1.713 0 3.7.4 4.6.972l-1.17 7.203c-.387 2.298-.115 3.3 1 3.4 1.674 0 3.774-2.102 3.774-6.58 0-5.06-3.27-8.994-9.304-8.994C9.05 2.87 3.83 7.545 3.83 14.97c0 6.5 4.2 10.2 10 10.202 1.987 0 4.09-.43 5.647-1.245l.634 2.22zM16.647 10.1c-.31-.078-.7-.155-1.207-.155-2.572 0-4.596 2.53-4.596 5.53 0 1.5.7 2.4 1.9 2.4 1.44 0 2.96-1.83 3.31-4.088l.592-3.72z\" \/>\n      <\/svg>\n    <\/span>\n    <span class=\"ngfb-text\"><\/span>\n  <\/a>\n<\/div><\/div><!-- .ngfb-buttons.en_US -->\n<\/div><!-- .ngfb-content-buttons -->\n<!-- ngfb content-buttons end -->\n\n","protected":false},"excerpt":{"rendered":"<p>Cluj-Napoca, M\u0103n\u0103\u0219tur &#8211; De v\u00e2nzare apartament cu 2 camere \u00een Manastur, etajul 2\/5, 57 mp utili: living cu buc\u0103t\u0103rie deschis\u0103, dormitor, baie, hol \u0219i teras\u0103. Finisat modern, cu parchet, tapet, PVC, u\u0219i de lemn, usa metalic\u0103, gresie \u0219i faian\u021b\u0103 \u00een zonele umede. Confort termic prin centrala proprie \u0219i aer condi\u021bionat. Include loc de parcare subteran.<\/p>\n","protected":false},"author":8,"featured_media":1428,"comment_status":"open","ping_status":"open","sticky":false,"template":"","format":"standard","meta":{"footnotes":""},"categories":[50,48,47],"tags":[62,65,91,117,123,60,70,63],"class_list":["post-1429","post","type-post","status-publish","format-standard","has-post-thumbnail","hentry","category-apartamente-de-vanzare-in-cluj-napoca","category-oferte-imobiliare-in-cluj-napoca","category-oferte","tag-2-camere","tag-centrala-termica","tag-cluj-napoca","tag-etaj-2-5","tag-manastur","tag-parcare","tag-parchet","tag-semidecomandat"],"_links":{"self":[{"href":"https:\/\/propertybook.ro\/blog\/wp-json\/wp\/v2\/posts\/1429","targetHints":{"allow":["GET"]}}],"collection":[{"href":"https:\/\/propertybook.ro\/blog\/wp-json\/wp\/v2\/posts"}],"about":[{"href":"https:\/\/propertybook.ro\/blog\/wp-json\/wp\/v2\/types\/post"}],"author":[{"embeddable":true,"href":"https:\/\/propertybook.ro\/blog\/wp-json\/wp\/v2\/users\/8"}],"replies":[{"embeddable":true,"href":"https:\/\/propertybook.ro\/blog\/wp-json\/wp\/v2\/comments?post=1429"}],"version-history":[{"count":0,"href":"https:\/\/propertybook.ro\/blog\/wp-json\/wp\/v2\/posts\/1429\/revisions"}],"wp:featuredmedia":[{"embeddable":true,"href":"https:\/\/propertybook.ro\/blog\/wp-json\/wp\/v2\/media\/1428"}],"wp:attachment":[{"href":"https:\/\/propertybook.ro\/blog\/wp-json\/wp\/v2\/media?parent=1429"}],"wp:term":[{"taxonomy":"category","embeddable":true,"href":"https:\/\/propertybook.ro\/blog\/wp-json\/wp\/v2\/categories?post=1429"},{"taxonomy":"post_tag","embeddable":true,"href":"https:\/\/propertybook.ro\/blog\/wp-json\/wp\/v2\/tags?post=1429"}],"curies":[{"name":"wp","href":"https:\/\/api.w.org\/{rel}","templated":true}]}}