{"id":1439,"date":"2024-03-15T17:44:55","date_gmt":"2024-03-15T15:44:55","guid":{"rendered":"https:\/\/propertybook.ro\/blog\/de-vanzare-apartament-de-2-camere-si-garsoniera-confortabile-in-vila-din-cartierul-floreasca\/"},"modified":"2024-03-15T17:44:55","modified_gmt":"2024-03-15T15:44:55","slug":"de-vanzare-apartament-de-2-camere-si-garsoniera-confortabile-in-vila-din-cartierul-floreasca","status":"publish","type":"post","link":"https:\/\/propertybook.ro\/blog\/de-vanzare-apartament-de-2-camere-si-garsoniera-confortabile-in-vila-din-cartierul-floreasca\/","title":{"rendered":"De V\u00e2nzare: Apartament de 2 Camere \u0219i Garsonier\u0103 Confortabile \u00een Vila din Cartierul Floreasca"},"content":{"rendered":"\n<!-- ngfb content-buttons begin -->\n<!-- generated on 2026-04-29T08:45:59+00:00 -->\n<div class=\"ngfb-content-buttons\">\n<div class=\"ngfb-buttons en_US\">\n<!-- Email Button --><div class=\"css-button email-button\">\n  <a href=\"mailto:?subject=Share:%20De%20V%C3%A2nzare%3A%20Apartament%20de%202%20Camere%20%C8%99i%20Garsonier%C4%83%20Confortabile%20%C3%AEn%20Vila%20din%20Cartierul%20Floreasca&body=Bucure%C8%99ti%2C%20Floreasca%20-%20De%20v%C3%A2nzare%2C%20apartament%20de%202%20camere%20%2850%20mp%29%20la%20etajul%201%2F2%20%C8%99i%20garsonier%C4%83%20la%20demisol%20%C3%AEn%20Floreasca%2C%20ambele%20renovate%2C%20dotate%20cu%20central%C4%83%20termic%C4%83%20%C8%99i%20climatizare.%20Confortabil%2C%20cu%20balcon%2C%20verand%C4%83%2C%20%C8%99i%20box%C4%83%20inclus%C4%83.%20Proximitate%20Parcul%20Verdi%2C%20Lacul%20Floreasca%2C%20Liceul%20C.A.Rosetti%20%C8%99i%20facilit%C4%83%C8%9Bi.%0D%0A%0D%0AShared%20from%20https:\/\/propertybook.ro\/blog\/de-vanzare-apartament-de-2-camere-si-garsoniera-confortabile-in-vila-din-cartierul-floreasca\/%0D%0A\">\n    <span class=\"ngfb-icon\">\n      <svg xmlns=\"http:\/\/www.w3.org\/2000\/svg\" width=\"9\" height=\"9\" viewBox=\"0 0 28 28\">\n        <path d=\"M20.11 26.147c-2.335 1.05-4.36 1.4-7.124 1.4C6.524 27.548.84 22.916.84 15.284.84 7.343 6.602.45 15.4.45c6.854 0 11.8 4.7 11.8 11.252 0 5.684-3.193 9.265-7.398 9.3-1.83 0-3.153-.934-3.347-2.997h-.077c-1.208 1.986-2.96 2.997-5.023 2.997-2.532 0-4.36-1.868-4.36-5.062 0-4.75 3.503-9.07 9.11-9.07 1.713 0 3.7.4 4.6.972l-1.17 7.203c-.387 2.298-.115 3.3 1 3.4 1.674 0 3.774-2.102 3.774-6.58 0-5.06-3.27-8.994-9.304-8.994C9.05 2.87 3.83 7.545 3.83 14.97c0 6.5 4.2 10.2 10 10.202 1.987 0 4.09-.43 5.647-1.245l.634 2.22zM16.647 10.1c-.31-.078-.7-.155-1.207-.155-2.572 0-4.596 2.53-4.596 5.53 0 1.5.7 2.4 1.9 2.4 1.44 0 2.96-1.83 3.31-4.088l.592-3.72z\" \/>\n      <\/svg>\n    <\/span>\n    <span class=\"ngfb-text\"><\/span>\n  <\/a>\n<\/div><\/div><!-- .ngfb-buttons.en_US -->\n<\/div><!-- .ngfb-content-buttons -->\n<!-- ngfb content-buttons end -->\n\n\n<!-- ngfb schema image for pinterest pin it button -->\n<div class=\"ngfb-schema-image-for-pinterest\" style=\"display:none;\">\n<img loading=\"lazy\" decoding=\"async\" src=\"https:\/\/propertybook.ro\/blog\/wp-content\/uploads\/2024\/03\/11018639.webp\" width=\"0\" height=\"0\" style=\"width:0;height:0;\" data-pin-description=\"Bucure\u0219ti, Floreasca - De v&acirc;nzare, apartament de 2 camere (50 mp) la etajul 1\/2 \u0219i garsonier\u0103 la demisol &icirc;n Floreasca, ambele renovate, dotate cu central\u0103 termic\u0103 \u0219i climatizare. Confortabil, cu balcon, verand\u0103, \u0219i box\u0103 inclus\u0103. Proximitate Parcul Verdi, Lacul Floreasca, Liceul C.A.Rosetti \u0219i...\" alt=\"\"\/>\n<\/div><!-- .ngfb-schema-image-for-pinterest -->\n\n<figure class=\"wp-block-image size-large\"><img decoding=\"async\" src=\"https:\/\/cdn.propertybook.ro\/svn_residentialist\/11018639.webp\" alt=\"\" \/><\/figure>\n<ul>\n<li><a href=\"\/bucuresti\/\">Imobiliare Bucure\u0219ti<\/a><\/li>\n<li><a href=\"\/bucuresti\/apartamente-vanzare\/\">Apartamente de vanzare Bucure\u0219ti<\/a><\/li>\n<li><a href=\"\/bucuresti\/apartamente-vanzare\/3-camere\/\">Apartamente cu 3 camere de vanzare Bucure\u0219ti<\/a><\/li>\n<li><a href=\"\/bucuresti\/apartamente-vanzare\/floreasca\/3-camere\/\">Apartamente cu 3 camere de vanzare Floreasca, Bucure\u0219ti<\/a><\/li>\n<\/ul>\n<p><a href=\"\/bucuresti\/imobiliare-163-11018639-vanzare-apartament-3-camere-in-sector-2-zona-floreasca\/\" class=\"pb-listing-action\">Detaliile proprietatii<\/a><\/p>\n<p><h2 class=\"wp-block-heading\">Descoperi\u021bi o Bijuterie Imobiliar\u0103 \u00een Inima Cartierului Floreasca<\/h2>\n<p>C\u0103uta\u021bi urm\u0103toarea dumneavoastr\u0103 cas\u0103 \u00eentr-unul dintre cele mai r\u00e2vnite cartiere ale Bucure\u0219tiului? Permite\u021bi-mi s\u0103 v\u0103 prezint o ofert\u0103 excep\u021bional\u0103 care combin\u0103 elegan\u021ba \u0219i confortul cu comoditatea \u0219i accesibilitatea &#8211; un apartament de 2 camere \u0219i o garsonier\u0103 \u00eenc\u00e2nt\u0103toare, situate \u00eentr-o vil\u0103 plin\u0103 de istorie din cartierul Floreasca.<\/p>\n<p><h2 class=\"wp-block-heading\">Spa\u021biu \u0219i Design se Unesc \u00een Apartamentul de 2 Camere<\/h2>\n<p>Situat convenabil la primul etaj al unei vile cochete, apartamentul de 2 camere se eviden\u021biaz\u0103 prin confortul sporit \u0219i amenaj\u0103rile interioare de bun gust. Cu o suprafa\u021b\u0103 util\u0103 de 50 de metri p\u0103tra\u021bi, spa\u021biul este optim distribuit \u0219i include o sufragerie generoas\u0103 de 17 metri p\u0103tra\u021bi, un dormitor lini\u0219tit de 13 metri p\u0103tra\u021bi, 2 debarale utile, precum \u0219i o \u00eenc\u0103pere multifunc\u021bional\u0103, fiecare cu 7 metri p\u0103tra\u021bi. Balconul, accesibil din buc\u0103t\u0103rie, adaug\u0103 \u00eenc\u0103 4 metri p\u0103tra\u021bi de spa\u021biu, \u00een timp ce veranda aduce un plus de confort cu \u00eenc\u0103 7 metri p\u0103tra\u021bi.<\/p>\n<p>Modernizat \u0219i preg\u0103tit s\u0103 v\u0103 \u00eendeplineasc\u0103 toate cerin\u021bele, apartamentul este dotat cu central\u0103 termic\u0103 de apartament Viesmann din 2024, sistem de climatizare Samsung, u\u0219\u0103 metalic\u0103, geamuri termopan, parchet masiv \u0219i u\u0219i interioare din lemn masiv. La toate acestea se adaug\u0103 gresia \u0219i faian\u021ba selectate cu grij\u0103 pentru un design armonios.<\/p>\n<p><h2 class=\"wp-block-heading\">Garsoniera: Oaza Dumneavoastr\u0103 Confortabil\u0103 la Demisol<\/h2>\n<p>Descoperi\u021bi garsoniera luminat\u0103 \u0219i primitoare, un spa\u021biu autonom care se g\u0103se\u0219te la demisolul acelea\u0219i vile. Aceasta a fost renovat\u0103 cu aten\u021bie \u00een anul 2022 \u0219i ofer\u0103 tot confortul necesar, av\u00e2nd o camer\u0103, o baie complet echipat\u0103 \u0219i o buc\u0103t\u0103rie func\u021bional\u0103. Mobilat\u0103 \u0219i utilat\u0103 complet, garsoniera este gata s\u0103 v\u0103 primeasc\u0103 de \u00eendat\u0103 ce trece\u021bi pragul.<\/p>\n<p><h2 class=\"wp-block-heading\">Durabilitate \u0219i Calitate: Investi\u021bii de Durat\u0103<\/h2>\n<p>Vila, care g\u0103zduie\u0219te cele dou\u0103 imobile, a fost subiectul unei serii de \u00eembun\u0103t\u0103\u021biri recente, inclusiv termoizola\u021bia \u0219i hidroizola\u021bia temeinice a funda\u021biei realizate \u00een 2021. Un spa\u021biu de depozitare suplimentar v\u0103 a\u0219teapt\u0103 sub forma unei boxe de 2 metri p\u0103tra\u021bi incluse \u00een pre\u021bul de achizi\u021bie.<\/p>\n<p><h2 class=\"wp-block-heading\">O Loca\u021bie Idilic\u0103 \u0219i Accesibil\u0103<\/h2>\n<p>Pozitia excep\u021bional\u0103 a casei pe str\u0103zile lini\u0219tite din Floreasca v\u0103 ofer\u0103 acces imediat la frumosul Parcul Verdi, situat doar la 30 de metri distan\u021b\u0103, Lacul Floreasca \u0219i facilit\u0103\u021bile sportive de invidiat ale Cluburilor Dinamo \u0219i Pescariu. Infrastructura bine dezvoltat\u0103 a zonei include farmacii, supermarketuri, precum \u0219i recunoscutele institu\u021bii educa\u021bionale Liceul Teoretic C.A. Rosetti \u0219i \u0218coala Gimnazial\u0103 Maria Rosetti, ce stau m\u0103rturie comunit\u0103\u021bii educate \u0219i active din jur.<\/p>\n<p>Nu rata\u021bi oportunitatea de a v\u0103 muta \u00eentr-unul dintre cele mai dorite \u0219i serene cartiere ale Capitalei, oferind un mix unic de stil, confort \u0219i comoditate. Pentru a v\u0103 bucura pe deplin de acest mic paradis urban \u0219i pentru a v\u0103 imagina via\u021ba \u00een noua dumneavoastr\u0103 cas\u0103, v\u0103 invit s\u0103 programa\u021bi o vizionare. Aceast\u0103 proprietate reprezint\u0103 mai mult dec\u00e2t un domiciliu; este un stil de via\u021b\u0103 a\u0219tept\u00e2nd s\u0103 fie descoperit.<\/p>\n<p>*Pentru detalii suplimentare \u0219i programarea unei vizion\u0103ri, v\u0103 invit s\u0103 lua\u021bi leg\u0103tura cu mine. V\u0103 stau la dispozi\u021bie pentru a v\u0103 ghida \u00een drumul spre noua dumneavoastr\u0103 adres\u0103.*<\/p>\n<p><a href=\"\/bucuresti\/imobiliare-163-11018639-vanzare-apartament-3-camere-in-sector-2-zona-floreasca\/\" class=\"pb-listing-action\">Stabileste o vizionare<\/a><\/p>\n<ul>\n<li><a href=\"\/bucuresti\/\">Imobiliare Bucure\u0219ti<\/a><\/li>\n<li><a href=\"\/bucuresti\/apartamente-vanzare\/\">Apartamente de vanzare Bucure\u0219ti<\/a><\/li>\n<li><a href=\"\/bucuresti\/apartamente-vanzare\/3-camere\/\">Apartamente cu 3 camere de vanzare Bucure\u0219ti<\/a><\/li>\n<li><a href=\"\/bucuresti\/apartamente-vanzare\/floreasca\/3-camere\/\">Apartamente cu 3 camere de vanzare Floreasca, Bucure\u0219ti<\/a><\/li>\n<\/ul>\n\n<!-- ngfb content-buttons begin -->\n<!-- generated on 2026-04-29T08:45:59+00:00 -->\n<div class=\"ngfb-content-buttons\">\n<div class=\"ngfb-buttons en_US\">\n<!-- Email Button --><div class=\"css-button email-button\">\n  <a href=\"mailto:?subject=Share:%20De%20V%C3%A2nzare%3A%20Apartament%20de%202%20Camere%20%C8%99i%20Garsonier%C4%83%20Confortabile%20%C3%AEn%20Vila%20din%20Cartierul%20Floreasca&body=Bucure%C8%99ti%2C%20Floreasca%20-%20De%20v%C3%A2nzare%2C%20apartament%20de%202%20camere%20%2850%20mp%29%20la%20etajul%201%2F2%20%C8%99i%20garsonier%C4%83%20la%20demisol%20%C3%AEn%20Floreasca%2C%20ambele%20renovate%2C%20dotate%20cu%20central%C4%83%20termic%C4%83%20%C8%99i%20climatizare.%20Confortabil%2C%20cu%20balcon%2C%20verand%C4%83%2C%20%C8%99i%20box%C4%83%20inclus%C4%83.%20Proximitate%20Parcul%20Verdi%2C%20Lacul%20Floreasca%2C%20Liceul%20C.A.Rosetti%20%C8%99i%20facilit%C4%83%C8%9Bi.%0D%0A%0D%0AShared%20from%20https:\/\/propertybook.ro\/blog\/de-vanzare-apartament-de-2-camere-si-garsoniera-confortabile-in-vila-din-cartierul-floreasca\/%0D%0A\">\n    <span class=\"ngfb-icon\">\n      <svg xmlns=\"http:\/\/www.w3.org\/2000\/svg\" width=\"9\" height=\"9\" viewBox=\"0 0 28 28\">\n        <path d=\"M20.11 26.147c-2.335 1.05-4.36 1.4-7.124 1.4C6.524 27.548.84 22.916.84 15.284.84 7.343 6.602.45 15.4.45c6.854 0 11.8 4.7 11.8 11.252 0 5.684-3.193 9.265-7.398 9.3-1.83 0-3.153-.934-3.347-2.997h-.077c-1.208 1.986-2.96 2.997-5.023 2.997-2.532 0-4.36-1.868-4.36-5.062 0-4.75 3.503-9.07 9.11-9.07 1.713 0 3.7.4 4.6.972l-1.17 7.203c-.387 2.298-.115 3.3 1 3.4 1.674 0 3.774-2.102 3.774-6.58 0-5.06-3.27-8.994-9.304-8.994C9.05 2.87 3.83 7.545 3.83 14.97c0 6.5 4.2 10.2 10 10.202 1.987 0 4.09-.43 5.647-1.245l.634 2.22zM16.647 10.1c-.31-.078-.7-.155-1.207-.155-2.572 0-4.596 2.53-4.596 5.53 0 1.5.7 2.4 1.9 2.4 1.44 0 2.96-1.83 3.31-4.088l.592-3.72z\" \/>\n      <\/svg>\n    <\/span>\n    <span class=\"ngfb-text\"><\/span>\n  <\/a>\n<\/div><\/div><!-- .ngfb-buttons.en_US -->\n<\/div><!-- .ngfb-content-buttons -->\n<!-- ngfb content-buttons end -->\n\n","protected":false},"excerpt":{"rendered":"<p>Bucure\u0219ti, Floreasca &#8211; De v\u00e2nzare, apartament de 2 camere (50 mp) la etajul 1\/2 \u0219i garsonier\u0103 la demisol \u00een Floreasca, ambele renovate, dotate cu central\u0103 termic\u0103 \u0219i climatizare. Confortabil, cu balcon, verand\u0103, \u0219i box\u0103 inclus\u0103. Proximitate Parcul Verdi, Lacul Floreasca, Liceul C.A.Rosetti \u0219i facilit\u0103\u021bi.<\/p>\n","protected":false},"author":8,"featured_media":1438,"comment_status":"open","ping_status":"open","sticky":false,"template":"","format":"standard","meta":{"footnotes":""},"categories":[52,49,47],"tags":[55,247,74,89,68,103,135,70,85],"class_list":["post-1439","post","type-post","status-publish","format-standard","has-post-thumbnail","hentry","category-apartamente-de-vanzare-bucuresti","category-oferte-imobiliare-bucuresti","category-oferte","tag-3-camere","tag-an-const-1965","tag-balcon","tag-bucuresti","tag-decomandat","tag-etaj-1-3","tag-floreasca","tag-parchet","tag-termopane"],"_links":{"self":[{"href":"https:\/\/propertybook.ro\/blog\/wp-json\/wp\/v2\/posts\/1439","targetHints":{"allow":["GET"]}}],"collection":[{"href":"https:\/\/propertybook.ro\/blog\/wp-json\/wp\/v2\/posts"}],"about":[{"href":"https:\/\/propertybook.ro\/blog\/wp-json\/wp\/v2\/types\/post"}],"author":[{"embeddable":true,"href":"https:\/\/propertybook.ro\/blog\/wp-json\/wp\/v2\/users\/8"}],"replies":[{"embeddable":true,"href":"https:\/\/propertybook.ro\/blog\/wp-json\/wp\/v2\/comments?post=1439"}],"version-history":[{"count":0,"href":"https:\/\/propertybook.ro\/blog\/wp-json\/wp\/v2\/posts\/1439\/revisions"}],"wp:featuredmedia":[{"embeddable":true,"href":"https:\/\/propertybook.ro\/blog\/wp-json\/wp\/v2\/media\/1438"}],"wp:attachment":[{"href":"https:\/\/propertybook.ro\/blog\/wp-json\/wp\/v2\/media?parent=1439"}],"wp:term":[{"taxonomy":"category","embeddable":true,"href":"https:\/\/propertybook.ro\/blog\/wp-json\/wp\/v2\/categories?post=1439"},{"taxonomy":"post_tag","embeddable":true,"href":"https:\/\/propertybook.ro\/blog\/wp-json\/wp\/v2\/tags?post=1439"}],"curies":[{"name":"wp","href":"https:\/\/api.w.org\/{rel}","templated":true}]}}