{"id":1501,"date":"2024-03-20T13:45:44","date_gmt":"2024-03-20T11:45:44","guid":{"rendered":"https:\/\/propertybook.ro\/blog\/exclusivitate-colentina-vila-premium-de-vanzare-cu-5-dormitoare-multe-facilitati-si-finisaje-de-inalta-calitate\/"},"modified":"2024-03-20T13:45:44","modified_gmt":"2024-03-20T11:45:44","slug":"exclusivitate-colentina-vila-premium-de-vanzare-cu-5-dormitoare-multe-facilitati-si-finisaje-de-inalta-calitate","status":"publish","type":"post","link":"https:\/\/propertybook.ro\/blog\/exclusivitate-colentina-vila-premium-de-vanzare-cu-5-dormitoare-multe-facilitati-si-finisaje-de-inalta-calitate\/","title":{"rendered":"Exclusivitate Colentina: Vila Premium de V\u00e2nzare cu 5 Dormitoare, Multe Facilit\u0103\u021bi \u0219i Finisaje de \u00cenalt\u0103 Calitate"},"content":{"rendered":"\n<!-- ngfb content-buttons begin -->\n<!-- generated on 2026-04-29T21:31:06+00:00 -->\n<div class=\"ngfb-content-buttons\">\n<div class=\"ngfb-buttons en_US\">\n<!-- Email Button --><div class=\"css-button email-button\">\n  <a href=\"mailto:?subject=Share:%20Exclusivitate%20Colentina%3A%20Vila%20Premium%20de%20V%C3%A2nzare%20cu%205%20Dormitoare%2C%20Multe%20Facilit%C4%83%C8%9Bi%20%C8%99i%20Finisaje%20de%20%C3%8Enalt%C4%83%20Calitate&body=Bucure%C8%99ti%2C%20Colentina%20-%20De%20v%C3%A2nzare%20vila%20premium%20%C3%AEn%20Colentina%20aproape%20de%20Dedeman%2C%20cu%205%20dormitoare%2C%205%20b%C4%83i%2C%20living%20spa%C8%9Bios%2C%20buc%C4%83t%C4%83rie%2C%204%20balcoane%20%C8%99i%20mansard%C4%83%20locuibil%C4%83.%20Inclus%20demisol%20multifunc%C8%9Bional.%20Confortul%20e%20dat%20de%20%C3%AEnc%C4%83lzire%20centralizat%C4%83%20%C8%99i%20finisaje%20de%20calitate.%20Spa%C8%9Biu%20total%20140%20mp%2Fnivel%2C%20dispus%C4%83%20pe%205%20niveluri.%20Interior%20cu%20lemn%20masiv%2C%20sistem%20de%20securitate%2C%20ideal%C4%83%20pentru%20reziden%C8%9Bial%20sau%20comercial.%0D%0A%0D%0AShared%20from%20https:\/\/propertybook.ro\/blog\/exclusivitate-colentina-vila-premium-de-vanzare-cu-5-dormitoare-multe-facilitati-si-finisaje-de-inalta-calitate\/%0D%0A\">\n    <span class=\"ngfb-icon\">\n      <svg xmlns=\"http:\/\/www.w3.org\/2000\/svg\" width=\"9\" height=\"9\" viewBox=\"0 0 28 28\">\n        <path d=\"M20.11 26.147c-2.335 1.05-4.36 1.4-7.124 1.4C6.524 27.548.84 22.916.84 15.284.84 7.343 6.602.45 15.4.45c6.854 0 11.8 4.7 11.8 11.252 0 5.684-3.193 9.265-7.398 9.3-1.83 0-3.153-.934-3.347-2.997h-.077c-1.208 1.986-2.96 2.997-5.023 2.997-2.532 0-4.36-1.868-4.36-5.062 0-4.75 3.503-9.07 9.11-9.07 1.713 0 3.7.4 4.6.972l-1.17 7.203c-.387 2.298-.115 3.3 1 3.4 1.674 0 3.774-2.102 3.774-6.58 0-5.06-3.27-8.994-9.304-8.994C9.05 2.87 3.83 7.545 3.83 14.97c0 6.5 4.2 10.2 10 10.202 1.987 0 4.09-.43 5.647-1.245l.634 2.22zM16.647 10.1c-.31-.078-.7-.155-1.207-.155-2.572 0-4.596 2.53-4.596 5.53 0 1.5.7 2.4 1.9 2.4 1.44 0 2.96-1.83 3.31-4.088l.592-3.72z\" \/>\n      <\/svg>\n    <\/span>\n    <span class=\"ngfb-text\"><\/span>\n  <\/a>\n<\/div><\/div><!-- .ngfb-buttons.en_US -->\n<\/div><!-- .ngfb-content-buttons -->\n<!-- ngfb content-buttons end -->\n\n\n<!-- ngfb schema image for pinterest pin it button -->\n<div class=\"ngfb-schema-image-for-pinterest\" style=\"display:none;\">\n<img loading=\"lazy\" decoding=\"async\" src=\"https:\/\/propertybook.ro\/blog\/wp-content\/uploads\/2024\/03\/22003720.webp\" width=\"0\" height=\"0\" style=\"width:0;height:0;\" data-pin-description=\"Bucure\u0219ti, Colentina - De v&acirc;nzare vila premium &icirc;n Colentina aproape de Dedeman, cu 5 dormitoare, 5 b\u0103i, living spa\u021bios, buc\u0103t\u0103rie, 4 balcoane \u0219i mansard\u0103 locuibil\u0103. Inclus demisol multifunc\u021bional. Confortul e dat de &icirc;nc\u0103lzire centralizat\u0103 \u0219i finisaje de calitate. Spa\u021biu total 140 mp\/nivel...\" alt=\"\"\/>\n<\/div><!-- .ngfb-schema-image-for-pinterest -->\n\n<figure class=\"wp-block-image size-large\"><img decoding=\"async\" src=\"https:\/\/cdn.propertybook.ro\/svn_residentialist\/22003720.webp\" alt=\"\" \/><\/figure>\n<ul>\n<li><a href=\"\/bucuresti\/\">Imobiliare Bucure\u0219ti<\/a><\/li>\n<li><a href=\"\/bucuresti\/case-vanzare\/\">Case de vanzare Bucure\u0219ti<\/a><\/li>\n<li><a href=\"\/bucuresti\/case-vanzare\/7-camere\/\">Case cu 7 camere de vanzare Bucure\u0219ti<\/a><\/li>\n<li><a href=\"\/bucuresti\/case-vanzare\/colentina\/7-camere\/\">Case cu 7 camere de vanzare Colentina, Bucure\u0219ti<\/a><\/li>\n<\/ul>\n<p><a href=\"\/bucuresti\/imobiliare-163-22003720-se-vinde-casa-7-camere-in-sector-2-zona-colentina\/\" class=\"pb-listing-action\">Detaliile proprietatii<\/a><\/p>\n<p><h2 class=\"wp-block-heading\">Descoperi\u021bi Elegan\u021ba \u0219i Confortul: O Vil\u0103 Premium \u00een Cartierul Colentina<\/h2>\n<p>Dac\u0103 visul vostru a fost \u00eentotdeauna acela de a v\u0103 trezi \u00eentr-o locuin\u021b\u0103 care combin\u0103 elegan\u021ba cu spa\u021biul generos, avem \u0219tiri excelente pentru voi. Ast\u0103zi, v\u0103 facem cuno\u0219tin\u021b\u0103 cu o proprietate care nu este doar o locuin\u021b\u0103, ci un sanctuar de confort \u0219i lux situat \u00een cartierul Colentina, chiar \u00een apropierea zonelor comerciale de interes, precum complexul Dedeman.<\/p>\n<p>Cu o arhitectur\u0103 sofisticat\u0103 \u0219i finisaje de \u00eenalt\u0103 calitate, aceast\u0103 vil\u0103 reprezint\u0103 apogeul vie\u021bii urbane \u00eentr-un cadru lini\u0219tit. \u00cen aceast\u0103 proprietate, fiecare detaliu a fost atent planificat \u0219i executat pentru a asigura un stil de via\u021b\u0103 f\u0103r\u0103 compromisuri.<\/p>\n<p><h2 class=\"wp-block-heading\">Un Tur de For\u021b\u0103 al Spa\u021biului \u0219i Luminii<\/h2>\n<p>Imediat ce p\u0103\u0219i\u021bi \u00een interior, ve\u021bi fi \u00eent\u00e2mpina\u021bi de un living grandios, care ofer\u0103 un spa\u021biu ideal pentru a v\u0103 relaxa sau a v\u0103 distra al\u0103turi de prieteni \u0219i familie. O amploare de 78 mp v\u0103 st\u0103 la dispozi\u021bie, cu ferestre mari care b\u0103nuiesc \u00eenc\u0103perea \u00een lumin\u0103 natural\u0103 \u0219i ofer\u0103 o atmosfer\u0103 cald\u0103 \u0219i primitoare.<\/p>\n<p>Proprietatea se \u00eentinde pe o suprafa\u021b\u0103 generoas\u0103, fiecare dintre cele 5 niveluri (demisol, parter \u0219i dou\u0103 etaje, plus mansarda locuibil\u0103) av\u00e2nd c\u00e2te 140 mp construi\u021bi. Imagina\u021bi-v\u0103 posibilit\u0103\u021bile \u2013 fie c\u0103 este vorba de organizarea unei petreceri la parter sau savurarea unei dimine\u021bi lini\u0219tite \u00eentr-unul dintre cele cinci dormitoare.<\/p>\n<p><h2 class=\"wp-block-heading\">Intimitate \u0219i Confort<\/h2>\n<p>La etajele superioare, intimitatea este cuv\u00e2ntul de ordine, fiecare nivel dispun\u00e2nd de c\u00e2te dou\u0103 dormitoare \u0219i dou\u0103 b\u0103i, finisate cu gresie, faian\u021b\u0103 \u0219i obiecte sanitare selectate pentru durabilitate \u0219i estetic\u0103. Lemnul masiv care placheaz\u0103 holurile \u0219i camerele, \u00eempreun\u0103 cu u\u0219ile din material similar, confer\u0103 un aer nobil \u0219i o senza\u021bie de c\u0103ldur\u0103.<\/p>\n<p><h2 class=\"wp-block-heading\">Mai Mult Dec\u00e2t O Simpl\u0103 Vil\u0103<\/h2>\n<p>Demisolul ofer\u0103 un spa\u021biu versatil care poate fi utilizat at\u00e2t ca garaj, put\u00e2nd ad\u0103posti mai multe vehicule, c\u00e2t \u0219i ca spa\u021biu de depozitare, \u00een func\u021bie de nevoile dumneavoastr\u0103. Cu un acces auto facil, acesta adaug\u0103 un plus de valoare acestei propriet\u0103\u021bi stellar.<\/p>\n<p>Mansarda deschide noi perspective, cu un spa\u021biu aproximativ de 90 mp, g\u00e2ndit pentru a oferi un col\u021b de relaxare, un atelier artistic sau un spa\u021biu de lucru.<\/p>\n<p><h2 class=\"wp-block-heading\">Proiectat\u0103 Pentru a V\u0103 Sim\u021bi \u00cen Siguran\u021b\u0103<\/h2>\n<p>Pentru cei care pun pre\u021b pe securitate, proprietatea este dotat\u0103 cu un avansat sistem de monitorizare video \u0219i un sistem de alarm\u0103, asigur\u00e2ndu-v\u0103 pacea min\u021bii pe tot parcursul zilei \u0219i al nop\u021bii.<\/p>\n<p><h2 class=\"wp-block-heading\">Potrivirea Perfect\u0103 Pentru Familia Dumneavoastr\u0103 sau Pentru Afacerea de M\u00e2ine<\/h2>\n<p>Aceast\u0103 proprietate nu numai c\u0103 serve\u0219te ca un sanctuar familial, dar are poten\u021bialul s\u0103 g\u0103zduiasc\u0103 diferite afaceri, oferind clien\u021bilor sau angaja\u021bilor un mediu de lucru de invidiat.<\/p>\n<p>V\u0103 invit\u0103m s\u0103 explora\u021bi aceast\u0103 vil\u0103 premium \u0219i s\u0103 descoperi\u021bi cum arat\u0103 acas\u0103 pentru cei care nu se mul\u021bumesc cu nimic mai pu\u021bin de excep\u021bional. Pentru mai multe detalii \u00een leg\u0103tur\u0103 cu aceast\u0103 frumoas\u0103 proprietate, v\u0103 \u00eencuraj\u0103m s\u0103 ne contacta\u021bi. Vom fi bucuro\u0219i s\u0103 v\u0103 ghid\u0103m prin acest templu al confortului \u0219i s\u0103 r\u0103spundem la toate \u00eentreb\u0103rile dumneavoastr\u0103.<\/p>\n<p>Realiz\u00e2nd c\u0103 niciun cuv\u00e2nt nu poate \u00eenlocui experien\u021ba de a vizita \u0219i a sim\u021bi energia acestei vile, a\u0219tept\u0103m cu ner\u0103bdare s\u0103 v\u0103 organiz\u0103m o vizionare privat\u0103. Fie c\u0103 sunte\u021bi \u00een c\u0103utarea unei case noi sau a unui spa\u021biu pentru afacerea dumneavoastr\u0103, aceast\u0103 proprietate merit\u0103 f\u0103r\u0103 \u00eendoial\u0103 toat\u0103 aten\u021bia voastr\u0103.<\/p>\n<p><a href=\"\/bucuresti\/imobiliare-163-22003720-se-vinde-casa-7-camere-in-sector-2-zona-colentina\/\" class=\"pb-listing-action\">Stabileste o vizionare<\/a><\/p>\n<ul>\n<li><a href=\"\/bucuresti\/\">Imobiliare Bucure\u0219ti<\/a><\/li>\n<li><a href=\"\/bucuresti\/case-vanzare\/\">Case de vanzare Bucure\u0219ti<\/a><\/li>\n<li><a href=\"\/bucuresti\/case-vanzare\/7-camere\/\">Case cu 7 camere de vanzare Bucure\u0219ti<\/a><\/li>\n<li><a href=\"\/bucuresti\/case-vanzare\/colentina\/7-camere\/\">Case cu 7 camere de vanzare Colentina, Bucure\u0219ti<\/a><\/li>\n<\/ul>\n\n<!-- ngfb content-buttons begin -->\n<!-- generated on 2026-04-29T21:31:06+00:00 -->\n<div class=\"ngfb-content-buttons\">\n<div class=\"ngfb-buttons en_US\">\n<!-- Email Button --><div class=\"css-button email-button\">\n  <a href=\"mailto:?subject=Share:%20Exclusivitate%20Colentina%3A%20Vila%20Premium%20de%20V%C3%A2nzare%20cu%205%20Dormitoare%2C%20Multe%20Facilit%C4%83%C8%9Bi%20%C8%99i%20Finisaje%20de%20%C3%8Enalt%C4%83%20Calitate&body=Bucure%C8%99ti%2C%20Colentina%20-%20De%20v%C3%A2nzare%20vila%20premium%20%C3%AEn%20Colentina%20aproape%20de%20Dedeman%2C%20cu%205%20dormitoare%2C%205%20b%C4%83i%2C%20living%20spa%C8%9Bios%2C%20buc%C4%83t%C4%83rie%2C%204%20balcoane%20%C8%99i%20mansard%C4%83%20locuibil%C4%83.%20Inclus%20demisol%20multifunc%C8%9Bional.%20Confortul%20e%20dat%20de%20%C3%AEnc%C4%83lzire%20centralizat%C4%83%20%C8%99i%20finisaje%20de%20calitate.%20Spa%C8%9Biu%20total%20140%20mp%2Fnivel%2C%20dispus%C4%83%20pe%205%20niveluri.%20Interior%20cu%20lemn%20masiv%2C%20sistem%20de%20securitate%2C%20ideal%C4%83%20pentru%20reziden%C8%9Bial%20sau%20comercial.%0D%0A%0D%0AShared%20from%20https:\/\/propertybook.ro\/blog\/exclusivitate-colentina-vila-premium-de-vanzare-cu-5-dormitoare-multe-facilitati-si-finisaje-de-inalta-calitate\/%0D%0A\">\n    <span class=\"ngfb-icon\">\n      <svg xmlns=\"http:\/\/www.w3.org\/2000\/svg\" width=\"9\" height=\"9\" viewBox=\"0 0 28 28\">\n        <path d=\"M20.11 26.147c-2.335 1.05-4.36 1.4-7.124 1.4C6.524 27.548.84 22.916.84 15.284.84 7.343 6.602.45 15.4.45c6.854 0 11.8 4.7 11.8 11.252 0 5.684-3.193 9.265-7.398 9.3-1.83 0-3.153-.934-3.347-2.997h-.077c-1.208 1.986-2.96 2.997-5.023 2.997-2.532 0-4.36-1.868-4.36-5.062 0-4.75 3.503-9.07 9.11-9.07 1.713 0 3.7.4 4.6.972l-1.17 7.203c-.387 2.298-.115 3.3 1 3.4 1.674 0 3.774-2.102 3.774-6.58 0-5.06-3.27-8.994-9.304-8.994C9.05 2.87 3.83 7.545 3.83 14.97c0 6.5 4.2 10.2 10 10.202 1.987 0 4.09-.43 5.647-1.245l.634 2.22zM16.647 10.1c-.31-.078-.7-.155-1.207-.155-2.572 0-4.596 2.53-4.596 5.53 0 1.5.7 2.4 1.9 2.4 1.44 0 2.96-1.83 3.31-4.088l.592-3.72z\" \/>\n      <\/svg>\n    <\/span>\n    <span class=\"ngfb-text\"><\/span>\n  <\/a>\n<\/div><\/div><!-- .ngfb-buttons.en_US -->\n<\/div><!-- .ngfb-content-buttons -->\n<!-- ngfb content-buttons end -->\n\n","protected":false},"excerpt":{"rendered":"<p>Bucure\u0219ti, Colentina &#8211; De v\u00e2nzare vila premium \u00een Colentina aproape de Dedeman, cu 5 dormitoare, 5 b\u0103i, living spa\u021bios, buc\u0103t\u0103rie, 4 balcoane \u0219i mansard\u0103 locuibil\u0103. Inclus demisol multifunc\u021bional. Confortul e dat de \u00eenc\u0103lzire centralizat\u0103 \u0219i finisaje de calitate. Spa\u021biu total 140 mp\/nivel, dispus\u0103 pe 5 niveluri. Interior cu lemn masiv, sistem de securitate, ideal\u0103 pentru reziden\u021bial sau comercial.<\/p>\n","protected":false},"author":8,"featured_media":1500,"comment_status":"open","ping_status":"open","sticky":false,"template":"","format":"standard","meta":{"footnotes":""},"categories":[49,53,47],"tags":[193,176,255,89,147,70,85],"class_list":["post-1501","post","type-post","status-publish","format-standard","has-post-thumbnail","hentry","category-oferte-imobiliare-bucuresti","category-case-de-vanzare-bucuresti","category-oferte","tag-4-balcoane","tag-7-camere","tag-an-const-2015","tag-bucuresti","tag-colentina","tag-parchet","tag-termopane"],"_links":{"self":[{"href":"https:\/\/propertybook.ro\/blog\/wp-json\/wp\/v2\/posts\/1501","targetHints":{"allow":["GET"]}}],"collection":[{"href":"https:\/\/propertybook.ro\/blog\/wp-json\/wp\/v2\/posts"}],"about":[{"href":"https:\/\/propertybook.ro\/blog\/wp-json\/wp\/v2\/types\/post"}],"author":[{"embeddable":true,"href":"https:\/\/propertybook.ro\/blog\/wp-json\/wp\/v2\/users\/8"}],"replies":[{"embeddable":true,"href":"https:\/\/propertybook.ro\/blog\/wp-json\/wp\/v2\/comments?post=1501"}],"version-history":[{"count":0,"href":"https:\/\/propertybook.ro\/blog\/wp-json\/wp\/v2\/posts\/1501\/revisions"}],"wp:featuredmedia":[{"embeddable":true,"href":"https:\/\/propertybook.ro\/blog\/wp-json\/wp\/v2\/media\/1500"}],"wp:attachment":[{"href":"https:\/\/propertybook.ro\/blog\/wp-json\/wp\/v2\/media?parent=1501"}],"wp:term":[{"taxonomy":"category","embeddable":true,"href":"https:\/\/propertybook.ro\/blog\/wp-json\/wp\/v2\/categories?post=1501"},{"taxonomy":"post_tag","embeddable":true,"href":"https:\/\/propertybook.ro\/blog\/wp-json\/wp\/v2\/tags?post=1501"}],"curies":[{"name":"wp","href":"https:\/\/api.w.org\/{rel}","templated":true}]}}