{"id":1593,"date":"2024-03-26T13:45:14","date_gmt":"2024-03-26T11:45:14","guid":{"rendered":"https:\/\/propertybook.ro\/blog\/apartament-exclusivist-3-camere-cu-terasa-si-loc-de-parcare-smaranda-braescu-residence-zona-aviatiei\/"},"modified":"2024-03-26T13:45:14","modified_gmt":"2024-03-26T11:45:14","slug":"apartament-exclusivist-3-camere-cu-terasa-si-loc-de-parcare-smaranda-braescu-residence-zona-aviatiei","status":"publish","type":"post","link":"https:\/\/propertybook.ro\/blog\/apartament-exclusivist-3-camere-cu-terasa-si-loc-de-parcare-smaranda-braescu-residence-zona-aviatiei\/","title":{"rendered":"Apartament Exclusivist 3 Camere cu Teras\u0103 \u0219i Loc de Parcare &#8211; Smaranda Braescu Residence, Zona Avia\u021biei"},"content":{"rendered":"\n<!-- ngfb content-buttons begin -->\n<!-- generated on 2026-05-01T11:39:19+00:00 -->\n<div class=\"ngfb-content-buttons\">\n<div class=\"ngfb-buttons en_US\">\n<!-- Email Button --><div class=\"css-button email-button\">\n  <a href=\"mailto:?subject=Share:%20Apartament%20Exclusivist%203%20Camere%20cu%20Teras%C4%83%20%C8%99i%20Loc%20de%20Parcare%20%26%238211%3B%20Smaranda%20Braescu%20Residence%2C%20Zona%20Avia%C8%9Biei&body=Bucure%C8%99ti%2C%20Avia%C8%9Biei%20-%20Apartament%20cu%203%20camere%20la%20etajul%201%2F6%2C%20construit%20%C3%AEn%202018%2C%2079%20mp%2C%20decomandat%20cu%20living%2C%20bucatarie%20open%20space%2C%202%20dormitoare%2C%202%20b%C4%83i%2C%20teras%C4%83%20%C3%AEnchis%C4%83.%20Finisaje%20de%20calitate%2C%20par%C8%9Bial%20mobilat%2C%20cu%20loc%20parcare%20subteran.%20Zona%20Avia%C8%9Biei%2C%20aproape%20de%20metrou%2C%20mall%20Promenada%2C%20restaurante.%20Certificat%20energetic%20disponibil%20la%20v%C3%A2nzare.%0D%0A%0D%0AShared%20from%20https:\/\/propertybook.ro\/blog\/apartament-exclusivist-3-camere-cu-terasa-si-loc-de-parcare-smaranda-braescu-residence-zona-aviatiei\/%0D%0A\">\n    <span class=\"ngfb-icon\">\n      <svg xmlns=\"http:\/\/www.w3.org\/2000\/svg\" width=\"9\" height=\"9\" viewBox=\"0 0 28 28\">\n        <path d=\"M20.11 26.147c-2.335 1.05-4.36 1.4-7.124 1.4C6.524 27.548.84 22.916.84 15.284.84 7.343 6.602.45 15.4.45c6.854 0 11.8 4.7 11.8 11.252 0 5.684-3.193 9.265-7.398 9.3-1.83 0-3.153-.934-3.347-2.997h-.077c-1.208 1.986-2.96 2.997-5.023 2.997-2.532 0-4.36-1.868-4.36-5.062 0-4.75 3.503-9.07 9.11-9.07 1.713 0 3.7.4 4.6.972l-1.17 7.203c-.387 2.298-.115 3.3 1 3.4 1.674 0 3.774-2.102 3.774-6.58 0-5.06-3.27-8.994-9.304-8.994C9.05 2.87 3.83 7.545 3.83 14.97c0 6.5 4.2 10.2 10 10.202 1.987 0 4.09-.43 5.647-1.245l.634 2.22zM16.647 10.1c-.31-.078-.7-.155-1.207-.155-2.572 0-4.596 2.53-4.596 5.53 0 1.5.7 2.4 1.9 2.4 1.44 0 2.96-1.83 3.31-4.088l.592-3.72z\" \/>\n      <\/svg>\n    <\/span>\n    <span class=\"ngfb-text\"><\/span>\n  <\/a>\n<\/div><\/div><!-- .ngfb-buttons.en_US -->\n<\/div><!-- .ngfb-content-buttons -->\n<!-- ngfb content-buttons end -->\n\n\n<!-- ngfb schema image for pinterest pin it button -->\n<div class=\"ngfb-schema-image-for-pinterest\" style=\"display:none;\">\n<img loading=\"lazy\" decoding=\"async\" src=\"https:\/\/propertybook.ro\/blog\/wp-content\/uploads\/2024\/03\/11019045.webp\" width=\"0\" height=\"0\" style=\"width:0;height:0;\" data-pin-description=\"Bucure\u0219ti, Avia\u021biei - Apartament cu 3 camere la etajul 1\/6, construit &icirc;n 2018, 79 mp, decomandat cu living, bucatarie open space, 2 dormitoare, 2 b\u0103i, teras\u0103 &icirc;nchis\u0103. Finisaje de calitate, par\u021bial mobilat, cu loc parcare subteran. Zona Avia\u021biei, aproape de metrou, mall Promenada, restaurante...\" alt=\"\"\/>\n<\/div><!-- .ngfb-schema-image-for-pinterest -->\n\n<figure class=\"wp-block-image size-large\"><img decoding=\"async\" src=\"https:\/\/cdn.propertybook.ro\/svn_residentialist\/11019045.webp\" alt=\"\" \/><\/figure>\n<ul>\n<li><a href=\"\/bucuresti\/\">Imobiliare Bucure\u0219ti<\/a><\/li>\n<li><a href=\"\/bucuresti\/apartamente-vanzare\/\">Apartamente de vanzare Bucure\u0219ti<\/a><\/li>\n<li><a href=\"\/bucuresti\/apartamente-vanzare\/3-camere\/\">Apartamente cu 3 camere de vanzare Bucure\u0219ti<\/a><\/li>\n<li><a href=\"\/bucuresti\/apartamente-vanzare\/aviatiei\/3-camere\/\">Apartamente cu 3 camere de vanzare Avia\u021biei, Bucure\u0219ti<\/a><\/li>\n<\/ul>\n<p><a href=\"\/bucuresti\/imobiliare-163-11019045-de-vanzare-apartament-3-camere-in-sector-1-zona-aviatiei\/\" class=\"pb-listing-action\">Detaliile proprietatii<\/a><\/p>\n<p><h2 class=\"wp-block-heading\">Descoper\u0103 Oaza Urban\u0103 de Confort: Apartamentul Ideal \u00een Zona Avia\u021biei<\/h2>\n<p>Dac\u0103 visul dumneavoastr\u0103 este s\u0103 locui\u021bi \u00eentr-un imobil care s\u0103 ofere echilibrul perfect \u00eentre lini\u0219te, confort \u0219i accesibilitate urban\u0103, s\u0103 v\u0103 prezint un apartament care merit\u0103 toat\u0103 aten\u021bia. Acesta este situat \u00eentr-o zon\u0103 de prestigiu a capitalei, Avia\u021biei, \u0219i este gata s\u0103 v\u0103 ofere un nou c\u0103min plin de stil \u0219i comoditate. <\/p>\n<p>Apartamentul, parte a unui proiect reziden\u021bial construit \u00een 2018, se afl\u0103 la etajul 1 din totalul de 6, oferind un spa\u021biu generos de 79 mp. Este o alegere excelent\u0103 pentru cei care caut\u0103 un mix ideal \u00eentre design modern \u0219i func\u021bionalitate. Proprietatea prezint\u0103 o compartimentare decomandat\u0103 \u0219i este configurat\u0103 astfel \u00eenc\u00e2t s\u0103 \u00eembine armonios intimitatea \u0219i spa\u021biile de convivialitate: un living spatios cu buc\u0103t\u0103rie \u00een plan deschis, care devine locul perfect pentru a savura micul dejun sau pentru a g\u0103zdui cine \u00een familie \u0219i cu prietenii; dou\u0103 dormitoare care promit odihn\u0103 \u0219i relaxare; \u0219i dou\u0103 b\u0103i, dintre care una este un serviciu cu acces din zona de zi \u0219i o baie principal\u0103 ce deserveste zona de noapte. <\/p>\n<p>O caracteristic\u0103 deosebit\u0103 a acestui apartament este terasa \u00eenchis\u0103, care adaug\u0103 un plus de charme \u0219i este locul perfect pentru a v\u0103 bucura de o carte bun\u0103 sau un ceai la sf\u00e2r\u0219it de zi. Calitatea materialelor folosite \u00een finisaje \u0219i mobilier este una superioar\u0103, iar cump\u0103r\u0103torii vor aprecia confortul furnizat de aceste detalii. Proprietatea se vinde par\u021bial mobilat\u0103 \u0219i include, printre altele, o buc\u0103t\u0103rie mobilat\u0103 \u0219i complet echipat\u0103, gata s\u0103 inspire creativitatea celor pasiona\u021bi de g\u0103tit.<\/p>\n<p>Un beneficiu de necontestat este locul de parcare subteran inclus \u00een pre\u021b, asigur\u00e2nd astfel nu numai siguran\u021ba automobilului, dar \u0219i eliminarea grijei de a g\u0103si spa\u021biu de parcare dup\u0103 o zi \u00eenc\u0103rcat\u0103. <\/p>\n<p>Pentru cei ce pretuiesc localizarea, aceast\u0103 proprietate nu dezam\u0103ge\u0219te. Pozi\u021bia sa este una strategic\u0103, afl\u00e2ndu-se la numai c\u00e2teva minute de mers pe jos de statia de metrou Aviatiei, ceea ce face accesul c\u0103tre diferite zone ale ora\u0219ului extrem de facil. Iubitorii de shopping au mall Promenada la o distan\u021b\u0103 confortabil\u0103, iar gama de restaurante, cafenele, b\u0103nci \u0219i supermarketuri din apropiere asigur\u0103 toate necesit\u0103\u021bile zilnice.<\/p>\n<p>Pentru comoditatea viitorilor reziden\u021bi, apartamentul dispune de un certificat energetic care va fi furnizat la momentul v\u00e2nz\u0103rii, garant\u00e2nd astfel eficien\u021ba energetic\u0103 a acestui c\u0103min.<\/p>\n<p>Aceast\u0103 proprietate nu este doar un apartament, ci un stil de via\u021b\u0103, oferind toate avantajele vie\u021bii urbane f\u0103r\u0103 a compromite nevoia de lini\u0219te \u0219i confort. Fie c\u0103 sunte\u021bi un profesionist in carier\u0103 sau o familie \u00een c\u0103utarea unui nou c\u0103min, aceast\u0103 proprietate promite s\u0103 v\u0103 fie nu doar locuin\u021b\u0103, ci un adev\u0103rat c\u0103min.<\/p>\n<p>Pentru a programa o vizionare sau pentru orice alte informa\u021bii despre acest minunat apartament, v\u0103 \u00eencurajez s\u0103 lua\u021bi leg\u0103tura cu un agent imobiliar de \u00eencredere care v\u0103 poate ajuta s\u0103 face\u021bi urm\u0103torul pas spre casa visurilor dumneavoastr\u0103.<\/p>\n<p><a href=\"\/bucuresti\/imobiliare-163-11019045-de-vanzare-apartament-3-camere-in-sector-1-zona-aviatiei\/\" class=\"pb-listing-action\">Stabileste o vizionare<\/a><\/p>\n<ul>\n<li><a href=\"\/bucuresti\/\">Imobiliare Bucure\u0219ti<\/a><\/li>\n<li><a href=\"\/bucuresti\/apartamente-vanzare\/\">Apartamente de vanzare Bucure\u0219ti<\/a><\/li>\n<li><a href=\"\/bucuresti\/apartamente-vanzare\/3-camere\/\">Apartamente cu 3 camere de vanzare Bucure\u0219ti<\/a><\/li>\n<li><a href=\"\/bucuresti\/apartamente-vanzare\/aviatiei\/3-camere\/\">Apartamente cu 3 camere de vanzare Avia\u021biei, Bucure\u0219ti<\/a><\/li>\n<\/ul>\n\n<!-- ngfb content-buttons begin -->\n<!-- generated on 2026-05-01T11:39:19+00:00 -->\n<div class=\"ngfb-content-buttons\">\n<div class=\"ngfb-buttons en_US\">\n<!-- Email Button --><div class=\"css-button email-button\">\n  <a href=\"mailto:?subject=Share:%20Apartament%20Exclusivist%203%20Camere%20cu%20Teras%C4%83%20%C8%99i%20Loc%20de%20Parcare%20%26%238211%3B%20Smaranda%20Braescu%20Residence%2C%20Zona%20Avia%C8%9Biei&body=Bucure%C8%99ti%2C%20Avia%C8%9Biei%20-%20Apartament%20cu%203%20camere%20la%20etajul%201%2F6%2C%20construit%20%C3%AEn%202018%2C%2079%20mp%2C%20decomandat%20cu%20living%2C%20bucatarie%20open%20space%2C%202%20dormitoare%2C%202%20b%C4%83i%2C%20teras%C4%83%20%C3%AEnchis%C4%83.%20Finisaje%20de%20calitate%2C%20par%C8%9Bial%20mobilat%2C%20cu%20loc%20parcare%20subteran.%20Zona%20Avia%C8%9Biei%2C%20aproape%20de%20metrou%2C%20mall%20Promenada%2C%20restaurante.%20Certificat%20energetic%20disponibil%20la%20v%C3%A2nzare.%0D%0A%0D%0AShared%20from%20https:\/\/propertybook.ro\/blog\/apartament-exclusivist-3-camere-cu-terasa-si-loc-de-parcare-smaranda-braescu-residence-zona-aviatiei\/%0D%0A\">\n    <span class=\"ngfb-icon\">\n      <svg xmlns=\"http:\/\/www.w3.org\/2000\/svg\" width=\"9\" height=\"9\" viewBox=\"0 0 28 28\">\n        <path d=\"M20.11 26.147c-2.335 1.05-4.36 1.4-7.124 1.4C6.524 27.548.84 22.916.84 15.284.84 7.343 6.602.45 15.4.45c6.854 0 11.8 4.7 11.8 11.252 0 5.684-3.193 9.265-7.398 9.3-1.83 0-3.153-.934-3.347-2.997h-.077c-1.208 1.986-2.96 2.997-5.023 2.997-2.532 0-4.36-1.868-4.36-5.062 0-4.75 3.503-9.07 9.11-9.07 1.713 0 3.7.4 4.6.972l-1.17 7.203c-.387 2.298-.115 3.3 1 3.4 1.674 0 3.774-2.102 3.774-6.58 0-5.06-3.27-8.994-9.304-8.994C9.05 2.87 3.83 7.545 3.83 14.97c0 6.5 4.2 10.2 10 10.202 1.987 0 4.09-.43 5.647-1.245l.634 2.22zM16.647 10.1c-.31-.078-.7-.155-1.207-.155-2.572 0-4.596 2.53-4.596 5.53 0 1.5.7 2.4 1.9 2.4 1.44 0 2.96-1.83 3.31-4.088l.592-3.72z\" \/>\n      <\/svg>\n    <\/span>\n    <span class=\"ngfb-text\"><\/span>\n  <\/a>\n<\/div><\/div><!-- .ngfb-buttons.en_US -->\n<\/div><!-- .ngfb-content-buttons -->\n<!-- ngfb content-buttons end -->\n\n","protected":false},"excerpt":{"rendered":"<p>Bucure\u0219ti, Avia\u021biei &#8211; Apartament cu 3 camere la etajul 1\/6, construit \u00een 2018, 79 mp, decomandat cu living, bucatarie open space, 2 dormitoare, 2 b\u0103i, teras\u0103 \u00eenchis\u0103. Finisaje de calitate, par\u021bial mobilat, cu loc parcare subteran. Zona Avia\u021biei, aproape de metrou, mall Promenada, restaurante. Certificat energetic disponibil la v\u00e2nzare.<\/p>\n","protected":false},"author":8,"featured_media":1592,"comment_status":"open","ping_status":"open","sticky":false,"template":"","format":"standard","meta":{"footnotes":""},"categories":[52,49,47],"tags":[55,163,204,74,89,68,263,70,85],"class_list":["post-1593","post","type-post","status-publish","format-standard","has-post-thumbnail","hentry","category-apartamente-de-vanzare-bucuresti","category-oferte-imobiliare-bucuresti","category-oferte","tag-3-camere","tag-an-const-2018","tag-aviatiei","tag-balcon","tag-bucuresti","tag-decomandat","tag-etaj-1-6","tag-parchet","tag-termopane"],"_links":{"self":[{"href":"https:\/\/propertybook.ro\/blog\/wp-json\/wp\/v2\/posts\/1593","targetHints":{"allow":["GET"]}}],"collection":[{"href":"https:\/\/propertybook.ro\/blog\/wp-json\/wp\/v2\/posts"}],"about":[{"href":"https:\/\/propertybook.ro\/blog\/wp-json\/wp\/v2\/types\/post"}],"author":[{"embeddable":true,"href":"https:\/\/propertybook.ro\/blog\/wp-json\/wp\/v2\/users\/8"}],"replies":[{"embeddable":true,"href":"https:\/\/propertybook.ro\/blog\/wp-json\/wp\/v2\/comments?post=1593"}],"version-history":[{"count":0,"href":"https:\/\/propertybook.ro\/blog\/wp-json\/wp\/v2\/posts\/1593\/revisions"}],"wp:featuredmedia":[{"embeddable":true,"href":"https:\/\/propertybook.ro\/blog\/wp-json\/wp\/v2\/media\/1592"}],"wp:attachment":[{"href":"https:\/\/propertybook.ro\/blog\/wp-json\/wp\/v2\/media?parent=1593"}],"wp:term":[{"taxonomy":"category","embeddable":true,"href":"https:\/\/propertybook.ro\/blog\/wp-json\/wp\/v2\/categories?post=1593"},{"taxonomy":"post_tag","embeddable":true,"href":"https:\/\/propertybook.ro\/blog\/wp-json\/wp\/v2\/tags?post=1593"}],"curies":[{"name":"wp","href":"https:\/\/api.w.org\/{rel}","templated":true}]}}