{"id":1799,"date":"2024-06-03T15:43:54","date_gmt":"2024-06-03T12:43:54","guid":{"rendered":"https:\/\/propertybook.ro\/blog\/apartament-1-camera-decomandat-mobilat-si-utilat-calea-manastur-zona-kaufland-ideal-pentru-investitie\/"},"modified":"2024-06-03T15:43:54","modified_gmt":"2024-06-03T12:43:54","slug":"apartament-1-camera-decomandat-mobilat-si-utilat-calea-manastur-zona-kaufland-ideal-pentru-investitie","status":"publish","type":"post","link":"https:\/\/propertybook.ro\/blog\/apartament-1-camera-decomandat-mobilat-si-utilat-calea-manastur-zona-kaufland-ideal-pentru-investitie\/","title":{"rendered":"Apartament 1 camer\u0103 decomandat, mobilat \u0219i utilat, Calea Manastur &#8211; zona Kaufland, ideal pentru investi\u021bie"},"content":{"rendered":"\n<!-- ngfb content-buttons begin -->\n<!-- generated on 2026-05-03T12:33:17+00:00 -->\n<div class=\"ngfb-content-buttons\">\n<div class=\"ngfb-buttons en_US\">\n<!-- Email Button --><div class=\"css-button email-button\">\n  <a href=\"mailto:?subject=Share:%20Apartament%201%20camer%C4%83%20decomandat%2C%20mobilat%20%C8%99i%20utilat%2C%20Calea%20Manastur%20%26%238211%3B%20zona%20Kaufland%2C%20ideal%20pentru%20investi%C8%9Bie&body=Cluj-Napoca%2C%20Gr%C4%83dini%20M%C4%83n%C4%83%C8%99tur%20-%20Apartament%201%20camer%C4%83%20decomandat%C4%83%20spre%20v%C3%A2nzare%20%C3%AEn%20zona%20Calea%20Manastur%2C%20aproape%20de%20Kaufland.%20Suprafa%C8%9B%C4%83%20util%C4%83%2036%20m2%2C%20etaj%203%2F8%2C%20lift%2C%20mobilat%2Futilat.%20Include%3A%20camer%C4%83%2C%20buc%C4%83t%C4%83rie%2C%20baie%2C%20hol%2C%20aragaz%2C%20termopan%2C%20parchet.%20Ideal%20pentru%20%C3%AEnchiriere%2C%20posibil%C4%83%20preluare%20chiria%C8%99i.%0D%0A%0D%0AShared%20from%20https:\/\/propertybook.ro\/blog\/apartament-1-camera-decomandat-mobilat-si-utilat-calea-manastur-zona-kaufland-ideal-pentru-investitie\/%0D%0A\">\n    <span class=\"ngfb-icon\">\n      <svg xmlns=\"http:\/\/www.w3.org\/2000\/svg\" width=\"9\" height=\"9\" viewBox=\"0 0 28 28\">\n        <path d=\"M20.11 26.147c-2.335 1.05-4.36 1.4-7.124 1.4C6.524 27.548.84 22.916.84 15.284.84 7.343 6.602.45 15.4.45c6.854 0 11.8 4.7 11.8 11.252 0 5.684-3.193 9.265-7.398 9.3-1.83 0-3.153-.934-3.347-2.997h-.077c-1.208 1.986-2.96 2.997-5.023 2.997-2.532 0-4.36-1.868-4.36-5.062 0-4.75 3.503-9.07 9.11-9.07 1.713 0 3.7.4 4.6.972l-1.17 7.203c-.387 2.298-.115 3.3 1 3.4 1.674 0 3.774-2.102 3.774-6.58 0-5.06-3.27-8.994-9.304-8.994C9.05 2.87 3.83 7.545 3.83 14.97c0 6.5 4.2 10.2 10 10.202 1.987 0 4.09-.43 5.647-1.245l.634 2.22zM16.647 10.1c-.31-.078-.7-.155-1.207-.155-2.572 0-4.596 2.53-4.596 5.53 0 1.5.7 2.4 1.9 2.4 1.44 0 2.96-1.83 3.31-4.088l.592-3.72z\" \/>\n      <\/svg>\n    <\/span>\n    <span class=\"ngfb-text\"><\/span>\n  <\/a>\n<\/div><\/div><!-- .ngfb-buttons.en_US -->\n<\/div><!-- .ngfb-content-buttons -->\n<!-- ngfb content-buttons end -->\n\n<figure class=\"wp-block-image size-large\"><img decoding=\"async\" src=\"https:\/\/cdn.propertybook.ro\/habitas\/2043931.webp\" alt=\"\" \/><\/figure>\n<ul>\n<li><a href=\"\/cluj-napoca\/\">Imobiliare Cluj-Napoca<\/a><\/li>\n<li><a href=\"\/cluj-napoca\/apartamente-vanzare\/\">Apartamente de vanzare Cluj-Napoca<\/a><\/li>\n<li><a href=\"\/cluj-napoca\/garsoniere-vanzare\/\">Garsoniere de vanzare Cluj-Napoca<\/a><\/li>\n<li><a href=\"\/cluj-napoca\/garsoniere-vanzare\/gradini_manastur\/\">Garsoniere de vanzare Gr\u0103dini M\u0103n\u0103\u0219tur, Cluj-Napoca<\/a><\/li>\n<\/ul>\n<p><a href=\"\/cluj-napoca\/imobiliare-31-2043931-ap-1-camera-decomandat-etajul-3-din-8-calea-manastur-kaufland\/\" class=\"pb-listing-action\">Detaliile proprietatii<\/a><\/p>\n<p>Titlu: Descoperi\u021bi Apartamentul Ideal pentru Tr\u0103it sau Investi\u021bie \u00een Inima Zonei Manastur<\/p>\n<p>Sunte\u021bi \u00een c\u0103utarea unui nou c\u0103min confortabil sau a unei propriet\u0103\u021bi investi\u021bional\u0103 atractiv\u0103? V\u0103 prezent\u0103m un apartament cu o camer\u0103 decomandat\u0103, amplasat perfect \u00een populara zon\u0103 Calea Manastur, al\u0103tur\u00e2ndu-se convenien\u021bei centrului comercial Kaufland Manastur. <\/p>\n<p>Apartamentul \u00een cauz\u0103 ofer\u0103 o suprafa\u021b\u0103 util\u0103 de 36 m2 \u0219i este g\u0103zduit de un imobil solid ce dispune de 8 nivele, unitatea noastr\u0103 ocup\u00e2nd pozi\u021bia privilegiat\u0103 a etajului al treilea. Bucura\u021bi-v\u0103 de confortul zilnic oferit de prezen\u021ba unui lift modern \u0219i beneficia\u021bi de c\u0103ldura \u0219i intimitatea acestui c\u0103min.<\/p>\n<p>\u00cen ceea ce prive\u0219te configura\u021bia spa\u021biilor, aceast\u0103 locuin\u021b\u0103 a fost inteligent compartimentat\u0103 pentru a maximiza eficien\u021ba spa\u021biului, unt\u00e2nd beneficiarul cu urm\u0103toarele \u00eenc\u0103peri: o camer\u0103 decomandat\u0103 luminoas\u0103, care ofer\u0103 spa\u021biu suficient pentru zone de odihn\u0103 \u0219i relaxare, o buc\u0103t\u0103rie func\u021bional\u0103 \u0219i \u00eenc\u0103p\u0103toare, o baie proasp\u0103t amenajat\u0103 \u0219i un hol practic \u0219i primitor.<\/p>\n<p>Pe l\u00e2ng\u0103 aceste caracteristici, cei noi proprietari vor fi \u00eenc\u00e2nta\u021bi s\u0103 afle c\u0103 apartamentul se vinde complet mobilat \u0219i utilat, gata de mutare imediat\u0103 sau de \u00eenchiriere. Interioarele sunt finisate cu gust, includ aragaz, fereastre dotate cu geamuri termopan care garanteaz\u0103 izola\u021bie fonic\u0103 \u0219i termic\u0103 de top, parchet elegant \u0219i plac\u0103ri cu gresie \u0219i faian\u021b\u0103 de \u00eenalt\u0103 calitate.<\/p>\n<p>Fiind situat \u00eentr-o loca\u021bie foarte dorit\u0103, noul proprietar va avea beneficiul de a ajunge \u00eentr-un timp foarte scurt la o varietate de puncte de interes \u2014 magazine, restaurante, cafenele, spa\u021bii de divertisment \u0219i mijloace de transport \u00een comun.<\/p>\n<p>Mai mult dec\u00e2t un simplu apartament, aceast\u0103 proprietate reprezint\u0103 o oportunitate excelent\u0103 pentru cei interesa\u021bi s\u0103 investeasc\u0103 \u00eentr-o pia\u021b\u0103 imobiliar\u0103 \u00een plin\u0103 expansiune. De asemenea, \u00een cazul investitorilor care caut\u0103 o achizi\u021bie &#8220;la cheie&#8221;, apartamentul ofer\u0103 posibilitatea de a prelua contractele de \u00eenchiriere active, asigur\u00e2nd astfel un flux constant de venit.<\/p>\n<p>Dac\u0103 sunte\u021bi gata s\u0103 explora\u021bi aceast\u0103 proprietate fermec\u0103toare \u0219i s\u0103 v\u0103 imagina\u021bi via\u021ba \u00eentr-un spa\u021biu at\u00e2t de bine pozi\u021bionat \u0219i amenajat, nu ezita\u021bi s\u0103 v\u0103 programa\u021bi o vizit\u0103 \u0219i s\u0103 descoperi\u021bi dac\u0103 acesta este c\u0103minul pe care \u00eel c\u0103uta\u021bi sau investi\u021bia care va complementa portofoliul dumneavoastr\u0103 imobiliar.<\/p>\n<p><a href=\"\/cluj-napoca\/imobiliare-31-2043931-ap-1-camera-decomandat-etajul-3-din-8-calea-manastur-kaufland\/\" class=\"pb-listing-action\">Stabileste o vizionare<\/a><\/p>\n<ul>\n<li><a href=\"\/cluj-napoca\/\">Imobiliare Cluj-Napoca<\/a><\/li>\n<li><a href=\"\/cluj-napoca\/apartamente-vanzare\/\">Apartamente de vanzare Cluj-Napoca<\/a><\/li>\n<li><a href=\"\/cluj-napoca\/garsoniere-vanzare\/\">Garsoniere de vanzare Cluj-Napoca<\/a><\/li>\n<li><a href=\"\/cluj-napoca\/garsoniere-vanzare\/gradini_manastur\/\">Garsoniere de vanzare Gr\u0103dini M\u0103n\u0103\u0219tur, Cluj-Napoca<\/a><\/li>\n<\/ul>\n\n<!-- ngfb content-buttons begin -->\n<!-- generated on 2026-05-03T12:33:17+00:00 -->\n<div class=\"ngfb-content-buttons\">\n<div class=\"ngfb-buttons en_US\">\n<!-- Email Button --><div class=\"css-button email-button\">\n  <a href=\"mailto:?subject=Share:%20Apartament%201%20camer%C4%83%20decomandat%2C%20mobilat%20%C8%99i%20utilat%2C%20Calea%20Manastur%20%26%238211%3B%20zona%20Kaufland%2C%20ideal%20pentru%20investi%C8%9Bie&body=Cluj-Napoca%2C%20Gr%C4%83dini%20M%C4%83n%C4%83%C8%99tur%20-%20Apartament%201%20camer%C4%83%20decomandat%C4%83%20spre%20v%C3%A2nzare%20%C3%AEn%20zona%20Calea%20Manastur%2C%20aproape%20de%20Kaufland.%20Suprafa%C8%9B%C4%83%20util%C4%83%2036%20m2%2C%20etaj%203%2F8%2C%20lift%2C%20mobilat%2Futilat.%20Include%3A%20camer%C4%83%2C%20buc%C4%83t%C4%83rie%2C%20baie%2C%20hol%2C%20aragaz%2C%20termopan%2C%20parchet.%20Ideal%20pentru%20%C3%AEnchiriere%2C%20posibil%C4%83%20preluare%20chiria%C8%99i.%0D%0A%0D%0AShared%20from%20https:\/\/propertybook.ro\/blog\/apartament-1-camera-decomandat-mobilat-si-utilat-calea-manastur-zona-kaufland-ideal-pentru-investitie\/%0D%0A\">\n    <span class=\"ngfb-icon\">\n      <svg xmlns=\"http:\/\/www.w3.org\/2000\/svg\" width=\"9\" height=\"9\" viewBox=\"0 0 28 28\">\n        <path d=\"M20.11 26.147c-2.335 1.05-4.36 1.4-7.124 1.4C6.524 27.548.84 22.916.84 15.284.84 7.343 6.602.45 15.4.45c6.854 0 11.8 4.7 11.8 11.252 0 5.684-3.193 9.265-7.398 9.3-1.83 0-3.153-.934-3.347-2.997h-.077c-1.208 1.986-2.96 2.997-5.023 2.997-2.532 0-4.36-1.868-4.36-5.062 0-4.75 3.503-9.07 9.11-9.07 1.713 0 3.7.4 4.6.972l-1.17 7.203c-.387 2.298-.115 3.3 1 3.4 1.674 0 3.774-2.102 3.774-6.58 0-5.06-3.27-8.994-9.304-8.994C9.05 2.87 3.83 7.545 3.83 14.97c0 6.5 4.2 10.2 10 10.202 1.987 0 4.09-.43 5.647-1.245l.634 2.22zM16.647 10.1c-.31-.078-.7-.155-1.207-.155-2.572 0-4.596 2.53-4.596 5.53 0 1.5.7 2.4 1.9 2.4 1.44 0 2.96-1.83 3.31-4.088l.592-3.72z\" \/>\n      <\/svg>\n    <\/span>\n    <span class=\"ngfb-text\"><\/span>\n  <\/a>\n<\/div><\/div><!-- .ngfb-buttons.en_US -->\n<\/div><!-- .ngfb-content-buttons -->\n<!-- ngfb content-buttons end -->\n\n","protected":false},"excerpt":{"rendered":"<p>Cluj-Napoca, Gr\u0103dini M\u0103n\u0103\u0219tur &#8211; Apartament 1 camer\u0103 decomandat\u0103 spre v\u00e2nzare \u00een zona Calea Manastur, aproape de Kaufland. Suprafa\u021b\u0103 util\u0103 36 m2, etaj 3\/8, lift, mobilat\/utilat. Include: camer\u0103, buc\u0103t\u0103rie, baie, hol, aragaz, termopan, parchet. Ideal pentru \u00eenchiriere, posibil\u0103 preluare chiria\u0219i.<\/p>\n","protected":false},"author":8,"featured_media":1798,"comment_status":"open","ping_status":"open","sticky":false,"template":"","format":"standard","meta":{"footnotes":""},"categories":[50,48,47],"tags":[102,146,74,91,68,82,188,70,85],"class_list":["post-1799","post","type-post","status-publish","format-standard","has-post-thumbnail","hentry","category-apartamente-de-vanzare-in-cluj-napoca","category-oferte-imobiliare-in-cluj-napoca","category-oferte","tag-1-camera","tag-an-const-1986","tag-balcon","tag-cluj-napoca","tag-decomandat","tag-etaj-3-8","tag-gradini-manastur","tag-parchet","tag-termopane"],"_links":{"self":[{"href":"https:\/\/propertybook.ro\/blog\/wp-json\/wp\/v2\/posts\/1799","targetHints":{"allow":["GET"]}}],"collection":[{"href":"https:\/\/propertybook.ro\/blog\/wp-json\/wp\/v2\/posts"}],"about":[{"href":"https:\/\/propertybook.ro\/blog\/wp-json\/wp\/v2\/types\/post"}],"author":[{"embeddable":true,"href":"https:\/\/propertybook.ro\/blog\/wp-json\/wp\/v2\/users\/8"}],"replies":[{"embeddable":true,"href":"https:\/\/propertybook.ro\/blog\/wp-json\/wp\/v2\/comments?post=1799"}],"version-history":[{"count":0,"href":"https:\/\/propertybook.ro\/blog\/wp-json\/wp\/v2\/posts\/1799\/revisions"}],"wp:featuredmedia":[{"embeddable":true,"href":"https:\/\/propertybook.ro\/blog\/wp-json\/wp\/v2\/media\/1798"}],"wp:attachment":[{"href":"https:\/\/propertybook.ro\/blog\/wp-json\/wp\/v2\/media?parent=1799"}],"wp:term":[{"taxonomy":"category","embeddable":true,"href":"https:\/\/propertybook.ro\/blog\/wp-json\/wp\/v2\/categories?post=1799"},{"taxonomy":"post_tag","embeddable":true,"href":"https:\/\/propertybook.ro\/blog\/wp-json\/wp\/v2\/tags?post=1799"}],"curies":[{"name":"wp","href":"https:\/\/api.w.org\/{rel}","templated":true}]}}