{"id":1847,"date":"2024-06-05T19:45:11","date_gmt":"2024-06-05T16:45:11","guid":{"rendered":"https:\/\/propertybook.ro\/blog\/oportunitate-de-investitie-apartament-decomandat-cu-3-camere-si-garaj-inclus-in-zona-marasti-cluj-napoca\/"},"modified":"2024-06-05T19:45:11","modified_gmt":"2024-06-05T16:45:11","slug":"oportunitate-de-investitie-apartament-decomandat-cu-3-camere-si-garaj-inclus-in-zona-marasti-cluj-napoca","status":"publish","type":"post","link":"https:\/\/propertybook.ro\/blog\/oportunitate-de-investitie-apartament-decomandat-cu-3-camere-si-garaj-inclus-in-zona-marasti-cluj-napoca\/","title":{"rendered":"Oportunitate de investi\u021bie: Apartament decomandat cu 3 camere \u0219i garaj inclus \u00een zona Marasti, Cluj-Napoca"},"content":{"rendered":"\n<!-- ngfb content-buttons begin -->\n<!-- generated on 2026-05-02T22:11:40+00:00 -->\n<div class=\"ngfb-content-buttons\">\n<div class=\"ngfb-buttons en_US\">\n<!-- Email Button --><div class=\"css-button email-button\">\n  <a href=\"mailto:?subject=Share:%20Oportunitate%20de%20investi%C8%9Bie%3A%20Apartament%20decomandat%20cu%203%20camere%20%C8%99i%20garaj%20inclus%20%C3%AEn%20zona%20Marasti%2C%20Cluj-Napoca&body=Cluj-Napoca%2C%20M%C4%83r%C4%83%C8%99ti%20-%20De%20v%C3%A2nzare%20apartament%203%20camere%20decoamndate%20%C3%AEn%20cartierul%20M%C4%83r%C4%83%C8%99ti%2C%20zonei%20D%C3%A2mbovi%C8%9Bei%2C%20etaj%204%2F4%2C%20hidroizolat%20cu%20garan%C8%9Bie%208%20ani.%2065%2C28%20mp%20utili%20plus%20balcon%20%C3%AEnchis%2C%20garaj%20cu%20drept%20de%20parcare%20garantat.%20Necesit%C4%83%20renovare%2C%20posibil%20par%C8%9Bial%20mobilat.%20Confort%20termic%20asigurat%20de%20central%C4%83%20proprie.%20Zon%C4%83%20cu%20acces%20facil%20la%20facilit%C4%83%C8%9Bi%20urbane.%0D%0A%0D%0AShared%20from%20https:\/\/propertybook.ro\/blog\/oportunitate-de-investitie-apartament-decomandat-cu-3-camere-si-garaj-inclus-in-zona-marasti-cluj-napoca\/%0D%0A\">\n    <span class=\"ngfb-icon\">\n      <svg xmlns=\"http:\/\/www.w3.org\/2000\/svg\" width=\"9\" height=\"9\" viewBox=\"0 0 28 28\">\n        <path d=\"M20.11 26.147c-2.335 1.05-4.36 1.4-7.124 1.4C6.524 27.548.84 22.916.84 15.284.84 7.343 6.602.45 15.4.45c6.854 0 11.8 4.7 11.8 11.252 0 5.684-3.193 9.265-7.398 9.3-1.83 0-3.153-.934-3.347-2.997h-.077c-1.208 1.986-2.96 2.997-5.023 2.997-2.532 0-4.36-1.868-4.36-5.062 0-4.75 3.503-9.07 9.11-9.07 1.713 0 3.7.4 4.6.972l-1.17 7.203c-.387 2.298-.115 3.3 1 3.4 1.674 0 3.774-2.102 3.774-6.58 0-5.06-3.27-8.994-9.304-8.994C9.05 2.87 3.83 7.545 3.83 14.97c0 6.5 4.2 10.2 10 10.202 1.987 0 4.09-.43 5.647-1.245l.634 2.22zM16.647 10.1c-.31-.078-.7-.155-1.207-.155-2.572 0-4.596 2.53-4.596 5.53 0 1.5.7 2.4 1.9 2.4 1.44 0 2.96-1.83 3.31-4.088l.592-3.72z\" \/>\n      <\/svg>\n    <\/span>\n    <span class=\"ngfb-text\"><\/span>\n  <\/a>\n<\/div><\/div><!-- .ngfb-buttons.en_US -->\n<\/div><!-- .ngfb-content-buttons -->\n<!-- ngfb content-buttons end -->\n\n\n<!-- ngfb schema image for pinterest pin it button -->\n<div class=\"ngfb-schema-image-for-pinterest\" style=\"display:none;\">\n<img loading=\"lazy\" decoding=\"async\" src=\"https:\/\/propertybook.ro\/blog\/wp-content\/uploads\/2024\/06\/144003.webp\" width=\"0\" height=\"0\" style=\"width:0;height:0;\" data-pin-description=\"Cluj-Napoca, M\u0103r\u0103\u0219ti - De v&acirc;nzare apartament 3 camere decoamndate &icirc;n cartierul M\u0103r\u0103\u0219ti, zonei D&acirc;mbovi\u021bei, etaj 4\/4, hidroizolat cu garan\u021bie 8 ani. 65,28 mp utili plus balcon &icirc;nchis, garaj cu drept de parcare garantat. Necesit\u0103 renovare, posibil par\u021bial mobilat. Confort termic asigurat de...\" alt=\"\"\/>\n<\/div><!-- .ngfb-schema-image-for-pinterest -->\n\n<figure class=\"wp-block-image size-large\"><img decoding=\"async\" src=\"https:\/\/cdn.propertybook.ro\/napoca_imobiliare\/144003.webp\" alt=\"\" \/><\/figure>\n<ul>\n<li><a href=\"\/cluj-napoca\/\">Imobiliare Cluj-Napoca<\/a><\/li>\n<li><a href=\"\/cluj-napoca\/apartamente-vanzare\/\">Apartamente de vanzare Cluj-Napoca<\/a><\/li>\n<li><a href=\"\/cluj-napoca\/apartamente-vanzare\/3-camere\/\">Apartamente cu 3 camere de vanzare Cluj-Napoca<\/a><\/li>\n<li><a href=\"\/cluj-napoca\/apartamente-vanzare\/marasti\/3-camere\/\">Apartamente cu 3 camere de vanzare M\u0103r\u0103\u0219ti, Cluj-Napoca<\/a><\/li>\n<\/ul>\n<p><a href=\"\/cluj-napoca\/imobiliare-25-144003-de-vanzare-apartament-3-camere-in-marasti\/\" class=\"pb-listing-action\">Detaliile proprietatii<\/a><\/p>\n<p><h2 class=\"wp-block-heading\">Descoper\u0103 Oportunitatea Perfect\u0103: Apartament Spatios cu Garaj \u00een M\u0103r\u0103\u0219ti<\/h2>\n<p>Cauti un nou camin \u00eentr-o loca\u021bie convenabil\u0103, plin de poten\u021bial \u0219i confort? Dac\u0103 a\u0219a st\u0103 treaba, ai putea s\u0103 fi g\u0103sit tocmai ceea ce dore\u0219ti \u00een frumosul cartier M\u0103r\u0103\u0219ti, situat calm a\u0219tept\u00e2nd promisiunea unei vie\u021bi pline de comoditate la pasul t\u0103u.<\/p>\n<p>Permiteti-mi s\u0103 va ghidez prin beneficiile acestei bijuterii ascunse, un apartament de trei camere strategic amplasat \u00een zona D\u00e2mbovi\u021bei, inima pulsant\u0103 a cartierului M\u0103r\u0103\u0219ti. O privire la harta ora\u0219ului va releva imediat avantajele loca\u021biei: acces rapid la un spectru larg de facilit\u0103\u021bi zilnice, inclusiv statii de transport \u00een comun, b\u0103nci, farmacii, magazine, \u0219coli \u0219i gr\u0103dini\u021be.<\/p>\n<p>Acest apartament v\u0103 a\u0219teapt\u0103 sub razele calde ale soarelui la etajul 4 din 4, \u00eentr-un bloc ce \u0219i-a recent actualizat sistemele de hidroizola\u021bie &#8211; cu beneficiul suplimentar al unei garan\u021bii generoase de \u00eenc\u0103 8 ani. Acest detaliu, printre altele, scoate \u00een eviden\u021b\u0103 grija pentru \u00eentre\u021binere \u0219i confort pe termen lung.<\/p>\n<p>Foarte generoase, cele 65.28 mp sunt distribuite intelligent \u00eentre trei camere decoamndate, oferindu-v\u0103 libertatea de a crea \u0219i personaliza spa\u021bii dup\u0103 bunul gust. Fie c\u0103 v\u0103 imagina\u021bi un living spa\u021bios, dormitoare lini\u0219tite sau un birou inspira\u021bional, acest apartament este o p\u00e2nz\u0103 alb\u0103 pentru viziunea dvs.<\/p>\n<p>Complet\u00e2nd aceast\u0103 superb\u0103 structur\u0103 sunt dou\u0103 b\u0103i \u0219i un hol primitor, garant\u00e2nd c\u0103 fiecare zon\u0103 a casei este accesibil\u0103 \u0219i confortabil\u0103. Apartamentul prezint\u0103 de asemenea un balcon \u00eenchis &#8211; o extensie a spa\u021biului de locuit, ideal pentru a savura cafeaua dimine\u021bii sau a citi \u00een serile de var\u0103.<\/p>\n<p>Un alt bonus important este garajul inclus in titlu, o raritate urban\u0103 apreciat\u0103, oferind confort \u0219i lini\u0219te sufleteasc\u0103 pentru vehiculul dvs. Acest loc de parcare este un avantaj de neegalat, asigur\u00e2ndu-v\u0103 c\u0103 niciodat\u0103 nu ve\u021bi trebui s\u0103 v\u0103 \u00eengrijora\u021bi \u00een leg\u0103tur\u0103 cu siguran\u021ba \u0219i loca\u021bia parc\u0103rii ma\u0219inii.<\/p>\n<p>Finisajele clasice ale apartamentului v\u0103 permit s\u0103 v\u0103 asigura\u021bi un camin cu personalitatea dvs. de la bun \u00eenceput. Chiar dac\u0103 este necesar\u0103 o anumit\u0103 renova\u021bie pentru a contemporaniza spa\u021biul, pute\u021bi considera acest lucru o oportunitate de personalizare complet\u0103. <\/p>\n<p>\u0218i pentru a cre\u0219te valoarea ofertei, apartamentul v\u0103 este oferit cu op\u021biunea de a r\u0103m\u00e2ne par\u021bial mobilat sau, dac\u0103 prefera\u021bi, complet gol, preg\u0103tit pentru mobilierul \u0219i obiectele de decor pe care alege\u021bi s\u0103 le aduce\u021bi.<\/p>\n<p>Confortul termic nu este nici el u\u0219or attins, centrala termic\u0103 proprie v\u0103 promite eficien\u021b\u0103 energetic\u0103 \u0219i o atmosfer\u0103 pl\u0103cut\u0103 indiferent de anotimp.<\/p>\n<p>Dac\u0103 a\u021bi visat mereu la un c\u0103min \u00eentr-o loca\u021bie excelent\u0103, cu spa\u021biul \u0219i posibilit\u0103\u021bile pe care le ofer\u0103, acest apartament \u00een M\u0103r\u0103\u0219ti s-ar putea s\u0103 fie tocmai ceea ce c\u0103uta\u021bi pentru urm\u0103torul capitol din via\u021ba dvs. Captivante \u0219i plin de poten\u021bial, acesta este un spa\u021biu unde confortul \u00eent\u00e2lne\u0219te convenien\u021ba &#8211; face\u021bi-l al dvs. ast\u0103zi!<\/p>\n<p><a href=\"\/cluj-napoca\/imobiliare-25-144003-de-vanzare-apartament-3-camere-in-marasti\/\" class=\"pb-listing-action\">Stabileste o vizionare<\/a><\/p>\n<ul>\n<li><a href=\"\/cluj-napoca\/\">Imobiliare Cluj-Napoca<\/a><\/li>\n<li><a href=\"\/cluj-napoca\/apartamente-vanzare\/\">Apartamente de vanzare Cluj-Napoca<\/a><\/li>\n<li><a href=\"\/cluj-napoca\/apartamente-vanzare\/3-camere\/\">Apartamente cu 3 camere de vanzare Cluj-Napoca<\/a><\/li>\n<li><a href=\"\/cluj-napoca\/apartamente-vanzare\/marasti\/3-camere\/\">Apartamente cu 3 camere de vanzare M\u0103r\u0103\u0219ti, Cluj-Napoca<\/a><\/li>\n<\/ul>\n\n<!-- ngfb content-buttons begin -->\n<!-- generated on 2026-05-02T22:11:40+00:00 -->\n<div class=\"ngfb-content-buttons\">\n<div class=\"ngfb-buttons en_US\">\n<!-- Email Button --><div class=\"css-button email-button\">\n  <a href=\"mailto:?subject=Share:%20Oportunitate%20de%20investi%C8%9Bie%3A%20Apartament%20decomandat%20cu%203%20camere%20%C8%99i%20garaj%20inclus%20%C3%AEn%20zona%20Marasti%2C%20Cluj-Napoca&body=Cluj-Napoca%2C%20M%C4%83r%C4%83%C8%99ti%20-%20De%20v%C3%A2nzare%20apartament%203%20camere%20decoamndate%20%C3%AEn%20cartierul%20M%C4%83r%C4%83%C8%99ti%2C%20zonei%20D%C3%A2mbovi%C8%9Bei%2C%20etaj%204%2F4%2C%20hidroizolat%20cu%20garan%C8%9Bie%208%20ani.%2065%2C28%20mp%20utili%20plus%20balcon%20%C3%AEnchis%2C%20garaj%20cu%20drept%20de%20parcare%20garantat.%20Necesit%C4%83%20renovare%2C%20posibil%20par%C8%9Bial%20mobilat.%20Confort%20termic%20asigurat%20de%20central%C4%83%20proprie.%20Zon%C4%83%20cu%20acces%20facil%20la%20facilit%C4%83%C8%9Bi%20urbane.%0D%0A%0D%0AShared%20from%20https:\/\/propertybook.ro\/blog\/oportunitate-de-investitie-apartament-decomandat-cu-3-camere-si-garaj-inclus-in-zona-marasti-cluj-napoca\/%0D%0A\">\n    <span class=\"ngfb-icon\">\n      <svg xmlns=\"http:\/\/www.w3.org\/2000\/svg\" width=\"9\" height=\"9\" viewBox=\"0 0 28 28\">\n        <path d=\"M20.11 26.147c-2.335 1.05-4.36 1.4-7.124 1.4C6.524 27.548.84 22.916.84 15.284.84 7.343 6.602.45 15.4.45c6.854 0 11.8 4.7 11.8 11.252 0 5.684-3.193 9.265-7.398 9.3-1.83 0-3.153-.934-3.347-2.997h-.077c-1.208 1.986-2.96 2.997-5.023 2.997-2.532 0-4.36-1.868-4.36-5.062 0-4.75 3.503-9.07 9.11-9.07 1.713 0 3.7.4 4.6.972l-1.17 7.203c-.387 2.298-.115 3.3 1 3.4 1.674 0 3.774-2.102 3.774-6.58 0-5.06-3.27-8.994-9.304-8.994C9.05 2.87 3.83 7.545 3.83 14.97c0 6.5 4.2 10.2 10 10.202 1.987 0 4.09-.43 5.647-1.245l.634 2.22zM16.647 10.1c-.31-.078-.7-.155-1.207-.155-2.572 0-4.596 2.53-4.596 5.53 0 1.5.7 2.4 1.9 2.4 1.44 0 2.96-1.83 3.31-4.088l.592-3.72z\" \/>\n      <\/svg>\n    <\/span>\n    <span class=\"ngfb-text\"><\/span>\n  <\/a>\n<\/div><\/div><!-- .ngfb-buttons.en_US -->\n<\/div><!-- .ngfb-content-buttons -->\n<!-- ngfb content-buttons end -->\n\n","protected":false},"excerpt":{"rendered":"<p>Cluj-Napoca, M\u0103r\u0103\u0219ti &#8211; De v\u00e2nzare apartament 3 camere decoamndate \u00een cartierul M\u0103r\u0103\u0219ti, zonei D\u00e2mbovi\u021bei, etaj 4\/4, hidroizolat cu garan\u021bie 8 ani. 65,28 mp utili plus balcon \u00eenchis, garaj cu drept de parcare garantat. Necesit\u0103 renovare, posibil par\u021bial mobilat. Confort termic asigurat de central\u0103 proprie. Zon\u0103 cu acces facil la facilit\u0103\u021bi urbane.<\/p>\n","protected":false},"author":8,"featured_media":1846,"comment_status":"open","ping_status":"open","sticky":false,"template":"","format":"standard","meta":{"footnotes":""},"categories":[50,48,47],"tags":[55,74,65,91,68,79,69,92,60],"class_list":["post-1847","post","type-post","status-publish","format-standard","has-post-thumbnail","hentry","category-apartamente-de-vanzare-in-cluj-napoca","category-oferte-imobiliare-in-cluj-napoca","category-oferte","tag-3-camere","tag-balcon","tag-centrala-termica","tag-cluj-napoca","tag-decomandat","tag-etaj-4-4","tag-garaj","tag-marasti","tag-parcare"],"_links":{"self":[{"href":"https:\/\/propertybook.ro\/blog\/wp-json\/wp\/v2\/posts\/1847","targetHints":{"allow":["GET"]}}],"collection":[{"href":"https:\/\/propertybook.ro\/blog\/wp-json\/wp\/v2\/posts"}],"about":[{"href":"https:\/\/propertybook.ro\/blog\/wp-json\/wp\/v2\/types\/post"}],"author":[{"embeddable":true,"href":"https:\/\/propertybook.ro\/blog\/wp-json\/wp\/v2\/users\/8"}],"replies":[{"embeddable":true,"href":"https:\/\/propertybook.ro\/blog\/wp-json\/wp\/v2\/comments?post=1847"}],"version-history":[{"count":0,"href":"https:\/\/propertybook.ro\/blog\/wp-json\/wp\/v2\/posts\/1847\/revisions"}],"wp:featuredmedia":[{"embeddable":true,"href":"https:\/\/propertybook.ro\/blog\/wp-json\/wp\/v2\/media\/1846"}],"wp:attachment":[{"href":"https:\/\/propertybook.ro\/blog\/wp-json\/wp\/v2\/media?parent=1847"}],"wp:term":[{"taxonomy":"category","embeddable":true,"href":"https:\/\/propertybook.ro\/blog\/wp-json\/wp\/v2\/categories?post=1847"},{"taxonomy":"post_tag","embeddable":true,"href":"https:\/\/propertybook.ro\/blog\/wp-json\/wp\/v2\/tags?post=1847"}],"curies":[{"name":"wp","href":"https:\/\/api.w.org\/{rel}","templated":true}]}}