{"id":1863,"date":"2024-06-06T13:47:29","date_gmt":"2024-06-06T10:47:29","guid":{"rendered":"https:\/\/propertybook.ro\/blog\/vila-deosebita-cu-anexe-si-spatiu-generos-de-vanzare-in-zona-centrala-a-bucurestiului\/"},"modified":"2024-06-06T13:47:29","modified_gmt":"2024-06-06T10:47:29","slug":"vila-deosebita-cu-anexe-si-spatiu-generos-de-vanzare-in-zona-centrala-a-bucurestiului","status":"publish","type":"post","link":"https:\/\/propertybook.ro\/blog\/vila-deosebita-cu-anexe-si-spatiu-generos-de-vanzare-in-zona-centrala-a-bucurestiului\/","title":{"rendered":"Vil\u0103 Deosebit\u0103 cu Anexe \u0219i Spa\u021biu Generos de V\u00e2nzare \u00een Zona Central\u0103 a Bucure\u0219tiului"},"content":{"rendered":"\n<!-- ngfb content-buttons begin -->\n<!-- generated on 2026-04-30T23:39:13+00:00 -->\n<div class=\"ngfb-content-buttons\">\n<div class=\"ngfb-buttons en_US\">\n<!-- Email Button --><div class=\"css-button email-button\">\n  <a href=\"mailto:?subject=Share:%20Vil%C4%83%20Deosebit%C4%83%20cu%20Anexe%20%C8%99i%20Spa%C8%9Biu%20Generos%20de%20V%C3%A2nzare%20%C3%AEn%20Zona%20Central%C4%83%20a%20Bucure%C8%99tiului&body=Bucure%C8%99ti%2C%20Cartierul%20Armenesc%20-%20De%20v%C3%A2nzare%3A%20vil%C4%83%20excep%C8%9Bional%C4%83%20%C3%AEn%20centrul%20Capitalei%2C%20789%20mp%2C%20desf%C4%83%C8%99urat%C4%83%20pe%20demisol%2C%20parter%2C%20etaj%20%C8%99i%20mansard%C4%83.%20Incluse%203%20anexe%20suplimentare%20%2896%20mp%29%2C%20pe%20un%20teren%20de%20659%20mp%20cu%20deschidere%20de%2026%20ml.%20Necesit%C4%83%20renovare%2C%20ideal%C4%83%20pentru%20sediu%20de%20firm%C4%83%2C%20restaurant%20sau%20alte%20afaceri.%0D%0A%0D%0AShared%20from%20https:\/\/propertybook.ro\/blog\/vila-deosebita-cu-anexe-si-spatiu-generos-de-vanzare-in-zona-centrala-a-bucurestiului\/%0D%0A\">\n    <span class=\"ngfb-icon\">\n      <svg xmlns=\"http:\/\/www.w3.org\/2000\/svg\" width=\"9\" height=\"9\" viewBox=\"0 0 28 28\">\n        <path d=\"M20.11 26.147c-2.335 1.05-4.36 1.4-7.124 1.4C6.524 27.548.84 22.916.84 15.284.84 7.343 6.602.45 15.4.45c6.854 0 11.8 4.7 11.8 11.252 0 5.684-3.193 9.265-7.398 9.3-1.83 0-3.153-.934-3.347-2.997h-.077c-1.208 1.986-2.96 2.997-5.023 2.997-2.532 0-4.36-1.868-4.36-5.062 0-4.75 3.503-9.07 9.11-9.07 1.713 0 3.7.4 4.6.972l-1.17 7.203c-.387 2.298-.115 3.3 1 3.4 1.674 0 3.774-2.102 3.774-6.58 0-5.06-3.27-8.994-9.304-8.994C9.05 2.87 3.83 7.545 3.83 14.97c0 6.5 4.2 10.2 10 10.202 1.987 0 4.09-.43 5.647-1.245l.634 2.22zM16.647 10.1c-.31-.078-.7-.155-1.207-.155-2.572 0-4.596 2.53-4.596 5.53 0 1.5.7 2.4 1.9 2.4 1.44 0 2.96-1.83 3.31-4.088l.592-3.72z\" \/>\n      <\/svg>\n    <\/span>\n    <span class=\"ngfb-text\"><\/span>\n  <\/a>\n<\/div><\/div><!-- .ngfb-buttons.en_US -->\n<\/div><!-- .ngfb-content-buttons -->\n<!-- ngfb content-buttons end -->\n\n\n<!-- ngfb schema image for pinterest pin it button -->\n<div class=\"ngfb-schema-image-for-pinterest\" style=\"display:none;\">\n<img loading=\"lazy\" decoding=\"async\" src=\"https:\/\/propertybook.ro\/blog\/wp-content\/uploads\/2024\/06\/22000835.webp\" width=\"0\" height=\"0\" style=\"width:0;height:0;\" data-pin-description=\"Bucure\u0219ti, Cartierul Armenesc - De v&acirc;nzare: vil\u0103 excep\u021bional\u0103 &icirc;n centrul Capitalei, 789 mp, desf\u0103\u0219urat\u0103 pe demisol, parter, etaj \u0219i mansard\u0103. Incluse 3 anexe suplimentare (96 mp), pe un teren de 659 mp cu deschidere de 26 ml. Necesit\u0103 renovare, ideal\u0103 pentru sediu de firm\u0103, restaurant sau alte...\" alt=\"\"\/>\n<\/div><!-- .ngfb-schema-image-for-pinterest -->\n\n<figure class=\"wp-block-image size-large\"><img decoding=\"async\" src=\"https:\/\/cdn.propertybook.ro\/svn_residentialist\/22000835.webp\" alt=\"\" \/><\/figure>\n<ul>\n<li><a href=\"\/bucuresti\/\">Imobiliare Bucure\u0219ti<\/a><\/li>\n<li><a href=\"\/bucuresti\/case-vanzare\/\">Case de vanzare Bucure\u0219ti<\/a><\/li>\n<li><a href=\"\/bucuresti\/case-vanzare\/20-camere\/\">Case cu 20 camere de vanzare Bucure\u0219ti<\/a><\/li>\n<li><a href=\"\/bucuresti\/case-vanzare\/cartierul_armenesc\/20-camere\/\">Case cu 20 camere de vanzare Cartierul Armenesc, Bucure\u0219ti<\/a><\/li>\n<\/ul>\n<p><a href=\"\/bucuresti\/imobiliare-163-22000835-vanzare-casa-20-camere-in-sector-2-zona-armeneasca\/\" class=\"pb-listing-action\">Detaliile proprietatii<\/a><\/p>\n<p><h2 class=\"wp-block-heading\">Descoperi\u021bi perla arhitectural\u0103 a Capitalei &#8211; O resedin\u021b\u0103 de lux cu un poten\u021bial nem\u0103rginit<\/h2>\n<p>Sunteti \u00een c\u0103utarea unui imobil de excep\u021bie \u00een inima vibrantei Capitale? Imagina\u021bi-v\u0103 calitatea vie\u021bii \u00eentr-un spa\u021biu care respir\u0103 istorie \u0219i elegan\u021b\u0103, ce a\u0219teapt\u0103 s\u0103 fie transformat \u00eentr-un veritabil simbol al prestigiului \u0219i rafinamentului. <\/p>\n<p>\u00cen drumul nostru triumphal prin seva efervescent\u0103 a ora\u0219ului, ne-a fost dat\u0103 onoarea de a p\u0103\u0219i \u00een umbra unei propriet\u0103\u021bi ce seduce imaginea \u0219i emo\u021bia. V\u0103 invit\u0103m s\u0103 o descoperi\u021bi: o superb\u0103 vil\u0103 pozi\u021bionat\u0103 strategic \u00een zona central\u0103, un t\u0103r\u00e2m unde afacerile se \u00eentrep\u0103trund cu cultura \u0219i istoria.<\/p>\n<p>Acest imobil cap\u0103t\u0103 un farmec unic prin structura sa: un demisol ce p\u0103streaz\u0103 intimitatea, un parter griji\u0219or \u0219i indulgent, urmat de un etaj ce desf\u0103\u0219oar\u0103 peisaje desprinse parc\u0103 dintr-un tablou, \u0219i culmin\u00e2nd cu o mansard\u0103 ce se \u00eenal\u021b\u0103 gr\u0103itor peste acoperi\u0219urile ora\u0219ului. Vila, cu o suprafa\u021b\u0103 generoas\u0103 de 789 de metri p\u0103tra\u021bi, se m\u00e2ndre\u0219te cu detalii arhitecturale ce transform\u0103 fiecare col\u021b \u00eentr-un tezaur de posibilit\u0103\u021bi.<\/p>\n<p>Dar comoara nu se opre\u0219te aici. Ie\u0219ind \u00een lumina timorat\u0103 a gr\u0103dinii, ochiul vi se va delecta cu trei anexe cochete \u0219i practice, fiecare cu propria-i contribu\u021bie la grandiozitatea \u00eentregului \u2013 23 de metri p\u0103tra\u021bi, 67 de metri p\u0103tra\u021bi \u0219i respectiv 6 metri p\u0103tra\u021bi. \u00cempreun\u0103, acestea formeaz\u0103 un total construit impresionant de 1161 de metri p\u0103tra\u021bi. <\/p>\n<p>\u0218i ce ar fi un edificiu nobil f\u0103r\u0103 p\u0103m\u00e2ntul ce-l sus\u021bine? Acesta \u00ee\u0219i \u00eentinde clo\u0219ca protectoare la o suprafa\u021b\u0103 generoas\u0103 de 659 de metri p\u0103tra\u021bi cu un deschidere generoas\u0103 c\u0103tre strada.<\/p>\n<p>Fie c\u0103 visezi la un sediu de companie care s\u0103 respire succesul, o institu\u021bie bancar\u0103 privat\u0103 izvor\u00e2t\u0103 din discre\u021bie \u0219i excelen\u021b\u0103, sau un restaurant care s\u0103-\u0219i \u00eenc\u00e2nte oaspe\u021bii cu maniere de alte timpuri &#8211; acest imobil este o p\u00e2nz\u0103 alb\u0103 preg\u0103tit\u0103 s\u0103-\u021bi a\u0219tearn\u0103 viziunea.<\/p>\n<p>Privi\u021bi-l drept mai mult dec\u00e2t o cl\u0103dire, ci drept un portal c\u0103tre viziunea voastr\u0103, un spa\u021biu de transformat, de \u00eempletit trecutul cu prezentul \u00een visul vostru. Realiza\u021bi asumarea unei renov\u0103ri pline de personalitate pentru a-i aduce la via\u021b\u0103 poten\u021bialul neexplorat. D\u0103\u021bi-v\u0103 av\u00e2ntul curajos spre a-i schimba at\u00e2t interiorul c\u00e2t \u0219i peisajul exterior, permi\u021b\u00e2ndu-i s\u0103 \u00eenfloreasc\u0103 \u00een spiritul vibrant al capitalei.<\/p>\n<\/p>\n<p>Imaginea de domeniul posibilitatilor este des\u0103v\u00e2r\u0219it\u0103 \u00een acest col\u021b de rai ascuns \u00een centrul vibrant al Capitalei. Nu este doar o proprietate; este o declara\u021bie de unic\u0103 a modului \u00een care tr\u0103im, lucr\u0103m \u0219i ne bucur\u0103m de frumuse\u021bile vie\u021bii.<\/p>\n<p>Dac\u0103 rezonati cu promisiunea acestui spa\u021biu rar \u0219i sunte\u021bi preg\u0103ti\u021bi s\u0103-i insufleti\u021bi zidurile cu ambi\u021bia \u0219i viziunea voastr\u0103, aceast\u0103 proprietate a\u0219teapt\u0103 s\u0103 devin\u0103 stindardul succesului dumneavoastr\u0103. Impun\u0103toare, magnific\u0103, neegalat\u0103 &#8211; aceast\u0103 proprietate este o ocazie f\u0103r\u0103 egal pe pia\u021ba imobiliara de lux.<\/p>\n<p><a href=\"\/bucuresti\/imobiliare-163-22000835-vanzare-casa-20-camere-in-sector-2-zona-armeneasca\/\" class=\"pb-listing-action\">Stabileste o vizionare<\/a><\/p>\n<ul>\n<li><a href=\"\/bucuresti\/\">Imobiliare Bucure\u0219ti<\/a><\/li>\n<li><a href=\"\/bucuresti\/case-vanzare\/\">Case de vanzare Bucure\u0219ti<\/a><\/li>\n<li><a href=\"\/bucuresti\/case-vanzare\/20-camere\/\">Case cu 20 camere de vanzare Bucure\u0219ti<\/a><\/li>\n<li><a href=\"\/bucuresti\/case-vanzare\/cartierul_armenesc\/20-camere\/\">Case cu 20 camere de vanzare Cartierul Armenesc, Bucure\u0219ti<\/a><\/li>\n<\/ul>\n\n<!-- ngfb content-buttons begin -->\n<!-- generated on 2026-04-30T23:39:13+00:00 -->\n<div class=\"ngfb-content-buttons\">\n<div class=\"ngfb-buttons en_US\">\n<!-- Email Button --><div class=\"css-button email-button\">\n  <a href=\"mailto:?subject=Share:%20Vil%C4%83%20Deosebit%C4%83%20cu%20Anexe%20%C8%99i%20Spa%C8%9Biu%20Generos%20de%20V%C3%A2nzare%20%C3%AEn%20Zona%20Central%C4%83%20a%20Bucure%C8%99tiului&body=Bucure%C8%99ti%2C%20Cartierul%20Armenesc%20-%20De%20v%C3%A2nzare%3A%20vil%C4%83%20excep%C8%9Bional%C4%83%20%C3%AEn%20centrul%20Capitalei%2C%20789%20mp%2C%20desf%C4%83%C8%99urat%C4%83%20pe%20demisol%2C%20parter%2C%20etaj%20%C8%99i%20mansard%C4%83.%20Incluse%203%20anexe%20suplimentare%20%2896%20mp%29%2C%20pe%20un%20teren%20de%20659%20mp%20cu%20deschidere%20de%2026%20ml.%20Necesit%C4%83%20renovare%2C%20ideal%C4%83%20pentru%20sediu%20de%20firm%C4%83%2C%20restaurant%20sau%20alte%20afaceri.%0D%0A%0D%0AShared%20from%20https:\/\/propertybook.ro\/blog\/vila-deosebita-cu-anexe-si-spatiu-generos-de-vanzare-in-zona-centrala-a-bucurestiului\/%0D%0A\">\n    <span class=\"ngfb-icon\">\n      <svg xmlns=\"http:\/\/www.w3.org\/2000\/svg\" width=\"9\" height=\"9\" viewBox=\"0 0 28 28\">\n        <path d=\"M20.11 26.147c-2.335 1.05-4.36 1.4-7.124 1.4C6.524 27.548.84 22.916.84 15.284.84 7.343 6.602.45 15.4.45c6.854 0 11.8 4.7 11.8 11.252 0 5.684-3.193 9.265-7.398 9.3-1.83 0-3.153-.934-3.347-2.997h-.077c-1.208 1.986-2.96 2.997-5.023 2.997-2.532 0-4.36-1.868-4.36-5.062 0-4.75 3.503-9.07 9.11-9.07 1.713 0 3.7.4 4.6.972l-1.17 7.203c-.387 2.298-.115 3.3 1 3.4 1.674 0 3.774-2.102 3.774-6.58 0-5.06-3.27-8.994-9.304-8.994C9.05 2.87 3.83 7.545 3.83 14.97c0 6.5 4.2 10.2 10 10.202 1.987 0 4.09-.43 5.647-1.245l.634 2.22zM16.647 10.1c-.31-.078-.7-.155-1.207-.155-2.572 0-4.596 2.53-4.596 5.53 0 1.5.7 2.4 1.9 2.4 1.44 0 2.96-1.83 3.31-4.088l.592-3.72z\" \/>\n      <\/svg>\n    <\/span>\n    <span class=\"ngfb-text\"><\/span>\n  <\/a>\n<\/div><\/div><!-- .ngfb-buttons.en_US -->\n<\/div><!-- .ngfb-content-buttons -->\n<!-- ngfb content-buttons end -->\n\n","protected":false},"excerpt":{"rendered":"<p>Bucure\u0219ti, Cartierul Armenesc &#8211; De v\u00e2nzare: vil\u0103 excep\u021bional\u0103 \u00een centrul Capitalei, 789 mp, desf\u0103\u0219urat\u0103 pe demisol, parter, etaj \u0219i mansard\u0103. Incluse 3 anexe suplimentare (96 mp), pe un teren de 659 mp cu deschidere de 26 ml. Necesit\u0103 renovare, ideal\u0103 pentru sediu de firm\u0103, restaurant sau alte afaceri.<\/p>\n","protected":false},"author":8,"featured_media":1862,"comment_status":"open","ping_status":"open","sticky":false,"template":"","format":"standard","meta":{"footnotes":""},"categories":[49,53,47],"tags":[201,196,74,89,292],"class_list":["post-1863","post","type-post","status-publish","format-standard","has-post-thumbnail","hentry","category-oferte-imobiliare-bucuresti","category-case-de-vanzare-bucuresti","category-oferte","tag-20-camere","tag-an-const-1930","tag-balcon","tag-bucuresti","tag-cartierul-armenesc"],"_links":{"self":[{"href":"https:\/\/propertybook.ro\/blog\/wp-json\/wp\/v2\/posts\/1863","targetHints":{"allow":["GET"]}}],"collection":[{"href":"https:\/\/propertybook.ro\/blog\/wp-json\/wp\/v2\/posts"}],"about":[{"href":"https:\/\/propertybook.ro\/blog\/wp-json\/wp\/v2\/types\/post"}],"author":[{"embeddable":true,"href":"https:\/\/propertybook.ro\/blog\/wp-json\/wp\/v2\/users\/8"}],"replies":[{"embeddable":true,"href":"https:\/\/propertybook.ro\/blog\/wp-json\/wp\/v2\/comments?post=1863"}],"version-history":[{"count":0,"href":"https:\/\/propertybook.ro\/blog\/wp-json\/wp\/v2\/posts\/1863\/revisions"}],"wp:featuredmedia":[{"embeddable":true,"href":"https:\/\/propertybook.ro\/blog\/wp-json\/wp\/v2\/media\/1862"}],"wp:attachment":[{"href":"https:\/\/propertybook.ro\/blog\/wp-json\/wp\/v2\/media?parent=1863"}],"wp:term":[{"taxonomy":"category","embeddable":true,"href":"https:\/\/propertybook.ro\/blog\/wp-json\/wp\/v2\/categories?post=1863"},{"taxonomy":"post_tag","embeddable":true,"href":"https:\/\/propertybook.ro\/blog\/wp-json\/wp\/v2\/tags?post=1863"}],"curies":[{"name":"wp","href":"https:\/\/api.w.org\/{rel}","templated":true}]}}