{"id":1867,"date":"2024-06-06T15:45:58","date_gmt":"2024-06-06T12:45:58","guid":{"rendered":"https:\/\/propertybook.ro\/blog\/apartament-modern-de-2-dormitoare-cu-facilitati-de-top-si-loc-de-parcare-in-zona-ira-aproape-de-kaufland-si-lidl\/"},"modified":"2024-06-06T15:45:58","modified_gmt":"2024-06-06T12:45:58","slug":"apartament-modern-de-2-dormitoare-cu-facilitati-de-top-si-loc-de-parcare-in-zona-ira-aproape-de-kaufland-si-lidl","status":"publish","type":"post","link":"https:\/\/propertybook.ro\/blog\/apartament-modern-de-2-dormitoare-cu-facilitati-de-top-si-loc-de-parcare-in-zona-ira-aproape-de-kaufland-si-lidl\/","title":{"rendered":"Apartament Modern de 2 Dormitoare cu Facilit\u0103\u021bi de Top \u0219i Loc de Parcare \u00een Zona Ira, aproape de Kaufland \u0219i Lidl"},"content":{"rendered":"\n<!-- ngfb content-buttons begin -->\n<!-- generated on 2026-05-02T23:18:07+00:00 -->\n<div class=\"ngfb-content-buttons\">\n<div class=\"ngfb-buttons en_US\">\n<!-- Email Button --><div class=\"css-button email-button\">\n  <a href=\"mailto:?subject=Share:%20Apartament%20Modern%20de%202%20Dormitoare%20cu%20Facilit%C4%83%C8%9Bi%20de%20Top%20%C8%99i%20Loc%20de%20Parcare%20%C3%AEn%20Zona%20Ira%2C%20aproape%20de%20Kaufland%20%C8%99i%20Lidl&body=Cluj-Napoca%2C%20Some%C8%99eni%20-%20Apartament%20de%20v%C3%A2nzare%2C%20finalizat%20%C3%AEn%202023%2C%20situat%20%C3%AEn%20zona%20Ira%2C%20la%20etajul%204%2F4%20cu%20lift.%20Comprende%2067%20mp%20utili%2C%20plus%20balcon%20de%203%20mp%2C%20living%20separat%20de%20buc%C4%83t%C4%83rie%20printr-un%20perete%20de%20sticl%C4%83%20cu%20u%C8%99%C4%83%20culisant%C4%83%2C%202%20dormitoare%2C%202%20b%C4%83i%2C%20finisaje%20de%20calitate%20%C8%99i%20echipat%20cu%20electrocasnice%20moderne.%20Include%20loc%20de%20parcare%20subteran%2C%20disponibil%20la%20un%20cost%20suplimentar.%0D%0A%0D%0AShared%20from%20https:\/\/propertybook.ro\/blog\/apartament-modern-de-2-dormitoare-cu-facilitati-de-top-si-loc-de-parcare-in-zona-ira-aproape-de-kaufland-si-lidl\/%0D%0A\">\n    <span class=\"ngfb-icon\">\n      <svg xmlns=\"http:\/\/www.w3.org\/2000\/svg\" width=\"9\" height=\"9\" viewBox=\"0 0 28 28\">\n        <path d=\"M20.11 26.147c-2.335 1.05-4.36 1.4-7.124 1.4C6.524 27.548.84 22.916.84 15.284.84 7.343 6.602.45 15.4.45c6.854 0 11.8 4.7 11.8 11.252 0 5.684-3.193 9.265-7.398 9.3-1.83 0-3.153-.934-3.347-2.997h-.077c-1.208 1.986-2.96 2.997-5.023 2.997-2.532 0-4.36-1.868-4.36-5.062 0-4.75 3.503-9.07 9.11-9.07 1.713 0 3.7.4 4.6.972l-1.17 7.203c-.387 2.298-.115 3.3 1 3.4 1.674 0 3.774-2.102 3.774-6.58 0-5.06-3.27-8.994-9.304-8.994C9.05 2.87 3.83 7.545 3.83 14.97c0 6.5 4.2 10.2 10 10.202 1.987 0 4.09-.43 5.647-1.245l.634 2.22zM16.647 10.1c-.31-.078-.7-.155-1.207-.155-2.572 0-4.596 2.53-4.596 5.53 0 1.5.7 2.4 1.9 2.4 1.44 0 2.96-1.83 3.31-4.088l.592-3.72z\" \/>\n      <\/svg>\n    <\/span>\n    <span class=\"ngfb-text\"><\/span>\n  <\/a>\n<\/div><\/div><!-- .ngfb-buttons.en_US -->\n<\/div><!-- .ngfb-content-buttons -->\n<!-- ngfb content-buttons end -->\n\n\n<!-- ngfb schema image for pinterest pin it button -->\n<div class=\"ngfb-schema-image-for-pinterest\" style=\"display:none;\">\n<img loading=\"lazy\" decoding=\"async\" src=\"https:\/\/propertybook.ro\/blog\/wp-content\/uploads\/2024\/06\/11020101.webp\" width=\"0\" height=\"0\" style=\"width:0;height:0;\" data-pin-description=\"Cluj-Napoca, Some\u0219eni - Apartament de v&acirc;nzare, finalizat &icirc;n 2023, situat &icirc;n zona Ira, la etajul 4\/4 cu lift. Comprende 67 mp utili, plus balcon de 3 mp, living separat de buc\u0103t\u0103rie printr-un perete de sticl\u0103 cu u\u0219\u0103 culisant\u0103, 2 dormitoare, 2 b\u0103i, finisaje de calitate \u0219i echipat cu electrocasnice...\" alt=\"\"\/>\n<\/div><!-- .ngfb-schema-image-for-pinterest -->\n\n<figure class=\"wp-block-image size-large\"><img decoding=\"async\" src=\"https:\/\/cdn.propertybook.ro\/svn_cluj\/11020101.webp\" alt=\"\" \/><\/figure>\n<ul>\n<li><a href=\"\/cluj-napoca\/\">Imobiliare Cluj-Napoca<\/a><\/li>\n<li><a href=\"\/cluj-napoca\/apartamente-vanzare\/\">Apartamente de vanzare Cluj-Napoca<\/a><\/li>\n<li><a href=\"\/cluj-napoca\/apartamente-vanzare\/3-camere\/\">Apartamente cu 3 camere de vanzare Cluj-Napoca<\/a><\/li>\n<li><a href=\"\/cluj-napoca\/apartamente-vanzare\/someseni\/3-camere\/\">Apartamente cu 3 camere de vanzare Some\u0219eni, Cluj-Napoca<\/a><\/li>\n<\/ul>\n<p><a href=\"\/cluj-napoca\/imobiliare-165-11020101-de-vanzare-apartament-3-camere-in-cluj-napoca-zona-someseni\/\" class=\"pb-listing-action\">Detaliile proprietatii<\/a><\/p>\n<p><h2 class=\"wp-block-heading\">Descoperi\u021bi Noul Standard al Confortului Urban: Apartament de Lux \u00een Zona Ira<\/h2>\n<p>Atunci c\u00e2nd c\u0103uta\u021bi o nou\u0103 locuin\u021b\u0103, ce a\u0219tept\u0103ri ave\u021bi? Este oare un spa\u021biu modern, dot\u0103ri de ultim\u0103 genera\u021bie, loca\u021bie privilegiat\u0103 \u0219i un ambient spa\u021bios high-end pe lista dvs.? Dac\u0103 acestea sunt unele dintre criteriile esen\u021biale \u00een c\u0103utarea dvs., atunci preg\u0103ti\u021bi-v\u0103 s\u0103 fi\u021bi captiva\u021bi de un apartament de lux, proasp\u0103t finalizat \u00een 2023, care r\u0103spunde tuturor acestor a\u0219tept\u0103ri.<\/p>\n<p>Localizat \u00een vibrantul cartier Ira, apartamentul se situeaz\u0103 la etajul 4 \u0219i este accesibil printr-un lift modern. Odat\u0103 ajuns \u00een acest adev\u0103rat sanctuar al calmului \u0219i elegan\u021bei, ve\u021bi descoperi o compartimentare semidecomandat\u0103, perfect\u0103 pentru a acorda fiec\u0103rei zone intimitatea \u0219i func\u021bionalitatea de care ave\u021bi nevoie.<\/p>\n<p>Apartamentul are o suprafa\u021b\u0103 util\u0103 de 67 mp \u0219i se deschide spre un balcon de 3 mp \u2013 locul ideal pentru o cea\u0219c\u0103 de cafea \u00een dimine\u021bile lini\u0219tite. Printr-o combina\u021bie fermec\u0103toare de stil \u0219i confort, designul interior este luminos \u0219i ospitalier. Living-ul este separat de zona de buc\u0103t\u0103rie printr-un perete de sticl\u0103 cu u\u0219\u0103 culisant\u0103, oferind un flu al aerului modern \u0219i curat. <\/p>\n<p>\u00cen fiecare camer\u0103 ve\u021bi observa detalii m\u0103iestrit alese, de la gresia \u0219i faian\u021ba aduse din Italia \u0219i Spania, la tehnologia de \u00eenc\u0103lzire prin pardoseal\u0103 \u0219i instala\u021biile de ap\u0103 germane. Pentru un plus de confort, b\u0103ile beneficiaz\u0103 de finisaje care evoc\u0103 atmosfera unui spa privat.<\/p>\n<p>Func\u021bionalitatea \u0219i inova\u021bia se \u00eent\u00e2lnesc \u00een acest apartament, unde ve\u021bi g\u0103si electrocasnice incastrate, de la plita pe gaz, cuptorul electric, la cuptorul cu microunde \u0219i frigiderul modern care \u00ee\u0219i vor face locul \u00een inima buc\u0103t\u0103riei dvs. Iar pentru a nu neglija nici confortul tehnologic, acest apartament este echipat cu televizoare smart \u0219i un sistem de iluminat controlat prin tehnologia touch.<\/p>\n<p>\u00cen zona de dormit, v\u0103 a\u0219teapt\u0103 un dressing generos, ideal pentru pasiona\u021bii de mod\u0103 \u0219i organizare. Ad\u0103ug\u00e2nd la aceasta un loc de parcare dedicat la subsol, care poate fi achizi\u021bionat la un pre\u021b accesibil, acest apartament reprezint\u0103 o uimitoare oaz\u0103 de lini\u0219te \u0219i confort.<\/p>\n<p>Pentru cei interesa\u021bi s\u0103 dea un nou \u00een\u021beles termenului de &#8220;acas\u0103&#8221;, acest apartament va servi nu doar ca un loc de locuit, ci ca un stil de via\u021b\u0103. Este important de men\u021bioneat cadrul legislativ \u00een care se \u00eenscrie achizi\u021bia unei noi propriet\u0103\u021bi, care presupune o verificare precis\u0103 a tuturor documenta\u021biilor necesare \u00eenaintea semn\u0103rii contractului de v\u00e2nzare-cump\u0103rare.<\/p>\n<p>Pentru mai multe informa\u021bii sau clarific\u0103ri, exper\u021bii imobiliari sunt disponibili s\u0103 v\u0103 ofere toate detaliile necesare. Aceast\u0103 proprietate nu este doar o locuin\u021b\u0103, ci un pas spre viitorul plin de stil \u0219i confort pe care vi-l dori\u021bi.<\/p>\n<p>\u00cembra\u021bi\u0219a\u021bi decizia de a tr\u0103i visul unei vie\u021bi moderne \u00een aceast\u0103 locuin\u021b\u0103 de excep\u021bie situat\u0103 \u00een inima urban\u0103 vibrant\u0103.<\/p>\n<p><a href=\"\/cluj-napoca\/imobiliare-165-11020101-de-vanzare-apartament-3-camere-in-cluj-napoca-zona-someseni\/\" class=\"pb-listing-action\">Stabileste o vizionare<\/a><\/p>\n<ul>\n<li><a href=\"\/cluj-napoca\/\">Imobiliare Cluj-Napoca<\/a><\/li>\n<li><a href=\"\/cluj-napoca\/apartamente-vanzare\/\">Apartamente de vanzare Cluj-Napoca<\/a><\/li>\n<li><a href=\"\/cluj-napoca\/apartamente-vanzare\/3-camere\/\">Apartamente cu 3 camere de vanzare Cluj-Napoca<\/a><\/li>\n<li><a href=\"\/cluj-napoca\/apartamente-vanzare\/someseni\/3-camere\/\">Apartamente cu 3 camere de vanzare Some\u0219eni, Cluj-Napoca<\/a><\/li>\n<\/ul>\n\n<!-- ngfb content-buttons begin -->\n<!-- generated on 2026-05-02T23:18:07+00:00 -->\n<div class=\"ngfb-content-buttons\">\n<div class=\"ngfb-buttons en_US\">\n<!-- Email Button --><div class=\"css-button email-button\">\n  <a href=\"mailto:?subject=Share:%20Apartament%20Modern%20de%202%20Dormitoare%20cu%20Facilit%C4%83%C8%9Bi%20de%20Top%20%C8%99i%20Loc%20de%20Parcare%20%C3%AEn%20Zona%20Ira%2C%20aproape%20de%20Kaufland%20%C8%99i%20Lidl&body=Cluj-Napoca%2C%20Some%C8%99eni%20-%20Apartament%20de%20v%C3%A2nzare%2C%20finalizat%20%C3%AEn%202023%2C%20situat%20%C3%AEn%20zona%20Ira%2C%20la%20etajul%204%2F4%20cu%20lift.%20Comprende%2067%20mp%20utili%2C%20plus%20balcon%20de%203%20mp%2C%20living%20separat%20de%20buc%C4%83t%C4%83rie%20printr-un%20perete%20de%20sticl%C4%83%20cu%20u%C8%99%C4%83%20culisant%C4%83%2C%202%20dormitoare%2C%202%20b%C4%83i%2C%20finisaje%20de%20calitate%20%C8%99i%20echipat%20cu%20electrocasnice%20moderne.%20Include%20loc%20de%20parcare%20subteran%2C%20disponibil%20la%20un%20cost%20suplimentar.%0D%0A%0D%0AShared%20from%20https:\/\/propertybook.ro\/blog\/apartament-modern-de-2-dormitoare-cu-facilitati-de-top-si-loc-de-parcare-in-zona-ira-aproape-de-kaufland-si-lidl\/%0D%0A\">\n    <span class=\"ngfb-icon\">\n      <svg xmlns=\"http:\/\/www.w3.org\/2000\/svg\" width=\"9\" height=\"9\" viewBox=\"0 0 28 28\">\n        <path d=\"M20.11 26.147c-2.335 1.05-4.36 1.4-7.124 1.4C6.524 27.548.84 22.916.84 15.284.84 7.343 6.602.45 15.4.45c6.854 0 11.8 4.7 11.8 11.252 0 5.684-3.193 9.265-7.398 9.3-1.83 0-3.153-.934-3.347-2.997h-.077c-1.208 1.986-2.96 2.997-5.023 2.997-2.532 0-4.36-1.868-4.36-5.062 0-4.75 3.503-9.07 9.11-9.07 1.713 0 3.7.4 4.6.972l-1.17 7.203c-.387 2.298-.115 3.3 1 3.4 1.674 0 3.774-2.102 3.774-6.58 0-5.06-3.27-8.994-9.304-8.994C9.05 2.87 3.83 7.545 3.83 14.97c0 6.5 4.2 10.2 10 10.202 1.987 0 4.09-.43 5.647-1.245l.634 2.22zM16.647 10.1c-.31-.078-.7-.155-1.207-.155-2.572 0-4.596 2.53-4.596 5.53 0 1.5.7 2.4 1.9 2.4 1.44 0 2.96-1.83 3.31-4.088l.592-3.72z\" \/>\n      <\/svg>\n    <\/span>\n    <span class=\"ngfb-text\"><\/span>\n  <\/a>\n<\/div><\/div><!-- .ngfb-buttons.en_US -->\n<\/div><!-- .ngfb-content-buttons -->\n<!-- ngfb content-buttons end -->\n\n","protected":false},"excerpt":{"rendered":"<p>Cluj-Napoca, Some\u0219eni &#8211; Apartament de v\u00e2nzare, finalizat \u00een 2023, situat \u00een zona Ira, la etajul 4\/4 cu lift. Comprende 67 mp utili, plus balcon de 3 mp, living separat de buc\u0103t\u0103rie printr-un perete de sticl\u0103 cu u\u0219\u0103 culisant\u0103, 2 dormitoare, 2 b\u0103i, finisaje de calitate \u0219i echipat cu electrocasnice moderne. Include loc de parcare subteran, disponibil la un cost suplimentar.<\/p>\n","protected":false},"author":8,"featured_media":1866,"comment_status":"open","ping_status":"open","sticky":false,"template":"","format":"standard","meta":{"footnotes":""},"categories":[50,48,47],"tags":[55,145,74,91,79,70,63,118,85],"class_list":["post-1867","post","type-post","status-publish","format-standard","has-post-thumbnail","hentry","category-apartamente-de-vanzare-in-cluj-napoca","category-oferte-imobiliare-in-cluj-napoca","category-oferte","tag-3-camere","tag-an-const-2023","tag-balcon","tag-cluj-napoca","tag-etaj-4-4","tag-parchet","tag-semidecomandat","tag-someseni","tag-termopane"],"_links":{"self":[{"href":"https:\/\/propertybook.ro\/blog\/wp-json\/wp\/v2\/posts\/1867","targetHints":{"allow":["GET"]}}],"collection":[{"href":"https:\/\/propertybook.ro\/blog\/wp-json\/wp\/v2\/posts"}],"about":[{"href":"https:\/\/propertybook.ro\/blog\/wp-json\/wp\/v2\/types\/post"}],"author":[{"embeddable":true,"href":"https:\/\/propertybook.ro\/blog\/wp-json\/wp\/v2\/users\/8"}],"replies":[{"embeddable":true,"href":"https:\/\/propertybook.ro\/blog\/wp-json\/wp\/v2\/comments?post=1867"}],"version-history":[{"count":0,"href":"https:\/\/propertybook.ro\/blog\/wp-json\/wp\/v2\/posts\/1867\/revisions"}],"wp:featuredmedia":[{"embeddable":true,"href":"https:\/\/propertybook.ro\/blog\/wp-json\/wp\/v2\/media\/1866"}],"wp:attachment":[{"href":"https:\/\/propertybook.ro\/blog\/wp-json\/wp\/v2\/media?parent=1867"}],"wp:term":[{"taxonomy":"category","embeddable":true,"href":"https:\/\/propertybook.ro\/blog\/wp-json\/wp\/v2\/categories?post=1867"},{"taxonomy":"post_tag","embeddable":true,"href":"https:\/\/propertybook.ro\/blog\/wp-json\/wp\/v2\/tags?post=1867"}],"curies":[{"name":"wp","href":"https:\/\/api.w.org\/{rel}","templated":true}]}}