{"id":1895,"date":"2024-06-07T15:43:42","date_gmt":"2024-06-07T12:43:42","guid":{"rendered":"https:\/\/propertybook.ro\/blog\/apartament-spatios-de-3-camere-cu-parcare-privata-in-manastur-lumina-naturala-si-confort-termic-asigurat\/"},"modified":"2024-06-07T15:43:42","modified_gmt":"2024-06-07T12:43:42","slug":"apartament-spatios-de-3-camere-cu-parcare-privata-in-manastur-lumina-naturala-si-confort-termic-asigurat","status":"publish","type":"post","link":"https:\/\/propertybook.ro\/blog\/apartament-spatios-de-3-camere-cu-parcare-privata-in-manastur-lumina-naturala-si-confort-termic-asigurat\/","title":{"rendered":"Apartament Spatios de 3 Camere cu Parcare Privata \u00een Manastur &#8211; Lumina Naturala si Confort Termic Asigurat"},"content":{"rendered":"\n<!-- ngfb content-buttons begin -->\n<!-- generated on 2026-04-29T22:09:50+00:00 -->\n<div class=\"ngfb-content-buttons\">\n<div class=\"ngfb-buttons en_US\">\n<!-- Email Button --><div class=\"css-button email-button\">\n  <a href=\"mailto:?subject=Share:%20Apartament%20Spatios%20de%203%20Camere%20cu%20Parcare%20Privata%20%C3%AEn%20Manastur%20%26%238211%3B%20Lumina%20Naturala%20si%20Confort%20Termic%20Asigurat&body=Cluj-Napoca%2C%20M%C4%83n%C4%83%C8%99tur%20-%20De%20v%C3%A2nzare%20apartament%20decomandat%20de%203%20camere%20%C3%AEn%20cartierul%20M%C4%83n%C4%83%C8%99tur%2C%20cu%20parcare%20inclus%C4%83.%20Suprafa%C8%9B%C4%83%2071.59%20mp%2C%20oferind%202%20dormitoare%2C%20living%2C%20buc%C4%83t%C4%83rie%2C%202%20b%C4%83i%20%C8%99i%202%20balcoane.%20Situat%20%C3%AEntr-o%20zon%C4%83%20lini%C8%99tit%C4%83%20%C8%99i%20verde%2C%20aproape%20de%20transportul%20%C3%AEn%20comun%20%C8%99i%20facilit%C4%83%C8%9Bi%2C%20cu%20ostenire%20S-E-V%20%C8%99i%20centrala%20proprie.%0D%0A%0D%0AShared%20from%20https:\/\/propertybook.ro\/blog\/apartament-spatios-de-3-camere-cu-parcare-privata-in-manastur-lumina-naturala-si-confort-termic-asigurat\/%0D%0A\">\n    <span class=\"ngfb-icon\">\n      <svg xmlns=\"http:\/\/www.w3.org\/2000\/svg\" width=\"9\" height=\"9\" viewBox=\"0 0 28 28\">\n        <path d=\"M20.11 26.147c-2.335 1.05-4.36 1.4-7.124 1.4C6.524 27.548.84 22.916.84 15.284.84 7.343 6.602.45 15.4.45c6.854 0 11.8 4.7 11.8 11.252 0 5.684-3.193 9.265-7.398 9.3-1.83 0-3.153-.934-3.347-2.997h-.077c-1.208 1.986-2.96 2.997-5.023 2.997-2.532 0-4.36-1.868-4.36-5.062 0-4.75 3.503-9.07 9.11-9.07 1.713 0 3.7.4 4.6.972l-1.17 7.203c-.387 2.298-.115 3.3 1 3.4 1.674 0 3.774-2.102 3.774-6.58 0-5.06-3.27-8.994-9.304-8.994C9.05 2.87 3.83 7.545 3.83 14.97c0 6.5 4.2 10.2 10 10.202 1.987 0 4.09-.43 5.647-1.245l.634 2.22zM16.647 10.1c-.31-.078-.7-.155-1.207-.155-2.572 0-4.596 2.53-4.596 5.53 0 1.5.7 2.4 1.9 2.4 1.44 0 2.96-1.83 3.31-4.088l.592-3.72z\" \/>\n      <\/svg>\n    <\/span>\n    <span class=\"ngfb-text\"><\/span>\n  <\/a>\n<\/div><\/div><!-- .ngfb-buttons.en_US -->\n<\/div><!-- .ngfb-content-buttons -->\n<!-- ngfb content-buttons end -->\n\n\n<!-- ngfb schema image for pinterest pin it button -->\n<div class=\"ngfb-schema-image-for-pinterest\" style=\"display:none;\">\n<img loading=\"lazy\" decoding=\"async\" src=\"https:\/\/propertybook.ro\/blog\/wp-content\/uploads\/2024\/06\/144085.webp\" width=\"0\" height=\"0\" style=\"width:0;height:0;\" data-pin-description=\"Cluj-Napoca, M\u0103n\u0103\u0219tur - De v&acirc;nzare apartament decomandat de 3 camere &icirc;n cartierul M\u0103n\u0103\u0219tur, cu parcare inclus\u0103. Suprafa\u021b\u0103 71.59 mp, oferind 2 dormitoare, living, buc\u0103t\u0103rie, 2 b\u0103i \u0219i 2 balcoane. Situat &icirc;ntr-o zon\u0103 lini\u0219tit\u0103 \u0219i verde, aproape de transportul &icirc;n comun \u0219i facilit\u0103\u021bi, cu ostenire...\" alt=\"\"\/>\n<\/div><!-- .ngfb-schema-image-for-pinterest -->\n\n<figure class=\"wp-block-image size-large\"><img decoding=\"async\" src=\"https:\/\/cdn.propertybook.ro\/napoca_imobiliare\/144085.webp\" alt=\"\" \/><\/figure>\n<ul>\n<li><a href=\"\/cluj-napoca\/\">Imobiliare Cluj-Napoca<\/a><\/li>\n<li><a href=\"\/cluj-napoca\/apartamente-vanzare\/\">Apartamente de vanzare Cluj-Napoca<\/a><\/li>\n<li><a href=\"\/cluj-napoca\/apartamente-vanzare\/3-camere\/\">Apartamente cu 3 camere de vanzare Cluj-Napoca<\/a><\/li>\n<li><a href=\"\/cluj-napoca\/apartamente-vanzare\/manastur\/3-camere\/\">Apartamente cu 3 camere de vanzare M\u0103n\u0103\u0219tur, Cluj-Napoca<\/a><\/li>\n<\/ul>\n<p><a href=\"http:\/\/www.napocaimobiliare.ro\/va3-144085-apartament-3-camere-de-vanzare-in-manastur,-cluj-napoca-cluj-napoca\" class=\"pb-listing-action\">Detaliile proprietatii<\/a><\/p>\n<p><h2 class=\"wp-block-heading\">Descoperi\u021bi oaz\u0103 de lini\u0219te \u00een inima ora\u0219ului cu acest apartament de 3 camere \u0219i parcare \u00een Man\u0103\u0219tur!<\/h2>\n<p>Ave\u021bi oportunitatea de a locui \u00eentr-un spa\u021biu generos, luminos \u0219i confortabil, ideal pentru cei care caut\u0103 echilibrul perfect \u00eentre via\u021ba de ora\u0219 \u0219i un refugiu personal calm \u0219i primitor. Aceast\u0103 proprietate ofer\u0103 nu doar trei camere decomandate, ci \u0219i beneficiul unei parc\u0103ri proprii, un adev\u0103rat avantaj \u00een orice cartier urban.<\/p>\n<p>Apartamentul, care se \u00eentinde pe o suprafa\u021b\u0103 util\u0103 de 71.59 mp, este compus din dou\u0103 dormitoare primitoare, un living spa\u021bios pentru a v\u0103 petrece timpul al\u0103turi de familie \u0219i prieteni, o buc\u0103t\u0103rie complet utilat\u0103, unde s\u0103 preg\u0103ti\u021bi cele mai gustoase m\u00e2nc\u0103ruri, \u0219i dou\u0103 b\u0103i moderne pentru un plus de confort. De asemenea, locuin\u021ba dispune \u0219i de dou\u0103 balcoane, locuri perfecte pentru a savura cafeaua de diminea\u021ba sau pentru a citi o carte \u00een zilele \u00eensorite.<\/p>\n<p>Situat\u0103 \u00eentr-un cartier plin de verdeat\u0103 \u0219i lini\u0219te, apartamentul este \u00een acela\u0219i timp aproape de toate necesit\u0103\u021bile vie\u021bii cotidiene. Zona beneficiaz\u0103 de accesibilitate rapid\u0103 c\u0103tre diverse magazine, \u0219coli, spitale \u0219i parcuri, prin urmare, v\u0103 ve\u021bi bucura de comodit\u0103\u021bi la doar c\u00e2\u021biva pa\u0219i distan\u021b\u0103.<\/p>\n<p>Pentru cei care se deplaseaz\u0103 frecvent, trebuie s\u0103 \u0219ti\u021bi c\u0103 apartamentul este la doar dou\u0103 sta\u021bii de Platinia, iar zona are leg\u0103turi excelente de transport \u00een comun, facilit\u00e2ndu-v\u0103 astfel mobilitatea prin ora\u0219.<\/p>\n<p>Unul dintre punctele forte ale acestui apartament este orientarea strategic\u0103 sud-est-vest, care asigur\u0103 o iluminare natural\u0103 excelent\u0103 pe tot parcursul zilei. Cu central\u0103 proprie pentru confort termic, nu va trebui s\u0103 v\u0103 face\u021bi griji \u00een leg\u0103tur\u0103 cu temperaturile exterioare, indiferent de anotimp.<\/p>\n<p>Aceast\u0103 proprietate este ideal\u0103 pentru oricine caut\u0103 un echilibru \u00eentre dinamica vie\u021bii urbane \u0219i intimitatea oferit\u0103 de un c\u0103min cald \u0219i primitor. Av\u00e2nd toate atuurile pentru a se transforma \u00een noul dvs. acas\u0103, suntem siguri c\u0103 acest apartament va atrage aten\u021bia oric\u0103rui c\u0103ut\u0103tor de locuin\u021be care pre\u021buie\u0219te confortul, lumina \u0219i spa\u021biul.<\/p>\n<p>Indiferent de motivele pentru care c\u0103uta\u021bi o nou\u0103 locuin\u021b\u0103, fie c\u0103 sunte\u021bi o familie \u00een c\u0103utarea primului dvs. c\u0103min, un profesionist care iube\u0219te confortul sau pur \u0219i simplu c\u0103uta\u021bi un nou \u00eenceput \u00eentr-o loca\u021bie perfect\u0103, acest apartament merit\u0103 cu siguran\u021b\u0103 s\u0103 fie luat \u00een considerare. Nu rata\u021bi oportunitatea de a descoperi poten\u021bialul acestui spa\u021biu de locuit &#8211; un loc unde noua defini\u021bie a acas\u0103 \u00eembin\u0103 armonios elegan\u021ba, intimitatea \u0219i comoditatea.<\/p>\n<p><a href=\"http:\/\/www.napocaimobiliare.ro\/va3-144085-apartament-3-camere-de-vanzare-in-manastur,-cluj-napoca-cluj-napoca\" class=\"pb-listing-action\">Stabileste o vizionare<\/a><\/p>\n<ul>\n<li><a href=\"\/cluj-napoca\/\">Imobiliare Cluj-Napoca<\/a><\/li>\n<li><a href=\"\/cluj-napoca\/apartamente-vanzare\/\">Apartamente de vanzare Cluj-Napoca<\/a><\/li>\n<li><a href=\"\/cluj-napoca\/apartamente-vanzare\/3-camere\/\">Apartamente cu 3 camere de vanzare Cluj-Napoca<\/a><\/li>\n<li><a href=\"\/cluj-napoca\/apartamente-vanzare\/manastur\/3-camere\/\">Apartamente cu 3 camere de vanzare M\u0103n\u0103\u0219tur, Cluj-Napoca<\/a><\/li>\n<\/ul>\n\n<!-- ngfb content-buttons begin -->\n<!-- generated on 2026-04-29T22:09:50+00:00 -->\n<div class=\"ngfb-content-buttons\">\n<div class=\"ngfb-buttons en_US\">\n<!-- Email Button --><div class=\"css-button email-button\">\n  <a href=\"mailto:?subject=Share:%20Apartament%20Spatios%20de%203%20Camere%20cu%20Parcare%20Privata%20%C3%AEn%20Manastur%20%26%238211%3B%20Lumina%20Naturala%20si%20Confort%20Termic%20Asigurat&body=Cluj-Napoca%2C%20M%C4%83n%C4%83%C8%99tur%20-%20De%20v%C3%A2nzare%20apartament%20decomandat%20de%203%20camere%20%C3%AEn%20cartierul%20M%C4%83n%C4%83%C8%99tur%2C%20cu%20parcare%20inclus%C4%83.%20Suprafa%C8%9B%C4%83%2071.59%20mp%2C%20oferind%202%20dormitoare%2C%20living%2C%20buc%C4%83t%C4%83rie%2C%202%20b%C4%83i%20%C8%99i%202%20balcoane.%20Situat%20%C3%AEntr-o%20zon%C4%83%20lini%C8%99tit%C4%83%20%C8%99i%20verde%2C%20aproape%20de%20transportul%20%C3%AEn%20comun%20%C8%99i%20facilit%C4%83%C8%9Bi%2C%20cu%20ostenire%20S-E-V%20%C8%99i%20centrala%20proprie.%0D%0A%0D%0AShared%20from%20https:\/\/propertybook.ro\/blog\/apartament-spatios-de-3-camere-cu-parcare-privata-in-manastur-lumina-naturala-si-confort-termic-asigurat\/%0D%0A\">\n    <span class=\"ngfb-icon\">\n      <svg xmlns=\"http:\/\/www.w3.org\/2000\/svg\" width=\"9\" height=\"9\" viewBox=\"0 0 28 28\">\n        <path d=\"M20.11 26.147c-2.335 1.05-4.36 1.4-7.124 1.4C6.524 27.548.84 22.916.84 15.284.84 7.343 6.602.45 15.4.45c6.854 0 11.8 4.7 11.8 11.252 0 5.684-3.193 9.265-7.398 9.3-1.83 0-3.153-.934-3.347-2.997h-.077c-1.208 1.986-2.96 2.997-5.023 2.997-2.532 0-4.36-1.868-4.36-5.062 0-4.75 3.503-9.07 9.11-9.07 1.713 0 3.7.4 4.6.972l-1.17 7.203c-.387 2.298-.115 3.3 1 3.4 1.674 0 3.774-2.102 3.774-6.58 0-5.06-3.27-8.994-9.304-8.994C9.05 2.87 3.83 7.545 3.83 14.97c0 6.5 4.2 10.2 10 10.202 1.987 0 4.09-.43 5.647-1.245l.634 2.22zM16.647 10.1c-.31-.078-.7-.155-1.207-.155-2.572 0-4.596 2.53-4.596 5.53 0 1.5.7 2.4 1.9 2.4 1.44 0 2.96-1.83 3.31-4.088l.592-3.72z\" \/>\n      <\/svg>\n    <\/span>\n    <span class=\"ngfb-text\"><\/span>\n  <\/a>\n<\/div><\/div><!-- .ngfb-buttons.en_US -->\n<\/div><!-- .ngfb-content-buttons -->\n<!-- ngfb content-buttons end -->\n\n","protected":false},"excerpt":{"rendered":"<p>Cluj-Napoca, M\u0103n\u0103\u0219tur &#8211; De v\u00e2nzare apartament decomandat de 3 camere \u00een cartierul M\u0103n\u0103\u0219tur, cu parcare inclus\u0103. Suprafa\u021b\u0103 71.59 mp, oferind 2 dormitoare, living, buc\u0103t\u0103rie, 2 b\u0103i \u0219i 2 balcoane. Situat \u00eentr-o zon\u0103 lini\u0219tit\u0103 \u0219i verde, aproape de transportul \u00een comun \u0219i facilit\u0103\u021bi, cu ostenire S-E-V \u0219i centrala proprie.<\/p>\n","protected":false},"author":8,"featured_media":1894,"comment_status":"open","ping_status":"open","sticky":false,"template":"","format":"standard","meta":{"footnotes":""},"categories":[50,48,47],"tags":[59,55,65,91,68,79,123,60],"class_list":["post-1895","post","type-post","status-publish","format-standard","has-post-thumbnail","hentry","category-apartamente-de-vanzare-in-cluj-napoca","category-oferte-imobiliare-in-cluj-napoca","category-oferte","tag-2-balcoane","tag-3-camere","tag-centrala-termica","tag-cluj-napoca","tag-decomandat","tag-etaj-4-4","tag-manastur","tag-parcare"],"_links":{"self":[{"href":"https:\/\/propertybook.ro\/blog\/wp-json\/wp\/v2\/posts\/1895","targetHints":{"allow":["GET"]}}],"collection":[{"href":"https:\/\/propertybook.ro\/blog\/wp-json\/wp\/v2\/posts"}],"about":[{"href":"https:\/\/propertybook.ro\/blog\/wp-json\/wp\/v2\/types\/post"}],"author":[{"embeddable":true,"href":"https:\/\/propertybook.ro\/blog\/wp-json\/wp\/v2\/users\/8"}],"replies":[{"embeddable":true,"href":"https:\/\/propertybook.ro\/blog\/wp-json\/wp\/v2\/comments?post=1895"}],"version-history":[{"count":0,"href":"https:\/\/propertybook.ro\/blog\/wp-json\/wp\/v2\/posts\/1895\/revisions"}],"wp:featuredmedia":[{"embeddable":true,"href":"https:\/\/propertybook.ro\/blog\/wp-json\/wp\/v2\/media\/1894"}],"wp:attachment":[{"href":"https:\/\/propertybook.ro\/blog\/wp-json\/wp\/v2\/media?parent=1895"}],"wp:term":[{"taxonomy":"category","embeddable":true,"href":"https:\/\/propertybook.ro\/blog\/wp-json\/wp\/v2\/categories?post=1895"},{"taxonomy":"post_tag","embeddable":true,"href":"https:\/\/propertybook.ro\/blog\/wp-json\/wp\/v2\/tags?post=1895"}],"curies":[{"name":"wp","href":"https:\/\/api.w.org\/{rel}","templated":true}]}}