{"id":1909,"date":"2024-06-10T11:44:34","date_gmt":"2024-06-10T08:44:34","guid":{"rendered":"https:\/\/propertybook.ro\/blog\/casa-de-epoca-cu-regim-pempod-si-curte-amenajata-in-zona-piata-alba-iulia-opportunitate-ideala-pentru-locuinta-sau-sediul-companiei\/"},"modified":"2024-06-10T11:44:34","modified_gmt":"2024-06-10T08:44:34","slug":"casa-de-epoca-cu-regim-pempod-si-curte-amenajata-in-zona-piata-alba-iulia-opportunitate-ideala-pentru-locuinta-sau-sediul-companiei","status":"publish","type":"post","link":"https:\/\/propertybook.ro\/blog\/casa-de-epoca-cu-regim-pempod-si-curte-amenajata-in-zona-piata-alba-iulia-opportunitate-ideala-pentru-locuinta-sau-sediul-companiei\/","title":{"rendered":"Casa de epoca cu regim P+E+M+pod si curte amenajata in zona Piata Alba Iulia &#8211; Opportunitate ideala pentru locuinta sau sediul companiei"},"content":{"rendered":"\n<!-- ngfb content-buttons begin -->\n<!-- generated on 2026-04-30T23:39:43+00:00 -->\n<div class=\"ngfb-content-buttons\">\n<div class=\"ngfb-buttons en_US\">\n<!-- Email Button --><div class=\"css-button email-button\">\n  <a href=\"mailto:?subject=Share:%20Casa%20de%20epoca%20cu%20regim%20P%2BE%2BM%2Bpod%20si%20curte%20amenajata%20in%20zona%20Piata%20Alba%20Iulia%20%26%238211%3B%20Opportunitate%20ideala%20pentru%20locuinta%20sau%20sediul%20companiei&body=Bucure%C8%99ti%2C%20Centrul%20Civic%20-%20De%20v%C3%A2nzare%2C%20cas%C4%83%20istoric%C4%83%20%281940%29%20%C3%AEn%20zona%20Piata%20Alba%20Iulia%2C%20regim%20P%2BE%2BM%2Bpod%2C%20suprafata%20teren%20200%20mp%2C%20util%C4%83%20250%20mp.%20Compartimentare%20apartamente%20pe%20nivel%2C%20fiecare%20cu%20dot%C4%83ri.%20Include%20teras%C4%83%2C%20curte%2C%20garaj%2C%20central%C4%83%20%C8%99i%20panouri%20solare.%20Potrivit%C4%83%20pentru%20locuin%C8%9B%C4%83%20sau%20sediu%20de%20firm%C4%83.%0D%0A%0D%0AShared%20from%20https:\/\/propertybook.ro\/blog\/casa-de-epoca-cu-regim-pempod-si-curte-amenajata-in-zona-piata-alba-iulia-opportunitate-ideala-pentru-locuinta-sau-sediul-companiei\/%0D%0A\">\n    <span class=\"ngfb-icon\">\n      <svg xmlns=\"http:\/\/www.w3.org\/2000\/svg\" width=\"9\" height=\"9\" viewBox=\"0 0 28 28\">\n        <path d=\"M20.11 26.147c-2.335 1.05-4.36 1.4-7.124 1.4C6.524 27.548.84 22.916.84 15.284.84 7.343 6.602.45 15.4.45c6.854 0 11.8 4.7 11.8 11.252 0 5.684-3.193 9.265-7.398 9.3-1.83 0-3.153-.934-3.347-2.997h-.077c-1.208 1.986-2.96 2.997-5.023 2.997-2.532 0-4.36-1.868-4.36-5.062 0-4.75 3.503-9.07 9.11-9.07 1.713 0 3.7.4 4.6.972l-1.17 7.203c-.387 2.298-.115 3.3 1 3.4 1.674 0 3.774-2.102 3.774-6.58 0-5.06-3.27-8.994-9.304-8.994C9.05 2.87 3.83 7.545 3.83 14.97c0 6.5 4.2 10.2 10 10.202 1.987 0 4.09-.43 5.647-1.245l.634 2.22zM16.647 10.1c-.31-.078-.7-.155-1.207-.155-2.572 0-4.596 2.53-4.596 5.53 0 1.5.7 2.4 1.9 2.4 1.44 0 2.96-1.83 3.31-4.088l.592-3.72z\" \/>\n      <\/svg>\n    <\/span>\n    <span class=\"ngfb-text\"><\/span>\n  <\/a>\n<\/div><\/div><!-- .ngfb-buttons.en_US -->\n<\/div><!-- .ngfb-content-buttons -->\n<!-- ngfb content-buttons end -->\n\n\n<!-- ngfb schema image for pinterest pin it button -->\n<div class=\"ngfb-schema-image-for-pinterest\" style=\"display:none;\">\n<img loading=\"lazy\" decoding=\"async\" src=\"https:\/\/propertybook.ro\/blog\/wp-content\/uploads\/2024\/06\/22003980.webp\" width=\"0\" height=\"0\" style=\"width:0;height:0;\" data-pin-description=\"Bucure\u0219ti, Centrul Civic - De v&acirc;nzare, cas\u0103 istoric\u0103 (1940) &icirc;n zona Piata Alba Iulia, regim P+E+M+pod, suprafata teren 200 mp, util\u0103 250 mp. Compartimentare apartamente pe nivel, fiecare cu dot\u0103ri. Include teras\u0103, curte, garaj, central\u0103 \u0219i panouri solare. Potrivit\u0103 pentru locuin\u021b\u0103 sau sediu de...\" alt=\"\"\/>\n<\/div><!-- .ngfb-schema-image-for-pinterest -->\n\n<figure class=\"wp-block-image size-large\"><img decoding=\"async\" src=\"https:\/\/cdn.propertybook.ro\/svn_residentialist\/22003980.webp\" alt=\"\" \/><\/figure>\n<ul>\n<li><a href=\"\/bucuresti\/\">Imobiliare Bucure\u0219ti<\/a><\/li>\n<li><a href=\"\/bucuresti\/case-vanzare\/\">Case de vanzare Bucure\u0219ti<\/a><\/li>\n<li><a href=\"\/bucuresti\/case-vanzare\/10-camere\/\">Case cu 10 camere de vanzare Bucure\u0219ti<\/a><\/li>\n<li><a href=\"\/bucuresti\/case-vanzare\/centrul_civic\/10-camere\/\">Case cu 10 camere de vanzare Centrul Civic, Bucure\u0219ti<\/a><\/li>\n<\/ul>\n<p><a href=\"\/bucuresti\/imobiliare-163-22003980-de-vanzare-casa-10-camere-in-sector-3-zona-alba-iulia\/\" class=\"pb-listing-action\">Detaliile proprietatii<\/a><\/p>\n<p>Titlu: <\/p>\n<h2 class=\"wp-block-heading\">Descopera Farmecul \u0219i Confortul unei Case Clasice \u00een Zona Piata Alba Iulia<\/h2>\n<p>Cu o arhitectura ce p\u0103streaz\u0103 elemente clasice \u0219i o loca\u021bie de invidiat, casa situat\u0103 inimii Bucure\u0219tii, \u00een zona Piata Alba Iulia, reflect\u0103 o oaz\u0103 de pace \u0219i valoare istoric\u0103 \u00een tumultul metropolei moderne. Dac\u0103 sunte\u021bi \u00een c\u0103utarea unei propriet\u0103\u021bi cu personalitate \u0219i confort, aceast\u0103 bijuterie arhitectural\u0103 din anii 1940 ar putea fi acel col\u021b de paradis personal pe care l-a\u021bi c\u0103utat.<\/p>\n<p>Vizualiza\u021bi-v\u0103 via\u021ba \u00eentr-o cas\u0103 amplasat\u0103 strategic pe o strad\u0103 tranquila de case, unde armonia din vecin\u0103tate este completat\u0103 de proximitatea la facilit\u0103\u021bile urbane. \u00cempachetat\u0103 pe un teren de 200 mp, aceast\u0103 proprietate se \u00eenal\u021b\u0103 \u00eentregitor cu un regim de P+E+M+pod, fiind compus\u0103 din apartamente distribuite echilibrat pe fiecare nivel.<\/p>\n<p>Designul interior este organizat astfel \u00eenc\u00e2t fiecare apartament s\u0103 ofere spa\u021bii de locuit atent structurate, incluz\u00e2nd o baie, o buc\u0103t\u0103rie func\u021bional\u0103, un living spa\u021bios \u0219i dormitoare primitoare, totaliz\u00e2nd o suprafa\u021b\u0103 util\u0103 de 250 mp care invit\u0103 la confort \u0219i intimitate.<\/p>\n<p>\u00cen special la parter, unde via\u021ba de zi cu zi cap\u0103t\u0103 o nou\u0103 dimensiune \u00een terasa acoperit\u0103 \u0219i curtea ad\u0103postit\u0103 &#8211; un loc ideal pentru a v\u0103 relaxa, a v\u0103 bucura de jocuri \u00een aer liber sau pur \u0219i simplu de a petrece timp de calitate al\u0103turi de cei dragi. Nu \u00een ultimul r\u00e2nd, casa include \u0219i un garaj care ofer\u0103 siguran\u021b\u0103 \u0219i confort pentru mijlocul vostru de transport.<\/p>\n<p>G\u00e2ndit\u0103 at\u00e2t pentru a servi drept sediu de firm\u0103, c\u00e2t \u0219i drept c\u0103min familiei, aceast\u0103 cas\u0103 se adapteaz\u0103 cu u\u0219urin\u021b\u0103 multiplelor cerin\u021be ale vie\u021bii contemporane. Fiind dotat\u0103 cu centrale termice proprii \u0219i panouri solare, ea garanteaz\u0103 un stil de via\u021ba sustenabil \u0219i eficient din punct de vedere energetic. Nu sunt neglijate nici celelalte utilit\u0103\u021bi moderne, astfel \u00eenc\u00e2t s\u0103 beneficia\u021bi de toate comodit\u0103\u021bile pe care vi le pute\u021bi dori.<\/p>\n<p>Un alt aspect cheie al acestei propriet\u0103\u021bi \u00eel reprezint\u0103 grija pentru detaliu \u0219i angajamentul fa\u021b\u0103 de o via\u021b\u0103 eco-responsabil\u0103, confirmate de prezen\u021ba unui certificat energetic, care va fi furnizat la achizi\u021bia casei.<\/p>\n<p>Dac\u0103 acestore delicii de stil, confort \u0219i func\u021bionalitate li se adaug\u0103 dorin\u021ba de a de\u021bine o parte din istoria ora\u0219ului, atunci acesta este un moment potrivit pentru a explora mai multe despre aceast\u0103 casa fascinant\u0103.<\/p>\n<p>Pentru informa\u021bii suplimentare \u0219i programarea unor vizion\u0103ri, unde ve\u021bi putea s\u0103 v\u0103 imagina\u021bi propriile pove\u0219ti \u00een aceste spa\u021bii captivante, v\u0103 \u00eencuraj\u0103m s\u0103 urm\u0103ri\u021bi corespunz\u01cetoarele canale de informa\u021bii imobiliare \u0219i s\u0103 descoperi\u021bi ocazia de a transforma aceast\u0103 cas\u0103 \u00eentr-un c\u0103min.<\/p>\n<p><a href=\"\/bucuresti\/imobiliare-163-22003980-de-vanzare-casa-10-camere-in-sector-3-zona-alba-iulia\/\" class=\"pb-listing-action\">Stabileste o vizionare<\/a><\/p>\n<ul>\n<li><a href=\"\/bucuresti\/\">Imobiliare Bucure\u0219ti<\/a><\/li>\n<li><a href=\"\/bucuresti\/case-vanzare\/\">Case de vanzare Bucure\u0219ti<\/a><\/li>\n<li><a href=\"\/bucuresti\/case-vanzare\/10-camere\/\">Case cu 10 camere de vanzare Bucure\u0219ti<\/a><\/li>\n<li><a href=\"\/bucuresti\/case-vanzare\/centrul_civic\/10-camere\/\">Case cu 10 camere de vanzare Centrul Civic, Bucure\u0219ti<\/a><\/li>\n<\/ul>\n\n<!-- ngfb content-buttons begin -->\n<!-- generated on 2026-04-30T23:39:43+00:00 -->\n<div class=\"ngfb-content-buttons\">\n<div class=\"ngfb-buttons en_US\">\n<!-- Email Button --><div class=\"css-button email-button\">\n  <a href=\"mailto:?subject=Share:%20Casa%20de%20epoca%20cu%20regim%20P%2BE%2BM%2Bpod%20si%20curte%20amenajata%20in%20zona%20Piata%20Alba%20Iulia%20%26%238211%3B%20Opportunitate%20ideala%20pentru%20locuinta%20sau%20sediul%20companiei&body=Bucure%C8%99ti%2C%20Centrul%20Civic%20-%20De%20v%C3%A2nzare%2C%20cas%C4%83%20istoric%C4%83%20%281940%29%20%C3%AEn%20zona%20Piata%20Alba%20Iulia%2C%20regim%20P%2BE%2BM%2Bpod%2C%20suprafata%20teren%20200%20mp%2C%20util%C4%83%20250%20mp.%20Compartimentare%20apartamente%20pe%20nivel%2C%20fiecare%20cu%20dot%C4%83ri.%20Include%20teras%C4%83%2C%20curte%2C%20garaj%2C%20central%C4%83%20%C8%99i%20panouri%20solare.%20Potrivit%C4%83%20pentru%20locuin%C8%9B%C4%83%20sau%20sediu%20de%20firm%C4%83.%0D%0A%0D%0AShared%20from%20https:\/\/propertybook.ro\/blog\/casa-de-epoca-cu-regim-pempod-si-curte-amenajata-in-zona-piata-alba-iulia-opportunitate-ideala-pentru-locuinta-sau-sediul-companiei\/%0D%0A\">\n    <span class=\"ngfb-icon\">\n      <svg xmlns=\"http:\/\/www.w3.org\/2000\/svg\" width=\"9\" height=\"9\" viewBox=\"0 0 28 28\">\n        <path d=\"M20.11 26.147c-2.335 1.05-4.36 1.4-7.124 1.4C6.524 27.548.84 22.916.84 15.284.84 7.343 6.602.45 15.4.45c6.854 0 11.8 4.7 11.8 11.252 0 5.684-3.193 9.265-7.398 9.3-1.83 0-3.153-.934-3.347-2.997h-.077c-1.208 1.986-2.96 2.997-5.023 2.997-2.532 0-4.36-1.868-4.36-5.062 0-4.75 3.503-9.07 9.11-9.07 1.713 0 3.7.4 4.6.972l-1.17 7.203c-.387 2.298-.115 3.3 1 3.4 1.674 0 3.774-2.102 3.774-6.58 0-5.06-3.27-8.994-9.304-8.994C9.05 2.87 3.83 7.545 3.83 14.97c0 6.5 4.2 10.2 10 10.202 1.987 0 4.09-.43 5.647-1.245l.634 2.22zM16.647 10.1c-.31-.078-.7-.155-1.207-.155-2.572 0-4.596 2.53-4.596 5.53 0 1.5.7 2.4 1.9 2.4 1.44 0 2.96-1.83 3.31-4.088l.592-3.72z\" \/>\n      <\/svg>\n    <\/span>\n    <span class=\"ngfb-text\"><\/span>\n  <\/a>\n<\/div><\/div><!-- .ngfb-buttons.en_US -->\n<\/div><!-- .ngfb-content-buttons -->\n<!-- ngfb content-buttons end -->\n\n","protected":false},"excerpt":{"rendered":"<p>Bucure\u0219ti, Centrul Civic &#8211; De v\u00e2nzare, cas\u0103 istoric\u0103 (1940) \u00een zona Piata Alba Iulia, regim P+E+M+pod, suprafata teren 200 mp, util\u0103 250 mp. Compartimentare apartamente pe nivel, fiecare cu dot\u0103ri. Include teras\u0103, curte, garaj, central\u0103 \u0219i panouri solare. Potrivit\u0103 pentru locuin\u021b\u0103 sau sediu de firm\u0103.<\/p>\n","protected":false},"author":8,"featured_media":1908,"comment_status":"open","ping_status":"open","sticky":false,"template":"","format":"standard","meta":{"footnotes":""},"categories":[49,53,47],"tags":[190,59,198,89,90,70],"class_list":["post-1909","post","type-post","status-publish","format-standard","has-post-thumbnail","hentry","category-oferte-imobiliare-bucuresti","category-case-de-vanzare-bucuresti","category-oferte","tag-10-camere","tag-2-balcoane","tag-an-const-1940","tag-bucuresti","tag-centrul-civic","tag-parchet"],"_links":{"self":[{"href":"https:\/\/propertybook.ro\/blog\/wp-json\/wp\/v2\/posts\/1909","targetHints":{"allow":["GET"]}}],"collection":[{"href":"https:\/\/propertybook.ro\/blog\/wp-json\/wp\/v2\/posts"}],"about":[{"href":"https:\/\/propertybook.ro\/blog\/wp-json\/wp\/v2\/types\/post"}],"author":[{"embeddable":true,"href":"https:\/\/propertybook.ro\/blog\/wp-json\/wp\/v2\/users\/8"}],"replies":[{"embeddable":true,"href":"https:\/\/propertybook.ro\/blog\/wp-json\/wp\/v2\/comments?post=1909"}],"version-history":[{"count":0,"href":"https:\/\/propertybook.ro\/blog\/wp-json\/wp\/v2\/posts\/1909\/revisions"}],"wp:featuredmedia":[{"embeddable":true,"href":"https:\/\/propertybook.ro\/blog\/wp-json\/wp\/v2\/media\/1908"}],"wp:attachment":[{"href":"https:\/\/propertybook.ro\/blog\/wp-json\/wp\/v2\/media?parent=1909"}],"wp:term":[{"taxonomy":"category","embeddable":true,"href":"https:\/\/propertybook.ro\/blog\/wp-json\/wp\/v2\/categories?post=1909"},{"taxonomy":"post_tag","embeddable":true,"href":"https:\/\/propertybook.ro\/blog\/wp-json\/wp\/v2\/tags?post=1909"}],"curies":[{"name":"wp","href":"https:\/\/api.w.org\/{rel}","templated":true}]}}