{"id":1915,"date":"2024-06-10T13:44:39","date_gmt":"2024-06-10T10:44:39","guid":{"rendered":"https:\/\/propertybook.ro\/blog\/exclusivist-apartament-3-camere-cu-garaj-subteran-in-zona-andrei-muresanu-cluj-napoca\/"},"modified":"2024-06-10T13:44:39","modified_gmt":"2024-06-10T10:44:39","slug":"exclusivist-apartament-3-camere-cu-garaj-subteran-in-zona-andrei-muresanu-cluj-napoca","status":"publish","type":"post","link":"https:\/\/propertybook.ro\/blog\/exclusivist-apartament-3-camere-cu-garaj-subteran-in-zona-andrei-muresanu-cluj-napoca\/","title":{"rendered":"Exclusivist Apartament 3 Camere cu Garaj Subteran \u00een Zona Andrei Mure\u0219anu, Cluj-Napoca"},"content":{"rendered":"\n<!-- ngfb content-buttons begin -->\n<!-- generated on 2026-05-03T09:28:48+00:00 -->\n<div class=\"ngfb-content-buttons\">\n<div class=\"ngfb-buttons en_US\">\n<!-- Email Button --><div class=\"css-button email-button\">\n  <a href=\"mailto:?subject=Share:%20Exclusivist%20Apartament%203%20Camere%20cu%20Garaj%20Subteran%20%C3%AEn%20Zona%20Andrei%20Mure%C8%99anu%2C%20Cluj-Napoca&body=Cluj-Napoca%2C%20Andrei%20Mure%C8%99anu%20-%20Apartament%20de%20lux%20de%20v%C3%A2nzare%20%C3%AEn%20zona%20exclusivist%C4%83%20Andrei%20Mure%C8%99anu%2C%20Cluj.%20Unitatea%2C%20aflat%C4%83%20la%20etajul%201%20din%202%20%C3%AEntr-o%20vil%C4%83%20construit%C4%83%20%C3%AEn%202007%2C%20are%20100mp%20utili%20%C8%99i%20acces%20la%20o%20parte%20din%20curte.%20Include%20living%2C%20buc%C4%83t%C4%83rie%2C%202%20dormitoare%2C%202%20b%C4%83i%20%C8%99i%20balcon%2C%20mobilat%20%C8%99i%20utilat%20la%20standarde%20%C3%AEnalte.%20Beneficiaz%C4%83%20de%20garaj%20subteran%20inclus%20%C3%AEn%20pre%C8%9B.%0D%0A%0D%0AShared%20from%20https:\/\/propertybook.ro\/blog\/exclusivist-apartament-3-camere-cu-garaj-subteran-in-zona-andrei-muresanu-cluj-napoca\/%0D%0A\">\n    <span class=\"ngfb-icon\">\n      <svg xmlns=\"http:\/\/www.w3.org\/2000\/svg\" width=\"9\" height=\"9\" viewBox=\"0 0 28 28\">\n        <path d=\"M20.11 26.147c-2.335 1.05-4.36 1.4-7.124 1.4C6.524 27.548.84 22.916.84 15.284.84 7.343 6.602.45 15.4.45c6.854 0 11.8 4.7 11.8 11.252 0 5.684-3.193 9.265-7.398 9.3-1.83 0-3.153-.934-3.347-2.997h-.077c-1.208 1.986-2.96 2.997-5.023 2.997-2.532 0-4.36-1.868-4.36-5.062 0-4.75 3.503-9.07 9.11-9.07 1.713 0 3.7.4 4.6.972l-1.17 7.203c-.387 2.298-.115 3.3 1 3.4 1.674 0 3.774-2.102 3.774-6.58 0-5.06-3.27-8.994-9.304-8.994C9.05 2.87 3.83 7.545 3.83 14.97c0 6.5 4.2 10.2 10 10.202 1.987 0 4.09-.43 5.647-1.245l.634 2.22zM16.647 10.1c-.31-.078-.7-.155-1.207-.155-2.572 0-4.596 2.53-4.596 5.53 0 1.5.7 2.4 1.9 2.4 1.44 0 2.96-1.83 3.31-4.088l.592-3.72z\" \/>\n      <\/svg>\n    <\/span>\n    <span class=\"ngfb-text\"><\/span>\n  <\/a>\n<\/div><\/div><!-- .ngfb-buttons.en_US -->\n<\/div><!-- .ngfb-content-buttons -->\n<!-- ngfb content-buttons end -->\n\n<figure class=\"wp-block-image size-large\"><img decoding=\"async\" src=\"https:\/\/cdn.propertybook.ro\/svn_cluj\/11020126.webp\" alt=\"\" \/><\/figure>\n<ul>\n<li><a href=\"\/cluj-napoca\/\">Imobiliare Cluj-Napoca<\/a><\/li>\n<li><a href=\"\/cluj-napoca\/apartamente-vanzare\/\">Apartamente de vanzare Cluj-Napoca<\/a><\/li>\n<li><a href=\"\/cluj-napoca\/apartamente-vanzare\/3-camere\/\">Apartamente cu 3 camere de vanzare Cluj-Napoca<\/a><\/li>\n<li><a href=\"\/cluj-napoca\/apartamente-vanzare\/andrei_muresanu\/3-camere\/\">Apartamente cu 3 camere de vanzare Andrei Mure\u0219anu, Cluj-Napoca<\/a><\/li>\n<\/ul>\n<p><a href=\"\/cluj-napoca\/imobiliare-165-11020126-se-vinde-apartament-3-camere-in-cluj-napoca-zona-andrei-muresanu\/\" class=\"pb-listing-action\">Detaliile proprietatii<\/a><\/p>\n<p><h2 class=\"wp-block-heading\">Descoperi\u021bi Luxul \u0219i Confortul \u00een Cea Mai Prestigioas\u0103 Zon\u0103 a Clujului<\/h2>\n<p>C\u00e2nd c\u0103uta\u021bi o locuin\u021b\u0103 de vis \u00een Cluj-Napoca, localizarea \u0219i calitatea sunt adesea cele dou\u0103 priorit\u0103\u021bi principale. Ast\u0103zi, dorim s\u0103 v\u0103 prezent\u0103m o proprietate care exceleaz\u0103 \u00een ambele privin\u021be. <\/p>\n<p>Situat \u00een inima cartierului reziden\u021bial Andrei Mure\u0219anu, renumit pentru atmosfera sa select\u0103 \u0219i lini\u0219tit\u0103, acest apartament la etajul 1 dintr-o vil\u0103 cu doar 4 unit\u0103\u021bi locative, eman\u0103 exclusivitatea. Construit \u00een 2007, cu o curte bine propor\u021bionat\u0103 de 420 mp, apartamentul reprezint\u0103 o investi\u021bie ideal\u0103 pentru cei ce \u00ee\u0219i doresc intimitate \u00een mijlocul ora\u0219ului.<\/p>\n<p>Aceast\u0103 bijuterie arhitectonic\u0103 ofer\u0103 o suprafa\u021b\u0103 util\u0103 generoas\u0103 de 100 mp, optim distribui\u021bi \u00eentre living, buc\u0103t\u0103rie separat\u0103, dou\u0103 dormitoare spa\u021bioase, dou\u0103 holuri generoase, dou\u0103 b\u0103i, \u0219i un balcon care te invit\u0103 s\u0103 te relaxezi \u00een zilele \u00eensorite. <\/p>\n<p>Dar ce face cu adev\u0103rat s\u0103 str\u0103luceasc\u0103 aceast\u0103 proprietate este nivelul de finisaje \u0219i dot\u0103rile premium. Apartamentul este v\u00e2ndut complet utilat, cu electrocasnice de \u00eenalt\u0103 calitate \u0219i mobilier modern, fiind gata s\u0103 a\u0219tepte noul s\u0103u proprietar f\u0103r\u0103 a necesita altele dec\u00e2t obiectele personale. <\/p>\n<p>Pentru cei interesa\u021bi de siguran\u021ba \u0219i comoditatea automobilelor lor, se ofer\u0103 un garaj subteran, un element rar de g\u0103sit, \u0219i inclus \u00een pre\u021bul total al propriet\u0103\u021bii.<\/p>\n<p>\u00cen timp ce descrierile pot s\u0103ri \u00een ochi, nimic nu \u00eenlocuie\u0219te experien\u021ba vizual\u0103 \u0219i emo\u021bia de a vizita o locuin\u021b\u0103. De aceea, pentru cei care sunt c\u0103uta\u021bi s\u0103 achizi\u021bioneze nu doar o cas\u0103, ci un stil de via\u021b\u0103, aceast\u0103 proprietate ar trebui s\u0103 fie pe lista scurt\u0103.<\/p>\n<p>\u00cen momentul \u00een care ve\u021bi alege s\u0103 da\u021bi curs curiozit\u0103\u021bii \u0219i s\u0103 explora\u021bi acest minunat imobil, vom avea grij\u0103 s\u0103 v\u0103 furniz\u0103m toat\u0103 documenta\u021bia necesar\u0103 \u0219i detalii tehnice pentru a asigura un proces de achizi\u021bie f\u0103r\u0103 probleme. Atunci c\u00e2nd vine vorba de un astfel de angajament important, transparenta \u0219i precizia sunt esen\u021biale, \u0219i ne asigur\u0103m c\u0103 fiecare pas premerg\u0103tor contractului de v\u00e2nzare-cump\u0103rare este abordat cu cea mai mare aten\u021bie.<\/p>\n<p>Am \u00een\u021beles c\u0103 a alege o nou\u0103 cas\u0103 este unul dintre cele mai importante decizii pe care le ve\u021bi lua, \u0219i suntem aici pentru a v\u0103 asigura c\u0103 fiecare \u00eentrebare \u0219i nel\u0103murire este \u00eenl\u0103turat\u0103. Locuin\u021ba acesta reprezint\u0103 mai mult dec\u00e2t un simplu ad\u0103post; este un c\u0103min, un loc unde v\u0103 ve\u021bi crea amintiri \u0219i ve\u021bi descoperi bucuria confortului des\u0103v\u00e2r\u0219it.<\/p>\n<p>Fie c\u0103 ave\u021bi nevoie de mai multe informa\u021bii sau dori\u021bi s\u0103 programa\u021bi o vizionare, contacta\u021bi-ne \u0219i vom fi \u00eenc\u00e2nta\u021bi s\u0103 v\u0103 asist\u0103m \u00een g\u0103sirea c\u0103minului perfect.<\/p>\n<p><a href=\"\/cluj-napoca\/imobiliare-165-11020126-se-vinde-apartament-3-camere-in-cluj-napoca-zona-andrei-muresanu\/\" class=\"pb-listing-action\">Stabileste o vizionare<\/a><\/p>\n<ul>\n<li><a href=\"\/cluj-napoca\/\">Imobiliare Cluj-Napoca<\/a><\/li>\n<li><a href=\"\/cluj-napoca\/apartamente-vanzare\/\">Apartamente de vanzare Cluj-Napoca<\/a><\/li>\n<li><a href=\"\/cluj-napoca\/apartamente-vanzare\/3-camere\/\">Apartamente cu 3 camere de vanzare Cluj-Napoca<\/a><\/li>\n<li><a href=\"\/cluj-napoca\/apartamente-vanzare\/andrei_muresanu\/3-camere\/\">Apartamente cu 3 camere de vanzare Andrei Mure\u0219anu, Cluj-Napoca<\/a><\/li>\n<\/ul>\n\n<!-- ngfb content-buttons begin -->\n<!-- generated on 2026-05-03T09:28:48+00:00 -->\n<div class=\"ngfb-content-buttons\">\n<div class=\"ngfb-buttons en_US\">\n<!-- Email Button --><div class=\"css-button email-button\">\n  <a href=\"mailto:?subject=Share:%20Exclusivist%20Apartament%203%20Camere%20cu%20Garaj%20Subteran%20%C3%AEn%20Zona%20Andrei%20Mure%C8%99anu%2C%20Cluj-Napoca&body=Cluj-Napoca%2C%20Andrei%20Mure%C8%99anu%20-%20Apartament%20de%20lux%20de%20v%C3%A2nzare%20%C3%AEn%20zona%20exclusivist%C4%83%20Andrei%20Mure%C8%99anu%2C%20Cluj.%20Unitatea%2C%20aflat%C4%83%20la%20etajul%201%20din%202%20%C3%AEntr-o%20vil%C4%83%20construit%C4%83%20%C3%AEn%202007%2C%20are%20100mp%20utili%20%C8%99i%20acces%20la%20o%20parte%20din%20curte.%20Include%20living%2C%20buc%C4%83t%C4%83rie%2C%202%20dormitoare%2C%202%20b%C4%83i%20%C8%99i%20balcon%2C%20mobilat%20%C8%99i%20utilat%20la%20standarde%20%C3%AEnalte.%20Beneficiaz%C4%83%20de%20garaj%20subteran%20inclus%20%C3%AEn%20pre%C8%9B.%0D%0A%0D%0AShared%20from%20https:\/\/propertybook.ro\/blog\/exclusivist-apartament-3-camere-cu-garaj-subteran-in-zona-andrei-muresanu-cluj-napoca\/%0D%0A\">\n    <span class=\"ngfb-icon\">\n      <svg xmlns=\"http:\/\/www.w3.org\/2000\/svg\" width=\"9\" height=\"9\" viewBox=\"0 0 28 28\">\n        <path d=\"M20.11 26.147c-2.335 1.05-4.36 1.4-7.124 1.4C6.524 27.548.84 22.916.84 15.284.84 7.343 6.602.45 15.4.45c6.854 0 11.8 4.7 11.8 11.252 0 5.684-3.193 9.265-7.398 9.3-1.83 0-3.153-.934-3.347-2.997h-.077c-1.208 1.986-2.96 2.997-5.023 2.997-2.532 0-4.36-1.868-4.36-5.062 0-4.75 3.503-9.07 9.11-9.07 1.713 0 3.7.4 4.6.972l-1.17 7.203c-.387 2.298-.115 3.3 1 3.4 1.674 0 3.774-2.102 3.774-6.58 0-5.06-3.27-8.994-9.304-8.994C9.05 2.87 3.83 7.545 3.83 14.97c0 6.5 4.2 10.2 10 10.202 1.987 0 4.09-.43 5.647-1.245l.634 2.22zM16.647 10.1c-.31-.078-.7-.155-1.207-.155-2.572 0-4.596 2.53-4.596 5.53 0 1.5.7 2.4 1.9 2.4 1.44 0 2.96-1.83 3.31-4.088l.592-3.72z\" \/>\n      <\/svg>\n    <\/span>\n    <span class=\"ngfb-text\"><\/span>\n  <\/a>\n<\/div><\/div><!-- .ngfb-buttons.en_US -->\n<\/div><!-- .ngfb-content-buttons -->\n<!-- ngfb content-buttons end -->\n\n","protected":false},"excerpt":{"rendered":"<p>Cluj-Napoca, Andrei Mure\u0219anu &#8211; Apartament de lux de v\u00e2nzare \u00een zona exclusivist\u0103 Andrei Mure\u0219anu, Cluj. Unitatea, aflat\u0103 la etajul 1 din 2 \u00eentr-o vil\u0103 construit\u0103 \u00een 2007, are 100mp utili \u0219i acces la o parte din curte. Include living, buc\u0103t\u0103rie, 2 dormitoare, 2 b\u0103i \u0219i balcon, mobilat \u0219i utilat la standarde \u00eenalte. Beneficiaz\u0103 de garaj subteran inclus \u00een pre\u021b.<\/p>\n","protected":false},"author":8,"featured_media":1914,"comment_status":"open","ping_status":"open","sticky":false,"template":"","format":"standard","meta":{"footnotes":""},"categories":[50,48,47],"tags":[55,58,127,74,91,68,105,70,85],"class_list":["post-1915","post","type-post","status-publish","format-standard","has-post-thumbnail","hentry","category-apartamente-de-vanzare-in-cluj-napoca","category-oferte-imobiliare-in-cluj-napoca","category-oferte","tag-3-camere","tag-an-const-2007","tag-andrei-muresanu","tag-balcon","tag-cluj-napoca","tag-decomandat","tag-etaj-1-2","tag-parchet","tag-termopane"],"_links":{"self":[{"href":"https:\/\/propertybook.ro\/blog\/wp-json\/wp\/v2\/posts\/1915","targetHints":{"allow":["GET"]}}],"collection":[{"href":"https:\/\/propertybook.ro\/blog\/wp-json\/wp\/v2\/posts"}],"about":[{"href":"https:\/\/propertybook.ro\/blog\/wp-json\/wp\/v2\/types\/post"}],"author":[{"embeddable":true,"href":"https:\/\/propertybook.ro\/blog\/wp-json\/wp\/v2\/users\/8"}],"replies":[{"embeddable":true,"href":"https:\/\/propertybook.ro\/blog\/wp-json\/wp\/v2\/comments?post=1915"}],"version-history":[{"count":0,"href":"https:\/\/propertybook.ro\/blog\/wp-json\/wp\/v2\/posts\/1915\/revisions"}],"wp:featuredmedia":[{"embeddable":true,"href":"https:\/\/propertybook.ro\/blog\/wp-json\/wp\/v2\/media\/1914"}],"wp:attachment":[{"href":"https:\/\/propertybook.ro\/blog\/wp-json\/wp\/v2\/media?parent=1915"}],"wp:term":[{"taxonomy":"category","embeddable":true,"href":"https:\/\/propertybook.ro\/blog\/wp-json\/wp\/v2\/categories?post=1915"},{"taxonomy":"post_tag","embeddable":true,"href":"https:\/\/propertybook.ro\/blog\/wp-json\/wp\/v2\/tags?post=1915"}],"curies":[{"name":"wp","href":"https:\/\/api.w.org\/{rel}","templated":true}]}}