{"id":1943,"date":"2024-06-11T19:44:13","date_gmt":"2024-06-11T16:44:13","guid":{"rendered":"https:\/\/propertybook.ro\/blog\/apartament-de-lux-cu-4-camere-si-terasa-panoramica-in-zona-calea-plevnei\/"},"modified":"2024-06-11T19:44:13","modified_gmt":"2024-06-11T16:44:13","slug":"apartament-de-lux-cu-4-camere-si-terasa-panoramica-in-zona-calea-plevnei","status":"publish","type":"post","link":"https:\/\/propertybook.ro\/blog\/apartament-de-lux-cu-4-camere-si-terasa-panoramica-in-zona-calea-plevnei\/","title":{"rendered":"Apartament de Lux cu 4 Camere \u0219i Terasa Panoramic\u0103 \u00een Zona Calea Plevnei"},"content":{"rendered":"\n<!-- ngfb content-buttons begin -->\n<!-- generated on 2026-04-29T02:58:01+00:00 -->\n<div class=\"ngfb-content-buttons\">\n<div class=\"ngfb-buttons en_US\">\n<!-- Email Button --><div class=\"css-button email-button\">\n  <a href=\"mailto:?subject=Share:%20Apartament%20de%20Lux%20cu%204%20Camere%20%C8%99i%20Terasa%20Panoramic%C4%83%20%C3%AEn%20Zona%20Calea%20Plevnei&body=Bucure%C8%99ti%20-%20De%20v%C3%A2nzare%20apartament%20de%204%20camere%2C%20110%20mp%20utili%2C%20plus%20dou%C4%83%20terase%20totaliz%C3%A2nd%20100%20mp%2C%20%C3%AEn%20zona%20Calea%20Plevnei.%20Ofer%C4%83%20living%2C%20trei%20dormitoare%2C%20buc%C4%83t%C4%83rie%20%C3%AEnchis%C4%83%2C%20dou%C4%83%20b%C4%83i%2C%20mobilat%20%C8%99i%20utilat.%20Dispune%20de%20%C3%AEnc%C4%83lzire%20central%C4%83%20proprie%20%C8%99i%20teras%C4%83%20cu%20vedere%20panoramic%C4%83.%20Certificat%20energetic%20la%20v%C3%A2nzare.%0D%0A%0D%0AShared%20from%20https:\/\/propertybook.ro\/blog\/apartament-de-lux-cu-4-camere-si-terasa-panoramica-in-zona-calea-plevnei\/%0D%0A\">\n    <span class=\"ngfb-icon\">\n      <svg xmlns=\"http:\/\/www.w3.org\/2000\/svg\" width=\"9\" height=\"9\" viewBox=\"0 0 28 28\">\n        <path d=\"M20.11 26.147c-2.335 1.05-4.36 1.4-7.124 1.4C6.524 27.548.84 22.916.84 15.284.84 7.343 6.602.45 15.4.45c6.854 0 11.8 4.7 11.8 11.252 0 5.684-3.193 9.265-7.398 9.3-1.83 0-3.153-.934-3.347-2.997h-.077c-1.208 1.986-2.96 2.997-5.023 2.997-2.532 0-4.36-1.868-4.36-5.062 0-4.75 3.503-9.07 9.11-9.07 1.713 0 3.7.4 4.6.972l-1.17 7.203c-.387 2.298-.115 3.3 1 3.4 1.674 0 3.774-2.102 3.774-6.58 0-5.06-3.27-8.994-9.304-8.994C9.05 2.87 3.83 7.545 3.83 14.97c0 6.5 4.2 10.2 10 10.202 1.987 0 4.09-.43 5.647-1.245l.634 2.22zM16.647 10.1c-.31-.078-.7-.155-1.207-.155-2.572 0-4.596 2.53-4.596 5.53 0 1.5.7 2.4 1.9 2.4 1.44 0 2.96-1.83 3.31-4.088l.592-3.72z\" \/>\n      <\/svg>\n    <\/span>\n    <span class=\"ngfb-text\"><\/span>\n  <\/a>\n<\/div><\/div><!-- .ngfb-buttons.en_US -->\n<\/div><!-- .ngfb-content-buttons -->\n<!-- ngfb content-buttons end -->\n\n\n<!-- ngfb schema image for pinterest pin it button -->\n<div class=\"ngfb-schema-image-for-pinterest\" style=\"display:none;\">\n<img loading=\"lazy\" decoding=\"async\" src=\"https:\/\/propertybook.ro\/blog\/wp-content\/uploads\/2024\/06\/11020170.webp\" width=\"0\" height=\"0\" style=\"width:0;height:0;\" data-pin-description=\"Bucure\u0219ti - De v&acirc;nzare apartament de 4 camere, 110 mp utili, plus dou\u0103 terase totaliz&acirc;nd 100 mp, &icirc;n zona Calea Plevnei. Ofer\u0103 living, trei dormitoare, buc\u0103t\u0103rie &icirc;nchis\u0103, dou\u0103 b\u0103i, mobilat \u0219i utilat. Dispune de &icirc;nc\u0103lzire central\u0103 proprie \u0219i teras\u0103 cu vedere panoramic\u0103. Certificat energetic la...\" alt=\"\"\/>\n<\/div><!-- .ngfb-schema-image-for-pinterest -->\n\n<figure class=\"wp-block-image size-large\"><img decoding=\"async\" src=\"https:\/\/cdn.propertybook.ro\/svn_residentialist\/11020170.webp\" alt=\"\" \/><\/figure>\n<ul>\n<li><a href=\"\/bucuresti\/\">Imobiliare Bucure\u0219ti<\/a><\/li>\n<li><a href=\"\/bucuresti\/apartamente-vanzare\/4-camere\/\">Apartamente cu 4 camere de vanzare Bucure\u0219ti<\/a><\/li>\n<\/ul>\n<p><a href=\"\/bucuresti\/imobiliare-163-11020170-de-vanzare-apartament-4-camere-in-sector-1-zona-calea-plevnei\/\" class=\"pb-listing-action\">Detaliile proprietatii<\/a><\/p>\n<p><h2 class=\"wp-block-heading\">Descoper\u0103 Oaz\u0103 Urban\u0103: Apartament Spectaculos de 4 Camere cu Terase Panoramice<\/h2>\n<p>E\u0219ti \u00een c\u0103utarea locuin\u021bei perfecte \u00een inima ora\u0219ului? Visezi la un spa\u021biu generos unde s\u0103 po\u021bi admira r\u0103s\u0103ritul \u0219i apusul f\u0103r\u0103 restric\u021bii, din confortul propriei terase? Afl\u0103 c\u0103 exist\u0103 un apartament deosebit, care \u021bi-ar putea oferi toate aceste pl\u0103ceri \u0219i mult mai mult!<\/p>\n<p>Situat \u00eentr-un bloc ce se \u00eenal\u021b\u0103 gr\u0103itor pe una dintre arterele vibrante ale ora\u0219ului, Calea Plevnei, acest apartament de 4 camere reprezint\u0103 o bijuterie imobiliar\u0103 rar \u00eent\u00e2lnit\u0103. Beneficiind de o suprafa\u021b\u0103 util\u0103 generoas\u0103 de 110 metri p\u0103tra\u021bi, acesta este \u00eenso\u021bit de un bonus atractiv: dou\u0103 terase impun\u0103toare, totaliz\u00e2nd \u00eenc\u0103 100 de metri p\u0103tra\u021bi. Imagineaz\u0103-\u021bi ce serate speciale vei organiza sub cerul \u00eenstelat al metropolei!<\/p>\n<p>Interiorul locuin\u021bei este desprins parc\u0103 din paginile unei reviste de design. Zona de living se desf\u0103\u0219oar\u0103 generos, fiind unul dintre acele spa\u021bii care invit\u0103 familie \u0219i prietenii la conversa\u021bii pl\u0103cute sau la vizionarea seara a filmelor preferate. Trei dormitoare elegante transform\u0103 fiecare moment de odihn\u0103 \u00eentr-o experi\u021b\u0103 de relaxare profund\u0103, fiecare detaliu fiind g\u00e2ndit s\u0103 ofere confort suprem.<\/p>\n<p>Buc\u0103t\u0103ria, un regat al gusturilor \u0219i al creativit\u0103\u021bii culinare, este o \u00eenc\u0103pere separat\u0103, dotat\u0103 cu tot ce ai nevoie pentru a prepara mese delicioase pentru cei dragi. Iar cele dou\u0103 b\u0103i, moderne \u0219i complete, sunt gata s\u0103 serveasc\u0103 nevoilor unei familii dinamice.<\/p>\n<p>Locuin\u021ba impresioneaz\u0103 nu doar prin spa\u021biile sale generoase, ci \u0219i prin finisajele de calitate \u00eenalte \u0219i mobila atent selectat\u0103, care sunt incluse \u00een ofert\u0103. Mai mult dec\u00e2t at\u00e2t, confortul este garantat \u00een tot cursul anului de sistemul de \u00eenc\u0103lzire ra\u021bionalizat prin intermediul centralei proprii.<\/p>\n<p>\u00centr-o zon\u0103 de poveste, terasa r\u0103spunde nevoii de spa\u021biu \u00een aer liber \u0219i ofer\u0103 priveli\u0219ti ce concureaz\u0103 cu orice peisaj urban, oferind o vedere panoramic\u0103 de neegalat asupra orasului. Accesul la acest etaj este echivalent cu o evadare din agita\u021bia cotidian\u0103, \u00eentr-o zon\u0103 privat\u0103 unde orizontul se \u00eent\u00e2lne\u0219te cu acoperi\u0219urile ora\u0219ului.<\/p>\n<p>Curios s\u0103 afli mai multe despre acest apartament remarcabil? Fie c\u0103 dore\u0219ti detalii suplimentare sau anheli s\u0103 descoperi frumuse\u021bea acestui spa\u021biu locativ, te invit\u0103m s\u0103 explorezi posibilitatea de a-l considera pe viitorul t\u0103u adres\u0103.<\/p>\n<p>\u00cen c\u0103utarea unui nou \u00eenceput sau a unui upgrade la stilul t\u0103u de via\u021b\u0103? Am putea avea r\u0103spunsul perfect pentru tine. F\u0103 primul pas spre noua ta locuin\u021b\u0103 de vis \u2013 a\u0219tept\u0103m cu ner\u0103bdare s\u0103 \u00ee\u021bi dezv\u0103luim fiecare col\u021b din acest c\u0103min plin de farmec!<\/p>\n<p><a href=\"\/bucuresti\/imobiliare-163-11020170-de-vanzare-apartament-4-camere-in-sector-1-zona-calea-plevnei\/\" class=\"pb-listing-action\">Stabileste o vizionare<\/a><\/p>\n<ul>\n<li><a href=\"\/bucuresti\/\">Imobiliare Bucure\u0219ti<\/a><\/li>\n<li><a href=\"\/bucuresti\/apartamente-vanzare\/4-camere\/\">Apartamente cu 4 camere de vanzare Bucure\u0219ti<\/a><\/li>\n<\/ul>\n\n<!-- ngfb content-buttons begin -->\n<!-- generated on 2026-04-29T02:58:01+00:00 -->\n<div class=\"ngfb-content-buttons\">\n<div class=\"ngfb-buttons en_US\">\n<!-- Email Button --><div class=\"css-button email-button\">\n  <a href=\"mailto:?subject=Share:%20Apartament%20de%20Lux%20cu%204%20Camere%20%C8%99i%20Terasa%20Panoramic%C4%83%20%C3%AEn%20Zona%20Calea%20Plevnei&body=Bucure%C8%99ti%20-%20De%20v%C3%A2nzare%20apartament%20de%204%20camere%2C%20110%20mp%20utili%2C%20plus%20dou%C4%83%20terase%20totaliz%C3%A2nd%20100%20mp%2C%20%C3%AEn%20zona%20Calea%20Plevnei.%20Ofer%C4%83%20living%2C%20trei%20dormitoare%2C%20buc%C4%83t%C4%83rie%20%C3%AEnchis%C4%83%2C%20dou%C4%83%20b%C4%83i%2C%20mobilat%20%C8%99i%20utilat.%20Dispune%20de%20%C3%AEnc%C4%83lzire%20central%C4%83%20proprie%20%C8%99i%20teras%C4%83%20cu%20vedere%20panoramic%C4%83.%20Certificat%20energetic%20la%20v%C3%A2nzare.%0D%0A%0D%0AShared%20from%20https:\/\/propertybook.ro\/blog\/apartament-de-lux-cu-4-camere-si-terasa-panoramica-in-zona-calea-plevnei\/%0D%0A\">\n    <span class=\"ngfb-icon\">\n      <svg xmlns=\"http:\/\/www.w3.org\/2000\/svg\" width=\"9\" height=\"9\" viewBox=\"0 0 28 28\">\n        <path d=\"M20.11 26.147c-2.335 1.05-4.36 1.4-7.124 1.4C6.524 27.548.84 22.916.84 15.284.84 7.343 6.602.45 15.4.45c6.854 0 11.8 4.7 11.8 11.252 0 5.684-3.193 9.265-7.398 9.3-1.83 0-3.153-.934-3.347-2.997h-.077c-1.208 1.986-2.96 2.997-5.023 2.997-2.532 0-4.36-1.868-4.36-5.062 0-4.75 3.503-9.07 9.11-9.07 1.713 0 3.7.4 4.6.972l-1.17 7.203c-.387 2.298-.115 3.3 1 3.4 1.674 0 3.774-2.102 3.774-6.58 0-5.06-3.27-8.994-9.304-8.994C9.05 2.87 3.83 7.545 3.83 14.97c0 6.5 4.2 10.2 10 10.202 1.987 0 4.09-.43 5.647-1.245l.634 2.22zM16.647 10.1c-.31-.078-.7-.155-1.207-.155-2.572 0-4.596 2.53-4.596 5.53 0 1.5.7 2.4 1.9 2.4 1.44 0 2.96-1.83 3.31-4.088l.592-3.72z\" \/>\n      <\/svg>\n    <\/span>\n    <span class=\"ngfb-text\"><\/span>\n  <\/a>\n<\/div><\/div><!-- .ngfb-buttons.en_US -->\n<\/div><!-- .ngfb-content-buttons -->\n<!-- ngfb content-buttons end -->\n\n","protected":false},"excerpt":{"rendered":"<p>Bucure\u0219ti &#8211; De v\u00e2nzare apartament de 4 camere, 110 mp utili, plus dou\u0103 terase totaliz\u00e2nd 100 mp, \u00een zona Calea Plevnei. Ofer\u0103 living, trei dormitoare, buc\u0103t\u0103rie \u00eenchis\u0103, dou\u0103 b\u0103i, mobilat \u0219i utilat. Dispune de \u00eenc\u0103lzire central\u0103 proprie \u0219i teras\u0103 cu vedere panoramic\u0103. Certificat energetic la v\u00e2nzare.<\/p>\n","protected":false},"author":8,"featured_media":1942,"comment_status":"open","ping_status":"open","sticky":false,"template":"","format":"standard","meta":{"footnotes":""},"categories":[52,49,47],"tags":[93,130,74,89,305,70,63,85],"class_list":["post-1943","post","type-post","status-publish","format-standard","has-post-thumbnail","hentry","category-apartamente-de-vanzare-bucuresti","category-oferte-imobiliare-bucuresti","category-oferte","tag-4-camere","tag-an-const-2008","tag-balcon","tag-bucuresti","tag-etaj-7-7","tag-parchet","tag-semidecomandat","tag-termopane"],"_links":{"self":[{"href":"https:\/\/propertybook.ro\/blog\/wp-json\/wp\/v2\/posts\/1943","targetHints":{"allow":["GET"]}}],"collection":[{"href":"https:\/\/propertybook.ro\/blog\/wp-json\/wp\/v2\/posts"}],"about":[{"href":"https:\/\/propertybook.ro\/blog\/wp-json\/wp\/v2\/types\/post"}],"author":[{"embeddable":true,"href":"https:\/\/propertybook.ro\/blog\/wp-json\/wp\/v2\/users\/8"}],"replies":[{"embeddable":true,"href":"https:\/\/propertybook.ro\/blog\/wp-json\/wp\/v2\/comments?post=1943"}],"version-history":[{"count":0,"href":"https:\/\/propertybook.ro\/blog\/wp-json\/wp\/v2\/posts\/1943\/revisions"}],"wp:featuredmedia":[{"embeddable":true,"href":"https:\/\/propertybook.ro\/blog\/wp-json\/wp\/v2\/media\/1942"}],"wp:attachment":[{"href":"https:\/\/propertybook.ro\/blog\/wp-json\/wp\/v2\/media?parent=1943"}],"wp:term":[{"taxonomy":"category","embeddable":true,"href":"https:\/\/propertybook.ro\/blog\/wp-json\/wp\/v2\/categories?post=1943"},{"taxonomy":"post_tag","embeddable":true,"href":"https:\/\/propertybook.ro\/blog\/wp-json\/wp\/v2\/tags?post=1943"}],"curies":[{"name":"wp","href":"https:\/\/api.w.org\/{rel}","templated":true}]}}