{"id":1945,"date":"2024-06-11T19:45:11","date_gmt":"2024-06-11T16:45:11","guid":{"rendered":"https:\/\/propertybook.ro\/blog\/apartament-central-de-25-mp-cu-compartimentare-decomandata-ideal-pentru-investitie-situat-in-zona-piata-mihai-viteazu\/"},"modified":"2024-06-11T19:45:11","modified_gmt":"2024-06-11T16:45:11","slug":"apartament-central-de-25-mp-cu-compartimentare-decomandata-ideal-pentru-investitie-situat-in-zona-piata-mihai-viteazu","status":"publish","type":"post","link":"https:\/\/propertybook.ro\/blog\/apartament-central-de-25-mp-cu-compartimentare-decomandata-ideal-pentru-investitie-situat-in-zona-piata-mihai-viteazu\/","title":{"rendered":"Apartament central de 25 mp cu compartimentare decomandat\u0103, ideal pentru investi\u021bie, situat \u00een zona Pia\u021ba Mihai Viteazu"},"content":{"rendered":"\n<!-- ngfb content-buttons begin -->\n<!-- generated on 2026-05-02T05:42:58+00:00 -->\n<div class=\"ngfb-content-buttons\">\n<div class=\"ngfb-buttons en_US\">\n<!-- Email Button --><div class=\"css-button email-button\">\n  <a href=\"mailto:?subject=Share:%20Apartament%20central%20de%2025%20mp%20cu%20compartimentare%20decomandat%C4%83%2C%20ideal%20pentru%20investi%C8%9Bie%2C%20situat%20%C3%AEn%20zona%20Pia%C8%9Ba%20Mihai%20Viteazu&body=Cluj-Napoca%2C%20Centru%20-%20Apartamentul%20de%20v%C3%A2nzare%2C%20situat%20central%20%C3%AEn%20zona%20Pia%C8%9Ba%20Mihai%20Viteazu%2C%20se%20afl%C4%83%20la%20etajul%201%20al%20unui%20imobil%20cu%202%20etaje.%20Cu%20o%20suprafa%C8%9B%C4%83%20util%C4%83%20de%2025%20mp%2C%20are%20o%20compartimentare%20decomandat%C4%83%3A%20buc%C4%83t%C4%83rie%20%C3%AEnchis%C4%83%2C%20camer%C4%83%20%C8%99i%20baie.%20E%20dotat%20cu%20geamuri%20termopane%2C%20central%C4%83%20termic%C4%83%20%C8%99i%20se%20vinde%20mobilat.%20Este%20ideal%20pentru%20investi%C8%9Bie%20cu%20o%20chirie%20poten%C8%9Bial%C4%83%20de%20500%20euro.%0D%0A%0D%0AShared%20from%20https:\/\/propertybook.ro\/blog\/apartament-central-de-25-mp-cu-compartimentare-decomandata-ideal-pentru-investitie-situat-in-zona-piata-mihai-viteazu\/%0D%0A\">\n    <span class=\"ngfb-icon\">\n      <svg xmlns=\"http:\/\/www.w3.org\/2000\/svg\" width=\"9\" height=\"9\" viewBox=\"0 0 28 28\">\n        <path d=\"M20.11 26.147c-2.335 1.05-4.36 1.4-7.124 1.4C6.524 27.548.84 22.916.84 15.284.84 7.343 6.602.45 15.4.45c6.854 0 11.8 4.7 11.8 11.252 0 5.684-3.193 9.265-7.398 9.3-1.83 0-3.153-.934-3.347-2.997h-.077c-1.208 1.986-2.96 2.997-5.023 2.997-2.532 0-4.36-1.868-4.36-5.062 0-4.75 3.503-9.07 9.11-9.07 1.713 0 3.7.4 4.6.972l-1.17 7.203c-.387 2.298-.115 3.3 1 3.4 1.674 0 3.774-2.102 3.774-6.58 0-5.06-3.27-8.994-9.304-8.994C9.05 2.87 3.83 7.545 3.83 14.97c0 6.5 4.2 10.2 10 10.202 1.987 0 4.09-.43 5.647-1.245l.634 2.22zM16.647 10.1c-.31-.078-.7-.155-1.207-.155-2.572 0-4.596 2.53-4.596 5.53 0 1.5.7 2.4 1.9 2.4 1.44 0 2.96-1.83 3.31-4.088l.592-3.72z\" \/>\n      <\/svg>\n    <\/span>\n    <span class=\"ngfb-text\"><\/span>\n  <\/a>\n<\/div><\/div><!-- .ngfb-buttons.en_US -->\n<\/div><!-- .ngfb-content-buttons -->\n<!-- ngfb content-buttons end -->\n\n<figure class=\"wp-block-image size-large\"><img decoding=\"async\" src=\"https:\/\/cdn.propertybook.ro\/svn_cluj\/11020139.webp\" alt=\"\" \/><\/figure>\n<ul>\n<li><a href=\"\/cluj-napoca\/\">Imobiliare Cluj-Napoca<\/a><\/li>\n<li><a href=\"\/cluj-napoca\/apartamente-vanzare\/\">Apartamente de vanzare Cluj-Napoca<\/a><\/li>\n<li><a href=\"\/cluj-napoca\/garsoniere-vanzare\/\">Garsoniere de vanzare Cluj-Napoca<\/a><\/li>\n<li><a href=\"\/cluj-napoca\/garsoniere-vanzare\/centru\/\">Garsoniere de vanzare Centru, Cluj-Napoca<\/a><\/li>\n<\/ul>\n<p><a href=\"\/cluj-napoca\/imobiliare-165-11020139-vanzare-apartament-o-camera-in-cluj-napoca-zona-piata-mihai-viteazul\/\" class=\"pb-listing-action\">Detaliile proprietatii<\/a><\/p>\n<p><h2 class=\"wp-block-heading\">Descoper\u0103 Farmecul Urban: Un Compact \u0219i Confortabil Apartament Central la V\u00e2nzare<\/h2>\n<p>C\u00e2nd vine vorba de a g\u0103si locuin\u021ba care s\u0103 r\u0103spund\u0103 cerin\u021belor stilului t\u0103u de via\u021b\u0103 dinamic, pozi\u021bionarea este esen\u021bial\u0103. A\u0219adar, dac\u0103 sunte\u021bi \u00een c\u0103utarea unui apartament \u00eentr-o loca\u021bie premium, v\u0103 propunem o ofert\u0103 cuceritoare, menit\u0103 s\u0103 atrag\u0103 aten\u021bia investitorilor sau a celor care viseaz\u0103 s\u0103 tr\u0103iascob \u00een inima ora\u0219ului.<\/p>\n<p>Pozi\u021bionat ideal \u00een zona Piata Mihai Viteazul, acest apartament se afl\u0103 la etajul 1 al unui imobil cochet, cu doar 2 nivele. Av\u00e2nd o suprafa\u021b\u0103 util\u0103 de 25 mp, propietatea ofer\u0103 o compartimentare ingenioas\u0103, fiind structurat\u0103 de manier\u0103 decomandat\u0103 pentru confort maxim.<\/p>\n<p>Interiorul locuin\u021bei este gata s\u0103 v\u0103 \u00eent\u00e2mpine cu o camer\u0103 luminoas\u0103 \u0219i primitoare, o buc\u0103t\u0103rie separat\u0103 \u0219i o baie perfect propor\u021bionat\u0103. Apartamentul impresioneaz\u0103 nu doar prin func\u021bionalitate, ci \u0219i prin dot\u0103rile sale moderne, inclusiv geamuri termopane \u0219i centrala termic\u0103 proprie, asigur\u00e2nd confort anduran\u021ba pe tot parcursul anului.<\/p>\n<p>Ceea ce adaug\u0103 \u0219i mai mult valoare acestei propriet\u0103\u021bi este faptul c\u0103 este v\u00e2ndut complet mobilat \u0219i utilat. Po\u021bi spera la un start convenabil \u00een noua ta locuin\u021b\u0103, beneficiind de toate elementele necesare pentru a locui confortabil de la bun \u00eenceput.<\/p>\n<p>Pentru investitorii imobiliari sau pentru cei care caut\u0103 surse de venit pasiv, acest apartament prezint\u0103 o oportunite m\u0103rea\u021b\u0103. Consider\u00e2nd loca\u021bia central\u0103, dinamica zonei \u0219i cererea Mare pentru chirii, pute\u021bi a\u0219teptar un randament Considerabil pentru aceast\u0103 propietate. Se estimeaz\u0103 o rat\u0103 de \u00eenchiriere atractive de 500 de euro pe lun\u0103.<\/p>\n<p>C\u00e2t despre documenta\u021bie, pute\u021bi avea \u00eencredere c\u0103, atunci c\u00e2nd veni momentul s\u0103 face\u021bi pasul spre achizi\u021bie, toate detaliile tehnice legate de proprietate vor fi verificate temeinic. Procesul de cump\u0103rare va fi unul transparent \u0219i informa\u021bi, cu o analiza atent\u0103 a tuturor actelor propriet\u0103\u021bii.<\/p>\n<p>V\u0103 invitam s\u0103 explora\u021bi aceast\u0103 rar\u0103 g\u0103sire pe pia\u021ba imobiliara \u2013 un apartament cu adev\u0103rat deosebit, gata s\u0103 devin\u0103 acasa dumneavoastr\u0103 confortabil\u0103 \u00een centrul ora\u0219ului sau o investi\u021bie bine plasat\u0103. A\u0219teptam cu interes s\u0103 v\u0103 oferim mai multe informatii and a v\u0103 ghida prin procesul de achizi\u021bie.<\/p>\n<p>Dac\u0103 sim\u021bi\u021bi c\u0103 acest apartament este locul pe care dori\u021bi s\u0103-l numi\u021bi acas\u0103 sau urm\u0103toarea dumneavoastr\u0103 oportunitate de investi\u021bie, contactati-ne pentru a stabili o vizionare \u0219i pentru a \u00eencepe explorarea acestui spa\u021biu care promite at\u00e2t confort, c\u00e2t \u0219i stil de via\u021b\u0103 dinamic. Acesta este\u0219ansa de a beneficia de toate avantajele vie\u021bii centrale, \u00eembinate cu lini\u0219tea \u0219i intimitatea oferit\u0103 de un imobil de dimensiuni mai reduse.<\/p>\n<p><a href=\"\/cluj-napoca\/imobiliare-165-11020139-vanzare-apartament-o-camera-in-cluj-napoca-zona-piata-mihai-viteazul\/\" class=\"pb-listing-action\">Stabileste o vizionare<\/a><\/p>\n<ul>\n<li><a href=\"\/cluj-napoca\/\">Imobiliare Cluj-Napoca<\/a><\/li>\n<li><a href=\"\/cluj-napoca\/apartamente-vanzare\/\">Apartamente de vanzare Cluj-Napoca<\/a><\/li>\n<li><a href=\"\/cluj-napoca\/garsoniere-vanzare\/\">Garsoniere de vanzare Cluj-Napoca<\/a><\/li>\n<li><a href=\"\/cluj-napoca\/garsoniere-vanzare\/centru\/\">Garsoniere de vanzare Centru, Cluj-Napoca<\/a><\/li>\n<\/ul>\n\n<!-- ngfb content-buttons begin -->\n<!-- generated on 2026-05-02T05:42:58+00:00 -->\n<div class=\"ngfb-content-buttons\">\n<div class=\"ngfb-buttons en_US\">\n<!-- Email Button --><div class=\"css-button email-button\">\n  <a href=\"mailto:?subject=Share:%20Apartament%20central%20de%2025%20mp%20cu%20compartimentare%20decomandat%C4%83%2C%20ideal%20pentru%20investi%C8%9Bie%2C%20situat%20%C3%AEn%20zona%20Pia%C8%9Ba%20Mihai%20Viteazu&body=Cluj-Napoca%2C%20Centru%20-%20Apartamentul%20de%20v%C3%A2nzare%2C%20situat%20central%20%C3%AEn%20zona%20Pia%C8%9Ba%20Mihai%20Viteazu%2C%20se%20afl%C4%83%20la%20etajul%201%20al%20unui%20imobil%20cu%202%20etaje.%20Cu%20o%20suprafa%C8%9B%C4%83%20util%C4%83%20de%2025%20mp%2C%20are%20o%20compartimentare%20decomandat%C4%83%3A%20buc%C4%83t%C4%83rie%20%C3%AEnchis%C4%83%2C%20camer%C4%83%20%C8%99i%20baie.%20E%20dotat%20cu%20geamuri%20termopane%2C%20central%C4%83%20termic%C4%83%20%C8%99i%20se%20vinde%20mobilat.%20Este%20ideal%20pentru%20investi%C8%9Bie%20cu%20o%20chirie%20poten%C8%9Bial%C4%83%20de%20500%20euro.%0D%0A%0D%0AShared%20from%20https:\/\/propertybook.ro\/blog\/apartament-central-de-25-mp-cu-compartimentare-decomandata-ideal-pentru-investitie-situat-in-zona-piata-mihai-viteazu\/%0D%0A\">\n    <span class=\"ngfb-icon\">\n      <svg xmlns=\"http:\/\/www.w3.org\/2000\/svg\" width=\"9\" height=\"9\" viewBox=\"0 0 28 28\">\n        <path d=\"M20.11 26.147c-2.335 1.05-4.36 1.4-7.124 1.4C6.524 27.548.84 22.916.84 15.284.84 7.343 6.602.45 15.4.45c6.854 0 11.8 4.7 11.8 11.252 0 5.684-3.193 9.265-7.398 9.3-1.83 0-3.153-.934-3.347-2.997h-.077c-1.208 1.986-2.96 2.997-5.023 2.997-2.532 0-4.36-1.868-4.36-5.062 0-4.75 3.503-9.07 9.11-9.07 1.713 0 3.7.4 4.6.972l-1.17 7.203c-.387 2.298-.115 3.3 1 3.4 1.674 0 3.774-2.102 3.774-6.58 0-5.06-3.27-8.994-9.304-8.994C9.05 2.87 3.83 7.545 3.83 14.97c0 6.5 4.2 10.2 10 10.202 1.987 0 4.09-.43 5.647-1.245l.634 2.22zM16.647 10.1c-.31-.078-.7-.155-1.207-.155-2.572 0-4.596 2.53-4.596 5.53 0 1.5.7 2.4 1.9 2.4 1.44 0 2.96-1.83 3.31-4.088l.592-3.72z\" \/>\n      <\/svg>\n    <\/span>\n    <span class=\"ngfb-text\"><\/span>\n  <\/a>\n<\/div><\/div><!-- .ngfb-buttons.en_US -->\n<\/div><!-- .ngfb-content-buttons -->\n<!-- ngfb content-buttons end -->\n\n","protected":false},"excerpt":{"rendered":"<p>Cluj-Napoca, Centru &#8211; Apartamentul de v\u00e2nzare, situat central \u00een zona Pia\u021ba Mihai Viteazu, se afl\u0103 la etajul 1 al unui imobil cu 2 etaje. Cu o suprafa\u021b\u0103 util\u0103 de 25 mp, are o compartimentare decomandat\u0103: buc\u0103t\u0103rie \u00eenchis\u0103, camer\u0103 \u0219i baie. E dotat cu geamuri termopane, central\u0103 termic\u0103 \u0219i se vinde mobilat. Este ideal pentru investi\u021bie cu o chirie poten\u021bial\u0103 de 500 euro.<\/p>\n","protected":false},"author":8,"featured_media":1944,"comment_status":"open","ping_status":"open","sticky":false,"template":"","format":"standard","meta":{"footnotes":""},"categories":[50,48,47],"tags":[102,138,104,91,68,105,70,85],"class_list":["post-1945","post","type-post","status-publish","format-standard","has-post-thumbnail","hentry","category-apartamente-de-vanzare-in-cluj-napoca","category-oferte-imobiliare-in-cluj-napoca","category-oferte","tag-1-camera","tag-an-const-1920","tag-centru","tag-cluj-napoca","tag-decomandat","tag-etaj-1-2","tag-parchet","tag-termopane"],"_links":{"self":[{"href":"https:\/\/propertybook.ro\/blog\/wp-json\/wp\/v2\/posts\/1945","targetHints":{"allow":["GET"]}}],"collection":[{"href":"https:\/\/propertybook.ro\/blog\/wp-json\/wp\/v2\/posts"}],"about":[{"href":"https:\/\/propertybook.ro\/blog\/wp-json\/wp\/v2\/types\/post"}],"author":[{"embeddable":true,"href":"https:\/\/propertybook.ro\/blog\/wp-json\/wp\/v2\/users\/8"}],"replies":[{"embeddable":true,"href":"https:\/\/propertybook.ro\/blog\/wp-json\/wp\/v2\/comments?post=1945"}],"version-history":[{"count":0,"href":"https:\/\/propertybook.ro\/blog\/wp-json\/wp\/v2\/posts\/1945\/revisions"}],"wp:featuredmedia":[{"embeddable":true,"href":"https:\/\/propertybook.ro\/blog\/wp-json\/wp\/v2\/media\/1944"}],"wp:attachment":[{"href":"https:\/\/propertybook.ro\/blog\/wp-json\/wp\/v2\/media?parent=1945"}],"wp:term":[{"taxonomy":"category","embeddable":true,"href":"https:\/\/propertybook.ro\/blog\/wp-json\/wp\/v2\/categories?post=1945"},{"taxonomy":"post_tag","embeddable":true,"href":"https:\/\/propertybook.ro\/blog\/wp-json\/wp\/v2\/tags?post=1945"}],"curies":[{"name":"wp","href":"https:\/\/api.w.org\/{rel}","templated":true}]}}