{"id":1955,"date":"2024-06-12T17:44:23","date_gmt":"2024-06-12T14:44:23","guid":{"rendered":"https:\/\/propertybook.ro\/blog\/duplex-nou-cu-5-camere-3-terase-panoramice-si-garaj-spatios-confort-urban-oprit\/"},"modified":"2024-06-12T17:44:23","modified_gmt":"2024-06-12T14:44:23","slug":"duplex-nou-cu-5-camere-3-terase-panoramice-si-garaj-spatios-confort-urban-oprit","status":"publish","type":"post","link":"https:\/\/propertybook.ro\/blog\/duplex-nou-cu-5-camere-3-terase-panoramice-si-garaj-spatios-confort-urban-oprit\/","title":{"rendered":"Duplex Nou cu 5 Camere, 3 Terase Panoramice \u0219i Garaj Spa\u021bios &#8211; Confort Urban Oprit"},"content":{"rendered":"\n<!-- ngfb content-buttons begin -->\n<!-- generated on 2026-04-28T21:25:38+00:00 -->\n<div class=\"ngfb-content-buttons\">\n<div class=\"ngfb-buttons en_US\">\n<!-- Email Button --><div class=\"css-button email-button\">\n  <a href=\"mailto:?subject=Share:%20Duplex%20Nou%20cu%205%20Camere%2C%203%20Terase%20Panoramice%20%C8%99i%20Garaj%20Spa%C8%9Bios%20%26%238211%3B%20Confort%20Urban%20Oprit&body=Cluj-Napoca%2C%20Europa%20-%20Duplex%20nou%20de%20v%C3%A2nzare%20cu%205%20camere%20%C8%99i%20teren%20de%20225mp%2C%20situat%20%C3%AEn%20zona%20lini%C8%99tit%C4%83%2C%20retras%C4%83%20de%20aglomera%C8%9Bie.%20Proprietatea%20include%20D%2BP%2BE%2BEtaj%20Retras%2C%203%20terase%20panoramice%2C%20living%20cu%20buc%C4%83t%C4%83rie%2C%20dressing%2C%203%20b%C4%83i%2C%20semifiinsat%C4%83%20cu%20zid%C4%83rie%20din%20c%C4%83r%C4%83mid%C4%83%2C%20fa%C8%9Bad%C4%83%20izolat%C4%83%20termic%20%C8%99i%20garaj%20de%20150mp.%20Confortul%20termic%20este%20asigurat%20de%20%C3%AEnc%C4%83lzire%20prin%20pardoseal%C4%83%2C%20cu%20toate%20instalatiile%20sanitare%20montate%20si%20usa%20de%20intrare%20metalica%20anti-efractie.%0D%0A%0D%0AShared%20from%20https:\/\/propertybook.ro\/blog\/duplex-nou-cu-5-camere-3-terase-panoramice-si-garaj-spatios-confort-urban-oprit\/%0D%0A\">\n    <span class=\"ngfb-icon\">\n      <svg xmlns=\"http:\/\/www.w3.org\/2000\/svg\" width=\"9\" height=\"9\" viewBox=\"0 0 28 28\">\n        <path d=\"M20.11 26.147c-2.335 1.05-4.36 1.4-7.124 1.4C6.524 27.548.84 22.916.84 15.284.84 7.343 6.602.45 15.4.45c6.854 0 11.8 4.7 11.8 11.252 0 5.684-3.193 9.265-7.398 9.3-1.83 0-3.153-.934-3.347-2.997h-.077c-1.208 1.986-2.96 2.997-5.023 2.997-2.532 0-4.36-1.868-4.36-5.062 0-4.75 3.503-9.07 9.11-9.07 1.713 0 3.7.4 4.6.972l-1.17 7.203c-.387 2.298-.115 3.3 1 3.4 1.674 0 3.774-2.102 3.774-6.58 0-5.06-3.27-8.994-9.304-8.994C9.05 2.87 3.83 7.545 3.83 14.97c0 6.5 4.2 10.2 10 10.202 1.987 0 4.09-.43 5.647-1.245l.634 2.22zM16.647 10.1c-.31-.078-.7-.155-1.207-.155-2.572 0-4.596 2.53-4.596 5.53 0 1.5.7 2.4 1.9 2.4 1.44 0 2.96-1.83 3.31-4.088l.592-3.72z\" \/>\n      <\/svg>\n    <\/span>\n    <span class=\"ngfb-text\"><\/span>\n  <\/a>\n<\/div><\/div><!-- .ngfb-buttons.en_US -->\n<\/div><!-- .ngfb-content-buttons -->\n<!-- ngfb content-buttons end -->\n\n\n<!-- ngfb schema image for pinterest pin it button -->\n<div class=\"ngfb-schema-image-for-pinterest\" style=\"display:none;\">\n<img loading=\"lazy\" decoding=\"async\" src=\"https:\/\/propertybook.ro\/blog\/wp-content\/uploads\/2024\/06\/144206.webp\" width=\"0\" height=\"0\" style=\"width:0;height:0;\" data-pin-description=\"Cluj-Napoca, Europa - Duplex nou de v&acirc;nzare cu 5 camere \u0219i teren de 225mp, situat &icirc;n zona lini\u0219tit\u0103, retras\u0103 de aglomera\u021bie. Proprietatea include D+P+E+Etaj Retras, 3 terase panoramice, living cu buc\u0103t\u0103rie, dressing, 3 b\u0103i, semifiinsat\u0103 cu zid\u0103rie din c\u0103r\u0103mid\u0103, fa\u021bad\u0103 izolat\u0103 termic \u0219i garaj de...\" alt=\"\"\/>\n<\/div><!-- .ngfb-schema-image-for-pinterest -->\n\n<figure class=\"wp-block-image size-large\"><img decoding=\"async\" src=\"https:\/\/cdn.propertybook.ro\/napoca_imobiliare\/144206.webp\" alt=\"\" \/><\/figure>\n<ul>\n<li><a href=\"\/cluj-napoca\/\">Imobiliare Cluj-Napoca<\/a><\/li>\n<li><a href=\"\/cluj-napoca\/case-vanzare\/\">Case de vanzare Cluj-Napoca<\/a><\/li>\n<li><a href=\"\/cluj-napoca\/case-vanzare\/5-camere\/\">Case cu 5 camere de vanzare Cluj-Napoca<\/a><\/li>\n<li><a href=\"\/cluj-napoca\/case-vanzare\/europa\/5-camere\/\">Case cu 5 camere de vanzare Europa, Cluj-Napoca<\/a><\/li>\n<\/ul>\n<p><a href=\"\/cluj-napoca\/imobiliare-25-144206-vanzare-casa-5-camere-in-europa\/\" class=\"pb-listing-action\">Detaliile proprietatii<\/a><\/p>\n<p><h2 class=\"wp-block-heading\">Descoperi\u021bi Eleganta Urban\u0103: Duplexul Impresionant cu Panoram\u0103 Ora\u0219eneasc\u0103<\/h2>\n<p>A\u021bi visat vreodat\u0103 la un sanctuar urban, care s\u0103 v\u0103 ofere at\u00e2t modernitatea unei vie\u021bi contemporane, c\u00e2t \u0219i spa\u021biul generos pentru a v\u0103 bucura de fiecare zi? Un loc unde designul inteligent \u0219i confortul se \u00eent\u00e2lnesc armonios, chiar \u00een inima ora\u0219ului, dar \u00een acela\u0219i timp departe de zgomotul \u0219i agita\u021bia urban\u0103? V\u0103 prezint\u0103m ast\u0103zi o proprietate problematica: un duplex nou cu o structur\u0103 impresionant\u0103 \u0219i priveli\u0219ti uluitoare ale orizontului urban.<\/p>\n<p><h2 class=\"wp-block-heading\">O Priveli\u0219te de Neuitat, A\u0219ezat\u0103 Confortabil \u00eentre Spa\u021bii Vii<\/h2>\n<p>Imobilul sofisticat, cu un total de 225 mp de teren, este proiectat pe mai multe niveluri: demisol (D), parter (P), etaj (E) \u0219i un etaj retras, fiecare spa\u021biu fiind definit prin func\u021bionalitate \u0219i stil. Amplasat \u00eentr-o zon\u0103 retras\u0103, accesul la proprietate este asigurat de str\u0103zi asfaltate, oferind locatarilor lini\u0219te \u0219i intimitate.<\/p>\n<p><h2 class=\"wp-block-heading\">Spa\u021biu Generos \u0219i Lumin\u0103 Natural\u0103 Abundent\u0103<\/h2>\n<p>Interiorul este un elogiu adus spa\u021biului \u0219i luminii. Cu o suprafa\u021b\u0103 util\u0103 generoas\u0103 de 180 mp, acest duplex v\u0103 a\u0219teapt\u0103 s\u0103 \u00eel personaliza\u021bi. Parterul g\u0103zduie\u0219te o camera de zi deschis\u0103, \u00eempreun\u0103 cu buc\u0103t\u0103ria, o baie de serviciu \u0219i o teras\u0103. Urca\u021bi la etaj \u0219i ve\u021bi descoperi dou\u0103 dormitoare senine, o camer\u0103 de dressing \u0219i \u00eenc\u0103 o baie, toate completate de o teras\u0103 ce permite contemplarea ora\u0219ului. Etajul retras ofer\u0103 un dormitor privat, o baie \u0219i o a treia teras\u0103 generoas\u0103.<\/p>\n<p><h2 class=\"wp-block-heading\">Calitate Superioar\u0103, G\u00e2ndit\u0103 pentru Confortul Dumneavoastr\u0103<\/h2>\n<p>Casa este finisat\u0103 la nivel de semifinisare, permi\u021b\u00e2ndu-v\u0103 s\u0103 ad\u0103uga\u021bi un strop personal decorului interior. Zid\u0103ria de caramid\u0103, gletul aplicat pe perete, \u0219i \u0219apa autonivelant\u0103 formeaz\u0103 funda\u021bia perfect\u0103 pentru a personaliza dup\u0103 gust. Trec\u00e2nd exteriorul \u00een revist\u0103, sunte\u021bi \u00eent\u00e2mpina\u021bi de o fa\u021bad\u0103 izolat\u0103 cu polistiren de 20 cm \u0219i placaje de lemn &#8211; o combina\u021bie estetic\u0103 \u0219i eficient\u0103 din punct de vedere energetic.<\/p>\n<p><h2 class=\"wp-block-heading\">Confort Termic Asigurat Prin Tehnologie<\/h2>\n<p>Nicio cas\u0103 modern\u0103 nu este complet\u0103 f\u0103r\u0103 solu\u021bii eficiente de \u00eenc\u0103lzire. Acest duplex \u00eencorpor complet cu un sistem de \u00eenc\u0103lzire prin pardoseal\u0103, oferind un confort termic uniform \u0219i continuu, ideal pentru zilele r\u0103coroase.<\/p>\n<p><h2 class=\"wp-block-heading\">Un Nou Capitol \u00een Vie\u021bile Voastre<\/h2>\n<p>Aceast\u0103 proprietate v\u0103 invit\u0103 s\u0103 \u00eencepe\u021bi un nou capitol \u00een via\u021ba dumneavoastr\u0103. Imagina\u021bi-v\u0103 s\u0103 v\u0103 \u00eencepe\u021bi diminea\u021ba cu o cafea pe teras\u0103, privind la r\u0103s\u0103ritul de soare care \u00eembrac\u0103 ora\u0219ul \u00een culori calde, sau s\u0103 \u00eencheia\u021bi ziua admir\u00e2nd luminile metropolei. Aceast\u0103 cas\u0103 nu este doar un spa\u021biu locuibil, ci un ad\u0103post al visurilor \u0219i amintirilor de neuitat.<\/p>\n<p>V\u0103 considera\u021bi preg\u0103ti\u021bi pentru aceast\u0103 experien\u021b\u0103 de locuit? Proprietatea este disponibil\u0103 pentru achizi\u021bie imediat\u0103, neprev\u0103z\u00e2nd costuri suplimentare pentru TVA. Descoperi\u021bi confortul, spa\u021biul \u0219i modernitatea \u2013 toate reunate \u00eentr-un singur loc, gata s\u0103 devin\u0103 casa pe care v-o imagina\u021bi.<\/p>\n<p><a href=\"\/cluj-napoca\/imobiliare-25-144206-vanzare-casa-5-camere-in-europa\/\" class=\"pb-listing-action\">Stabileste o vizionare<\/a><\/p>\n<ul>\n<li><a href=\"\/cluj-napoca\/\">Imobiliare Cluj-Napoca<\/a><\/li>\n<li><a href=\"\/cluj-napoca\/case-vanzare\/\">Case de vanzare Cluj-Napoca<\/a><\/li>\n<li><a href=\"\/cluj-napoca\/case-vanzare\/5-camere\/\">Case cu 5 camere de vanzare Cluj-Napoca<\/a><\/li>\n<li><a href=\"\/cluj-napoca\/case-vanzare\/europa\/5-camere\/\">Case cu 5 camere de vanzare Europa, Cluj-Napoca<\/a><\/li>\n<\/ul>\n\n<!-- ngfb content-buttons begin -->\n<!-- generated on 2026-04-28T21:25:38+00:00 -->\n<div class=\"ngfb-content-buttons\">\n<div class=\"ngfb-buttons en_US\">\n<!-- Email Button --><div class=\"css-button email-button\">\n  <a href=\"mailto:?subject=Share:%20Duplex%20Nou%20cu%205%20Camere%2C%203%20Terase%20Panoramice%20%C8%99i%20Garaj%20Spa%C8%9Bios%20%26%238211%3B%20Confort%20Urban%20Oprit&body=Cluj-Napoca%2C%20Europa%20-%20Duplex%20nou%20de%20v%C3%A2nzare%20cu%205%20camere%20%C8%99i%20teren%20de%20225mp%2C%20situat%20%C3%AEn%20zona%20lini%C8%99tit%C4%83%2C%20retras%C4%83%20de%20aglomera%C8%9Bie.%20Proprietatea%20include%20D%2BP%2BE%2BEtaj%20Retras%2C%203%20terase%20panoramice%2C%20living%20cu%20buc%C4%83t%C4%83rie%2C%20dressing%2C%203%20b%C4%83i%2C%20semifiinsat%C4%83%20cu%20zid%C4%83rie%20din%20c%C4%83r%C4%83mid%C4%83%2C%20fa%C8%9Bad%C4%83%20izolat%C4%83%20termic%20%C8%99i%20garaj%20de%20150mp.%20Confortul%20termic%20este%20asigurat%20de%20%C3%AEnc%C4%83lzire%20prin%20pardoseal%C4%83%2C%20cu%20toate%20instalatiile%20sanitare%20montate%20si%20usa%20de%20intrare%20metalica%20anti-efractie.%0D%0A%0D%0AShared%20from%20https:\/\/propertybook.ro\/blog\/duplex-nou-cu-5-camere-3-terase-panoramice-si-garaj-spatios-confort-urban-oprit\/%0D%0A\">\n    <span class=\"ngfb-icon\">\n      <svg xmlns=\"http:\/\/www.w3.org\/2000\/svg\" width=\"9\" height=\"9\" viewBox=\"0 0 28 28\">\n        <path d=\"M20.11 26.147c-2.335 1.05-4.36 1.4-7.124 1.4C6.524 27.548.84 22.916.84 15.284.84 7.343 6.602.45 15.4.45c6.854 0 11.8 4.7 11.8 11.252 0 5.684-3.193 9.265-7.398 9.3-1.83 0-3.153-.934-3.347-2.997h-.077c-1.208 1.986-2.96 2.997-5.023 2.997-2.532 0-4.36-1.868-4.36-5.062 0-4.75 3.503-9.07 9.11-9.07 1.713 0 3.7.4 4.6.972l-1.17 7.203c-.387 2.298-.115 3.3 1 3.4 1.674 0 3.774-2.102 3.774-6.58 0-5.06-3.27-8.994-9.304-8.994C9.05 2.87 3.83 7.545 3.83 14.97c0 6.5 4.2 10.2 10 10.202 1.987 0 4.09-.43 5.647-1.245l.634 2.22zM16.647 10.1c-.31-.078-.7-.155-1.207-.155-2.572 0-4.596 2.53-4.596 5.53 0 1.5.7 2.4 1.9 2.4 1.44 0 2.96-1.83 3.31-4.088l.592-3.72z\" \/>\n      <\/svg>\n    <\/span>\n    <span class=\"ngfb-text\"><\/span>\n  <\/a>\n<\/div><\/div><!-- .ngfb-buttons.en_US -->\n<\/div><!-- .ngfb-content-buttons -->\n<!-- ngfb content-buttons end -->\n\n","protected":false},"excerpt":{"rendered":"<p>Cluj-Napoca, Europa &#8211; Duplex nou de v\u00e2nzare cu 5 camere \u0219i teren de 225mp, situat \u00een zona lini\u0219tit\u0103, retras\u0103 de aglomera\u021bie. Proprietatea include D+P+E+Etaj Retras, 3 terase panoramice, living cu buc\u0103t\u0103rie, dressing, 3 b\u0103i, semifiinsat\u0103 cu zid\u0103rie din c\u0103r\u0103mid\u0103, fa\u021bad\u0103 izolat\u0103 termic \u0219i garaj de 150mp. Confortul termic este asigurat de \u00eenc\u0103lzire prin pardoseal\u0103, cu toate instalatiile sanitare montate si usa de intrare metalica anti-efractie.<\/p>\n","protected":false},"author":8,"featured_media":1954,"comment_status":"open","ping_status":"open","sticky":false,"template":"","format":"standard","meta":{"footnotes":""},"categories":[51,48,47],"tags":[142,91,106,69],"class_list":["post-1955","post","type-post","status-publish","format-standard","has-post-thumbnail","hentry","category-case-de-vanzare-in-cluj-napoca","category-oferte-imobiliare-in-cluj-napoca","category-oferte","tag-5-camere","tag-cluj-napoca","tag-europa","tag-garaj"],"_links":{"self":[{"href":"https:\/\/propertybook.ro\/blog\/wp-json\/wp\/v2\/posts\/1955","targetHints":{"allow":["GET"]}}],"collection":[{"href":"https:\/\/propertybook.ro\/blog\/wp-json\/wp\/v2\/posts"}],"about":[{"href":"https:\/\/propertybook.ro\/blog\/wp-json\/wp\/v2\/types\/post"}],"author":[{"embeddable":true,"href":"https:\/\/propertybook.ro\/blog\/wp-json\/wp\/v2\/users\/8"}],"replies":[{"embeddable":true,"href":"https:\/\/propertybook.ro\/blog\/wp-json\/wp\/v2\/comments?post=1955"}],"version-history":[{"count":0,"href":"https:\/\/propertybook.ro\/blog\/wp-json\/wp\/v2\/posts\/1955\/revisions"}],"wp:featuredmedia":[{"embeddable":true,"href":"https:\/\/propertybook.ro\/blog\/wp-json\/wp\/v2\/media\/1954"}],"wp:attachment":[{"href":"https:\/\/propertybook.ro\/blog\/wp-json\/wp\/v2\/media?parent=1955"}],"wp:term":[{"taxonomy":"category","embeddable":true,"href":"https:\/\/propertybook.ro\/blog\/wp-json\/wp\/v2\/categories?post=1955"},{"taxonomy":"post_tag","embeddable":true,"href":"https:\/\/propertybook.ro\/blog\/wp-json\/wp\/v2\/tags?post=1955"}],"curies":[{"name":"wp","href":"https:\/\/api.w.org\/{rel}","templated":true}]}}