{"id":1959,"date":"2024-06-12T19:43:52","date_gmt":"2024-06-12T16:43:52","guid":{"rendered":"https:\/\/propertybook.ro\/blog\/apartament-decomandat-de-2-camere-in-zona-manastur-ideal-pentru-renovare\/"},"modified":"2024-06-12T19:43:52","modified_gmt":"2024-06-12T16:43:52","slug":"apartament-decomandat-de-2-camere-in-zona-manastur-ideal-pentru-renovare","status":"publish","type":"post","link":"https:\/\/propertybook.ro\/blog\/apartament-decomandat-de-2-camere-in-zona-manastur-ideal-pentru-renovare\/","title":{"rendered":"Apartament Decomandat de 2 Camere \u00een Zona Manastur \u2013 Ideal pentru Renovare"},"content":{"rendered":"\n<!-- ngfb content-buttons begin -->\n<!-- generated on 2026-04-30T01:28:10+00:00 -->\n<div class=\"ngfb-content-buttons\">\n<div class=\"ngfb-buttons en_US\">\n<!-- Email Button --><div class=\"css-button email-button\">\n  <a href=\"mailto:?subject=Share:%20Apartament%20Decomandat%20de%202%20Camere%20%C3%AEn%20Zona%20Manastur%20%E2%80%93%20Ideal%20pentru%20Renovare&body=Cluj-Napoca%2C%20M%C4%83n%C4%83%C8%99tur%20-%20De%20v%C3%A2nzare%20apartament%20decomandat%20%C3%AEn%20Manastur%2C%2040%20mp%2C%20situat%20la%20parter.%20Con%C8%9Bine%20living%2C%20buc%C4%83t%C4%83rie%2C%20dormitor%2C%20baie%2C%20hol%20%C8%99i%20balcon.%20Necesit%C4%83%20renovare.%0D%0A%0D%0AShared%20from%20https:\/\/propertybook.ro\/blog\/apartament-decomandat-de-2-camere-in-zona-manastur-ideal-pentru-renovare\/%0D%0A\">\n    <span class=\"ngfb-icon\">\n      <svg xmlns=\"http:\/\/www.w3.org\/2000\/svg\" width=\"9\" height=\"9\" viewBox=\"0 0 28 28\">\n        <path d=\"M20.11 26.147c-2.335 1.05-4.36 1.4-7.124 1.4C6.524 27.548.84 22.916.84 15.284.84 7.343 6.602.45 15.4.45c6.854 0 11.8 4.7 11.8 11.252 0 5.684-3.193 9.265-7.398 9.3-1.83 0-3.153-.934-3.347-2.997h-.077c-1.208 1.986-2.96 2.997-5.023 2.997-2.532 0-4.36-1.868-4.36-5.062 0-4.75 3.503-9.07 9.11-9.07 1.713 0 3.7.4 4.6.972l-1.17 7.203c-.387 2.298-.115 3.3 1 3.4 1.674 0 3.774-2.102 3.774-6.58 0-5.06-3.27-8.994-9.304-8.994C9.05 2.87 3.83 7.545 3.83 14.97c0 6.5 4.2 10.2 10 10.202 1.987 0 4.09-.43 5.647-1.245l.634 2.22zM16.647 10.1c-.31-.078-.7-.155-1.207-.155-2.572 0-4.596 2.53-4.596 5.53 0 1.5.7 2.4 1.9 2.4 1.44 0 2.96-1.83 3.31-4.088l.592-3.72z\" \/>\n      <\/svg>\n    <\/span>\n    <span class=\"ngfb-text\"><\/span>\n  <\/a>\n<\/div><\/div><!-- .ngfb-buttons.en_US -->\n<\/div><!-- .ngfb-content-buttons -->\n<!-- ngfb content-buttons end -->\n\n\n<!-- ngfb schema image for pinterest pin it button -->\n<div class=\"ngfb-schema-image-for-pinterest\" style=\"display:none;\">\n<img loading=\"lazy\" decoding=\"async\" src=\"https:\/\/propertybook.ro\/blog\/wp-content\/uploads\/2024\/06\/143910.webp\" width=\"0\" height=\"0\" style=\"width:0;height:0;\" data-pin-description=\"Cluj-Napoca, M\u0103n\u0103\u0219tur - De v&acirc;nzare apartament decomandat &icirc;n Manastur, 40 mp, situat la parter. Con\u021bine living, buc\u0103t\u0103rie, dormitor, baie, hol \u0219i balcon. Necesit\u0103 renovare.\" alt=\"\"\/>\n<\/div><!-- .ngfb-schema-image-for-pinterest -->\n\n<figure class=\"wp-block-image size-large\"><img decoding=\"async\" src=\"https:\/\/cdn.propertybook.ro\/napoca_imobiliare\/143910.webp\" alt=\"\" \/><\/figure>\n<ul>\n<li><a href=\"\/cluj-napoca\/\">Imobiliare Cluj-Napoca<\/a><\/li>\n<li><a href=\"\/cluj-napoca\/apartamente-vanzare\/\">Apartamente de vanzare Cluj-Napoca<\/a><\/li>\n<li><a href=\"\/cluj-napoca\/apartamente-vanzare\/2-camere\/\">Apartamente cu 2 camere de vanzare Cluj-Napoca<\/a><\/li>\n<li><a href=\"\/cluj-napoca\/apartamente-vanzare\/manastur\/2-camere\/\">Apartamente cu 2 camere de vanzare M\u0103n\u0103\u0219tur, Cluj-Napoca<\/a><\/li>\n<\/ul>\n<p><a href=\"\/cluj-napoca\/imobiliare-25-143910-de-vanzare-apartament-2-camere-in-manastur\/\" class=\"pb-listing-action\">Detaliile proprietatii<\/a><\/p>\n<p><h2 class=\"wp-block-heading\">Oportunitate de investi\u021bie: Apartament cu 2 camere decomandate \u00een cartierul M\u0103n\u0103\u0219tur<\/h2>\n<p>Sunte\u021bi \u00een c\u0103utarea primei dumneavoastr\u0103 locuin\u021be sau poate dori\u021bi s\u0103 face\u021bi o investi\u021bie imobiliar\u0103 inteligent\u0103? Avem o propunere atr\u0103g\u0103toare pentru dumneavoastr\u0103: un apartament cochet cu 2 camere decomandate, situat \u00een inima cartierului M\u0103n\u0103\u0219tur, unul dintre cele mai dinamice \u0219i c\u0103utate zone ale ora\u0219ului.<\/p>\n<p>Aceast\u0103 proprietate reprezint\u0103 o adev\u0103rat\u0103 ocazie, ocup\u00e2nd o suprafa\u021b\u0103 util\u0103 de 40 mp, perfect\u0103 pentru a crea un c\u0103min intim \u0219i func\u021bional sau a o amenaja pentru \u00eenchiriere. Av\u00e2nd \u00een vedere localizarea favorabil\u0103, aproape de mijloacele de transport \u00een comun, magazine, spa\u021bii verzi \u0219i alte facilit\u0103\u021bi urbane, acest apartament nu va sta mult timp liber, fiind un magnet pentru chiria\u0219i sau pentru cei care doresc s\u0103 locuiasc\u0103 \u00eentr-o zon\u0103 accesibil\u0103 \u0219i vibran\u021b\u0103.<\/p>\n<p>La parterul unei cl\u0103diri bine \u00eentre\u021binute, unitatea locativ\u0103 v\u0103 surprinde cu o compartimentare eficient\u0103 \u0219i intuitiv\u0103 care include un living spa\u021bios, o buc\u0103t\u0103rie func\u021bional\u0103, un dormitor confortabil \u0219i o baie adecvat\u0103 nevoilor de zi cu zi. Holul este primitor \u0219i ne conduce c\u0103tre fiecare \u00eenc\u0103pere, \u00een timp ce balconul ofer\u0103 un spa\u021biu extra pentru relaxare sau pentru a savura cafeaua de diminea\u021b\u0103.<\/p>\n<p>Un alt avantaj al acestui apartament este c\u0103 necesit\u0103 renov\u0103ri, ceea ce v\u0103 ofer\u0103 \u0219ansa unic\u0103 de a-l personaliza complet dup\u0103 propriul gust. \u00cembun\u0103t\u0103\u021birea \u0219i customizarea locuin\u021bei v\u0103 pot cre\u0219te semnificativ at\u00e2t valoarea de pia\u021b\u0103, \u00een cazul unei rev\u00e2nz\u0103ri ulterioare, c\u00e2t \u0219i suma pe care o pute\u021bi cere \u00een cazul \u00eenchirierii.<\/p>\n<p>A\u0219adar, indiferent dac\u0103 sunte\u021bi \u00een c\u0103utarea unei locuin\u021be pentru familie, sau dori\u021bi s\u0103 investi\u021bi \u00eentr-o proprietate cu poten\u021bial de valorificare, acest apartament ar putea fi r\u0103spunsul. Cu un pre\u021b atractiv \u0219i un amplasament ideal, este o ofert\u0103 pe care nu o pute\u021bi rata.<\/p>\n<p>Pentru a descoperi mai multe despre acest apartament \u0219i pentru a programa o vizionare, nu ezita\u021bi s\u0103 v\u0103 adresa\u021bi unui agent imobiliar de \u00eencredere. G\u0103si\u021bi acum locuin\u021ba perfect\u0103 \u00een inima M\u0103n\u0103\u0219turului \u0219i beneficia\u021bi de toate avantajele pe care aceast\u0103 zon\u0103 dinamic\u0103 le are de oferit!<\/p>\n<p><a href=\"\/cluj-napoca\/imobiliare-25-143910-de-vanzare-apartament-2-camere-in-manastur\/\" class=\"pb-listing-action\">Stabileste o vizionare<\/a><\/p>\n<ul>\n<li><a href=\"\/cluj-napoca\/\">Imobiliare Cluj-Napoca<\/a><\/li>\n<li><a href=\"\/cluj-napoca\/apartamente-vanzare\/\">Apartamente de vanzare Cluj-Napoca<\/a><\/li>\n<li><a href=\"\/cluj-napoca\/apartamente-vanzare\/2-camere\/\">Apartamente cu 2 camere de vanzare Cluj-Napoca<\/a><\/li>\n<li><a href=\"\/cluj-napoca\/apartamente-vanzare\/manastur\/2-camere\/\">Apartamente cu 2 camere de vanzare M\u0103n\u0103\u0219tur, Cluj-Napoca<\/a><\/li>\n<\/ul>\n\n<!-- ngfb content-buttons begin -->\n<!-- generated on 2026-04-30T01:28:10+00:00 -->\n<div class=\"ngfb-content-buttons\">\n<div class=\"ngfb-buttons en_US\">\n<!-- Email Button --><div class=\"css-button email-button\">\n  <a href=\"mailto:?subject=Share:%20Apartament%20Decomandat%20de%202%20Camere%20%C3%AEn%20Zona%20Manastur%20%E2%80%93%20Ideal%20pentru%20Renovare&body=Cluj-Napoca%2C%20M%C4%83n%C4%83%C8%99tur%20-%20De%20v%C3%A2nzare%20apartament%20decomandat%20%C3%AEn%20Manastur%2C%2040%20mp%2C%20situat%20la%20parter.%20Con%C8%9Bine%20living%2C%20buc%C4%83t%C4%83rie%2C%20dormitor%2C%20baie%2C%20hol%20%C8%99i%20balcon.%20Necesit%C4%83%20renovare.%0D%0A%0D%0AShared%20from%20https:\/\/propertybook.ro\/blog\/apartament-decomandat-de-2-camere-in-zona-manastur-ideal-pentru-renovare\/%0D%0A\">\n    <span class=\"ngfb-icon\">\n      <svg xmlns=\"http:\/\/www.w3.org\/2000\/svg\" width=\"9\" height=\"9\" viewBox=\"0 0 28 28\">\n        <path d=\"M20.11 26.147c-2.335 1.05-4.36 1.4-7.124 1.4C6.524 27.548.84 22.916.84 15.284.84 7.343 6.602.45 15.4.45c6.854 0 11.8 4.7 11.8 11.252 0 5.684-3.193 9.265-7.398 9.3-1.83 0-3.153-.934-3.347-2.997h-.077c-1.208 1.986-2.96 2.997-5.023 2.997-2.532 0-4.36-1.868-4.36-5.062 0-4.75 3.503-9.07 9.11-9.07 1.713 0 3.7.4 4.6.972l-1.17 7.203c-.387 2.298-.115 3.3 1 3.4 1.674 0 3.774-2.102 3.774-6.58 0-5.06-3.27-8.994-9.304-8.994C9.05 2.87 3.83 7.545 3.83 14.97c0 6.5 4.2 10.2 10 10.202 1.987 0 4.09-.43 5.647-1.245l.634 2.22zM16.647 10.1c-.31-.078-.7-.155-1.207-.155-2.572 0-4.596 2.53-4.596 5.53 0 1.5.7 2.4 1.9 2.4 1.44 0 2.96-1.83 3.31-4.088l.592-3.72z\" \/>\n      <\/svg>\n    <\/span>\n    <span class=\"ngfb-text\"><\/span>\n  <\/a>\n<\/div><\/div><!-- .ngfb-buttons.en_US -->\n<\/div><!-- .ngfb-content-buttons -->\n<!-- ngfb content-buttons end -->\n\n","protected":false},"excerpt":{"rendered":"<p>Cluj-Napoca, M\u0103n\u0103\u0219tur &#8211; De v\u00e2nzare apartament decomandat \u00een Manastur, 40 mp, situat la parter. Con\u021bine living, buc\u0103t\u0103rie, dormitor, baie, hol \u0219i balcon. Necesit\u0103 renovare.<\/p>\n","protected":false},"author":8,"featured_media":1958,"comment_status":"open","ping_status":"open","sticky":false,"template":"","format":"standard","meta":{"footnotes":""},"categories":[50,48,47],"tags":[62,74,91,68,123],"class_list":["post-1959","post","type-post","status-publish","format-standard","has-post-thumbnail","hentry","category-apartamente-de-vanzare-in-cluj-napoca","category-oferte-imobiliare-in-cluj-napoca","category-oferte","tag-2-camere","tag-balcon","tag-cluj-napoca","tag-decomandat","tag-manastur"],"_links":{"self":[{"href":"https:\/\/propertybook.ro\/blog\/wp-json\/wp\/v2\/posts\/1959","targetHints":{"allow":["GET"]}}],"collection":[{"href":"https:\/\/propertybook.ro\/blog\/wp-json\/wp\/v2\/posts"}],"about":[{"href":"https:\/\/propertybook.ro\/blog\/wp-json\/wp\/v2\/types\/post"}],"author":[{"embeddable":true,"href":"https:\/\/propertybook.ro\/blog\/wp-json\/wp\/v2\/users\/8"}],"replies":[{"embeddable":true,"href":"https:\/\/propertybook.ro\/blog\/wp-json\/wp\/v2\/comments?post=1959"}],"version-history":[{"count":0,"href":"https:\/\/propertybook.ro\/blog\/wp-json\/wp\/v2\/posts\/1959\/revisions"}],"wp:featuredmedia":[{"embeddable":true,"href":"https:\/\/propertybook.ro\/blog\/wp-json\/wp\/v2\/media\/1958"}],"wp:attachment":[{"href":"https:\/\/propertybook.ro\/blog\/wp-json\/wp\/v2\/media?parent=1959"}],"wp:term":[{"taxonomy":"category","embeddable":true,"href":"https:\/\/propertybook.ro\/blog\/wp-json\/wp\/v2\/categories?post=1959"},{"taxonomy":"post_tag","embeddable":true,"href":"https:\/\/propertybook.ro\/blog\/wp-json\/wp\/v2\/tags?post=1959"}],"curies":[{"name":"wp","href":"https:\/\/api.w.org\/{rel}","templated":true}]}}