{"id":2101,"date":"2024-08-02T13:45:27","date_gmt":"2024-08-02T10:45:27","guid":{"rendered":"https:\/\/propertybook.ro\/blog\/casa-de-vanzare-cu-teren-si-garaj-spatios-in-zona-linistita-chitila-sector-1\/"},"modified":"2024-08-02T13:45:27","modified_gmt":"2024-08-02T10:45:27","slug":"casa-de-vanzare-cu-teren-si-garaj-spatios-in-zona-linistita-chitila-sector-1","status":"publish","type":"post","link":"https:\/\/propertybook.ro\/blog\/casa-de-vanzare-cu-teren-si-garaj-spatios-in-zona-linistita-chitila-sector-1\/","title":{"rendered":"Casa de vanzare cu teren si garaj spatios in zona linistita Chitila, Sector 1"},"content":{"rendered":"\n<!-- ngfb content-buttons begin -->\n<!-- generated on 2026-04-29T22:15:27+00:00 -->\n<div class=\"ngfb-content-buttons\">\n<div class=\"ngfb-buttons en_US\">\n<!-- Email Button --><div class=\"css-button email-button\">\n  <a href=\"mailto:?subject=Share:%20Casa%20de%20vanzare%20cu%20teren%20si%20garaj%20spatios%20in%20zona%20linistita%20Chitila%2C%20Sector%201&body=Bucure%C8%99ti%20-%20De%20v%C3%A2nzare%20cas%C4%83%20de%20120%20mp%20cu%20teren%20de%20358%20mp%20%C3%AEn%20Chitila%2C%20sector%201%2C%20compus%C4%83%20din%202%20dormitoare%2C%20bucat%C4%83rie%2C%20baie%2C%20camera%20dubl%C4%83%2C%20plus%20spatiu%20depozitare%20separat.%20Construit%C4%83%20%C3%AEn%201923%20%C8%99i%20renovat%C4%83%20%C3%AEn%202006%2C%20cu%20garaj%20de%2068%20mp.%20Zon%C4%83%20lini%C8%99tit%C4%83%20aproape%20de%20transport%20public%20%C8%99i%20parcuri.%0D%0A%0D%0AShared%20from%20https:\/\/propertybook.ro\/blog\/casa-de-vanzare-cu-teren-si-garaj-spatios-in-zona-linistita-chitila-sector-1\/%0D%0A\">\n    <span class=\"ngfb-icon\">\n      <svg xmlns=\"http:\/\/www.w3.org\/2000\/svg\" width=\"9\" height=\"9\" viewBox=\"0 0 28 28\">\n        <path d=\"M20.11 26.147c-2.335 1.05-4.36 1.4-7.124 1.4C6.524 27.548.84 22.916.84 15.284.84 7.343 6.602.45 15.4.45c6.854 0 11.8 4.7 11.8 11.252 0 5.684-3.193 9.265-7.398 9.3-1.83 0-3.153-.934-3.347-2.997h-.077c-1.208 1.986-2.96 2.997-5.023 2.997-2.532 0-4.36-1.868-4.36-5.062 0-4.75 3.503-9.07 9.11-9.07 1.713 0 3.7.4 4.6.972l-1.17 7.203c-.387 2.298-.115 3.3 1 3.4 1.674 0 3.774-2.102 3.774-6.58 0-5.06-3.27-8.994-9.304-8.994C9.05 2.87 3.83 7.545 3.83 14.97c0 6.5 4.2 10.2 10 10.202 1.987 0 4.09-.43 5.647-1.245l.634 2.22zM16.647 10.1c-.31-.078-.7-.155-1.207-.155-2.572 0-4.596 2.53-4.596 5.53 0 1.5.7 2.4 1.9 2.4 1.44 0 2.96-1.83 3.31-4.088l.592-3.72z\" \/>\n      <\/svg>\n    <\/span>\n    <span class=\"ngfb-text\"><\/span>\n  <\/a>\n<\/div><\/div><!-- .ngfb-buttons.en_US -->\n<\/div><!-- .ngfb-content-buttons -->\n<!-- ngfb content-buttons end -->\n\n\n<!-- ngfb schema image for pinterest pin it button -->\n<div class=\"ngfb-schema-image-for-pinterest\" style=\"display:none;\">\n<img loading=\"lazy\" decoding=\"async\" src=\"https:\/\/propertybook.ro\/blog\/wp-content\/uploads\/2024\/08\/22004127.webp\" width=\"0\" height=\"0\" style=\"width:0;height:0;\" data-pin-description=\"Bucure\u0219ti - De v&acirc;nzare cas\u0103 de 120 mp cu teren de 358 mp &icirc;n Chitila, sector 1, compus\u0103 din 2 dormitoare, bucat\u0103rie, baie, camera dubl\u0103, plus spatiu depozitare separat. Construit\u0103 &icirc;n 1923 \u0219i renovat\u0103 &icirc;n 2006, cu garaj de 68 mp. Zon\u0103 lini\u0219tit\u0103 aproape de transport public \u0219i parcuri.\" alt=\"\"\/>\n<\/div><!-- .ngfb-schema-image-for-pinterest -->\n\n<figure class=\"wp-block-image size-large\"><img decoding=\"async\" src=\"https:\/\/cdn.propertybook.ro\/svn_residentialist\/22004127.webp\" alt=\"\" \/><\/figure>\n<ul>\n<li><a href=\"\/bucuresti\/\">Imobiliare Bucure\u0219ti<\/a><\/li>\n<li><a href=\"\/bucuresti\/case-vanzare\/5-camere\/\">Case cu 5 camere de vanzare Bucure\u0219ti<\/a><\/li>\n<\/ul>\n<p><a href=\"\/bucuresti\/imobiliare-163-22004127-de-vanzare-casa-5-camere-in-sector-1-zona-chitila\/\" class=\"pb-listing-action\">Detaliile proprietatii<\/a><\/p>\n<p><h2 class=\"wp-block-heading\">Descoper\u0103 Oaza de Lini\u0219te Urban\u0103: Casa de V\u00e2nzare din Cartierul Chitila<\/h2>\n<p>C\u0103uta\u021bi s\u0103 v\u0103 muta\u021bi \u00eentr-un cartier lini\u0219tit, dar dori\u021bi \u00een acela\u0219i timp s\u0103 ave\u021bi acces rapid la facilit\u0103\u021bile urbane? V\u0103 prezent\u0103m o cas\u0103 cu istorie \u0219i caracter, situat\u0103 \u00een inima cartierului Chitila din sectorul 1, ce poate fi locul ideal pe care \u00eel numi\u021bi acas\u0103.<\/p>\n<p><h2 class=\"wp-block-heading\">O Cas\u0103 cu Istorie \u0219i Confort Contemporan<\/h2>\n<p>Construit\u0103 \u00een anul 1923 \u0219i renovat\u0103 \u00een 2006, aceast\u0103 proprietate \u00eembin\u0103 perfect farmecul istoric cu confortul modern. Cu o suprafa\u021b\u0103 util\u0103 de 120 metri p\u0103tra\u021bi pe un singur nivel, casa dispune de dou\u0103 dormitoare confortabile, o buc\u0103t\u0103rie func\u021bional\u0103, baie modern\u0103 \u0219i o camera dubl\u0103 \u2013 spa\u021bii ideale pentru via\u021ba de zi cu zi a familiei dumneavoastr\u0103.<\/p>\n<p>Zidurile din caramid\u0103 \u0219i st\u00e2lpii de beton cadra\u021bi sunt dovada durabilit\u0103\u021bii \u0219i calit\u0103\u021bii construc\u021biei, asigur\u00e2ndu-v\u0103 c\u0103 aceast\u0103 cas\u0103 este gata s\u0103 devin\u0103 un c\u0103min pentru multe decenii.<\/p>\n<p><h2 class=\"wp-block-heading\">Despre Teren \u0219i Spa\u021biul Exterior<\/h2>\n<p>Proprietatea vine cu un teren aferent de 358 metri p\u0103tra\u021bi, oferindu-v\u0103 spa\u021biu suficient pentru a v\u0103 bucura de aerul liber, fie c\u0103 este vorba de gr\u0103din\u0103rit, relaxare sau joaca copiilor \u00een siguran\u021b\u0103 \u0219i intimitate. De asemenea, exist\u0103 un garaj spa\u021bios de 68 metri p\u0103tra\u021bi, perfect pentru a parca vehiculele dumneavoastr\u0103 sau a fi utilizat ca atelier sau spa\u021biu suplimentar de stocare.<\/p>\n<p><h2 class=\"wp-block-heading\">Localizarea &#8211; Convenien\u021b\u0103 \u0219i Accesibilitate<\/h2>\n<p>Afl\u00e2ndu-se \u00eentr-un cartier pl\u0103cut, aceast\u0103 proprietate permite un acces facil c\u0103tre Soseaua Chitilei, unde g\u0103si\u021bi o varietate de magazine, sta\u021bii de tramvai \u0219i autobuz, f\u0103c\u00e2ndu-v\u0103 via\u021ba de zi cu zi c\u00e2t se poate de comod\u0103. Pentru amatorii de verde \u0219i aer proasp\u0103t, Parcul Bazilescu se afl\u0103 la numai 15 minute distan\u021b\u0103, fiind locul perfect pentru plimb\u0103ri relaxante sau jogging matinal.<\/p>\n<p><h2 class=\"wp-block-heading\">Un Loc unde Via\u021ba de Familie Este la Ea Acas\u0103<\/h2>\n<p>Nu este doar o cas\u0103, ci o scen\u0103 pentru amintirile de neuitat ale familiei dumneavoastr\u0103. Fie c\u0103 este vorba de serile petrecute \u00een gr\u0103din\u0103, zilele de na\u0219tere s\u0103rb\u0103torite \u00een camera dubl\u0103 sau simpla bucurie de a avea spatii suficiente pentru hobby-urile fiec\u0103ruia, aceast\u0103 proprietate este ideal\u0103 pentru a \u00eencepe un nou capitol.<\/p>\n<p><h2 class=\"wp-block-heading\">Contact \u0219i Vizion\u0103ri<\/h2>\n<p>Dac\u0103 v-a\u021bi imaginat deja viitorul \u00een aceast\u0103 cas\u0103 de vis \u0219i a\u021bi dori s\u0103 o viziona\u021bi, v\u0103 invit\u0103m s\u0103 ini\u021bia\u021bi un contact pentru a program\u0103 o vizit\u0103.<\/p>\n<p>\u00cen concluzie, dac\u0103 sunte\u021bi \u00een c\u0103utarea unei case cu spa\u021biu amplu, \u00eenc\u0103rcat\u0103 de istorie \u0219i localizat\u0103 smart, nu c\u0103uta\u021bi mai departe. Sper\u0103m c\u0103 v-am oferit o privire am\u0103nun\u021bit\u0103 asupra acestei propriet\u0103\u021bi \u0219i v\u0103 a\u0219tept\u0103m cu ner\u0103bdare s\u0103 ne contacta\u021bi pentru mai multe detalii sau pentru a aranja o vizionare personalizat\u0103. Fie c\u0103 sunte\u021bi \u00een c\u0103utarea primei dumneavoastr\u0103 case sau pur \u0219i simplu dorin\u021bi un nou \u00eenceput, aceasta poate fi oportunitatea pe care a\u021bi a\u0219teptat-o.<\/p>\n<p><a href=\"\/bucuresti\/imobiliare-163-22004127-de-vanzare-casa-5-camere-in-sector-1-zona-chitila\/\" class=\"pb-listing-action\">Stabileste o vizionare<\/a><\/p>\n<ul>\n<li><a href=\"\/bucuresti\/\">Imobiliare Bucure\u0219ti<\/a><\/li>\n<li><a href=\"\/bucuresti\/case-vanzare\/5-camere\/\">Case cu 5 camere de vanzare Bucure\u0219ti<\/a><\/li>\n<\/ul>\n\n<!-- ngfb content-buttons begin -->\n<!-- generated on 2026-04-29T22:15:27+00:00 -->\n<div class=\"ngfb-content-buttons\">\n<div class=\"ngfb-buttons en_US\">\n<!-- Email Button --><div class=\"css-button email-button\">\n  <a href=\"mailto:?subject=Share:%20Casa%20de%20vanzare%20cu%20teren%20si%20garaj%20spatios%20in%20zona%20linistita%20Chitila%2C%20Sector%201&body=Bucure%C8%99ti%20-%20De%20v%C3%A2nzare%20cas%C4%83%20de%20120%20mp%20cu%20teren%20de%20358%20mp%20%C3%AEn%20Chitila%2C%20sector%201%2C%20compus%C4%83%20din%202%20dormitoare%2C%20bucat%C4%83rie%2C%20baie%2C%20camera%20dubl%C4%83%2C%20plus%20spatiu%20depozitare%20separat.%20Construit%C4%83%20%C3%AEn%201923%20%C8%99i%20renovat%C4%83%20%C3%AEn%202006%2C%20cu%20garaj%20de%2068%20mp.%20Zon%C4%83%20lini%C8%99tit%C4%83%20aproape%20de%20transport%20public%20%C8%99i%20parcuri.%0D%0A%0D%0AShared%20from%20https:\/\/propertybook.ro\/blog\/casa-de-vanzare-cu-teren-si-garaj-spatios-in-zona-linistita-chitila-sector-1\/%0D%0A\">\n    <span class=\"ngfb-icon\">\n      <svg xmlns=\"http:\/\/www.w3.org\/2000\/svg\" width=\"9\" height=\"9\" viewBox=\"0 0 28 28\">\n        <path d=\"M20.11 26.147c-2.335 1.05-4.36 1.4-7.124 1.4C6.524 27.548.84 22.916.84 15.284.84 7.343 6.602.45 15.4.45c6.854 0 11.8 4.7 11.8 11.252 0 5.684-3.193 9.265-7.398 9.3-1.83 0-3.153-.934-3.347-2.997h-.077c-1.208 1.986-2.96 2.997-5.023 2.997-2.532 0-4.36-1.868-4.36-5.062 0-4.75 3.503-9.07 9.11-9.07 1.713 0 3.7.4 4.6.972l-1.17 7.203c-.387 2.298-.115 3.3 1 3.4 1.674 0 3.774-2.102 3.774-6.58 0-5.06-3.27-8.994-9.304-8.994C9.05 2.87 3.83 7.545 3.83 14.97c0 6.5 4.2 10.2 10 10.202 1.987 0 4.09-.43 5.647-1.245l.634 2.22zM16.647 10.1c-.31-.078-.7-.155-1.207-.155-2.572 0-4.596 2.53-4.596 5.53 0 1.5.7 2.4 1.9 2.4 1.44 0 2.96-1.83 3.31-4.088l.592-3.72z\" \/>\n      <\/svg>\n    <\/span>\n    <span class=\"ngfb-text\"><\/span>\n  <\/a>\n<\/div><\/div><!-- .ngfb-buttons.en_US -->\n<\/div><!-- .ngfb-content-buttons -->\n<!-- ngfb content-buttons end -->\n\n","protected":false},"excerpt":{"rendered":"<p>Bucure\u0219ti &#8211; De v\u00e2nzare cas\u0103 de 120 mp cu teren de 358 mp \u00een Chitila, sector 1, compus\u0103 din 2 dormitoare, bucat\u0103rie, baie, camera dubl\u0103, plus spatiu depozitare separat. Construit\u0103 \u00een 1923 \u0219i renovat\u0103 \u00een 2006, cu garaj de 68 mp. Zon\u0103 lini\u0219tit\u0103 aproape de transport public \u0219i parcuri.<\/p>\n","protected":false},"author":8,"featured_media":2100,"comment_status":"open","ping_status":"open","sticky":false,"template":"","format":"standard","meta":{"footnotes":""},"categories":[49,53,47],"tags":[142,315,89,70,85],"class_list":["post-2101","post","type-post","status-publish","format-standard","has-post-thumbnail","hentry","category-oferte-imobiliare-bucuresti","category-case-de-vanzare-bucuresti","category-oferte","tag-5-camere","tag-an-const-1923","tag-bucuresti","tag-parchet","tag-termopane"],"_links":{"self":[{"href":"https:\/\/propertybook.ro\/blog\/wp-json\/wp\/v2\/posts\/2101","targetHints":{"allow":["GET"]}}],"collection":[{"href":"https:\/\/propertybook.ro\/blog\/wp-json\/wp\/v2\/posts"}],"about":[{"href":"https:\/\/propertybook.ro\/blog\/wp-json\/wp\/v2\/types\/post"}],"author":[{"embeddable":true,"href":"https:\/\/propertybook.ro\/blog\/wp-json\/wp\/v2\/users\/8"}],"replies":[{"embeddable":true,"href":"https:\/\/propertybook.ro\/blog\/wp-json\/wp\/v2\/comments?post=2101"}],"version-history":[{"count":0,"href":"https:\/\/propertybook.ro\/blog\/wp-json\/wp\/v2\/posts\/2101\/revisions"}],"wp:featuredmedia":[{"embeddable":true,"href":"https:\/\/propertybook.ro\/blog\/wp-json\/wp\/v2\/media\/2100"}],"wp:attachment":[{"href":"https:\/\/propertybook.ro\/blog\/wp-json\/wp\/v2\/media?parent=2101"}],"wp:term":[{"taxonomy":"category","embeddable":true,"href":"https:\/\/propertybook.ro\/blog\/wp-json\/wp\/v2\/categories?post=2101"},{"taxonomy":"post_tag","embeddable":true,"href":"https:\/\/propertybook.ro\/blog\/wp-json\/wp\/v2\/tags?post=2101"}],"curies":[{"name":"wp","href":"https:\/\/api.w.org\/{rel}","templated":true}]}}