{"id":2159,"date":"2024-08-06T17:46:23","date_gmt":"2024-08-06T14:46:23","guid":{"rendered":"https:\/\/propertybook.ro\/blog\/vila-interbelica-de-vanzare-in-dorobanti-renovata-si-cu-potential-comercial-locatie-premium\/"},"modified":"2024-08-06T17:46:23","modified_gmt":"2024-08-06T14:46:23","slug":"vila-interbelica-de-vanzare-in-dorobanti-renovata-si-cu-potential-comercial-locatie-premium","status":"publish","type":"post","link":"https:\/\/propertybook.ro\/blog\/vila-interbelica-de-vanzare-in-dorobanti-renovata-si-cu-potential-comercial-locatie-premium\/","title":{"rendered":"Vil\u0103 interbelic\u0103 de v\u00e2nzare \u00een Doroban\u021bi, renovat\u0103 \u0219i cu poten\u021bial comercial &#8211; loca\u021bie premium"},"content":{"rendered":"\n<!-- ngfb content-buttons begin -->\n<!-- generated on 2026-04-30T22:12:10+00:00 -->\n<div class=\"ngfb-content-buttons\">\n<div class=\"ngfb-buttons en_US\">\n<!-- Email Button --><div class=\"css-button email-button\">\n  <a href=\"mailto:?subject=Share:%20Vil%C4%83%20interbelic%C4%83%20de%20v%C3%A2nzare%20%C3%AEn%20Doroban%C8%9Bi%2C%20renovat%C4%83%20%C8%99i%20cu%20poten%C8%9Bial%20comercial%20%26%238211%3B%20loca%C8%9Bie%20premium&body=Bucure%C8%99ti%20-%20De%20v%C3%A2nzare%20vil%C4%83%20interbelic%C4%83%20%C3%AEn%20Doroban%C8%9Bi%2C%20consolidat%C4%83%2C%20proces%20renovare%20activ%2C%20390%20mp%20utili.%20Configura%C8%9Bie%3A%20demisol%2C%20parter%2C%20etaj%2C%20mansard%C4%83%2C%20teras%C4%83.%20Spa%C8%9Bii%20generoase%2C%20calitate%20%C3%AEnalt%C4%83%20a%20finisajelor.%20Potrivit%C4%83%20pentru%20activit%C4%83%C8%9Bi%20profesionale%20%28birouri%2C%20clinic%C4%83%29.%20Parcare%20inclus%C4%83.%20Loca%C8%9Bie%20central%C4%83%2C%20aproape%20de%20metrou%20Piata%20Romana%20%C8%99i%20artere%20principale.%0D%0A%0D%0AShared%20from%20https:\/\/propertybook.ro\/blog\/vila-interbelica-de-vanzare-in-dorobanti-renovata-si-cu-potential-comercial-locatie-premium\/%0D%0A\">\n    <span class=\"ngfb-icon\">\n      <svg xmlns=\"http:\/\/www.w3.org\/2000\/svg\" width=\"9\" height=\"9\" viewBox=\"0 0 28 28\">\n        <path d=\"M20.11 26.147c-2.335 1.05-4.36 1.4-7.124 1.4C6.524 27.548.84 22.916.84 15.284.84 7.343 6.602.45 15.4.45c6.854 0 11.8 4.7 11.8 11.252 0 5.684-3.193 9.265-7.398 9.3-1.83 0-3.153-.934-3.347-2.997h-.077c-1.208 1.986-2.96 2.997-5.023 2.997-2.532 0-4.36-1.868-4.36-5.062 0-4.75 3.503-9.07 9.11-9.07 1.713 0 3.7.4 4.6.972l-1.17 7.203c-.387 2.298-.115 3.3 1 3.4 1.674 0 3.774-2.102 3.774-6.58 0-5.06-3.27-8.994-9.304-8.994C9.05 2.87 3.83 7.545 3.83 14.97c0 6.5 4.2 10.2 10 10.202 1.987 0 4.09-.43 5.647-1.245l.634 2.22zM16.647 10.1c-.31-.078-.7-.155-1.207-.155-2.572 0-4.596 2.53-4.596 5.53 0 1.5.7 2.4 1.9 2.4 1.44 0 2.96-1.83 3.31-4.088l.592-3.72z\" \/>\n      <\/svg>\n    <\/span>\n    <span class=\"ngfb-text\"><\/span>\n  <\/a>\n<\/div><\/div><!-- .ngfb-buttons.en_US -->\n<\/div><!-- .ngfb-content-buttons -->\n<!-- ngfb content-buttons end -->\n\n\n<!-- ngfb schema image for pinterest pin it button -->\n<div class=\"ngfb-schema-image-for-pinterest\" style=\"display:none;\">\n<img loading=\"lazy\" decoding=\"async\" src=\"https:\/\/propertybook.ro\/blog\/wp-content\/uploads\/2024\/08\/22001270.webp\" width=\"0\" height=\"0\" style=\"width:0;height:0;\" data-pin-description=\"Bucure\u0219ti - De v&acirc;nzare vil\u0103 interbelic\u0103 &icirc;n Doroban\u021bi, consolidat\u0103, proces renovare activ, 390 mp utili. Configura\u021bie: demisol, parter, etaj, mansard\u0103, teras\u0103. Spa\u021bii generoase, calitate &icirc;nalt\u0103 a finisajelor. Potrivit\u0103 pentru activit\u0103\u021bi profesionale (birouri, clinic\u0103). Parcare inclus\u0103. Loca\u021bie...\" alt=\"\"\/>\n<\/div><!-- .ngfb-schema-image-for-pinterest -->\n\n<figure class=\"wp-block-image size-large\"><img decoding=\"async\" src=\"https:\/\/cdn.propertybook.ro\/svn_residentialist\/22001270.webp\" alt=\"\" \/><\/figure>\n<ul>\n<li><a href=\"\/bucuresti\/\">Imobiliare Bucure\u0219ti<\/a><\/li>\n<li><a href=\"\/bucuresti\/case-vanzare\/10-camere\/\">Case cu 10 camere de vanzare Bucure\u0219ti<\/a><\/li>\n<\/ul>\n<p><a href=\"\/bucuresti\/imobiliare-163-22001270-vanzare-casa-10-camere-in-sector-1-zona-piata-romana\/\" class=\"pb-listing-action\">Detaliile proprietatii<\/a><\/p>\n<p><h2 class=\"wp-block-heading\">Descoperi\u021bi Oaza Interbelic\u0103 din Inima Doroban\u021bilor<\/h2>\n<p>\u00cen inima unei zone prestigioase din Bucure\u0219ti, situate \u00eentr-un cartier care respir\u0103 istorie \u0219i rafinament, se ascunde o vil\u0103 interbelic\u0103 ce emana farmecul anilor &#8217;30. Aceast\u0103 proprietate remarcabil\u0103, construit\u0103 \u00een anul 1939, a fost martor\u0103 la multe din schimb\u0103rile capitalei de-a lungul deceniilor \u0219i \u00ee\u0219i a\u0219teapt\u0103 acum noii st\u0103p\u00e2ni.<\/p>\n<p>Vila, care a fost integral consolidat\u0103, este \u00eentr-un continuu proces de rena\u0219tere, primind aten\u021bia \u0219i \u00eengrijirea necesar\u0103 pentru a aduce la via\u021b\u0103 splendoarea sa originar\u0103. Cu un total de 390 mp utili, distribui\u021bi inteligent pe mai multe niveluri, aceast\u0103 proprietate are capacitatea de a oferi spa\u021bii generoase adaptabile pentru diverse nevoi.<\/p>\n<p><h2 class=\"wp-block-heading\">Demisol de Poveste<\/h2>\n<p>Demisolul, cu o \u00een\u0103l\u021bime generoas\u0103, ad\u0103poste\u0219te o camer\u0103 de 39 mp \u00eencadrat\u0103 de o arcad\u0103 mirific\u0103 din c\u0103r\u0103mid\u0103 care cu siguran\u021b\u0103 va impresiona orice vizitator. Spa\u021biul este complimentat de un hol vast de 30 mp, o buc\u0103t\u0103rie \u00eenchis\u0103, un grup sanitar, \u0219i o camer\u0103 tehnic\u0103 func\u021bional\u0103. De aici, accesul se poate face separat, asigur\u00e2nd un plus de intimitate \u0219i flexibilitate.<\/p>\n<p><h2 class=\"wp-block-heading\">Un Parter Demn de Admira\u021bie<\/h2>\n<p>La parter, cei care p\u0103\u0219esc \u00ee\u0219i vor \u00eendrepta privirile c\u0103tre cele patru camere luminoase perfecte pentru a g\u0103zdui mici galerii de art\u0103, birouri sau saloane \u00eenc\u0103rcate de istorie. \u00cenc\u0103perile sunt deservite de dou\u0103 b\u0103i moderne, iar holul larg \u00eendeamn\u0103 la mersul mai departe spre scara spiralat\u0103 de lemn ce duce c\u0103tre etajul superior.<\/p>\n<p><h2 class=\"wp-block-heading\">Etajul \u0219i Mansarda cu Vederi de Vis<\/h2>\n<p>Etajul casei vine cu o compartimentare similar\u0103 parterului, oferind spa\u021biu generos pentru odihn\u0103 sau activit\u0103\u021bi de familie. Mansarda este un adev\u0103rat refugiu, acoperind o suprafa\u021b\u0103 de 43 mp \u0219i \u00eenso\u021bit\u0103 de o teras\u0103 din care se pot admira vederile panoramice ale zonei reziden\u021biale.<\/p>\n<p><h2 class=\"wp-block-heading\">Loca\u021bia \u2013 Un Vector al Confortului Metropolitan<\/h2>\n<p>Vila este amplasat\u0103 strategic \u00eentr-o loca\u021bie care nu necesit\u0103 introducere. La doar 200 de metri de Calea Victoriei \u0219i Bd. Lasc\u0103r Catargiu \u0219i la c\u00e2\u021biva pa\u0219i de Bd. Dacia, viitorii proprietari vor avea libertatea de a explora \u0219i de a beneficia de tot ceea ce ofer\u0103 inima cultural\u0103 \u0219i comercial\u0103 a Bucure\u0219tiului. Sta\u021bia de metrou Pia\u021ba Roman\u0103 se afl\u0103 la o plimbare de 5 minute, extinz\u00e2nd astfel accesibilitatea la \u00eentreg ora\u0219ul.<\/p>\n<p><h2 class=\"wp-block-heading\">Fini\u0219aje \u0219i Convenien\u021be<\/h2>\n<p>Renov\u0103rile efectuate promit finisaje de cea mai \u00eenalt\u0103 calitate, cresc\u00e2nd confortul \u0219i valoarea casei. Un loc de parcare \u00een curtea interioar\u0103 \u0219i posibilitatea de a parca \u00eenc\u0103 dou\u0103 ma\u0219ini \u00een fa\u021ba imobilului sunt doar c\u00e2teva dintre avantajele concrete.<\/p>\n<p>Aceast\u0103 vil\u0103 interbelic\u0103 este mai mult dec\u00e2t o cas\u0103; este o pagin\u0103 din istorie, un simbol al elegan\u021bei \u0219i un canvas pentru viitor. Este locul ideal pentru cei care \u00ee\u0219i doresc s\u0103 \u00eembine frumuse\u021bea arhitectural\u0103 a trecutului cu dinamismul vie\u021bii moderne, fie c\u0103 vorbim de convertirea ei \u00eentr-un birou de avocatur\u0103, un cabinet notarial, clinica sau pur \u0219i simplu \u00eentr-un c\u0103min familial.<\/p>\n<p>O vizit\u0103 la aceast\u0103 proprietate poate fi primul pas \u00een a deveni parte dintr-o poveste \u00een continu\u0103 scriere. Pe m\u0103sur\u0103 ce terasa se destinuie sub soarele apusului \u0219i bolta demisolului r\u0103sun\u0103 de ecouri ale pa\u0219ilor, acest loc v\u0103 a\u0219teapt\u0103 s\u0103-i scoate\u021bi la lumin\u0103 \u00eentregul poten\u021bial.<\/p>\n<p><a href=\"\/bucuresti\/imobiliare-163-22001270-vanzare-casa-10-camere-in-sector-1-zona-piata-romana\/\" class=\"pb-listing-action\">Stabileste o vizionare<\/a><\/p>\n<ul>\n<li><a href=\"\/bucuresti\/\">Imobiliare Bucure\u0219ti<\/a><\/li>\n<li><a href=\"\/bucuresti\/case-vanzare\/10-camere\/\">Case cu 10 camere de vanzare Bucure\u0219ti<\/a><\/li>\n<\/ul>\n\n<!-- ngfb content-buttons begin -->\n<!-- generated on 2026-04-30T22:12:10+00:00 -->\n<div class=\"ngfb-content-buttons\">\n<div class=\"ngfb-buttons en_US\">\n<!-- Email Button --><div class=\"css-button email-button\">\n  <a href=\"mailto:?subject=Share:%20Vil%C4%83%20interbelic%C4%83%20de%20v%C3%A2nzare%20%C3%AEn%20Doroban%C8%9Bi%2C%20renovat%C4%83%20%C8%99i%20cu%20poten%C8%9Bial%20comercial%20%26%238211%3B%20loca%C8%9Bie%20premium&body=Bucure%C8%99ti%20-%20De%20v%C3%A2nzare%20vil%C4%83%20interbelic%C4%83%20%C3%AEn%20Doroban%C8%9Bi%2C%20consolidat%C4%83%2C%20proces%20renovare%20activ%2C%20390%20mp%20utili.%20Configura%C8%9Bie%3A%20demisol%2C%20parter%2C%20etaj%2C%20mansard%C4%83%2C%20teras%C4%83.%20Spa%C8%9Bii%20generoase%2C%20calitate%20%C3%AEnalt%C4%83%20a%20finisajelor.%20Potrivit%C4%83%20pentru%20activit%C4%83%C8%9Bi%20profesionale%20%28birouri%2C%20clinic%C4%83%29.%20Parcare%20inclus%C4%83.%20Loca%C8%9Bie%20central%C4%83%2C%20aproape%20de%20metrou%20Piata%20Romana%20%C8%99i%20artere%20principale.%0D%0A%0D%0AShared%20from%20https:\/\/propertybook.ro\/blog\/vila-interbelica-de-vanzare-in-dorobanti-renovata-si-cu-potential-comercial-locatie-premium\/%0D%0A\">\n    <span class=\"ngfb-icon\">\n      <svg xmlns=\"http:\/\/www.w3.org\/2000\/svg\" width=\"9\" height=\"9\" viewBox=\"0 0 28 28\">\n        <path d=\"M20.11 26.147c-2.335 1.05-4.36 1.4-7.124 1.4C6.524 27.548.84 22.916.84 15.284.84 7.343 6.602.45 15.4.45c6.854 0 11.8 4.7 11.8 11.252 0 5.684-3.193 9.265-7.398 9.3-1.83 0-3.153-.934-3.347-2.997h-.077c-1.208 1.986-2.96 2.997-5.023 2.997-2.532 0-4.36-1.868-4.36-5.062 0-4.75 3.503-9.07 9.11-9.07 1.713 0 3.7.4 4.6.972l-1.17 7.203c-.387 2.298-.115 3.3 1 3.4 1.674 0 3.774-2.102 3.774-6.58 0-5.06-3.27-8.994-9.304-8.994C9.05 2.87 3.83 7.545 3.83 14.97c0 6.5 4.2 10.2 10 10.202 1.987 0 4.09-.43 5.647-1.245l.634 2.22zM16.647 10.1c-.31-.078-.7-.155-1.207-.155-2.572 0-4.596 2.53-4.596 5.53 0 1.5.7 2.4 1.9 2.4 1.44 0 2.96-1.83 3.31-4.088l.592-3.72z\" \/>\n      <\/svg>\n    <\/span>\n    <span class=\"ngfb-text\"><\/span>\n  <\/a>\n<\/div><\/div><!-- .ngfb-buttons.en_US -->\n<\/div><!-- .ngfb-content-buttons -->\n<!-- ngfb content-buttons end -->\n\n","protected":false},"excerpt":{"rendered":"<p>Bucure\u0219ti &#8211; De v\u00e2nzare vil\u0103 interbelic\u0103 \u00een Doroban\u021bi, consolidat\u0103, proces renovare activ, 390 mp utili. Configura\u021bie: demisol, parter, etaj, mansard\u0103, teras\u0103. Spa\u021bii generoase, calitate \u00eenalt\u0103 a finisajelor. Potrivit\u0103 pentru activit\u0103\u021bi profesionale (birouri, clinic\u0103). Parcare inclus\u0103. Loca\u021bie central\u0103, aproape de metrou Piata Romana \u0219i artere principale.<\/p>\n","protected":false},"author":8,"featured_media":2158,"comment_status":"open","ping_status":"open","sticky":false,"template":"","format":"standard","meta":{"footnotes":""},"categories":[49,53,47],"tags":[190,239,319,89,70,85],"class_list":["post-2159","post","type-post","status-publish","format-standard","has-post-thumbnail","hentry","category-oferte-imobiliare-bucuresti","category-case-de-vanzare-bucuresti","category-oferte","tag-10-camere","tag-3-balcoane","tag-an-const-1939","tag-bucuresti","tag-parchet","tag-termopane"],"_links":{"self":[{"href":"https:\/\/propertybook.ro\/blog\/wp-json\/wp\/v2\/posts\/2159","targetHints":{"allow":["GET"]}}],"collection":[{"href":"https:\/\/propertybook.ro\/blog\/wp-json\/wp\/v2\/posts"}],"about":[{"href":"https:\/\/propertybook.ro\/blog\/wp-json\/wp\/v2\/types\/post"}],"author":[{"embeddable":true,"href":"https:\/\/propertybook.ro\/blog\/wp-json\/wp\/v2\/users\/8"}],"replies":[{"embeddable":true,"href":"https:\/\/propertybook.ro\/blog\/wp-json\/wp\/v2\/comments?post=2159"}],"version-history":[{"count":0,"href":"https:\/\/propertybook.ro\/blog\/wp-json\/wp\/v2\/posts\/2159\/revisions"}],"wp:featuredmedia":[{"embeddable":true,"href":"https:\/\/propertybook.ro\/blog\/wp-json\/wp\/v2\/media\/2158"}],"wp:attachment":[{"href":"https:\/\/propertybook.ro\/blog\/wp-json\/wp\/v2\/media?parent=2159"}],"wp:term":[{"taxonomy":"category","embeddable":true,"href":"https:\/\/propertybook.ro\/blog\/wp-json\/wp\/v2\/categories?post=2159"},{"taxonomy":"post_tag","embeddable":true,"href":"https:\/\/propertybook.ro\/blog\/wp-json\/wp\/v2\/tags?post=2159"}],"curies":[{"name":"wp","href":"https:\/\/api.w.org\/{rel}","templated":true}]}}