{"id":2265,"date":"2024-08-13T19:44:51","date_gmt":"2024-08-13T16:44:51","guid":{"rendered":"https:\/\/propertybook.ro\/blog\/vila-interbelica-de-vanzare-inchiriere-in-zona-buzesti-ideala-pentru-locuinta-sau-afaceri-cu-incaperi-spatioase-si-curte-generoasa\/"},"modified":"2024-08-13T19:44:51","modified_gmt":"2024-08-13T16:44:51","slug":"vila-interbelica-de-vanzare-inchiriere-in-zona-buzesti-ideala-pentru-locuinta-sau-afaceri-cu-incaperi-spatioase-si-curte-generoasa","status":"publish","type":"post","link":"https:\/\/propertybook.ro\/blog\/vila-interbelica-de-vanzare-inchiriere-in-zona-buzesti-ideala-pentru-locuinta-sau-afaceri-cu-incaperi-spatioase-si-curte-generoasa\/","title":{"rendered":"Vil\u0103 interbelic\u0103 de v\u00e2nzare\/inchiriere \u00een zona Buzesti \u2013 Ideal\u0103 pentru locuin\u021b\u0103 sau afaceri, cu \u00eenc\u0103peri spa\u021bioase \u0219i curte generoas\u0103"},"content":{"rendered":"\n<!-- ngfb content-buttons begin -->\n<!-- generated on 2026-04-30T20:50:48+00:00 -->\n<div class=\"ngfb-content-buttons\">\n<div class=\"ngfb-buttons en_US\">\n<!-- Email Button --><div class=\"css-button email-button\">\n  <a href=\"mailto:?subject=Share:%20Vil%C4%83%20interbelic%C4%83%20de%20v%C3%A2nzare%2Finchiriere%20%C3%AEn%20zona%20Buzesti%20%E2%80%93%20Ideal%C4%83%20pentru%20locuin%C8%9B%C4%83%20sau%20afaceri%2C%20cu%20%C3%AEnc%C4%83peri%20spa%C8%9Bioase%20%C8%99i%20curte%20generoas%C4%83&body=Bucure%C8%99ti%20-%20De%20v%C3%A2nzare%2Finchiriere%20vil%C4%83%20interbelic%C4%83%20%C3%AEn%20zona%20Buzesti%2C%20156%20mp%20utili%2C%20ideal%C4%83%20pentru%20locuin%C8%9B%C4%83%20sau%20business.%20Compus%C4%83%20din%20subsol%20%2849.65%20mp%29%2C%20parter%20%2852.92%20mp%29%2C%20etaj%20%2853.57%20mp%29%2C%205%20camere%2C%202%20b%C4%83i%2C%20buc%C4%83t%C4%83rie%2C%20curte%20spa%C8%9Bioas%C4%83.%20Anterior%20func%C8%9Bionat%20ca%20restaurant%2C%20imobil%20inclus%20pe%20lista%20monumentelor%20istorice.%20Vizion%C4%83ri%20cu%20acord%20prealabil.%0D%0A%0D%0AShared%20from%20https:\/\/propertybook.ro\/blog\/vila-interbelica-de-vanzare-inchiriere-in-zona-buzesti-ideala-pentru-locuinta-sau-afaceri-cu-incaperi-spatioase-si-curte-generoasa\/%0D%0A\">\n    <span class=\"ngfb-icon\">\n      <svg xmlns=\"http:\/\/www.w3.org\/2000\/svg\" width=\"9\" height=\"9\" viewBox=\"0 0 28 28\">\n        <path d=\"M20.11 26.147c-2.335 1.05-4.36 1.4-7.124 1.4C6.524 27.548.84 22.916.84 15.284.84 7.343 6.602.45 15.4.45c6.854 0 11.8 4.7 11.8 11.252 0 5.684-3.193 9.265-7.398 9.3-1.83 0-3.153-.934-3.347-2.997h-.077c-1.208 1.986-2.96 2.997-5.023 2.997-2.532 0-4.36-1.868-4.36-5.062 0-4.75 3.503-9.07 9.11-9.07 1.713 0 3.7.4 4.6.972l-1.17 7.203c-.387 2.298-.115 3.3 1 3.4 1.674 0 3.774-2.102 3.774-6.58 0-5.06-3.27-8.994-9.304-8.994C9.05 2.87 3.83 7.545 3.83 14.97c0 6.5 4.2 10.2 10 10.202 1.987 0 4.09-.43 5.647-1.245l.634 2.22zM16.647 10.1c-.31-.078-.7-.155-1.207-.155-2.572 0-4.596 2.53-4.596 5.53 0 1.5.7 2.4 1.9 2.4 1.44 0 2.96-1.83 3.31-4.088l.592-3.72z\" \/>\n      <\/svg>\n    <\/span>\n    <span class=\"ngfb-text\"><\/span>\n  <\/a>\n<\/div><\/div><!-- .ngfb-buttons.en_US -->\n<\/div><!-- .ngfb-content-buttons -->\n<!-- ngfb content-buttons end -->\n\n\n<!-- ngfb schema image for pinterest pin it button -->\n<div class=\"ngfb-schema-image-for-pinterest\" style=\"display:none;\">\n<img loading=\"lazy\" decoding=\"async\" src=\"https:\/\/propertybook.ro\/blog\/wp-content\/uploads\/2024\/08\/22003764.webp\" width=\"0\" height=\"0\" style=\"width:0;height:0;\" data-pin-description=\"Bucure\u0219ti - De v&acirc;nzare\/inchiriere vil\u0103 interbelic\u0103 &icirc;n zona Buzesti, 156 mp utili, ideal\u0103 pentru locuin\u021b\u0103 sau business. Compus\u0103 din subsol (49.65 mp), parter (52.92 mp), etaj (53.57 mp), 5 camere, 2 b\u0103i, buc\u0103t\u0103rie, curte spa\u021bioas\u0103. Anterior func\u021bionat ca restaurant, imobil inclus pe lista...\" alt=\"\"\/>\n<\/div><!-- .ngfb-schema-image-for-pinterest -->\n\n<figure class=\"wp-block-image size-large\"><img decoding=\"async\" src=\"https:\/\/cdn.propertybook.ro\/svn_residentialist\/22003764.webp\" alt=\"\" \/><\/figure>\n<ul>\n<li><a href=\"\/bucuresti\/\">Imobiliare Bucure\u0219ti<\/a><\/li>\n<li><a href=\"\/bucuresti\/case-vanzare\/5-camere\/\">Case cu 5 camere de vanzare Bucure\u0219ti<\/a><\/li>\n<\/ul>\n<p><a href=\"\/bucuresti\/imobiliare-163-22003764-de-vanzare-casa-5-camere-in-sector-1-zona-calea-victoriei\/\" class=\"pb-listing-action\">Detaliile proprietatii<\/a><\/p>\n<p>Titlu: Descoperi\u021bi o Vil\u0103 Interbelic\u0103 cu Farmec Istoric \u00een Zona Buzesti \u2014 O Oportunitate Unic\u0103<\/p>\n<p>Con\u021binut:<\/p>\n<p>Pasiunea pentru istorie \u0219i arhitectura rafinat\u0103 poate fi cu adev\u0103rat \u00eemplinit\u0103 \u00een inima zonei Buzesti, unde o vil\u0103 interbelic\u0103 \u00ee\u0219i deschide por\u021bile pentru cei care caut\u0103 mai mult dec\u00e2t un simplu spa\u021biu de locuit sau de afaceri. Aceasta surprinde prin elegan\u021ba designului s\u0103u \u0219i prin amprenta cultural\u0103 pe care o ofer\u0103, devenind astfel backdrop-ul perfect pentru o reziden\u021b\u0103 de clas\u0103 sau un sediu de firm\u0103 cu stil.<\/p>\n<p>Cu o suprafa\u021b\u0103 generoas\u0103 de 156 mp utili, vila \u00eembin\u0103 confortul modern cu detaliile autentice, pentru a crea un ambient de neuitat. De la momentul \u00een care p\u0103\u0219i\u021bi pe proprietate, sim\u021bi\u021bi atractivitatea acelui &#8220;ceva&#8221; special pe care numai cl\u0103dirile cu istorie \u00eel pot emana.<\/p>\n<p>Compartimentarea imobilului este g\u00e2ndit\u0103 astfel \u00eenc\u00e2t s\u0103 maximizeze poten\u021bialul fiec\u0103rei zone: subsolul, cu o suprafa\u021b\u0103 util\u0103 de aproape 50 mp, ofer\u0103 un spa\u021biu intim disponibil pentru diverse utiliz\u0103ri; parterul, asemenea subsolului, se \u00eentinde pe aproximativ 53 mp, ideal pentru a g\u0103zdui at\u00e2t livingul, c\u00e2t \u0219i alte spa\u021bii de zi; etajul, tot de peste 50 mp, completeaz\u0103 experien\u021ba locativ\u0103 cu intimitatea zonei de noapte sau birourile pentru activit\u0103\u021bile profesionale.<\/p>\n<p>Vila se m\u00e2ndre\u0219te cu un total de 5 camere, dispuse armonios \u00eentre etaje, 2 grupuri sanitare perfect func\u021bionale, \u0219i o buc\u0103rie ce \u00eembin\u0103 atmosfera tradi\u021bional\u0103 cu facilit\u0103\u021bile moderne, f\u0103r\u0103 s\u0103 renun\u021be la farmecul interbelic. Spa\u021biul de la subsol adaug\u0103 un plus de valoare, oferind multiple posibilit\u0103\u021bi de amenajare \u0219i utilizare, \u00een func\u021bie de necesit\u0103\u021bile \u0219i gusturile viitorilor proprietari.<\/p>\n<p>Vila a g\u0103zduit \u00een trecut un restaurant cu renume, ceea ce subliniaz\u0103 flexibilitatea spa\u021biului \u00een adaptarea la diferite tipuri de afaceri. \u00cen ad\u0103ugire, curtea spatios\u0103 situat\u0103 \u00een spatele cl\u0103dirii ofer\u0103 o oaz\u0103 de lini\u0219te \u0219i un spa\u021biu poten\u021bial pentru diferite aranjamente exterioare.<\/p>\n<p>Un detaliu care nu poate fi omis este statutul imobilului de monument istoric. Aceasta clasificare nu doar c\u0103 valorific\u0103 vila din punct de vedere cultural \u0219i istoric, dar ofer\u0103 \u0219i o tr\u0103ire unic\u0103 celor care \u00ee\u0219i vor petrece timpul \u00eentre zidurile sale \u00eenc\u0103rcate de pove\u0219ti.<\/p>\n<p>Pentru cei interesa\u021bi s\u0103 descopere mai multe despre acest imobil plin de caracter, este important de \u0219tiut c\u0103 vizion\u0103rile se fac \u00een condi\u021bii care respect\u0103 reglement\u0103rile \u00een vigoare, asigur\u00e2nd astfel protejarea at\u00e2t a patrimoniului c\u00e2t \u0219i a intereselor viitorilor locatari sau proprietari.<\/p>\n<p>\u00cen concluzie, aceast\u0103 vil\u0103 interbelic\u0103 nu este doar o locuin\u021b\u0103 sau un spa\u021biu comercial, este o pies\u0103 de patrimoniu ce a\u0219teapt\u0103 s\u0103 fie revigorat\u0103 \u0219i apreciat\u0103 la adev\u0103rata sa valoare. O vizit\u0103 la fa\u021ba locului v\u0103 poate convinge c\u0103 istoria \u0219i modernitatea se pot \u00eembina armonios, oferindu-v\u0103 nu doar un acoperi\u0219, dar o poveste de tr\u0103it zi de zi.<\/p>\n<p><a href=\"\/bucuresti\/imobiliare-163-22003764-de-vanzare-casa-5-camere-in-sector-1-zona-calea-victoriei\/\" class=\"pb-listing-action\">Stabileste o vizionare<\/a><\/p>\n<ul>\n<li><a href=\"\/bucuresti\/\">Imobiliare Bucure\u0219ti<\/a><\/li>\n<li><a href=\"\/bucuresti\/case-vanzare\/5-camere\/\">Case cu 5 camere de vanzare Bucure\u0219ti<\/a><\/li>\n<\/ul>\n\n<!-- ngfb content-buttons begin -->\n<!-- generated on 2026-04-30T20:50:48+00:00 -->\n<div class=\"ngfb-content-buttons\">\n<div class=\"ngfb-buttons en_US\">\n<!-- Email Button --><div class=\"css-button email-button\">\n  <a href=\"mailto:?subject=Share:%20Vil%C4%83%20interbelic%C4%83%20de%20v%C3%A2nzare%2Finchiriere%20%C3%AEn%20zona%20Buzesti%20%E2%80%93%20Ideal%C4%83%20pentru%20locuin%C8%9B%C4%83%20sau%20afaceri%2C%20cu%20%C3%AEnc%C4%83peri%20spa%C8%9Bioase%20%C8%99i%20curte%20generoas%C4%83&body=Bucure%C8%99ti%20-%20De%20v%C3%A2nzare%2Finchiriere%20vil%C4%83%20interbelic%C4%83%20%C3%AEn%20zona%20Buzesti%2C%20156%20mp%20utili%2C%20ideal%C4%83%20pentru%20locuin%C8%9B%C4%83%20sau%20business.%20Compus%C4%83%20din%20subsol%20%2849.65%20mp%29%2C%20parter%20%2852.92%20mp%29%2C%20etaj%20%2853.57%20mp%29%2C%205%20camere%2C%202%20b%C4%83i%2C%20buc%C4%83t%C4%83rie%2C%20curte%20spa%C8%9Bioas%C4%83.%20Anterior%20func%C8%9Bionat%20ca%20restaurant%2C%20imobil%20inclus%20pe%20lista%20monumentelor%20istorice.%20Vizion%C4%83ri%20cu%20acord%20prealabil.%0D%0A%0D%0AShared%20from%20https:\/\/propertybook.ro\/blog\/vila-interbelica-de-vanzare-inchiriere-in-zona-buzesti-ideala-pentru-locuinta-sau-afaceri-cu-incaperi-spatioase-si-curte-generoasa\/%0D%0A\">\n    <span class=\"ngfb-icon\">\n      <svg xmlns=\"http:\/\/www.w3.org\/2000\/svg\" width=\"9\" height=\"9\" viewBox=\"0 0 28 28\">\n        <path d=\"M20.11 26.147c-2.335 1.05-4.36 1.4-7.124 1.4C6.524 27.548.84 22.916.84 15.284.84 7.343 6.602.45 15.4.45c6.854 0 11.8 4.7 11.8 11.252 0 5.684-3.193 9.265-7.398 9.3-1.83 0-3.153-.934-3.347-2.997h-.077c-1.208 1.986-2.96 2.997-5.023 2.997-2.532 0-4.36-1.868-4.36-5.062 0-4.75 3.503-9.07 9.11-9.07 1.713 0 3.7.4 4.6.972l-1.17 7.203c-.387 2.298-.115 3.3 1 3.4 1.674 0 3.774-2.102 3.774-6.58 0-5.06-3.27-8.994-9.304-8.994C9.05 2.87 3.83 7.545 3.83 14.97c0 6.5 4.2 10.2 10 10.202 1.987 0 4.09-.43 5.647-1.245l.634 2.22zM16.647 10.1c-.31-.078-.7-.155-1.207-.155-2.572 0-4.596 2.53-4.596 5.53 0 1.5.7 2.4 1.9 2.4 1.44 0 2.96-1.83 3.31-4.088l.592-3.72z\" \/>\n      <\/svg>\n    <\/span>\n    <span class=\"ngfb-text\"><\/span>\n  <\/a>\n<\/div><\/div><!-- .ngfb-buttons.en_US -->\n<\/div><!-- .ngfb-content-buttons -->\n<!-- ngfb content-buttons end -->\n\n","protected":false},"excerpt":{"rendered":"<p>Bucure\u0219ti &#8211; De v\u00e2nzare\/inchiriere vil\u0103 interbelic\u0103 \u00een zona Buzesti, 156 mp utili, ideal\u0103 pentru locuin\u021b\u0103 sau business. Compus\u0103 din subsol (49.65 mp), parter (52.92 mp), etaj (53.57 mp), 5 camere, 2 b\u0103i, buc\u0103t\u0103rie, curte spa\u021bioas\u0103. Anterior func\u021bionat ca restaurant, imobil inclus pe lista monumentelor istorice. Vizion\u0103ri cu acord prealabil.<\/p>\n","protected":false},"author":8,"featured_media":2264,"comment_status":"open","ping_status":"open","sticky":false,"template":"","format":"standard","meta":{"footnotes":""},"categories":[49,53,47],"tags":[142,327,89,70,85],"class_list":["post-2265","post","type-post","status-publish","format-standard","has-post-thumbnail","hentry","category-oferte-imobiliare-bucuresti","category-case-de-vanzare-bucuresti","category-oferte","tag-5-camere","tag-an-const-1903","tag-bucuresti","tag-parchet","tag-termopane"],"_links":{"self":[{"href":"https:\/\/propertybook.ro\/blog\/wp-json\/wp\/v2\/posts\/2265","targetHints":{"allow":["GET"]}}],"collection":[{"href":"https:\/\/propertybook.ro\/blog\/wp-json\/wp\/v2\/posts"}],"about":[{"href":"https:\/\/propertybook.ro\/blog\/wp-json\/wp\/v2\/types\/post"}],"author":[{"embeddable":true,"href":"https:\/\/propertybook.ro\/blog\/wp-json\/wp\/v2\/users\/8"}],"replies":[{"embeddable":true,"href":"https:\/\/propertybook.ro\/blog\/wp-json\/wp\/v2\/comments?post=2265"}],"version-history":[{"count":0,"href":"https:\/\/propertybook.ro\/blog\/wp-json\/wp\/v2\/posts\/2265\/revisions"}],"wp:featuredmedia":[{"embeddable":true,"href":"https:\/\/propertybook.ro\/blog\/wp-json\/wp\/v2\/media\/2264"}],"wp:attachment":[{"href":"https:\/\/propertybook.ro\/blog\/wp-json\/wp\/v2\/media?parent=2265"}],"wp:term":[{"taxonomy":"category","embeddable":true,"href":"https:\/\/propertybook.ro\/blog\/wp-json\/wp\/v2\/categories?post=2265"},{"taxonomy":"post_tag","embeddable":true,"href":"https:\/\/propertybook.ro\/blog\/wp-json\/wp\/v2\/tags?post=2265"}],"curies":[{"name":"wp","href":"https:\/\/api.w.org\/{rel}","templated":true}]}}