{"id":2517,"date":"2024-09-26T17:44:37","date_gmt":"2024-09-26T14:44:37","guid":{"rendered":"https:\/\/propertybook.ro\/blog\/inchiriere-vila-spatioasa-cu-gradina-in-sect-2-tei-eleganta-si-flexibilitate-pentru-comercial-sau-rezidential\/"},"modified":"2024-09-26T17:44:37","modified_gmt":"2024-09-26T14:44:37","slug":"inchiriere-vila-spatioasa-cu-gradina-in-sect-2-tei-eleganta-si-flexibilitate-pentru-comercial-sau-rezidential","status":"publish","type":"post","link":"https:\/\/propertybook.ro\/blog\/inchiriere-vila-spatioasa-cu-gradina-in-sect-2-tei-eleganta-si-flexibilitate-pentru-comercial-sau-rezidential\/","title":{"rendered":"Inchiriere Vila Spatioasa cu Gradina in Sect. 2 Tei &#8211; Eleganta si Flexibilitate pentru Comercial sau Rezidential"},"content":{"rendered":"\n<!-- ngfb content-buttons begin -->\n<!-- generated on 2026-04-29T03:34:08+00:00 -->\n<div class=\"ngfb-content-buttons\">\n<div class=\"ngfb-buttons en_US\">\n<!-- Email Button --><div class=\"css-button email-button\">\n  <a href=\"mailto:?subject=Share:%20Inchiriere%20Vila%20Spatioasa%20cu%20Gradina%20in%20Sect.%202%20Tei%20%26%238211%3B%20Eleganta%20si%20Flexibilitate%20pentru%20Comercial%20sau%20Rezidential&body=Bucure%C8%99ti%2C%20Tei%20-%20De%20%C3%AEnchiriat%2C%20vil%C4%83%20generoas%C4%83%20%C3%AEn%20cartierul%20Tei%2C%20Sectorul%202%20al%20Capitalei%2C%20pe%20un%20teren%20de%20900%20mp%2C%20cu%20dou%C4%83%20corpuri%20distincte%20de%20c%C3%A2te%20230%20mp%20%C8%99i%20220%20mp%20utili.%20Ideal%C4%83%20pentru%20diverse%20destina%C8%9Bii%3A%20comercial%2C%20birouri%2C%20gr%C4%83dini%C8%9B%C4%83%20sau%20locuin%C8%9B%C4%83%2C%20aceast%C4%83%20proprietate%20ofer%C4%83%20finisaje%20elegante%2C%20structur%C4%83%20flexibil%C4%83%2C%20lumin%C4%83%20natural%C4%83%20abundent%C4%83%20%C8%99i%20acces%20u%C8%99or%20la%20metrou.%20Pre%C8%9B%3A%205.000%20Euro%2Flun%C4%83%20pentru%20contracte%20pe%20termen%20lung%20%28peste%205%20ani%29.%0D%0A%0D%0AShared%20from%20https:\/\/propertybook.ro\/blog\/inchiriere-vila-spatioasa-cu-gradina-in-sect-2-tei-eleganta-si-flexibilitate-pentru-comercial-sau-rezidential\/%0D%0A\">\n    <span class=\"ngfb-icon\">\n      <svg xmlns=\"http:\/\/www.w3.org\/2000\/svg\" width=\"9\" height=\"9\" viewBox=\"0 0 28 28\">\n        <path d=\"M20.11 26.147c-2.335 1.05-4.36 1.4-7.124 1.4C6.524 27.548.84 22.916.84 15.284.84 7.343 6.602.45 15.4.45c6.854 0 11.8 4.7 11.8 11.252 0 5.684-3.193 9.265-7.398 9.3-1.83 0-3.153-.934-3.347-2.997h-.077c-1.208 1.986-2.96 2.997-5.023 2.997-2.532 0-4.36-1.868-4.36-5.062 0-4.75 3.503-9.07 9.11-9.07 1.713 0 3.7.4 4.6.972l-1.17 7.203c-.387 2.298-.115 3.3 1 3.4 1.674 0 3.774-2.102 3.774-6.58 0-5.06-3.27-8.994-9.304-8.994C9.05 2.87 3.83 7.545 3.83 14.97c0 6.5 4.2 10.2 10 10.202 1.987 0 4.09-.43 5.647-1.245l.634 2.22zM16.647 10.1c-.31-.078-.7-.155-1.207-.155-2.572 0-4.596 2.53-4.596 5.53 0 1.5.7 2.4 1.9 2.4 1.44 0 2.96-1.83 3.31-4.088l.592-3.72z\" \/>\n      <\/svg>\n    <\/span>\n    <span class=\"ngfb-text\"><\/span>\n  <\/a>\n<\/div><\/div><!-- .ngfb-buttons.en_US -->\n<\/div><!-- .ngfb-content-buttons -->\n<!-- ngfb content-buttons end -->\n\n\n<!-- ngfb schema image for pinterest pin it button -->\n<div class=\"ngfb-schema-image-for-pinterest\" style=\"display:none;\">\n<img loading=\"lazy\" decoding=\"async\" src=\"https:\/\/propertybook.ro\/blog\/wp-content\/uploads\/2024\/09\/22002448.webp\" width=\"0\" height=\"0\" style=\"width:0;height:0;\" data-pin-description=\"Bucure\u0219ti, Tei - De &icirc;nchiriat, vil\u0103 generoas\u0103 &icirc;n cartierul Tei, Sectorul 2 al Capitalei, pe un teren de 900 mp, cu dou\u0103 corpuri distincte de c&acirc;te 230 mp \u0219i 220 mp utili. Ideal\u0103 pentru diverse destina\u021bii: comercial, birouri, gr\u0103dini\u021b\u0103 sau locuin\u021b\u0103, aceast\u0103 proprietate ofer\u0103 finisaje elegante...\" alt=\"\"\/>\n<\/div><!-- .ngfb-schema-image-for-pinterest -->\n\n<figure class=\"wp-block-image size-large\"><img decoding=\"async\" src=\"https:\/\/cdn.propertybook.ro\/svn_residentialist\/22002448.webp\" alt=\"\" \/><\/figure>\n<ul>\n<li><a href=\"\/bucuresti\/\">Imobiliare Bucure\u0219ti<\/a><\/li>\n<li><a href=\"\/bucuresti\/case-vanzare\/\">Case de vanzare Bucure\u0219ti<\/a><\/li>\n<li><a href=\"\/bucuresti\/case-vanzare\/14-camere\/\">Case cu 14 camere de vanzare Bucure\u0219ti<\/a><\/li>\n<li><a href=\"\/bucuresti\/case-vanzare\/tei\/14-camere\/\">Case cu 14 camere de vanzare Tei, Bucure\u0219ti<\/a><\/li>\n<\/ul>\n<p><a href=\"\/bucuresti\/imobiliare-163-22002448-se-vinde-casa-14-camere-in-sector-2-zona-tei\/\" class=\"pb-listing-action\">Detaliile proprietatii<\/a><\/p>\n<p>&#8212;<\/p>\n<p>Titlu: Descoper\u0103 Oaz\u0103 de Lini\u0219te \u0219i Confort \u00een Inima Cartierului Tei<\/p>\n<p>Visa\u021bi la un refugiu urban \u00eencheiat \u00een frumuse\u021bea \u0219i c\u0103ldura unui spa\u021biu numit &#8220;acas\u0103&#8221;? Permite\u021bi-mi s\u0103 v\u0103 ghidez printre lini\u0219tea \u0219i elegan\u021ba unei propriet\u0103\u021bi care v\u0103 a\u0219teapt\u0103 s\u0103 crea\u021bi amintiri de neuitat.<\/p>\n<p>Imagina\u021bi-v\u0103 o proprietate generoas\u0103 care \u00eembr\u0103\u021bi\u0219eaz\u0103 soarele, de la r\u0103s\u0103rit p\u00e2n\u0103 la apus, a\u0219ezat\u0103 \u00een decorul verde \u0219i lini\u0219tit al cartierului Tei din Sectorul 2 al Bucure\u0219tiului. Aceast\u0103 cas\u0103 deosebit\u0103 este construit\u0103 din dou\u0103 corpuri separate, fiecare cuima sa, contur\u00e2nd o curte interioar\u0103 generoas\u0103 de 900 mp care a\u0219teapt\u0103 s\u0103 fie modelat\u0103 dup\u0103 visele \u0219i dorin\u021bele dumneavoastr\u0103.<\/p>\n<p>Fiecare corp de cl\u0103dire ofer\u0103 un spa\u021biu util impresionant: primul se \u00eentinde pe 230 mp, \u00een timp ce al doilea v\u0103 surprinde cu 220 mp. Fiecare detaliu al acestei construc\u021bii emana elegan\u021b\u0103 \u0219i bun gust. Cu o structur\u0103 clasic\u0103, are versatilitatea \u0219i adaptabilitatea necesare pentru alte compartiment\u0103ri sau pentru a fi rearanjat\u0103 conform preferin\u021belor personale.<\/p>\n<p>O retragere c\u0103tre lini\u0219tea adev\u0103rat\u0103, aceast\u0103 vil\u0103 \u00eembr\u0103\u021bi\u0219eaz\u0103 natura \u0219i o integreaz\u0103 armonios \u00een vie\u021bile locuitorilor s\u0103i. Gr\u0103dina se deschide ca o floare, invadat\u0103 de lumina soarelui \u0219i cre\u00e2nd cadrele perfecte pentru serile \u00een familie sau \u00eent\u00e2lnirile cu prietenii.<\/p>\n<p>Nuan\u021bele interioarelor rafinate sunt completate de atmosfera de acas\u0103 care v\u0103 \u00eemb\u0103tu\u0219eaz\u0103 \u00een confort \u0219i lini\u0219te, cultiv\u00e2nd o stare de bucurie \u0219i optimism. Acest col\u021b de rai urban este ideal nu doar pentru o familie care \u00ee\u0219i caut\u0103 un c\u0103min, ci \u0219i pentru activit\u0103\u021bi precum birouri, gr\u0103dini\u021be sau alte proiecte comerciale.<\/p>\n<p>At\u00e2t priveli\u0219tea calm\u0103, c\u00e2t \u0219i accesul facil la re\u021beaua de metrou sporesc valoarea acestei propriet\u0103\u021bi. Este deopotriv\u0103 un sanctuar privat \u0219i un punct de referin\u021b\u0103 u\u0219or accesibil, combin\u00e2nd cu gra\u021bie nevoia de intimitate cu agilitatea vie\u021bii urbane.<\/p>\n<p>Cu posibilitatea de \u00eenchiriere pe o perioad\u0103 mai mare de 5 ani \u0219i cu un pre\u021b care reflect\u0103 valoarea \u0219i poten\u021bialul s\u0103u, v\u0103 invit\u0103m s\u0103 descoperi\u021bi acest trandafir imobiliar care se deschide spre noi orizonturi \u0219i s\u0103 \u00eei lasa\u021bi petalele s\u0103 v\u0103 \u00eenconjoare cu splendoare \u0219i elegan\u021b\u0103.<\/p>\n<p>Dac\u0103 sunte\u021bi preg\u0103ti\u021bi s\u0103 pasi\u021bi \u00eentr-o lume unde fiecare zi acas\u0103 se transform\u0103 \u00eentr-o poveste, este timpul s\u0103 vizita\u021bi aceast\u0103 cas\u0103 din cartierul Tei \u0219i s\u0103 v\u0103 lasa\u021bi \u00eembr\u0103\u021bi\u0219a\u021bi de frumuse\u021bea \u0219i confortul s\u0103u unic.<\/p>\n<p>&#8212;<\/p>\n<p>Acest blog post a fost g\u00e2ndit s\u0103 \u00eencurajeze imagina\u021bia viitorilor locatari \u0219i s\u0103 ofere o imagine vibrant\u0103 \u0219i emo\u021bional\u0103 a propriet\u0103\u021bii, \u00eendemn\u00e2ndu-i s\u0103 descopere mai multe despre acest c\u0103min de vis.<\/p>\n<p><a href=\"\/bucuresti\/imobiliare-163-22002448-se-vinde-casa-14-camere-in-sector-2-zona-tei\/\" class=\"pb-listing-action\">Stabileste o vizionare<\/a><\/p>\n<ul>\n<li><a href=\"\/bucuresti\/\">Imobiliare Bucure\u0219ti<\/a><\/li>\n<li><a href=\"\/bucuresti\/case-vanzare\/\">Case de vanzare Bucure\u0219ti<\/a><\/li>\n<li><a href=\"\/bucuresti\/case-vanzare\/14-camere\/\">Case cu 14 camere de vanzare Bucure\u0219ti<\/a><\/li>\n<li><a href=\"\/bucuresti\/case-vanzare\/tei\/14-camere\/\">Case cu 14 camere de vanzare Tei, Bucure\u0219ti<\/a><\/li>\n<\/ul>\n\n<!-- ngfb content-buttons begin -->\n<!-- generated on 2026-04-29T03:34:08+00:00 -->\n<div class=\"ngfb-content-buttons\">\n<div class=\"ngfb-buttons en_US\">\n<!-- Email Button --><div class=\"css-button email-button\">\n  <a href=\"mailto:?subject=Share:%20Inchiriere%20Vila%20Spatioasa%20cu%20Gradina%20in%20Sect.%202%20Tei%20%26%238211%3B%20Eleganta%20si%20Flexibilitate%20pentru%20Comercial%20sau%20Rezidential&body=Bucure%C8%99ti%2C%20Tei%20-%20De%20%C3%AEnchiriat%2C%20vil%C4%83%20generoas%C4%83%20%C3%AEn%20cartierul%20Tei%2C%20Sectorul%202%20al%20Capitalei%2C%20pe%20un%20teren%20de%20900%20mp%2C%20cu%20dou%C4%83%20corpuri%20distincte%20de%20c%C3%A2te%20230%20mp%20%C8%99i%20220%20mp%20utili.%20Ideal%C4%83%20pentru%20diverse%20destina%C8%9Bii%3A%20comercial%2C%20birouri%2C%20gr%C4%83dini%C8%9B%C4%83%20sau%20locuin%C8%9B%C4%83%2C%20aceast%C4%83%20proprietate%20ofer%C4%83%20finisaje%20elegante%2C%20structur%C4%83%20flexibil%C4%83%2C%20lumin%C4%83%20natural%C4%83%20abundent%C4%83%20%C8%99i%20acces%20u%C8%99or%20la%20metrou.%20Pre%C8%9B%3A%205.000%20Euro%2Flun%C4%83%20pentru%20contracte%20pe%20termen%20lung%20%28peste%205%20ani%29.%0D%0A%0D%0AShared%20from%20https:\/\/propertybook.ro\/blog\/inchiriere-vila-spatioasa-cu-gradina-in-sect-2-tei-eleganta-si-flexibilitate-pentru-comercial-sau-rezidential\/%0D%0A\">\n    <span class=\"ngfb-icon\">\n      <svg xmlns=\"http:\/\/www.w3.org\/2000\/svg\" width=\"9\" height=\"9\" viewBox=\"0 0 28 28\">\n        <path d=\"M20.11 26.147c-2.335 1.05-4.36 1.4-7.124 1.4C6.524 27.548.84 22.916.84 15.284.84 7.343 6.602.45 15.4.45c6.854 0 11.8 4.7 11.8 11.252 0 5.684-3.193 9.265-7.398 9.3-1.83 0-3.153-.934-3.347-2.997h-.077c-1.208 1.986-2.96 2.997-5.023 2.997-2.532 0-4.36-1.868-4.36-5.062 0-4.75 3.503-9.07 9.11-9.07 1.713 0 3.7.4 4.6.972l-1.17 7.203c-.387 2.298-.115 3.3 1 3.4 1.674 0 3.774-2.102 3.774-6.58 0-5.06-3.27-8.994-9.304-8.994C9.05 2.87 3.83 7.545 3.83 14.97c0 6.5 4.2 10.2 10 10.202 1.987 0 4.09-.43 5.647-1.245l.634 2.22zM16.647 10.1c-.31-.078-.7-.155-1.207-.155-2.572 0-4.596 2.53-4.596 5.53 0 1.5.7 2.4 1.9 2.4 1.44 0 2.96-1.83 3.31-4.088l.592-3.72z\" \/>\n      <\/svg>\n    <\/span>\n    <span class=\"ngfb-text\"><\/span>\n  <\/a>\n<\/div><\/div><!-- .ngfb-buttons.en_US -->\n<\/div><!-- .ngfb-content-buttons -->\n<!-- ngfb content-buttons end -->\n\n","protected":false},"excerpt":{"rendered":"<p>Bucure\u0219ti, Tei &#8211; De \u00eenchiriat, vil\u0103 generoas\u0103 \u00een cartierul Tei, Sectorul 2 al Capitalei, pe un teren de 900 mp, cu dou\u0103 corpuri distincte de c\u00e2te 230 mp \u0219i 220 mp utili. Ideal\u0103 pentru diverse destina\u021bii: comercial, birouri, gr\u0103dini\u021b\u0103 sau locuin\u021b\u0103, aceast\u0103 proprietate ofer\u0103 finisaje elegante, structur\u0103 flexibil\u0103, lumin\u0103 natural\u0103 abundent\u0103 \u0219i acces u\u0219or la metrou. Pre\u021b: 5.000 Euro\/lun\u0103 pentru contracte pe termen lung (peste 5 ani).<\/p>\n","protected":false},"author":8,"featured_media":2516,"comment_status":"open","ping_status":"open","sticky":false,"template":"","format":"standard","meta":{"footnotes":""},"categories":[49,53,47],"tags":[270,193,111,89,70,85],"class_list":["post-2517","post","type-post","status-publish","format-standard","has-post-thumbnail","hentry","category-oferte-imobiliare-bucuresti","category-case-de-vanzare-bucuresti","category-oferte","tag-14-camere","tag-4-balcoane","tag-an-const-2016","tag-bucuresti","tag-parchet","tag-termopane"],"_links":{"self":[{"href":"https:\/\/propertybook.ro\/blog\/wp-json\/wp\/v2\/posts\/2517","targetHints":{"allow":["GET"]}}],"collection":[{"href":"https:\/\/propertybook.ro\/blog\/wp-json\/wp\/v2\/posts"}],"about":[{"href":"https:\/\/propertybook.ro\/blog\/wp-json\/wp\/v2\/types\/post"}],"author":[{"embeddable":true,"href":"https:\/\/propertybook.ro\/blog\/wp-json\/wp\/v2\/users\/8"}],"replies":[{"embeddable":true,"href":"https:\/\/propertybook.ro\/blog\/wp-json\/wp\/v2\/comments?post=2517"}],"version-history":[{"count":0,"href":"https:\/\/propertybook.ro\/blog\/wp-json\/wp\/v2\/posts\/2517\/revisions"}],"wp:featuredmedia":[{"embeddable":true,"href":"https:\/\/propertybook.ro\/blog\/wp-json\/wp\/v2\/media\/2516"}],"wp:attachment":[{"href":"https:\/\/propertybook.ro\/blog\/wp-json\/wp\/v2\/media?parent=2517"}],"wp:term":[{"taxonomy":"category","embeddable":true,"href":"https:\/\/propertybook.ro\/blog\/wp-json\/wp\/v2\/categories?post=2517"},{"taxonomy":"post_tag","embeddable":true,"href":"https:\/\/propertybook.ro\/blog\/wp-json\/wp\/v2\/tags?post=2517"}],"curies":[{"name":"wp","href":"https:\/\/api.w.org\/{rel}","templated":true}]}}