{"id":2525,"date":"2024-09-27T11:44:49","date_gmt":"2024-09-27T08:44:49","guid":{"rendered":"https:\/\/propertybook.ro\/blog\/vila-interbelica-renovata-stil-minimalist-industrial-in-zona-parcul-carol-exclusivitate-design-si-confort\/"},"modified":"2024-09-27T11:44:49","modified_gmt":"2024-09-27T08:44:49","slug":"vila-interbelica-renovata-stil-minimalist-industrial-in-zona-parcul-carol-exclusivitate-design-si-confort","status":"publish","type":"post","link":"https:\/\/propertybook.ro\/blog\/vila-interbelica-renovata-stil-minimalist-industrial-in-zona-parcul-carol-exclusivitate-design-si-confort\/","title":{"rendered":"Vil\u0103 Interbelic\u0103 Renovat\u0103 Stil Minimalist-Industrial \u00een Zona Parcul Carol \u2013 Exclusivitate, Design \u0219i Confort"},"content":{"rendered":"\n<!-- ngfb content-buttons begin -->\n<!-- generated on 2026-04-30T18:00:47+00:00 -->\n<div class=\"ngfb-content-buttons\">\n<div class=\"ngfb-buttons en_US\">\n<!-- Email Button --><div class=\"css-button email-button\">\n  <a href=\"mailto:?subject=Share:%20Vil%C4%83%20Interbelic%C4%83%20Renovat%C4%83%20Stil%20Minimalist-Industrial%20%C3%AEn%20Zona%20Parcul%20Carol%20%E2%80%93%20Exclusivitate%2C%20Design%20%C8%99i%20Confort&body=Bucure%C8%99ti%2C%20Centrul%20Civic%20-%20De%20v%C3%A2nzare%3A%20vil%C4%83%20interbelic%C4%83%20renovat%C4%83%20%C3%AEn%20stil%20minimalist-industrial%2C%20situat%C4%83%20central%20l%C3%A2ng%C4%83%20Parcul%20Carol%2C%20Bucure%C8%99ti.%20Interioare%20premium%20cu%20finisaje%20de%20marmur%C4%83%2C%20fier%20%C8%99i%20lemn%2C%20p%C4%83str%C3%A2nd%20elementele%20originale.%20Ofer%C4%83%20120%20mp%20utili%2C%204%20birouri%2C%20sal%C4%83%20de%20conferin%C8%9Be%2C%20buc%C4%83tarie%2C%202%20b%C4%83i%2C%20subsol.%20Complet%20mobilat%C4%83%20%C8%99i%20utilat%C4%83.%20Ideal%C4%83%20pentru%20sediu%20de%20firm%C4%83%2C%20f%C4%83r%C4%83%20risc%20seismic.%0D%0A%0D%0AShared%20from%20https:\/\/propertybook.ro\/blog\/vila-interbelica-renovata-stil-minimalist-industrial-in-zona-parcul-carol-exclusivitate-design-si-confort\/%0D%0A\">\n    <span class=\"ngfb-icon\">\n      <svg xmlns=\"http:\/\/www.w3.org\/2000\/svg\" width=\"9\" height=\"9\" viewBox=\"0 0 28 28\">\n        <path d=\"M20.11 26.147c-2.335 1.05-4.36 1.4-7.124 1.4C6.524 27.548.84 22.916.84 15.284.84 7.343 6.602.45 15.4.45c6.854 0 11.8 4.7 11.8 11.252 0 5.684-3.193 9.265-7.398 9.3-1.83 0-3.153-.934-3.347-2.997h-.077c-1.208 1.986-2.96 2.997-5.023 2.997-2.532 0-4.36-1.868-4.36-5.062 0-4.75 3.503-9.07 9.11-9.07 1.713 0 3.7.4 4.6.972l-1.17 7.203c-.387 2.298-.115 3.3 1 3.4 1.674 0 3.774-2.102 3.774-6.58 0-5.06-3.27-8.994-9.304-8.994C9.05 2.87 3.83 7.545 3.83 14.97c0 6.5 4.2 10.2 10 10.202 1.987 0 4.09-.43 5.647-1.245l.634 2.22zM16.647 10.1c-.31-.078-.7-.155-1.207-.155-2.572 0-4.596 2.53-4.596 5.53 0 1.5.7 2.4 1.9 2.4 1.44 0 2.96-1.83 3.31-4.088l.592-3.72z\" \/>\n      <\/svg>\n    <\/span>\n    <span class=\"ngfb-text\"><\/span>\n  <\/a>\n<\/div><\/div><!-- .ngfb-buttons.en_US -->\n<\/div><!-- .ngfb-content-buttons -->\n<!-- ngfb content-buttons end -->\n\n\n<!-- ngfb schema image for pinterest pin it button -->\n<div class=\"ngfb-schema-image-for-pinterest\" style=\"display:none;\">\n<img loading=\"lazy\" decoding=\"async\" src=\"https:\/\/propertybook.ro\/blog\/wp-content\/uploads\/2024\/09\/22003912.webp\" width=\"0\" height=\"0\" style=\"width:0;height:0;\" data-pin-description=\"Bucure\u0219ti, Centrul Civic - De v&acirc;nzare: vil\u0103 interbelic\u0103 renovat\u0103 &icirc;n stil minimalist-industrial, situat\u0103 central l&acirc;ng\u0103 Parcul Carol, Bucure\u0219ti. Interioare premium cu finisaje de marmur\u0103, fier \u0219i lemn, p\u0103str&acirc;nd elementele originale. Ofer\u0103 120 mp utili, 4 birouri, sal\u0103 de conferin\u021be, buc\u0103tarie, 2...\" alt=\"\"\/>\n<\/div><!-- .ngfb-schema-image-for-pinterest -->\n\n<figure class=\"wp-block-image size-large\"><img decoding=\"async\" src=\"https:\/\/cdn.propertybook.ro\/svn_residentialist\/22003912.webp\" alt=\"\" \/><\/figure>\n<ul>\n<li><a href=\"\/bucuresti\/\">Imobiliare Bucure\u0219ti<\/a><\/li>\n<li><a href=\"\/bucuresti\/case-vanzare\/\">Case de vanzare Bucure\u0219ti<\/a><\/li>\n<li><a href=\"\/bucuresti\/case-vanzare\/4-camere\/\">Case cu 4 camere de vanzare Bucure\u0219ti<\/a><\/li>\n<li><a href=\"\/bucuresti\/case-vanzare\/centrul_civic\/4-camere\/\">Case cu 4 camere de vanzare Centrul Civic, Bucure\u0219ti<\/a><\/li>\n<\/ul>\n<p><a href=\"\/bucuresti\/imobiliare-163-22003912-se-vinde-casa-4-camere-in-sector-4-zona-parcul-carol\/\" class=\"pb-listing-action\">Detaliile proprietatii<\/a><\/p>\n<p>Titlul: Descoperi\u021bi Combina\u021bia Perfect\u0103 de Patrimoniu \u0219i Modern \u00een Inima Bucure\u0219tiului<\/p>\n<p>Textul blogului:<\/p>\n<p>Pasind pe str\u0103zile pline de istorie ale Bucure\u0219tiului, unde arhitectura interbelic\u0103 \u00eembr\u0103\u021bi\u0219eaz\u0103 ritmul vibrant al vie\u021bii urbane moderne, exist\u0103 o proprietate ce se distinge prin elegan\u021b\u0103 \u0219i rafinament &#8211; o vil\u0103 interbelic\u0103 splendid renovat\u0103 situat\u0103 \u00een zona pitoreasc\u0103 a Parcului Carol.<\/p>\n<p>Aceast\u0103 perla arhitectural\u0103, o adevarat\u0103 capodoper\u0103 a rena\u0219terii urbanistice, a fost complet reconfigurat\u0103 \u00een anii 2021-2022, fapt ce \u00ee\u021bi ofer\u0103 o oportunitate exclusiv\u0103 de a de\u021bine un fragment de istorie f\u0103r\u0103 a renun\u021ba la luxul \u0219i confortul contemporan.<\/p>\n<p>P\u0103str\u00e2nd efigia \u0219i grandoarea originale a periodicii interbelice, vila se remarc\u0103 printr-un interior \u00een stil minimalist-industrial cu accente de lux. Designul interior, creat cu o aten\u021bie deosebit\u0103 pentru detalii, pune \u00een valoare elemente naturale precum marmura, fierul, sticla \u0219i lemnul masiv, toate reprezent\u00e2nd o declara\u021bie neechivoc\u0103 de stil \u0219i calitate.<\/p>\n<p>Tavanul \u00eenalt de 3.60 m \u0219i geamurile generoase, semn\u0103tur\u0103 a vilelor din acea epoc\u0103, sunt acum \u00eenso\u021bite de un decor modern care convinge \u0219i cel mai exigent vizitator. Delicatesele designului se extind \u00een cele 4 birouri spa\u021bioase, sala de conferin\u021be deschis\u0103, buc\u0103t\u0103rie elegant\u0103, 2 b\u0103i \u0219i un subsol versatil.<\/p>\n<p>Dedicat\u0103 at\u00e2t vie\u021bii de familie c\u00e2t \u0219i utiliz\u0103rii ca spa\u021biu profesional exclusivist, aceast\u0103 proprietate se bucur\u0103 de un amestec unic de func\u021bionalitate \u0219i estetic\u0103. Echipat\u0103 cu piese de mobilier \u0219i accesorii de la cele mai \u00eenalte standarde, vila propune o experien\u021b\u0103 complet\u0103, gata de habita\u021bie sau de utilizare imediat\u0103 pentru afaceri.<\/p>\n<p>Detaliile distinse includ blaturi elegante din marmur\u0103, semineu central, acces securizat \u0219i tehnologie modern\u0103, cu televizoare QLED de la Samsung \u0219i electrocasnice premium, toate incorpor\u00e2nd estetica avantgardist\u0103 \u0219i func\u021bionalitatea de necontestat.<\/p>\n<p>Nu doar interiorul impresioneaz\u0103; amplasat\u0103 strategic \u00eentr-una dintre cele mai c\u0103utate zone reziden\u021biale ale capitalei, vila ofer\u0103 un acces imediat la principalele atrac\u021bii, la gastronomia diversificat\u0103 \u0219i la cultura eclectic\u0103 a Bucure\u0219tiului.<\/p>\n<p>Dac\u0103 sunte\u021bi \u00een c\u0103utarea unei case sau a unui sediu de firm\u0103 ce eman\u0103 rafinament \u0219i reputa\u021bie, aceast\u0103 proprietate este o selec\u021bie rar\u0103 pe pia\u021ba imobiliar\u0103. Cu o armonie perfect\u0103 \u00eentre trecut \u0219i prezent, fiecare col\u021b al acestei vile interbelice este o invita\u021bie de a tr\u0103i cu adev\u0103rat \u00een inima istoriei Bucure\u0219tiului.<\/p>\n<p>O astfel de ocazie nu este doar o achizi\u021bie imobiliara, este o investi\u021bie \u00eentr-o pies\u0103 de istorie ce va continua s\u0103 capteze aten\u021bia \u0219i s\u0103 \u00eenc\u00e2nte genera\u021biile viitoare. Pentru mai multe detalii sau pentru a programa o vizionare, contacta\u021bi un agent imobiliar de \u00eencredere. Aceast\u0103 proprietate de excep\u021bie a\u0219teapt\u0103 s\u0103 primeasc\u0103 un nou capitol \u00een povestea sa bogat\u0103.<\/p>\n<p><a href=\"\/bucuresti\/imobiliare-163-22003912-se-vinde-casa-4-camere-in-sector-4-zona-parcul-carol\/\" class=\"pb-listing-action\">Stabileste o vizionare<\/a><\/p>\n<ul>\n<li><a href=\"\/bucuresti\/\">Imobiliare Bucure\u0219ti<\/a><\/li>\n<li><a href=\"\/bucuresti\/case-vanzare\/\">Case de vanzare Bucure\u0219ti<\/a><\/li>\n<li><a href=\"\/bucuresti\/case-vanzare\/4-camere\/\">Case cu 4 camere de vanzare Bucure\u0219ti<\/a><\/li>\n<li><a href=\"\/bucuresti\/case-vanzare\/centrul_civic\/4-camere\/\">Case cu 4 camere de vanzare Centrul Civic, Bucure\u0219ti<\/a><\/li>\n<\/ul>\n\n<!-- ngfb content-buttons begin -->\n<!-- generated on 2026-04-30T18:00:47+00:00 -->\n<div class=\"ngfb-content-buttons\">\n<div class=\"ngfb-buttons en_US\">\n<!-- Email Button --><div class=\"css-button email-button\">\n  <a href=\"mailto:?subject=Share:%20Vil%C4%83%20Interbelic%C4%83%20Renovat%C4%83%20Stil%20Minimalist-Industrial%20%C3%AEn%20Zona%20Parcul%20Carol%20%E2%80%93%20Exclusivitate%2C%20Design%20%C8%99i%20Confort&body=Bucure%C8%99ti%2C%20Centrul%20Civic%20-%20De%20v%C3%A2nzare%3A%20vil%C4%83%20interbelic%C4%83%20renovat%C4%83%20%C3%AEn%20stil%20minimalist-industrial%2C%20situat%C4%83%20central%20l%C3%A2ng%C4%83%20Parcul%20Carol%2C%20Bucure%C8%99ti.%20Interioare%20premium%20cu%20finisaje%20de%20marmur%C4%83%2C%20fier%20%C8%99i%20lemn%2C%20p%C4%83str%C3%A2nd%20elementele%20originale.%20Ofer%C4%83%20120%20mp%20utili%2C%204%20birouri%2C%20sal%C4%83%20de%20conferin%C8%9Be%2C%20buc%C4%83tarie%2C%202%20b%C4%83i%2C%20subsol.%20Complet%20mobilat%C4%83%20%C8%99i%20utilat%C4%83.%20Ideal%C4%83%20pentru%20sediu%20de%20firm%C4%83%2C%20f%C4%83r%C4%83%20risc%20seismic.%0D%0A%0D%0AShared%20from%20https:\/\/propertybook.ro\/blog\/vila-interbelica-renovata-stil-minimalist-industrial-in-zona-parcul-carol-exclusivitate-design-si-confort\/%0D%0A\">\n    <span class=\"ngfb-icon\">\n      <svg xmlns=\"http:\/\/www.w3.org\/2000\/svg\" width=\"9\" height=\"9\" viewBox=\"0 0 28 28\">\n        <path d=\"M20.11 26.147c-2.335 1.05-4.36 1.4-7.124 1.4C6.524 27.548.84 22.916.84 15.284.84 7.343 6.602.45 15.4.45c6.854 0 11.8 4.7 11.8 11.252 0 5.684-3.193 9.265-7.398 9.3-1.83 0-3.153-.934-3.347-2.997h-.077c-1.208 1.986-2.96 2.997-5.023 2.997-2.532 0-4.36-1.868-4.36-5.062 0-4.75 3.503-9.07 9.11-9.07 1.713 0 3.7.4 4.6.972l-1.17 7.203c-.387 2.298-.115 3.3 1 3.4 1.674 0 3.774-2.102 3.774-6.58 0-5.06-3.27-8.994-9.304-8.994C9.05 2.87 3.83 7.545 3.83 14.97c0 6.5 4.2 10.2 10 10.202 1.987 0 4.09-.43 5.647-1.245l.634 2.22zM16.647 10.1c-.31-.078-.7-.155-1.207-.155-2.572 0-4.596 2.53-4.596 5.53 0 1.5.7 2.4 1.9 2.4 1.44 0 2.96-1.83 3.31-4.088l.592-3.72z\" \/>\n      <\/svg>\n    <\/span>\n    <span class=\"ngfb-text\"><\/span>\n  <\/a>\n<\/div><\/div><!-- .ngfb-buttons.en_US -->\n<\/div><!-- .ngfb-content-buttons -->\n<!-- ngfb content-buttons end -->\n\n","protected":false},"excerpt":{"rendered":"<p>Bucure\u0219ti, Centrul Civic &#8211; De v\u00e2nzare: vil\u0103 interbelic\u0103 renovat\u0103 \u00een stil minimalist-industrial, situat\u0103 central l\u00e2ng\u0103 Parcul Carol, Bucure\u0219ti. Interioare premium cu finisaje de marmur\u0103, fier \u0219i lemn, p\u0103str\u00e2nd elementele originale. Ofer\u0103 120 mp utili, 4 birouri, sal\u0103 de conferin\u021be, buc\u0103tarie, 2 b\u0103i, subsol. Complet mobilat\u0103 \u0219i utilat\u0103. Ideal\u0103 pentru sediu de firm\u0103, f\u0103r\u0103 risc seismic.<\/p>\n","protected":false},"author":8,"featured_media":2524,"comment_status":"open","ping_status":"open","sticky":false,"template":"","format":"standard","meta":{"footnotes":""},"categories":[49,53,47],"tags":[93,325,89,90,70,85],"class_list":["post-2525","post","type-post","status-publish","format-standard","has-post-thumbnail","hentry","category-oferte-imobiliare-bucuresti","category-case-de-vanzare-bucuresti","category-oferte","tag-4-camere","tag-an-const-1928","tag-bucuresti","tag-centrul-civic","tag-parchet","tag-termopane"],"_links":{"self":[{"href":"https:\/\/propertybook.ro\/blog\/wp-json\/wp\/v2\/posts\/2525","targetHints":{"allow":["GET"]}}],"collection":[{"href":"https:\/\/propertybook.ro\/blog\/wp-json\/wp\/v2\/posts"}],"about":[{"href":"https:\/\/propertybook.ro\/blog\/wp-json\/wp\/v2\/types\/post"}],"author":[{"embeddable":true,"href":"https:\/\/propertybook.ro\/blog\/wp-json\/wp\/v2\/users\/8"}],"replies":[{"embeddable":true,"href":"https:\/\/propertybook.ro\/blog\/wp-json\/wp\/v2\/comments?post=2525"}],"version-history":[{"count":0,"href":"https:\/\/propertybook.ro\/blog\/wp-json\/wp\/v2\/posts\/2525\/revisions"}],"wp:featuredmedia":[{"embeddable":true,"href":"https:\/\/propertybook.ro\/blog\/wp-json\/wp\/v2\/media\/2524"}],"wp:attachment":[{"href":"https:\/\/propertybook.ro\/blog\/wp-json\/wp\/v2\/media?parent=2525"}],"wp:term":[{"taxonomy":"category","embeddable":true,"href":"https:\/\/propertybook.ro\/blog\/wp-json\/wp\/v2\/categories?post=2525"},{"taxonomy":"post_tag","embeddable":true,"href":"https:\/\/propertybook.ro\/blog\/wp-json\/wp\/v2\/tags?post=2525"}],"curies":[{"name":"wp","href":"https:\/\/api.w.org\/{rel}","templated":true}]}}