{"id":2553,"date":"2024-09-30T13:43:57","date_gmt":"2024-09-30T10:43:57","guid":{"rendered":"https:\/\/propertybook.ro\/blog\/de-vanzare-duplex-luminos-cu-3-dormitoare-curte-pavata-si-statie-incarcare-auto-in-cartierul-europa\/"},"modified":"2024-09-30T13:43:57","modified_gmt":"2024-09-30T10:43:57","slug":"de-vanzare-duplex-luminos-cu-3-dormitoare-curte-pavata-si-statie-incarcare-auto-in-cartierul-europa","status":"publish","type":"post","link":"https:\/\/propertybook.ro\/blog\/de-vanzare-duplex-luminos-cu-3-dormitoare-curte-pavata-si-statie-incarcare-auto-in-cartierul-europa\/","title":{"rendered":"De V\u00e2nzare: Duplex Luminos cu 3 Dormitoare, Curte Pavat\u0103 \u0219i Sta\u021bie \u00cenc\u0103rcare Auto, \u00een Cartierul Europa"},"content":{"rendered":"\n<!-- ngfb content-buttons begin -->\n<!-- generated on 2026-04-23T01:52:12+00:00 -->\n<div class=\"ngfb-content-buttons\">\n<div class=\"ngfb-buttons en_US\">\n<!-- Email Button --><div class=\"css-button email-button\">\n  <a href=\"mailto:?subject=Share:%20De%20V%C3%A2nzare%3A%20Duplex%20Luminos%20cu%203%20Dormitoare%2C%20Curte%20Pavat%C4%83%20%C8%99i%20Sta%C8%9Bie%20%C3%8Enc%C4%83rcare%20Auto%2C%20%C3%AEn%20Cartierul%20Europa&body=Cluj-Napoca%2C%20Europa%20-%20De%20v%C3%A2nzare%2C%20duplex%20finalizat%20%C3%AEn%20decembrie%202019%2C%20%C3%AEn%20cartierul%20Europa%2C%20cu%20acces%20la%20transport%20%C8%99i%20facilit%C4%83%C8%9Bi.%20Dou%C4%83%20niveluri%3A%20living%2C%20buc%C4%83t%C4%83rie%20utilat%C4%83%2C%204%20dormitoare%2C%203%20b%C4%83i%2C%20curte%2C%20teras%C4%83.%20Mobilier%20modern%20%C8%99i%20electrocasnice%20incluse%2C%20climatizare%2C%20%C3%AEnc%C4%83lzire%20prin%20pardoseal%C4%83%2C%20sistem%20de%20securitate.%20Curte%20pavat%C4%83%2C%20teren%20200mp%2C%20certificat%20energetic%2C%20locuri%20de%20parcare.%20Ideal%20pentru%20confort%20%C8%99i%20intimitate.%0D%0A%0D%0AShared%20from%20https:\/\/propertybook.ro\/blog\/de-vanzare-duplex-luminos-cu-3-dormitoare-curte-pavata-si-statie-incarcare-auto-in-cartierul-europa\/%0D%0A\">\n    <span class=\"ngfb-icon\">\n      <svg xmlns=\"http:\/\/www.w3.org\/2000\/svg\" width=\"9\" height=\"9\" viewBox=\"0 0 28 28\">\n        <path d=\"M20.11 26.147c-2.335 1.05-4.36 1.4-7.124 1.4C6.524 27.548.84 22.916.84 15.284.84 7.343 6.602.45 15.4.45c6.854 0 11.8 4.7 11.8 11.252 0 5.684-3.193 9.265-7.398 9.3-1.83 0-3.153-.934-3.347-2.997h-.077c-1.208 1.986-2.96 2.997-5.023 2.997-2.532 0-4.36-1.868-4.36-5.062 0-4.75 3.503-9.07 9.11-9.07 1.713 0 3.7.4 4.6.972l-1.17 7.203c-.387 2.298-.115 3.3 1 3.4 1.674 0 3.774-2.102 3.774-6.58 0-5.06-3.27-8.994-9.304-8.994C9.05 2.87 3.83 7.545 3.83 14.97c0 6.5 4.2 10.2 10 10.202 1.987 0 4.09-.43 5.647-1.245l.634 2.22zM16.647 10.1c-.31-.078-.7-.155-1.207-.155-2.572 0-4.596 2.53-4.596 5.53 0 1.5.7 2.4 1.9 2.4 1.44 0 2.96-1.83 3.31-4.088l.592-3.72z\" \/>\n      <\/svg>\n    <\/span>\n    <span class=\"ngfb-text\"><\/span>\n  <\/a>\n<\/div><\/div><!-- .ngfb-buttons.en_US -->\n<\/div><!-- .ngfb-content-buttons -->\n<!-- ngfb content-buttons end -->\n\n<figure class=\"wp-block-image size-large\"><img decoding=\"async\" src=\"https:\/\/cdn.propertybook.ro\/napoca_imobiliare\/147287.webp\" alt=\"\" \/><\/figure>\n<ul>\n<li><a href=\"\/cluj-napoca\/\">Imobiliare Cluj-Napoca<\/a><\/li>\n<li><a href=\"\/cluj-napoca\/case-vanzare\/\">Case de vanzare Cluj-Napoca<\/a><\/li>\n<li><a href=\"\/cluj-napoca\/case-vanzare\/4-camere\/\">Case cu 4 camere de vanzare Cluj-Napoca<\/a><\/li>\n<li><a href=\"\/cluj-napoca\/case-vanzare\/europa\/4-camere\/\">Case cu 4 camere de vanzare Europa, Cluj-Napoca<\/a><\/li>\n<\/ul>\n<p><a href=\"\/cluj-napoca\/imobiliare-25-147287-vanzare-casa-4-camere-in-europa\/\" class=\"pb-listing-action\">Detaliile proprietatii<\/a><\/p>\n<p><h2 class=\"wp-block-heading\">Ghidul T\u0103u pentru Oaza de Lini\u0219te: O Locuin\u021b\u0103 Modern\u0103 \u00een Inima Cartierului Europa<\/h2>\n<p>Visul unei vie\u021bi lini\u0219tite, f\u0103r\u0103 s\u0103 faci compromisuri din punct de vedere al accesibilit\u0103\u021bii \u0219i confortului, este acum mai aproape dec\u00e2t crezi. \u00cen cartierul Europa, unul dintre cele mai prestigioase \u0219i lini\u0219tite cartiere, se profileaz\u0103 un veritabil sanctuar modern: o cas\u0103 duplex, care combin\u0103 elegan\u021ba unui design inteligent cu func\u021bionalitatea pe care \u0219i-o dore\u0219te fiecare proprietar.<\/p>\n<p>Construit\u0103 recent, la finalul anului 2019, aceast\u0103 proprietate este gata s\u0103 v\u0103 \u00eent\u00e2mpine cu bra\u021bele deschise \u0219i cheile la dispozi\u021bie din 2021. Este vorba despre o construc\u021bie cu un etaj, care se bucur\u0103 de o orientare Sud-Est, permisi\u021b\u00e2nd soarelui s\u0103 alunece prin ferestre largi \u0219i s\u0103 umple casa cu lumin\u0103 natural\u0103 pe \u00eentreaga durat\u0103 a zilei.<\/p>\n<p>Unitatea locativ\u0103 ofer\u0103 un layout decomandat, cu spa\u021bii bine delimitate pentru confortul celor care o locuiesc. La parter, v\u0103 a\u0219teapt\u0103 un living spa\u021bios, separat de buc\u0103t\u0103ria complet utilat\u0103 cu electrocasnice de \u00eenalt\u0103 calitate \u0219i design modern. Mai mult, parterul g\u0103zduie\u0219te o baie dotat\u0103 cu geam exterior \u0219i o c\u0103mar\u0103 pentru alimente, plus un spa\u021biu tehnic conceput pentru eficientizarea treburilor casnice.<\/p>\n<p>La etaj, aceast\u0103 cas\u0103 se m\u00e2ndre\u0219te cu trei camere luminoase \u0219i aerisite, dou\u0103 b\u0103i elegante cu finisaje de calitate (una cu cad\u0103 \u0219i cealalt\u0103 cu du\u0219), complementate de o teras\u0103 acoperit\u0103 care adaug\u0103 un plus de valoare \u0219i confort.<\/p>\n<p>Confortul termic este asigurat de o instala\u021bie modern\u0103 de \u00eenc\u0103lzire prin pardoseal\u0103, alimentat\u0103 de o central\u0103 termic\u0103 de ultim\u0103 genera\u021bie. Pentru cele mai c\u0103lduroase zile, imobilul este echipat cu aparate de aer condi\u021bionat de top, pentru a men\u021bine ambian\u021ba pl\u0103cut\u0103 \u00een toate anotimpurile.<\/p>\n<p>Dar aceast\u0103 cas\u0103 are mult mai mult de oferit dec\u00e2t interiorul s\u0103u rafinat. Exteriorul dezv\u0103luie o curte frumos amenajat\u0103, cu gazon \u0219i sisteme proprii de iriga\u021bie, precum \u0219i o zon\u0103 pavat\u0103 pentru acces auto. Locuinta dispune de parcare facil\u0103, cu un loc disponibil \u00een fa\u021ba casei \u0219i dou\u0103 locuri suplimentare \u00een curtea interioar\u0103.<\/p>\n<p>Este evident c\u0103 aceast\u0103 proprietate a fost construit\u0103 av\u00e2nd \u00een vedere cele mai ridicate standarde de calitate, fiind dotat\u0103 cu izola\u021bie termic\u0103 \u0219i fonic\u0103, sistem de monitorizare de ultim\u0103 genera\u021bie \u0219i chiar o sta\u021bie de \u00eenc\u0103rcare pentru automobilele electrice.<\/p>\n<p>Dac\u0103 sunte\u021bi \u00een c\u0103utarea unei case care s\u0103 v\u0103 ofere nu doar un loc \u00een care s\u0103 locui\u021bi, ci un adev\u0103rat c\u0103min plin de c\u0103ldur\u0103 \u0219i modernitate, aceast\u0103 proprietate merit\u0103 cu siguran\u021b\u0103 s\u0103 fie pe lista dvs. de vizion\u0103ri. Nu v\u0103 l\u0103sa\u021bi pe m\u00e2ine \u0219i \u00eendr\u0103zni\u021bi s\u0103 face\u021bi primul pas spre via\u021ba la care a\u021bi visat mereu.<\/p>\n<p><a href=\"\/cluj-napoca\/imobiliare-25-147287-vanzare-casa-4-camere-in-europa\/\" class=\"pb-listing-action\">Stabileste o vizionare<\/a><\/p>\n<ul>\n<li><a href=\"\/cluj-napoca\/\">Imobiliare Cluj-Napoca<\/a><\/li>\n<li><a href=\"\/cluj-napoca\/case-vanzare\/\">Case de vanzare Cluj-Napoca<\/a><\/li>\n<li><a href=\"\/cluj-napoca\/case-vanzare\/4-camere\/\">Case cu 4 camere de vanzare Cluj-Napoca<\/a><\/li>\n<li><a href=\"\/cluj-napoca\/case-vanzare\/europa\/4-camere\/\">Case cu 4 camere de vanzare Europa, Cluj-Napoca<\/a><\/li>\n<\/ul>\n\n<!-- ngfb content-buttons begin -->\n<!-- generated on 2026-04-23T01:52:12+00:00 -->\n<div class=\"ngfb-content-buttons\">\n<div class=\"ngfb-buttons en_US\">\n<!-- Email Button --><div class=\"css-button email-button\">\n  <a href=\"mailto:?subject=Share:%20De%20V%C3%A2nzare%3A%20Duplex%20Luminos%20cu%203%20Dormitoare%2C%20Curte%20Pavat%C4%83%20%C8%99i%20Sta%C8%9Bie%20%C3%8Enc%C4%83rcare%20Auto%2C%20%C3%AEn%20Cartierul%20Europa&body=Cluj-Napoca%2C%20Europa%20-%20De%20v%C3%A2nzare%2C%20duplex%20finalizat%20%C3%AEn%20decembrie%202019%2C%20%C3%AEn%20cartierul%20Europa%2C%20cu%20acces%20la%20transport%20%C8%99i%20facilit%C4%83%C8%9Bi.%20Dou%C4%83%20niveluri%3A%20living%2C%20buc%C4%83t%C4%83rie%20utilat%C4%83%2C%204%20dormitoare%2C%203%20b%C4%83i%2C%20curte%2C%20teras%C4%83.%20Mobilier%20modern%20%C8%99i%20electrocasnice%20incluse%2C%20climatizare%2C%20%C3%AEnc%C4%83lzire%20prin%20pardoseal%C4%83%2C%20sistem%20de%20securitate.%20Curte%20pavat%C4%83%2C%20teren%20200mp%2C%20certificat%20energetic%2C%20locuri%20de%20parcare.%20Ideal%20pentru%20confort%20%C8%99i%20intimitate.%0D%0A%0D%0AShared%20from%20https:\/\/propertybook.ro\/blog\/de-vanzare-duplex-luminos-cu-3-dormitoare-curte-pavata-si-statie-incarcare-auto-in-cartierul-europa\/%0D%0A\">\n    <span class=\"ngfb-icon\">\n      <svg xmlns=\"http:\/\/www.w3.org\/2000\/svg\" width=\"9\" height=\"9\" viewBox=\"0 0 28 28\">\n        <path d=\"M20.11 26.147c-2.335 1.05-4.36 1.4-7.124 1.4C6.524 27.548.84 22.916.84 15.284.84 7.343 6.602.45 15.4.45c6.854 0 11.8 4.7 11.8 11.252 0 5.684-3.193 9.265-7.398 9.3-1.83 0-3.153-.934-3.347-2.997h-.077c-1.208 1.986-2.96 2.997-5.023 2.997-2.532 0-4.36-1.868-4.36-5.062 0-4.75 3.503-9.07 9.11-9.07 1.713 0 3.7.4 4.6.972l-1.17 7.203c-.387 2.298-.115 3.3 1 3.4 1.674 0 3.774-2.102 3.774-6.58 0-5.06-3.27-8.994-9.304-8.994C9.05 2.87 3.83 7.545 3.83 14.97c0 6.5 4.2 10.2 10 10.202 1.987 0 4.09-.43 5.647-1.245l.634 2.22zM16.647 10.1c-.31-.078-.7-.155-1.207-.155-2.572 0-4.596 2.53-4.596 5.53 0 1.5.7 2.4 1.9 2.4 1.44 0 2.96-1.83 3.31-4.088l.592-3.72z\" \/>\n      <\/svg>\n    <\/span>\n    <span class=\"ngfb-text\"><\/span>\n  <\/a>\n<\/div><\/div><!-- .ngfb-buttons.en_US -->\n<\/div><!-- .ngfb-content-buttons -->\n<!-- ngfb content-buttons end -->\n\n","protected":false},"excerpt":{"rendered":"<p>Cluj-Napoca, Europa &#8211; De v\u00e2nzare, duplex finalizat \u00een decembrie 2019, \u00een cartierul Europa, cu acces la transport \u0219i facilit\u0103\u021bi. Dou\u0103 niveluri: living, buc\u0103t\u0103rie utilat\u0103, 4 dormitoare, 3 b\u0103i, curte, teras\u0103. Mobilier modern \u0219i electrocasnice incluse, climatizare, \u00eenc\u0103lzire prin pardoseal\u0103, sistem de securitate. Curte pavat\u0103, teren 200mp, certificat energetic, locuri de parcare. Ideal pentru confort \u0219i intimitate.<\/p>\n","protected":false},"author":8,"featured_media":2552,"comment_status":"open","ping_status":"open","sticky":false,"template":"","format":"standard","meta":{"footnotes":""},"categories":[51,48,47],"tags":[93,65,91,106,60],"class_list":["post-2553","post","type-post","status-publish","format-standard","has-post-thumbnail","hentry","category-case-de-vanzare-in-cluj-napoca","category-oferte-imobiliare-in-cluj-napoca","category-oferte","tag-4-camere","tag-centrala-termica","tag-cluj-napoca","tag-europa","tag-parcare"],"_links":{"self":[{"href":"https:\/\/propertybook.ro\/blog\/wp-json\/wp\/v2\/posts\/2553","targetHints":{"allow":["GET"]}}],"collection":[{"href":"https:\/\/propertybook.ro\/blog\/wp-json\/wp\/v2\/posts"}],"about":[{"href":"https:\/\/propertybook.ro\/blog\/wp-json\/wp\/v2\/types\/post"}],"author":[{"embeddable":true,"href":"https:\/\/propertybook.ro\/blog\/wp-json\/wp\/v2\/users\/8"}],"replies":[{"embeddable":true,"href":"https:\/\/propertybook.ro\/blog\/wp-json\/wp\/v2\/comments?post=2553"}],"version-history":[{"count":0,"href":"https:\/\/propertybook.ro\/blog\/wp-json\/wp\/v2\/posts\/2553\/revisions"}],"wp:featuredmedia":[{"embeddable":true,"href":"https:\/\/propertybook.ro\/blog\/wp-json\/wp\/v2\/media\/2552"}],"wp:attachment":[{"href":"https:\/\/propertybook.ro\/blog\/wp-json\/wp\/v2\/media?parent=2553"}],"wp:term":[{"taxonomy":"category","embeddable":true,"href":"https:\/\/propertybook.ro\/blog\/wp-json\/wp\/v2\/categories?post=2553"},{"taxonomy":"post_tag","embeddable":true,"href":"https:\/\/propertybook.ro\/blog\/wp-json\/wp\/v2\/tags?post=2553"}],"curies":[{"name":"wp","href":"https:\/\/api.w.org\/{rel}","templated":true}]}}