{"id":2575,"date":"2024-10-02T13:43:18","date_gmt":"2024-10-02T10:43:18","guid":{"rendered":"https:\/\/propertybook.ro\/blog\/apartament-mobilat-cu-3-camere-etaj-3-confort-modern-dotari-complete-2002\/"},"modified":"2024-10-02T13:43:18","modified_gmt":"2024-10-02T10:43:18","slug":"apartament-mobilat-cu-3-camere-etaj-3-confort-modern-dotari-complete-2002","status":"publish","type":"post","link":"https:\/\/propertybook.ro\/blog\/apartament-mobilat-cu-3-camere-etaj-3-confort-modern-dotari-complete-2002\/","title":{"rendered":"Apartament Mobilat cu 3 Camere, Etaj 3 &#8211; Confort Modern, Dotari Complete, 2002"},"content":{"rendered":"\n<!-- ngfb content-buttons begin -->\n<!-- generated on 2026-05-02T20:10:28+00:00 -->\n<div class=\"ngfb-content-buttons\">\n<div class=\"ngfb-buttons en_US\">\n<!-- Email Button --><div class=\"css-button email-button\">\n  <a href=\"mailto:?subject=Share:%20Apartament%20Mobilat%20cu%203%20Camere%2C%20Etaj%203%20%26%238211%3B%20Confort%20Modern%2C%20Dotari%20Complete%2C%202002&body=Bucure%C8%99ti%2C%2013%20Septembrie%20-%20De%20v%C3%A2nzare%20apartament%20cu%203%20camere%2C%20semidecomandat%2C%20situat%20la%20etajul%203%20din%202002.%20Complet%20mobilat%20%C8%99i%20utilat%20cu%20aer%20condi%C8%9Bionat%2C%20electrocasnice%20incluse.%20Disponibil%C4%83%20parcare%20stradal%C4%83.%0D%0A%0D%0AShared%20from%20https:\/\/propertybook.ro\/blog\/apartament-mobilat-cu-3-camere-etaj-3-confort-modern-dotari-complete-2002\/%0D%0A\">\n    <span class=\"ngfb-icon\">\n      <svg xmlns=\"http:\/\/www.w3.org\/2000\/svg\" width=\"9\" height=\"9\" viewBox=\"0 0 28 28\">\n        <path d=\"M20.11 26.147c-2.335 1.05-4.36 1.4-7.124 1.4C6.524 27.548.84 22.916.84 15.284.84 7.343 6.602.45 15.4.45c6.854 0 11.8 4.7 11.8 11.252 0 5.684-3.193 9.265-7.398 9.3-1.83 0-3.153-.934-3.347-2.997h-.077c-1.208 1.986-2.96 2.997-5.023 2.997-2.532 0-4.36-1.868-4.36-5.062 0-4.75 3.503-9.07 9.11-9.07 1.713 0 3.7.4 4.6.972l-1.17 7.203c-.387 2.298-.115 3.3 1 3.4 1.674 0 3.774-2.102 3.774-6.58 0-5.06-3.27-8.994-9.304-8.994C9.05 2.87 3.83 7.545 3.83 14.97c0 6.5 4.2 10.2 10 10.202 1.987 0 4.09-.43 5.647-1.245l.634 2.22zM16.647 10.1c-.31-.078-.7-.155-1.207-.155-2.572 0-4.596 2.53-4.596 5.53 0 1.5.7 2.4 1.9 2.4 1.44 0 2.96-1.83 3.31-4.088l.592-3.72z\" \/>\n      <\/svg>\n    <\/span>\n    <span class=\"ngfb-text\"><\/span>\n  <\/a>\n<\/div><\/div><!-- .ngfb-buttons.en_US -->\n<\/div><!-- .ngfb-content-buttons -->\n<!-- ngfb content-buttons end -->\n\n\n<!-- ngfb schema image for pinterest pin it button -->\n<div class=\"ngfb-schema-image-for-pinterest\" style=\"display:none;\">\n<img loading=\"lazy\" decoding=\"async\" src=\"https:\/\/propertybook.ro\/blog\/wp-content\/uploads\/2024\/10\/11021413.webp\" width=\"0\" height=\"0\" style=\"width:0;height:0;\" data-pin-description=\"Bucure\u0219ti, 13 Septembrie - De v&acirc;nzare apartament cu 3 camere, semidecomandat, situat la etajul 3 din 2002. Complet mobilat \u0219i utilat cu aer condi\u021bionat, electrocasnice incluse. Disponibil\u0103 parcare stradal\u0103.\" alt=\"\"\/>\n<\/div><!-- .ngfb-schema-image-for-pinterest -->\n\n<figure class=\"wp-block-image size-large\"><img decoding=\"async\" src=\"https:\/\/cdn.propertybook.ro\/svn_residentialist\/11021413.webp\" alt=\"\" \/><\/figure>\n<ul>\n<li><a href=\"\/bucuresti\/\">Imobiliare Bucure\u0219ti<\/a><\/li>\n<li><a href=\"\/bucuresti\/apartamente-vanzare\/\">Apartamente de vanzare Bucure\u0219ti<\/a><\/li>\n<li><a href=\"\/bucuresti\/apartamente-vanzare\/3-camere\/\">Apartamente cu 3 camere de vanzare Bucure\u0219ti<\/a><\/li>\n<li><a href=\"\/bucuresti\/apartamente-vanzare\/13_septembrie\/3-camere\/\">Apartamente cu 3 camere de vanzare 13 Septembrie, Bucure\u0219ti<\/a><\/li>\n<\/ul>\n<p><a href=\"\/bucuresti\/imobiliare-163-11021413-se-vinde-apartament-3-camere-in-sector-5-zona-13-septembrie\/\" class=\"pb-listing-action\">Detaliile proprietatii<\/a><\/p>\n<p><h2 class=\"wp-block-heading\">Descoper\u0103 Confortul Urban \u00een Noul T\u0103u Apartament cu 3 Camere!<\/h2>\n<p>\u00ce\u021bi cau\u021bi o nou\u0103 cas\u0103 \u00een inima ora\u0219ului, unde confortul \u0219i facilit\u0103\u021bile moderne s\u0103 fie la ele acas\u0103? Avem o propunere care te va \u00eenc\u00e2nta. S\u0103 arunc\u0103m o privire \u00eempreun\u0103 la acest apartament splendid cu trei camere, ce poate fi casa ideal\u0103 pentru tine \u0219i familia ta.<\/p>\n<p>Situat la etajul trei \u00eentr-o cl\u0103dire solid\u0103, construit\u0103 \u00een 2002, acest apartament este defini\u021bia confortului urban. Arhitectura inteligent\u0103, semidecomandat\u0103, ofer\u0103 echilibrul perfect \u00eentre spa\u021biile private \u0219i cele de socializare, astfel \u00eenc\u00e2t tu \u0219i cei dragi s\u0103 v\u0103 bucura\u021bi de fiecare moment petrecut \u00eempreun\u0103.<\/p>\n<p>\u00cen momentul \u00een care p\u0103\u0219e\u0219ti \u00een interiorul c\u0103minului, e\u0219ti \u00eent\u00e2mpinat de o atmosfer\u0103 cald\u0103 \u0219i primitoare. Decorul atent ales \u0219i mobilierul ce r\u0103m\u00e2ne la dispozi\u021bia ta, transform\u0103 spa\u021biul \u00eentr-un loc gata de locuit, f\u0103r\u0103 stresul mut\u0103rii \u0219i al acomod\u0103rii. Apartamentul este echipat cu tot ce ai nevoie pentru a te sim\u021bi &#8220;acas\u0103&#8221; de la bun \u00eenceput: aer condi\u021bionat pentru zilele calde de var\u0103, plit\u0103 electrica \u0219i cuptor pentru serile \u00een care te sim\u021bi inspirat s\u0103 g\u0103te\u0219ti, frigider, ma\u0219in\u0103 de sp\u0103lat \u0219i nu \u00een ultimul r\u00e2nd, centrala proprie, garant\u00e2ndu-\u021bi controlul autonomiei \u0219i confortului termic.<\/p>\n<p>Imagineaz\u0103-\u021bi Dumineca \u00eempreun\u0103 cu familia \u0219i prietenii, g\u0103tind \u00eentr-o buc\u0103t\u0103rie complet utilat\u0103 \u0219i bucur\u00e2ndu-v\u0103 de un pr\u00e2nz \u00eempreun\u0103 \u00een camera de zi \u00eensorit\u0103, sau relax\u00e2ndu-v\u0103 \u00een una din cele dou\u0103 dormitoare lini\u0219tite dup\u0103 o zi lung\u0103. Acest apartament ofer\u0103 locul perfect pentru a crea amintiri pre\u021bioase.<\/p>\n<p>Zonele de parcare stradal\u0103 sunt disponibile \u00een zon\u0103, ceea ce este o binecuv\u00e2ntare \u00een mediul urban aglomerat. \u00cen plus, exist\u0103 op\u021biunea de a \u00eenchiria un loc de parcare de la vecini, pentru a garanta c\u0103 ma\u0219ina ta este \u00een siguran\u021b\u0103 \u0219i gata s\u0103 te poarte \u00een aventurile zilnice.<\/p>\n<p>Aceast\u0103 locuin\u021b\u0103 este perfect\u0103 pentru cei care apreciaz\u0103 mixul dintre vibra\u021bia ora\u0219ului \u0219i propriul sanctuar de lini\u0219te. Dac\u0103 visezi la un spa\u021biu al t\u0103u, modern \u0219i primitor, nu trebuie s\u0103 cau\u021bi mai departe.<\/p>\n<p>Pentru a programa o vizionare sau pentru a ob\u021bine mai multe informa\u021bii despre acest apartament deosebit, nu ezita s\u0103 iei leg\u0103tura prin metodele disponibile. A\u0219tept\u0103m cu ner\u0103bdare s\u0103 \u00ee\u021bi prezent\u0103m posibilele tale noi \u00eenceputuri \u00een acest c\u0103min fermec\u0103tor.<\/p>\n<p><a href=\"\/bucuresti\/imobiliare-163-11021413-se-vinde-apartament-3-camere-in-sector-5-zona-13-septembrie\/\" class=\"pb-listing-action\">Stabileste o vizionare<\/a><\/p>\n<ul>\n<li><a href=\"\/bucuresti\/\">Imobiliare Bucure\u0219ti<\/a><\/li>\n<li><a href=\"\/bucuresti\/apartamente-vanzare\/\">Apartamente de vanzare Bucure\u0219ti<\/a><\/li>\n<li><a href=\"\/bucuresti\/apartamente-vanzare\/3-camere\/\">Apartamente cu 3 camere de vanzare Bucure\u0219ti<\/a><\/li>\n<li><a href=\"\/bucuresti\/apartamente-vanzare\/13_septembrie\/3-camere\/\">Apartamente cu 3 camere de vanzare 13 Septembrie, Bucure\u0219ti<\/a><\/li>\n<\/ul>\n\n<!-- ngfb content-buttons begin -->\n<!-- generated on 2026-05-02T20:10:28+00:00 -->\n<div class=\"ngfb-content-buttons\">\n<div class=\"ngfb-buttons en_US\">\n<!-- Email Button --><div class=\"css-button email-button\">\n  <a href=\"mailto:?subject=Share:%20Apartament%20Mobilat%20cu%203%20Camere%2C%20Etaj%203%20%26%238211%3B%20Confort%20Modern%2C%20Dotari%20Complete%2C%202002&body=Bucure%C8%99ti%2C%2013%20Septembrie%20-%20De%20v%C3%A2nzare%20apartament%20cu%203%20camere%2C%20semidecomandat%2C%20situat%20la%20etajul%203%20din%202002.%20Complet%20mobilat%20%C8%99i%20utilat%20cu%20aer%20condi%C8%9Bionat%2C%20electrocasnice%20incluse.%20Disponibil%C4%83%20parcare%20stradal%C4%83.%0D%0A%0D%0AShared%20from%20https:\/\/propertybook.ro\/blog\/apartament-mobilat-cu-3-camere-etaj-3-confort-modern-dotari-complete-2002\/%0D%0A\">\n    <span class=\"ngfb-icon\">\n      <svg xmlns=\"http:\/\/www.w3.org\/2000\/svg\" width=\"9\" height=\"9\" viewBox=\"0 0 28 28\">\n        <path d=\"M20.11 26.147c-2.335 1.05-4.36 1.4-7.124 1.4C6.524 27.548.84 22.916.84 15.284.84 7.343 6.602.45 15.4.45c6.854 0 11.8 4.7 11.8 11.252 0 5.684-3.193 9.265-7.398 9.3-1.83 0-3.153-.934-3.347-2.997h-.077c-1.208 1.986-2.96 2.997-5.023 2.997-2.532 0-4.36-1.868-4.36-5.062 0-4.75 3.503-9.07 9.11-9.07 1.713 0 3.7.4 4.6.972l-1.17 7.203c-.387 2.298-.115 3.3 1 3.4 1.674 0 3.774-2.102 3.774-6.58 0-5.06-3.27-8.994-9.304-8.994C9.05 2.87 3.83 7.545 3.83 14.97c0 6.5 4.2 10.2 10 10.202 1.987 0 4.09-.43 5.647-1.245l.634 2.22zM16.647 10.1c-.31-.078-.7-.155-1.207-.155-2.572 0-4.596 2.53-4.596 5.53 0 1.5.7 2.4 1.9 2.4 1.44 0 2.96-1.83 3.31-4.088l.592-3.72z\" \/>\n      <\/svg>\n    <\/span>\n    <span class=\"ngfb-text\"><\/span>\n  <\/a>\n<\/div><\/div><!-- .ngfb-buttons.en_US -->\n<\/div><!-- .ngfb-content-buttons -->\n<!-- ngfb content-buttons end -->\n\n","protected":false},"excerpt":{"rendered":"<p>Bucure\u0219ti, 13 Septembrie &#8211; De v\u00e2nzare apartament cu 3 camere, semidecomandat, situat la etajul 3 din 2002. Complet mobilat \u0219i utilat cu aer condi\u021bionat, electrocasnice incluse. Disponibil\u0103 parcare stradal\u0103.<\/p>\n","protected":false},"author":8,"featured_media":2574,"comment_status":"open","ping_status":"open","sticky":false,"template":"","format":"standard","meta":{"footnotes":""},"categories":[52,49,47],"tags":[221,55,228,89,164,70,63,85],"class_list":["post-2575","post","type-post","status-publish","format-standard","has-post-thumbnail","hentry","category-apartamente-de-vanzare-bucuresti","category-oferte-imobiliare-bucuresti","category-oferte","tag-13-septembrie","tag-3-camere","tag-an-const-2009","tag-bucuresti","tag-etaj-3-14","tag-parchet","tag-semidecomandat","tag-termopane"],"_links":{"self":[{"href":"https:\/\/propertybook.ro\/blog\/wp-json\/wp\/v2\/posts\/2575","targetHints":{"allow":["GET"]}}],"collection":[{"href":"https:\/\/propertybook.ro\/blog\/wp-json\/wp\/v2\/posts"}],"about":[{"href":"https:\/\/propertybook.ro\/blog\/wp-json\/wp\/v2\/types\/post"}],"author":[{"embeddable":true,"href":"https:\/\/propertybook.ro\/blog\/wp-json\/wp\/v2\/users\/8"}],"replies":[{"embeddable":true,"href":"https:\/\/propertybook.ro\/blog\/wp-json\/wp\/v2\/comments?post=2575"}],"version-history":[{"count":0,"href":"https:\/\/propertybook.ro\/blog\/wp-json\/wp\/v2\/posts\/2575\/revisions"}],"wp:featuredmedia":[{"embeddable":true,"href":"https:\/\/propertybook.ro\/blog\/wp-json\/wp\/v2\/media\/2574"}],"wp:attachment":[{"href":"https:\/\/propertybook.ro\/blog\/wp-json\/wp\/v2\/media?parent=2575"}],"wp:term":[{"taxonomy":"category","embeddable":true,"href":"https:\/\/propertybook.ro\/blog\/wp-json\/wp\/v2\/categories?post=2575"},{"taxonomy":"post_tag","embeddable":true,"href":"https:\/\/propertybook.ro\/blog\/wp-json\/wp\/v2\/tags?post=2575"}],"curies":[{"name":"wp","href":"https:\/\/api.w.org\/{rel}","templated":true}]}}