{"id":2619,"date":"2024-10-04T11:44:14","date_gmt":"2024-10-04T08:44:14","guid":{"rendered":"https:\/\/propertybook.ro\/blog\/apartament-3-camere-mobilat-confort-sporit-langa-piata-obor-si-veranda-mall-disponibil-pentru-mutare-imediata\/"},"modified":"2024-10-04T11:44:14","modified_gmt":"2024-10-04T08:44:14","slug":"apartament-3-camere-mobilat-confort-sporit-langa-piata-obor-si-veranda-mall-disponibil-pentru-mutare-imediata","status":"publish","type":"post","link":"https:\/\/propertybook.ro\/blog\/apartament-3-camere-mobilat-confort-sporit-langa-piata-obor-si-veranda-mall-disponibil-pentru-mutare-imediata\/","title":{"rendered":"Apartament 3 camere mobilat, confort sporit, lang\u0103 Pia\u021ba Obor \u0219i Veranda Mall &#8211; Disponibil pentru mutare imediat\u0103"},"content":{"rendered":"\n<!-- ngfb content-buttons begin -->\n<!-- generated on 2026-05-03T04:53:29+00:00 -->\n<div class=\"ngfb-content-buttons\">\n<div class=\"ngfb-buttons en_US\">\n<!-- Email Button --><div class=\"css-button email-button\">\n  <a href=\"mailto:?subject=Share:%20Apartament%203%20camere%20mobilat%2C%20confort%20sporit%2C%20lang%C4%83%20Pia%C8%9Ba%20Obor%20%C8%99i%20Veranda%20Mall%20%26%238211%3B%20Disponibil%20pentru%20mutare%20imediat%C4%83&body=Bucure%C8%99ti%2C%20Colentina%20-%20Apartament%20cu%203%20camere%20decomandat%2C%20luminoase%2C%20dotat%20cu%202%20balcoane%20inchise%2C%20complet%20mobilat%2C%20situat%20langa%20Piata%20Obor%20si%20Veranda%20Mall.%20Recent%20anvelopat%2C%20cu%20lift%20si%20instalatii%20noi%2C%20ofera%20confort%20termic%20si%20fonic.%20Instalatii%20electrice%20si%20sanitare%20modernizate.%20Disponibil%20imediat%2C%20se%20accepta%20credit%20ipotecar.%20Aproape%20de%20metrou%2C%20piete%2C%20scoli%20si%20gradinite.%0D%0A%0D%0AShared%20from%20https:\/\/propertybook.ro\/blog\/apartament-3-camere-mobilat-confort-sporit-langa-piata-obor-si-veranda-mall-disponibil-pentru-mutare-imediata\/%0D%0A\">\n    <span class=\"ngfb-icon\">\n      <svg xmlns=\"http:\/\/www.w3.org\/2000\/svg\" width=\"9\" height=\"9\" viewBox=\"0 0 28 28\">\n        <path d=\"M20.11 26.147c-2.335 1.05-4.36 1.4-7.124 1.4C6.524 27.548.84 22.916.84 15.284.84 7.343 6.602.45 15.4.45c6.854 0 11.8 4.7 11.8 11.252 0 5.684-3.193 9.265-7.398 9.3-1.83 0-3.153-.934-3.347-2.997h-.077c-1.208 1.986-2.96 2.997-5.023 2.997-2.532 0-4.36-1.868-4.36-5.062 0-4.75 3.503-9.07 9.11-9.07 1.713 0 3.7.4 4.6.972l-1.17 7.203c-.387 2.298-.115 3.3 1 3.4 1.674 0 3.774-2.102 3.774-6.58 0-5.06-3.27-8.994-9.304-8.994C9.05 2.87 3.83 7.545 3.83 14.97c0 6.5 4.2 10.2 10 10.202 1.987 0 4.09-.43 5.647-1.245l.634 2.22zM16.647 10.1c-.31-.078-.7-.155-1.207-.155-2.572 0-4.596 2.53-4.596 5.53 0 1.5.7 2.4 1.9 2.4 1.44 0 2.96-1.83 3.31-4.088l.592-3.72z\" \/>\n      <\/svg>\n    <\/span>\n    <span class=\"ngfb-text\"><\/span>\n  <\/a>\n<\/div><\/div><!-- .ngfb-buttons.en_US -->\n<\/div><!-- .ngfb-content-buttons -->\n<!-- ngfb content-buttons end -->\n\n\n<!-- ngfb schema image for pinterest pin it button -->\n<div class=\"ngfb-schema-image-for-pinterest\" style=\"display:none;\">\n<img loading=\"lazy\" decoding=\"async\" src=\"https:\/\/propertybook.ro\/blog\/wp-content\/uploads\/2024\/10\/2185270.webp\" width=\"0\" height=\"0\" style=\"width:0;height:0;\" data-pin-description=\"Bucure\u0219ti, Colentina - Apartament cu 3 camere decomandat, luminoase, dotat cu 2 balcoane inchise, complet mobilat, situat langa Piata Obor si Veranda Mall. Recent anvelopat, cu lift si instalatii noi, ofera confort termic si fonic. Instalatii electrice si sanitare modernizate. Disponibil...\" alt=\"\"\/>\n<\/div><!-- .ngfb-schema-image-for-pinterest -->\n\n<figure class=\"wp-block-image size-large\"><img decoding=\"async\" src=\"https:\/\/cdn.propertybook.ro\/realstart.ro\/2185270.webp\" alt=\"\" \/><\/figure>\n<ul>\n<li><a href=\"\/bucuresti\/\">Imobiliare Bucure\u0219ti<\/a><\/li>\n<li><a href=\"\/bucuresti\/apartamente-vanzare\/\">Apartamente de vanzare Bucure\u0219ti<\/a><\/li>\n<li><a href=\"\/bucuresti\/apartamente-vanzare\/3-camere\/\">Apartamente cu 3 camere de vanzare Bucure\u0219ti<\/a><\/li>\n<li><a href=\"\/bucuresti\/apartamente-vanzare\/colentina\/3-camere\/\">Apartamente cu 3 camere de vanzare Colentina, Bucure\u0219ti<\/a><\/li>\n<\/ul>\n<p><a href=\"\/bucuresti\/imobiliare-166-2185270-veranda-mall-langa-pta-obor-acces-metrou-la-5min\/\" class=\"pb-listing-action\">Detaliile proprietatii<\/a><\/p>\n<p><h2 class=\"wp-block-heading\">Descoper\u0103 Confortul Urban: Apartament Iradiant cu 3 Camere L\u00e2ng\u0103 Pia\u021ba Obor<\/h2>\n<p>Dac\u0103 sunte\u021bi \u00een c\u0103utarea unei locuin\u021be care s\u0103 combine confortul urban modern cu accesibilitatea rapid\u0103 la comodit\u0103\u021bile citadine, nu c\u0103uta\u021bi mai departe! Prezent\u0103m un apartament \u00eenc\u00e2nt\u0103tor, decomandat, cu 3 camere, care v\u0103 promite o via\u021b\u0103 de calitate f\u0103r\u0103 efort \u00een vibrantul cartier situat \u00een imediata apropiere a Pia\u021bei Obor.<\/p>\n<p>Luminos \u0219i primitor, acest apartament a fost conceput s\u0103 r\u0103spund\u0103 nevoilor unui stil de via\u021b\u0103 activ \u0219i dinamic. Situat \u00eentr-o zon\u0103 strategic\u0103, acesta se afl\u0103 la doar c\u00e2teva minute de pas m\u00e2ndrul Veranda Mall, o destina\u021bie predilect\u0103 pentru shopping \u0219i timp liber.<\/p>\n<p>Recent \u00eembr\u0103cat \u00eentr-o anvelop\u0103 nou\u0103, blocul care g\u0103zduie\u0219te acest c\u0103min este dotat cu lift modernizat \u0219i instala\u021bii majore actualizate, care asigur\u0103 locuitorilor un confort termic \u0219i fonic de top. Apartamentul se distinge prin cele 2 balcoane \u00eenchise cu termopan care se desf\u0103\u0219oar\u0103 de-a lungul livingului \u0219i a celor dou\u0103 dormitoare, perfecte pentru a savura cafeaua de diminea\u021b\u0103 sau pentru a te relaxa dup\u0103 o zi \u00eenc\u0103rcat\u0103.<\/p>\n<p>Practicitatea se \u00eemplete\u0219te cu stilul, deoarece apartamentul vine complet mobilat, preg\u0103tit s\u0103 v\u0103 \u00eent\u00e2mpine noua via\u021b\u0103, exact a\u0219a cum pute\u021bi observa \u00een fotografii. Fiecare detaliu a fost g\u00e2ndit cu grij\u0103, iar instala\u021biile electrice \u0219i sanitare sunt noi, pentru a asigura o experien\u021b\u0103 f\u0103r\u0103 griji.<\/p>\n<p>Cei interesa\u021bi de achizi\u021bionarea acestui apartament vor fi \u00eenc\u00e2nta\u021bi s\u0103 afle c\u0103 este disponibil pentru cump\u0103rare printr-un credit ipotecar bancar, ceea ce \u00eel face \u0219i mai accesibil. \u00cen plus, apartamentul este disponibil pentru mutare imediat\u0103, astfel \u00eenc\u00e2t s\u0103 v\u0103 pute\u021bi bucura de noul c\u0103min f\u0103r\u0103 \u00eent\u00e2rziere.<\/p>\n<p>Localizarea excep\u021bional\u0103 \u00een imediata vecin\u0103tatea mijloacelor de transport \u00een comun, inclusiv metrou la aproximativ 5 minute de mers pe jos, adaug\u0103 un plus de valoare locuin\u021bei. Pia\u021ba Obor, cu ofertele sale variate de proaspete \u0219i delicatese locale, este doar la 2-3 minute de mers pe jos, iar Veranda Mall v\u0103 st\u0103 la dispozi\u021bie pentru o sesiune relaxant\u0103 de cump\u0103r\u0103turi sau divertisment. De asemenea, educa\u021bia nu este neglijat\u0103, cu \u0219coli \u0219i gr\u0103dini\u021be amplasate \u00een apropiere.<\/p>\n<p>Nu rata\u021bi ocazia de a v\u0103 ancoreaz\u0103 \u00een acest minunat apartament care promite s\u0103 fie nu doar o cas\u0103, ci un adev\u0103rat c\u0103min. Confortul urban v\u0103 a\u0219teapt\u0103 cu bra\u021bele deschise, iar acest apartament este cheia spre o nou\u0103 via\u021b\u0103 \u00een inima ora\u0219ului.<\/p>\n<p><a href=\"\/bucuresti\/imobiliare-166-2185270-veranda-mall-langa-pta-obor-acces-metrou-la-5min\/\" class=\"pb-listing-action\">Stabileste o vizionare<\/a><\/p>\n<ul>\n<li><a href=\"\/bucuresti\/\">Imobiliare Bucure\u0219ti<\/a><\/li>\n<li><a href=\"\/bucuresti\/apartamente-vanzare\/\">Apartamente de vanzare Bucure\u0219ti<\/a><\/li>\n<li><a href=\"\/bucuresti\/apartamente-vanzare\/3-camere\/\">Apartamente cu 3 camere de vanzare Bucure\u0219ti<\/a><\/li>\n<li><a href=\"\/bucuresti\/apartamente-vanzare\/colentina\/3-camere\/\">Apartamente cu 3 camere de vanzare Colentina, Bucure\u0219ti<\/a><\/li>\n<\/ul>\n\n<!-- ngfb content-buttons begin -->\n<!-- generated on 2026-05-03T04:53:29+00:00 -->\n<div class=\"ngfb-content-buttons\">\n<div class=\"ngfb-buttons en_US\">\n<!-- Email Button --><div class=\"css-button email-button\">\n  <a href=\"mailto:?subject=Share:%20Apartament%203%20camere%20mobilat%2C%20confort%20sporit%2C%20lang%C4%83%20Pia%C8%9Ba%20Obor%20%C8%99i%20Veranda%20Mall%20%26%238211%3B%20Disponibil%20pentru%20mutare%20imediat%C4%83&body=Bucure%C8%99ti%2C%20Colentina%20-%20Apartament%20cu%203%20camere%20decomandat%2C%20luminoase%2C%20dotat%20cu%202%20balcoane%20inchise%2C%20complet%20mobilat%2C%20situat%20langa%20Piata%20Obor%20si%20Veranda%20Mall.%20Recent%20anvelopat%2C%20cu%20lift%20si%20instalatii%20noi%2C%20ofera%20confort%20termic%20si%20fonic.%20Instalatii%20electrice%20si%20sanitare%20modernizate.%20Disponibil%20imediat%2C%20se%20accepta%20credit%20ipotecar.%20Aproape%20de%20metrou%2C%20piete%2C%20scoli%20si%20gradinite.%0D%0A%0D%0AShared%20from%20https:\/\/propertybook.ro\/blog\/apartament-3-camere-mobilat-confort-sporit-langa-piata-obor-si-veranda-mall-disponibil-pentru-mutare-imediata\/%0D%0A\">\n    <span class=\"ngfb-icon\">\n      <svg xmlns=\"http:\/\/www.w3.org\/2000\/svg\" width=\"9\" height=\"9\" viewBox=\"0 0 28 28\">\n        <path d=\"M20.11 26.147c-2.335 1.05-4.36 1.4-7.124 1.4C6.524 27.548.84 22.916.84 15.284.84 7.343 6.602.45 15.4.45c6.854 0 11.8 4.7 11.8 11.252 0 5.684-3.193 9.265-7.398 9.3-1.83 0-3.153-.934-3.347-2.997h-.077c-1.208 1.986-2.96 2.997-5.023 2.997-2.532 0-4.36-1.868-4.36-5.062 0-4.75 3.503-9.07 9.11-9.07 1.713 0 3.7.4 4.6.972l-1.17 7.203c-.387 2.298-.115 3.3 1 3.4 1.674 0 3.774-2.102 3.774-6.58 0-5.06-3.27-8.994-9.304-8.994C9.05 2.87 3.83 7.545 3.83 14.97c0 6.5 4.2 10.2 10 10.202 1.987 0 4.09-.43 5.647-1.245l.634 2.22zM16.647 10.1c-.31-.078-.7-.155-1.207-.155-2.572 0-4.596 2.53-4.596 5.53 0 1.5.7 2.4 1.9 2.4 1.44 0 2.96-1.83 3.31-4.088l.592-3.72z\" \/>\n      <\/svg>\n    <\/span>\n    <span class=\"ngfb-text\"><\/span>\n  <\/a>\n<\/div><\/div><!-- .ngfb-buttons.en_US -->\n<\/div><!-- .ngfb-content-buttons -->\n<!-- ngfb content-buttons end -->\n\n","protected":false},"excerpt":{"rendered":"<p>Bucure\u0219ti, Colentina &#8211; Apartament cu 3 camere decomandat, luminoase, dotat cu 2 balcoane inchise, complet mobilat, situat langa Piata Obor si Veranda Mall. Recent anvelopat, cu lift si instalatii noi, ofera confort termic si fonic. Instalatii electrice si sanitare modernizate. Disponibil imediat, se accepta credit ipotecar. Aproape de metrou, piete, scoli si gradinite.<\/p>\n","protected":false},"author":8,"featured_media":2618,"comment_status":"open","ping_status":"open","sticky":false,"template":"","format":"standard","meta":{"footnotes":""},"categories":[52,49,47],"tags":[59,55,307,89,147,68,338,85],"class_list":["post-2619","post","type-post","status-publish","format-standard","has-post-thumbnail","hentry","category-apartamente-de-vanzare-bucuresti","category-oferte-imobiliare-bucuresti","category-oferte","tag-2-balcoane","tag-3-camere","tag-an-const-1978","tag-bucuresti","tag-colentina","tag-decomandat","tag-etaj-9","tag-termopane"],"_links":{"self":[{"href":"https:\/\/propertybook.ro\/blog\/wp-json\/wp\/v2\/posts\/2619","targetHints":{"allow":["GET"]}}],"collection":[{"href":"https:\/\/propertybook.ro\/blog\/wp-json\/wp\/v2\/posts"}],"about":[{"href":"https:\/\/propertybook.ro\/blog\/wp-json\/wp\/v2\/types\/post"}],"author":[{"embeddable":true,"href":"https:\/\/propertybook.ro\/blog\/wp-json\/wp\/v2\/users\/8"}],"replies":[{"embeddable":true,"href":"https:\/\/propertybook.ro\/blog\/wp-json\/wp\/v2\/comments?post=2619"}],"version-history":[{"count":0,"href":"https:\/\/propertybook.ro\/blog\/wp-json\/wp\/v2\/posts\/2619\/revisions"}],"wp:featuredmedia":[{"embeddable":true,"href":"https:\/\/propertybook.ro\/blog\/wp-json\/wp\/v2\/media\/2618"}],"wp:attachment":[{"href":"https:\/\/propertybook.ro\/blog\/wp-json\/wp\/v2\/media?parent=2619"}],"wp:term":[{"taxonomy":"category","embeddable":true,"href":"https:\/\/propertybook.ro\/blog\/wp-json\/wp\/v2\/categories?post=2619"},{"taxonomy":"post_tag","embeddable":true,"href":"https:\/\/propertybook.ro\/blog\/wp-json\/wp\/v2\/tags?post=2619"}],"curies":[{"name":"wp","href":"https:\/\/api.w.org\/{rel}","templated":true}]}}