{"id":2621,"date":"2024-10-04T13:43:29","date_gmt":"2024-10-04T10:43:29","guid":{"rendered":"https:\/\/propertybook.ro\/blog\/apartament-de-lux-3-camere-in-cartierul-primaverii-bucatarie-mobilata-loc-de-parcare-disponibil\/"},"modified":"2024-10-04T13:43:29","modified_gmt":"2024-10-04T10:43:29","slug":"apartament-de-lux-3-camere-in-cartierul-primaverii-bucatarie-mobilata-loc-de-parcare-disponibil","status":"publish","type":"post","link":"https:\/\/propertybook.ro\/blog\/apartament-de-lux-3-camere-in-cartierul-primaverii-bucatarie-mobilata-loc-de-parcare-disponibil\/","title":{"rendered":"Apartament de Lux 3 Camere in Cartierul Primaverii &#8211; Bucatarie Mobilata, Loc de Parcare Disponibil"},"content":{"rendered":"\n<!-- ngfb content-buttons begin -->\n<!-- generated on 2026-05-03T04:53:31+00:00 -->\n<div class=\"ngfb-content-buttons\">\n<div class=\"ngfb-buttons en_US\">\n<!-- Email Button --><div class=\"css-button email-button\">\n  <a href=\"mailto:?subject=Share:%20Apartament%20de%20Lux%203%20Camere%20in%20Cartierul%20Primaverii%20%26%238211%3B%20Bucatarie%20Mobilata%2C%20Loc%20de%20Parcare%20Disponibil&body=Bucure%C8%99ti%2C%20Prim%C4%83verii%20-%20De%20v%C3%A2nzare%20apartament%20de%203%20camere%2C%20130%20mp%2C%20cu%20buc%C4%83t%C4%83rie%20mobilat%C4%83%20%C8%99i%20utilat%C4%83%20%C3%AEn%20cartierul%20Prim%C4%83verii%2C%20Bucure%C8%99ti.%20Zon%C4%83%20de%20lux%20cu%20infrastructur%C4%83%20excelent%C4%83%20%C8%99i%20acces%20rapid%20la%20nodul%20rutier%20Piata%20Aviatorilor.%20Facilit%C4%83%C8%9Bi%3A%20clinici%2C%20restaurante%20%C8%99i%20liceul%20Jean%20Monnet.%20Loc%20de%20parcare%20disponibil%20contra%20cost.%20Disponibil%20imediat.%0D%0A%0D%0AShared%20from%20https:\/\/propertybook.ro\/blog\/apartament-de-lux-3-camere-in-cartierul-primaverii-bucatarie-mobilata-loc-de-parcare-disponibil\/%0D%0A\">\n    <span class=\"ngfb-icon\">\n      <svg xmlns=\"http:\/\/www.w3.org\/2000\/svg\" width=\"9\" height=\"9\" viewBox=\"0 0 28 28\">\n        <path d=\"M20.11 26.147c-2.335 1.05-4.36 1.4-7.124 1.4C6.524 27.548.84 22.916.84 15.284.84 7.343 6.602.45 15.4.45c6.854 0 11.8 4.7 11.8 11.252 0 5.684-3.193 9.265-7.398 9.3-1.83 0-3.153-.934-3.347-2.997h-.077c-1.208 1.986-2.96 2.997-5.023 2.997-2.532 0-4.36-1.868-4.36-5.062 0-4.75 3.503-9.07 9.11-9.07 1.713 0 3.7.4 4.6.972l-1.17 7.203c-.387 2.298-.115 3.3 1 3.4 1.674 0 3.774-2.102 3.774-6.58 0-5.06-3.27-8.994-9.304-8.994C9.05 2.87 3.83 7.545 3.83 14.97c0 6.5 4.2 10.2 10 10.202 1.987 0 4.09-.43 5.647-1.245l.634 2.22zM16.647 10.1c-.31-.078-.7-.155-1.207-.155-2.572 0-4.596 2.53-4.596 5.53 0 1.5.7 2.4 1.9 2.4 1.44 0 2.96-1.83 3.31-4.088l.592-3.72z\" \/>\n      <\/svg>\n    <\/span>\n    <span class=\"ngfb-text\"><\/span>\n  <\/a>\n<\/div><\/div><!-- .ngfb-buttons.en_US -->\n<\/div><!-- .ngfb-content-buttons -->\n<!-- ngfb content-buttons end -->\n\n\n<!-- ngfb schema image for pinterest pin it button -->\n<div class=\"ngfb-schema-image-for-pinterest\" style=\"display:none;\">\n<img loading=\"lazy\" decoding=\"async\" src=\"https:\/\/propertybook.ro\/blog\/wp-content\/uploads\/2024\/10\/11016136.webp\" width=\"0\" height=\"0\" style=\"width:0;height:0;\" data-pin-description=\"Bucure\u0219ti, Prim\u0103verii - De v&acirc;nzare apartament de 3 camere, 130 mp, cu buc\u0103t\u0103rie mobilat\u0103 \u0219i utilat\u0103 &icirc;n cartierul Prim\u0103verii, Bucure\u0219ti. Zon\u0103 de lux cu infrastructur\u0103 excelent\u0103 \u0219i acces rapid la nodul rutier Piata Aviatorilor. Facilit\u0103\u021bi: clinici, restaurante \u0219i liceul Jean Monnet. Loc de parcare...\" alt=\"\"\/>\n<\/div><!-- .ngfb-schema-image-for-pinterest -->\n\n<figure class=\"wp-block-image size-large\"><img decoding=\"async\" src=\"https:\/\/cdn.propertybook.ro\/svn_residentialist\/11016136.webp\" alt=\"\" \/><\/figure>\n<ul>\n<li><a href=\"\/bucuresti\/\">Imobiliare Bucure\u0219ti<\/a><\/li>\n<li><a href=\"\/bucuresti\/apartamente-vanzare\/\">Apartamente de vanzare Bucure\u0219ti<\/a><\/li>\n<li><a href=\"\/bucuresti\/apartamente-vanzare\/3-camere\/\">Apartamente cu 3 camere de vanzare Bucure\u0219ti<\/a><\/li>\n<li><a href=\"\/bucuresti\/apartamente-vanzare\/primaverii\/3-camere\/\">Apartamente cu 3 camere de vanzare Prim\u0103verii, Bucure\u0219ti<\/a><\/li>\n<\/ul>\n<p><a href=\"\/bucuresti\/imobiliare-163-11016136-se-vinde-apartament-3-camere-in-sector-1-zona-primaverii\/\" class=\"pb-listing-action\">Detaliile proprietatii<\/a><\/p>\n<p>Titlu: Descoper\u0103 Luxul \u0219i Elegan\u021ba: Apartament de 3 Camere \u00een Inima Cartierului Prim\u0103verii<\/p>\n<p>C\u00e2nd vine vorba de o combina\u021bie \u00eentre elegan\u021b\u0103, confort \u0219i accesibilitate, pu\u021bine locuin\u021be pot rivaliza cu frumuse\u021bea \u0219i facilit\u0103\u021bile unui apartament generos situat \u00een cartierul Prim\u0103verii din Bucure\u0219ti. Ast\u0103zi, v\u0103 invit\u0103m s\u0103 explora\u021bi o proprietate deosebit\u0103, care aduce \u00eempreun\u0103 toate aceste calit\u0103\u021bi \u00eentr-o ofert\u0103 imobiliar\u0103 ce nu trebuie ratat\u0103.<\/p>\n<p>Aceast\u0103 proprietate exclusivist\u0103 cuprinde un apartament impresionant de 130 mp utili, ideal pentru cei care apreciaz\u0103 spa\u021biul generos \u0219i designul interior de calitate. Camerele bine propor\u021bionate sunt proiectate cu grij\u0103 pentru a oferi confortul maxim, iar finisajele selecte subliniaz\u0103 un stil de via\u021b\u0103 modern \u0219i rafinat.<\/p>\n<p>Buc\u0103t\u0103ria, inima oric\u0103rui c\u0103min, nu doar c\u0103 este mobilat\u0103, dar este \u0219i complet utilat\u0103. Echipamentele moderne \u0219i spa\u021biile de depozitare abundente transform\u0103 g\u0103titul \u00eentr-o pl\u0103cere \u0219i \u00eent\u00e2lnirile cu familia \u0219i prietenii \u00een momente memorabile.<\/p>\n<p>Un aspect adi\u021bional care adaug\u0103 valoare acestei propriet\u0103\u021bi este posibilitatea de a achizi\u021biona separat un loc de parcare. De\u0219i acesta vine la un cost suplimentar, posibilitatea de a avea un spa\u021biu sigur \u0219i privat pentru vehiculul dvs. este esen\u021bial\u0103 \u00eentr-un cartier at\u00e2t de c\u0103utat.<\/p>\n<p>Cartierul Prim\u0103verii este renumit pentru istoria \u0219i prestigiul s\u0103u. Construite ini\u021bial pentru demnitari \u00een perioada comunist\u0103, apartamentele din zon\u0103 sunt sinonime cu luxul \u0219i designul impun\u0103tor. Acest cartier nu doar c\u0103 ofer\u0103 locuin\u021be extraordinare, dar se m\u00e2ndre\u0219te \u0219i cu o infrastructur\u0103 excelent\u0103 \u0219i servicii de \u00eenalt\u0103 calitate.<\/p>\n<p>Pentru cei interesa\u021bi de s\u0103n\u0103tate \u0219i frumuse\u021be, cartierul g\u0103zduie\u0219te clinici dentare de top cum ar fi Smile Experts \u0219i New Dental, precum \u0219i clinica de chirurgie plastic\u0103 Elysium. Restaurantele fine, inclusiv Mesogios Seafood, Osho \u0219i City Grill, sunt perfecte pentru degust\u0103torii culinari care apreciaz\u0103 m\u00e2nc\u0103rurile exquisite, iar cafeneaua Poesia este locul ideal pentru a savura o cafea bun\u0103 \u00eentr-o atmosfer\u0103 poetica.<\/p>\n<p>Familiile cu copii vor fi \u00eenc\u00e2ntate s\u0103 \u0219tie c\u0103 \u00een apropiere se afl\u0103 Liceul Jean Monnet, o institu\u021bie unde educa\u021bia este pre\u021buit\u0103 \u0219i oferit\u0103 la standarde \u00eenalte. Facilit\u0103\u021bile medicale private, cum ar fi Regina Maria sau Second Opinion, sunt, de asemenea, u\u0219or accesibile pentru locuitorii cartierului.<\/p>\n<p>Dac\u0103 v\u0103 dori\u021bi un stil de via\u021b\u0103 de invidiat \u00eentr-o loca\u021bie prestigioas\u0103, acest apartament din Prim\u0103verii este gata s\u0103 v\u0103 \u00eent\u00e2mpine cu bra\u021bele deschise. Beneficiind de o pozi\u021bionare ideal\u0103, aproape de Piata Aviatorilor \u0219i de importante artere rutiere, accesul \u00een restul ora\u0219ului este facil, permi\u021b\u00e2ndu-v\u0103 s\u0103 ajunge\u021bi rapid oriunde \u00een capital\u0103.<\/p>\n<p>Proprietatea este disponibil\u0103 imediat, a\u0219tept\u00e2ndu-i pe cei care \u00ee\u0219i doresc s\u0103 tr\u0103iasc\u0103 \u00eentr-o zon\u0103 care reflect\u0103 elegan\u021ba, istoria \u0219i sofisticarea. Pentru mai multe detalii \u0219i pentru a descoperi dac\u0103 acest apartament de vis poate deveni noua dvs. oaz\u0103 de lini\u0219te, v\u0103 \u00eencuraj\u0103m s\u0103 accesa\u021bi platformele de anun\u021buri imobiliare sau s\u0103 contacta\u021bi un agent imobiliar pentru a planifica o vizionare. Acesta este unul dintre acele locuri speciale care trebuie v\u0103zut pentru a-i aprecia cu adev\u0103rat valoarea \u0219i farmecul.<\/p>\n<p><a href=\"\/bucuresti\/imobiliare-163-11016136-se-vinde-apartament-3-camere-in-sector-1-zona-primaverii\/\" class=\"pb-listing-action\">Stabileste o vizionare<\/a><\/p>\n<ul>\n<li><a href=\"\/bucuresti\/\">Imobiliare Bucure\u0219ti<\/a><\/li>\n<li><a href=\"\/bucuresti\/apartamente-vanzare\/\">Apartamente de vanzare Bucure\u0219ti<\/a><\/li>\n<li><a href=\"\/bucuresti\/apartamente-vanzare\/3-camere\/\">Apartamente cu 3 camere de vanzare Bucure\u0219ti<\/a><\/li>\n<li><a href=\"\/bucuresti\/apartamente-vanzare\/primaverii\/3-camere\/\">Apartamente cu 3 camere de vanzare Prim\u0103verii, Bucure\u0219ti<\/a><\/li>\n<\/ul>\n\n<!-- ngfb content-buttons begin -->\n<!-- generated on 2026-05-03T04:53:31+00:00 -->\n<div class=\"ngfb-content-buttons\">\n<div class=\"ngfb-buttons en_US\">\n<!-- Email Button --><div class=\"css-button email-button\">\n  <a href=\"mailto:?subject=Share:%20Apartament%20de%20Lux%203%20Camere%20in%20Cartierul%20Primaverii%20%26%238211%3B%20Bucatarie%20Mobilata%2C%20Loc%20de%20Parcare%20Disponibil&body=Bucure%C8%99ti%2C%20Prim%C4%83verii%20-%20De%20v%C3%A2nzare%20apartament%20de%203%20camere%2C%20130%20mp%2C%20cu%20buc%C4%83t%C4%83rie%20mobilat%C4%83%20%C8%99i%20utilat%C4%83%20%C3%AEn%20cartierul%20Prim%C4%83verii%2C%20Bucure%C8%99ti.%20Zon%C4%83%20de%20lux%20cu%20infrastructur%C4%83%20excelent%C4%83%20%C8%99i%20acces%20rapid%20la%20nodul%20rutier%20Piata%20Aviatorilor.%20Facilit%C4%83%C8%9Bi%3A%20clinici%2C%20restaurante%20%C8%99i%20liceul%20Jean%20Monnet.%20Loc%20de%20parcare%20disponibil%20contra%20cost.%20Disponibil%20imediat.%0D%0A%0D%0AShared%20from%20https:\/\/propertybook.ro\/blog\/apartament-de-lux-3-camere-in-cartierul-primaverii-bucatarie-mobilata-loc-de-parcare-disponibil\/%0D%0A\">\n    <span class=\"ngfb-icon\">\n      <svg xmlns=\"http:\/\/www.w3.org\/2000\/svg\" width=\"9\" height=\"9\" viewBox=\"0 0 28 28\">\n        <path d=\"M20.11 26.147c-2.335 1.05-4.36 1.4-7.124 1.4C6.524 27.548.84 22.916.84 15.284.84 7.343 6.602.45 15.4.45c6.854 0 11.8 4.7 11.8 11.252 0 5.684-3.193 9.265-7.398 9.3-1.83 0-3.153-.934-3.347-2.997h-.077c-1.208 1.986-2.96 2.997-5.023 2.997-2.532 0-4.36-1.868-4.36-5.062 0-4.75 3.503-9.07 9.11-9.07 1.713 0 3.7.4 4.6.972l-1.17 7.203c-.387 2.298-.115 3.3 1 3.4 1.674 0 3.774-2.102 3.774-6.58 0-5.06-3.27-8.994-9.304-8.994C9.05 2.87 3.83 7.545 3.83 14.97c0 6.5 4.2 10.2 10 10.202 1.987 0 4.09-.43 5.647-1.245l.634 2.22zM16.647 10.1c-.31-.078-.7-.155-1.207-.155-2.572 0-4.596 2.53-4.596 5.53 0 1.5.7 2.4 1.9 2.4 1.44 0 2.96-1.83 3.31-4.088l.592-3.72z\" \/>\n      <\/svg>\n    <\/span>\n    <span class=\"ngfb-text\"><\/span>\n  <\/a>\n<\/div><\/div><!-- .ngfb-buttons.en_US -->\n<\/div><!-- .ngfb-content-buttons -->\n<!-- ngfb content-buttons end -->\n\n","protected":false},"excerpt":{"rendered":"<p>Bucure\u0219ti, Prim\u0103verii &#8211; De v\u00e2nzare apartament de 3 camere, 130 mp, cu buc\u0103t\u0103rie mobilat\u0103 \u0219i utilat\u0103 \u00een cartierul Prim\u0103verii, Bucure\u0219ti. Zon\u0103 de lux cu infrastructur\u0103 excelent\u0103 \u0219i acces rapid la nodul rutier Piata Aviatorilor. Facilit\u0103\u021bi: clinici, restaurante \u0219i liceul Jean Monnet. Loc de parcare disponibil contra cost. Disponibil imediat.<\/p>\n","protected":false},"author":8,"featured_media":2620,"comment_status":"open","ping_status":"open","sticky":false,"template":"","format":"standard","meta":{"footnotes":""},"categories":[52,49,47],"tags":[59,55,130,89,68,110,70,334,85],"class_list":["post-2621","post","type-post","status-publish","format-standard","has-post-thumbnail","hentry","category-apartamente-de-vanzare-bucuresti","category-oferte-imobiliare-bucuresti","category-oferte","tag-2-balcoane","tag-3-camere","tag-an-const-2008","tag-bucuresti","tag-decomandat","tag-etaj-1-5","tag-parchet","tag-primaverii","tag-termopane"],"_links":{"self":[{"href":"https:\/\/propertybook.ro\/blog\/wp-json\/wp\/v2\/posts\/2621","targetHints":{"allow":["GET"]}}],"collection":[{"href":"https:\/\/propertybook.ro\/blog\/wp-json\/wp\/v2\/posts"}],"about":[{"href":"https:\/\/propertybook.ro\/blog\/wp-json\/wp\/v2\/types\/post"}],"author":[{"embeddable":true,"href":"https:\/\/propertybook.ro\/blog\/wp-json\/wp\/v2\/users\/8"}],"replies":[{"embeddable":true,"href":"https:\/\/propertybook.ro\/blog\/wp-json\/wp\/v2\/comments?post=2621"}],"version-history":[{"count":0,"href":"https:\/\/propertybook.ro\/blog\/wp-json\/wp\/v2\/posts\/2621\/revisions"}],"wp:featuredmedia":[{"embeddable":true,"href":"https:\/\/propertybook.ro\/blog\/wp-json\/wp\/v2\/media\/2620"}],"wp:attachment":[{"href":"https:\/\/propertybook.ro\/blog\/wp-json\/wp\/v2\/media?parent=2621"}],"wp:term":[{"taxonomy":"category","embeddable":true,"href":"https:\/\/propertybook.ro\/blog\/wp-json\/wp\/v2\/categories?post=2621"},{"taxonomy":"post_tag","embeddable":true,"href":"https:\/\/propertybook.ro\/blog\/wp-json\/wp\/v2\/tags?post=2621"}],"curies":[{"name":"wp","href":"https:\/\/api.w.org\/{rel}","templated":true}]}}