{"id":2633,"date":"2024-10-04T17:45:37","date_gmt":"2024-10-04T14:45:37","guid":{"rendered":"https:\/\/propertybook.ro\/blog\/apartament-modern-de-57-mp-cu-design-profesional-si-doua-locuri-de-parcare-incluse\/"},"modified":"2024-10-04T17:45:37","modified_gmt":"2024-10-04T14:45:37","slug":"apartament-modern-de-57-mp-cu-design-profesional-si-doua-locuri-de-parcare-incluse","status":"publish","type":"post","link":"https:\/\/propertybook.ro\/blog\/apartament-modern-de-57-mp-cu-design-profesional-si-doua-locuri-de-parcare-incluse\/","title":{"rendered":"Apartament Modern de 57 mp cu Design Profesional \u0219i Dou\u0103 Locuri de Parcare Incluse"},"content":{"rendered":"\n<!-- ngfb content-buttons begin -->\n<!-- generated on 2026-05-03T09:28:23+00:00 -->\n<div class=\"ngfb-content-buttons\">\n<div class=\"ngfb-buttons en_US\">\n<!-- Email Button --><div class=\"css-button email-button\">\n  <a href=\"mailto:?subject=Share:%20Apartament%20Modern%20de%2057%20mp%20cu%20Design%20Profesional%20%C8%99i%20Dou%C4%83%20Locuri%20de%20Parcare%20Incluse&body=Bucure%C8%99ti%2C%20Tei%20-%20Apartament%20semidecomandat%20de%2057%20mp%2C%20cu%20living%20%C8%99i%20buc%C4%83t%C4%83rie%20deschis%C4%83%2C%20dormitor%2C%20baie%2C%20hol%20%C8%99i%20balcon%20de%203%20mp.%20Design%20interior%20de%20lux%2C%20nemobilat%2C%20include%20dou%C4%83%20locuri%20de%20parcare%20subterane.%20Certificatul%20energetic%20va%20fi%20disponibil%20la%20v%C3%A2nzare.%0D%0A%0D%0AShared%20from%20https:\/\/propertybook.ro\/blog\/apartament-modern-de-57-mp-cu-design-profesional-si-doua-locuri-de-parcare-incluse\/%0D%0A\">\n    <span class=\"ngfb-icon\">\n      <svg xmlns=\"http:\/\/www.w3.org\/2000\/svg\" width=\"9\" height=\"9\" viewBox=\"0 0 28 28\">\n        <path d=\"M20.11 26.147c-2.335 1.05-4.36 1.4-7.124 1.4C6.524 27.548.84 22.916.84 15.284.84 7.343 6.602.45 15.4.45c6.854 0 11.8 4.7 11.8 11.252 0 5.684-3.193 9.265-7.398 9.3-1.83 0-3.153-.934-3.347-2.997h-.077c-1.208 1.986-2.96 2.997-5.023 2.997-2.532 0-4.36-1.868-4.36-5.062 0-4.75 3.503-9.07 9.11-9.07 1.713 0 3.7.4 4.6.972l-1.17 7.203c-.387 2.298-.115 3.3 1 3.4 1.674 0 3.774-2.102 3.774-6.58 0-5.06-3.27-8.994-9.304-8.994C9.05 2.87 3.83 7.545 3.83 14.97c0 6.5 4.2 10.2 10 10.202 1.987 0 4.09-.43 5.647-1.245l.634 2.22zM16.647 10.1c-.31-.078-.7-.155-1.207-.155-2.572 0-4.596 2.53-4.596 5.53 0 1.5.7 2.4 1.9 2.4 1.44 0 2.96-1.83 3.31-4.088l.592-3.72z\" \/>\n      <\/svg>\n    <\/span>\n    <span class=\"ngfb-text\"><\/span>\n  <\/a>\n<\/div><\/div><!-- .ngfb-buttons.en_US -->\n<\/div><!-- .ngfb-content-buttons -->\n<!-- ngfb content-buttons end -->\n\n\n<!-- ngfb schema image for pinterest pin it button -->\n<div class=\"ngfb-schema-image-for-pinterest\" style=\"display:none;\">\n<img loading=\"lazy\" decoding=\"async\" src=\"https:\/\/propertybook.ro\/blog\/wp-content\/uploads\/2024\/10\/11008777.webp\" width=\"0\" height=\"0\" style=\"width:0;height:0;\" data-pin-description=\"Bucure\u0219ti, Tei - Apartament semidecomandat de 57 mp, cu living \u0219i buc\u0103t\u0103rie deschis\u0103, dormitor, baie, hol \u0219i balcon de 3 mp. Design interior de lux, nemobilat, include dou\u0103 locuri de parcare subterane. Certificatul energetic va fi disponibil la v&acirc;nzare.\" alt=\"\"\/>\n<\/div><!-- .ngfb-schema-image-for-pinterest -->\n\n<figure class=\"wp-block-image size-large\"><img decoding=\"async\" src=\"https:\/\/cdn.propertybook.ro\/svn_residentialist\/11008777.webp\" alt=\"\" \/><\/figure>\n<ul>\n<li><a href=\"\/bucuresti\/\">Imobiliare Bucure\u0219ti<\/a><\/li>\n<li><a href=\"\/bucuresti\/apartamente-vanzare\/\">Apartamente de vanzare Bucure\u0219ti<\/a><\/li>\n<li><a href=\"\/bucuresti\/apartamente-vanzare\/2-camere\/\">Apartamente cu 2 camere de vanzare Bucure\u0219ti<\/a><\/li>\n<li><a href=\"\/bucuresti\/apartamente-vanzare\/tei\/2-camere\/\">Apartamente cu 2 camere de vanzare Tei, Bucure\u0219ti<\/a><\/li>\n<\/ul>\n<p><a href=\"\/bucuresti\/imobiliare-163-11008777-se-vinde-apartament-2-camere-in-sector-2-zona-floreasca\/\" class=\"pb-listing-action\">Detaliile proprietatii<\/a><\/p>\n<p>Blog Post: Descoper\u0103 Bijuteria Modern\u0103 a Designului Interior \u00een Noul Ansamblu Reziden\u021bial<\/p>\n<p>Gata s\u0103 v\u0103 muta\u021bi \u00eentr-un loc care s\u0103 reflecte nu doar confortul, dar \u0219i elegan\u021ba unui design interior de clas\u0103 mondial\u0103? Dac\u0103 sunte\u021bi \u00een c\u0103utarea unei proprieta\u021bi care s\u0103 combine stilul modern cu practicabilitatea, avem pl\u0103cerea s\u0103 v\u0103 prezent\u0103m o oportunitate unic\u0103 pe pia\u021ba imobiliar\u0103: un apartament proasp\u0103t amenajat, gata s\u0103 devin\u0103 noul dumneavoastr\u0103 acas\u0103.<\/p>\n<p>Aceast\u0103 proprietate exclusiv\u0103 are o suprafa\u021b\u0103 util\u0103 de 57 de metri p\u0103tra\u021bi, fiind conceput\u0103 cu o compartimentare semidecomandat\u0103 ce maximizeaz\u0103 at\u00e2t spa\u021biul, c\u00e2t \u0219i func\u021bionalitatea. De \u00eendat\u0103 ce deschide\u021bi u\u0219a, ve\u021bi fi \u00eent\u00e2mpina\u021bi de un hol primitor care v\u0103 conduce direct \u00een inima apartamentului: un living spa\u021bios cu buc\u0103t\u0103rie deschis\u0103. Acest spa\u021biu comun este perfect pentru momente relaxante \u00een familie sau pentru a g\u0103zdui o petrecere cu prietenii.<\/p>\n<p>Merg\u00e2nd mai departe, proprietatea v\u0103 ofer\u0103 un dormitor lini\u0219tit \u0219i odihnitor, precum \u0219i o baie modern\u0103, echipat\u0103 cu cele mai noi finisaje \u0219i accesorii. Balconul de 3 mp este locul perfect pentru a savura cafeaua de diminea\u021b\u0103 sau pentru a te relaxa seara, bucur\u00e2ndu-te de aerul proasp\u0103t.<\/p>\n<p>Designul interior al apartamentului a fost realizat \u00een colaborare cu un designer de renume, iar fiecare element de mobilier \u0219i fiecare finisaj reflect\u0103 acest parteneriat, cre\u00e2nd un ambient sofisticat \u0219i primitor. Ceea ce face aceast\u0103 proprietate cu adev\u0103rat excep\u021bional\u0103 este faptul c\u0103 nu a fost locuit\u0103 p\u00e2n\u0103 acum. Cump\u0103r\u0103torul are ocazia unic\u0103 de a de\u021bine o locuin\u021b\u0103 nou\u0103, neschimbat\u0103, exact a\u0219a cum se prezint\u0103 \u00een fotografii.<\/p>\n<p>\u00cen plus, apartamentul vine cu un bonus inestimabil: dou\u0103 locuri de parcare subterane, asigur\u00e2ndu-v\u0103 c\u0103 venirea acas\u0103 va fi mereu u\u0219oar\u0103 \u0219i convenabil\u0103, f\u0103r\u0103 grijile c\u0103ut\u0103rii unui loc de parcare.<\/p>\n<p>V\u0103 putem informa c\u0103 detaliile finale legate de eficien\u021ba energetic\u0103 a imobilului vor fi disponibile la momentul v\u00e2nz\u0103rii, asigur\u00e2nd conformitatea cu reglement\u0103rile actuale.<\/p>\n<p>Aceast\u0103 proprietate reprezint\u0103 o oportunitate rar\u0103 pe pia\u021ba imobiliar\u0103, atent\u0103 la detaliile care conteaz\u0103 pentru un trai de lux. Contacta\u021bi-ne pentru mai multe informa\u021bii \u0219i pentru a programa o vizionare. Descoperi\u021bi locul unde elegan\u021ba \u0219i confortul se \u00eent\u00e2lnesc \u00een armonie perfect\u0103. Acest apartament nu este doar o cas\u0103, este o declara\u021bie de stil \u0219i rafinament.<\/p>\n<p><a href=\"\/bucuresti\/imobiliare-163-11008777-se-vinde-apartament-2-camere-in-sector-2-zona-floreasca\/\" class=\"pb-listing-action\">Stabileste o vizionare<\/a><\/p>\n<ul>\n<li><a href=\"\/bucuresti\/\">Imobiliare Bucure\u0219ti<\/a><\/li>\n<li><a href=\"\/bucuresti\/apartamente-vanzare\/\">Apartamente de vanzare Bucure\u0219ti<\/a><\/li>\n<li><a href=\"\/bucuresti\/apartamente-vanzare\/2-camere\/\">Apartamente cu 2 camere de vanzare Bucure\u0219ti<\/a><\/li>\n<li><a href=\"\/bucuresti\/apartamente-vanzare\/tei\/2-camere\/\">Apartamente cu 2 camere de vanzare Tei, Bucure\u0219ti<\/a><\/li>\n<\/ul>\n\n<!-- ngfb content-buttons begin -->\n<!-- generated on 2026-05-03T09:28:23+00:00 -->\n<div class=\"ngfb-content-buttons\">\n<div class=\"ngfb-buttons en_US\">\n<!-- Email Button --><div class=\"css-button email-button\">\n  <a href=\"mailto:?subject=Share:%20Apartament%20Modern%20de%2057%20mp%20cu%20Design%20Profesional%20%C8%99i%20Dou%C4%83%20Locuri%20de%20Parcare%20Incluse&body=Bucure%C8%99ti%2C%20Tei%20-%20Apartament%20semidecomandat%20de%2057%20mp%2C%20cu%20living%20%C8%99i%20buc%C4%83t%C4%83rie%20deschis%C4%83%2C%20dormitor%2C%20baie%2C%20hol%20%C8%99i%20balcon%20de%203%20mp.%20Design%20interior%20de%20lux%2C%20nemobilat%2C%20include%20dou%C4%83%20locuri%20de%20parcare%20subterane.%20Certificatul%20energetic%20va%20fi%20disponibil%20la%20v%C3%A2nzare.%0D%0A%0D%0AShared%20from%20https:\/\/propertybook.ro\/blog\/apartament-modern-de-57-mp-cu-design-profesional-si-doua-locuri-de-parcare-incluse\/%0D%0A\">\n    <span class=\"ngfb-icon\">\n      <svg xmlns=\"http:\/\/www.w3.org\/2000\/svg\" width=\"9\" height=\"9\" viewBox=\"0 0 28 28\">\n        <path d=\"M20.11 26.147c-2.335 1.05-4.36 1.4-7.124 1.4C6.524 27.548.84 22.916.84 15.284.84 7.343 6.602.45 15.4.45c6.854 0 11.8 4.7 11.8 11.252 0 5.684-3.193 9.265-7.398 9.3-1.83 0-3.153-.934-3.347-2.997h-.077c-1.208 1.986-2.96 2.997-5.023 2.997-2.532 0-4.36-1.868-4.36-5.062 0-4.75 3.503-9.07 9.11-9.07 1.713 0 3.7.4 4.6.972l-1.17 7.203c-.387 2.298-.115 3.3 1 3.4 1.674 0 3.774-2.102 3.774-6.58 0-5.06-3.27-8.994-9.304-8.994C9.05 2.87 3.83 7.545 3.83 14.97c0 6.5 4.2 10.2 10 10.202 1.987 0 4.09-.43 5.647-1.245l.634 2.22zM16.647 10.1c-.31-.078-.7-.155-1.207-.155-2.572 0-4.596 2.53-4.596 5.53 0 1.5.7 2.4 1.9 2.4 1.44 0 2.96-1.83 3.31-4.088l.592-3.72z\" \/>\n      <\/svg>\n    <\/span>\n    <span class=\"ngfb-text\"><\/span>\n  <\/a>\n<\/div><\/div><!-- .ngfb-buttons.en_US -->\n<\/div><!-- .ngfb-content-buttons -->\n<!-- ngfb content-buttons end -->\n\n","protected":false},"excerpt":{"rendered":"<p>Bucure\u0219ti, Tei &#8211; Apartament semidecomandat de 57 mp, cu living \u0219i buc\u0103t\u0103rie deschis\u0103, dormitor, baie, hol \u0219i balcon de 3 mp. Design interior de lux, nemobilat, include dou\u0103 locuri de parcare subterane. Certificatul energetic va fi disponibil la v\u00e2nzare.<\/p>\n","protected":false},"author":8,"featured_media":2632,"comment_status":"open","ping_status":"open","sticky":false,"template":"","format":"standard","meta":{"footnotes":""},"categories":[52,49,47],"tags":[62,64,74,89,172,70,63,85],"class_list":["post-2633","post","type-post","status-publish","format-standard","has-post-thumbnail","hentry","category-apartamente-de-vanzare-bucuresti","category-oferte-imobiliare-bucuresti","category-oferte","tag-2-camere","tag-an-const-2021","tag-balcon","tag-bucuresti","tag-etaj-9-10","tag-parchet","tag-semidecomandat","tag-termopane"],"_links":{"self":[{"href":"https:\/\/propertybook.ro\/blog\/wp-json\/wp\/v2\/posts\/2633","targetHints":{"allow":["GET"]}}],"collection":[{"href":"https:\/\/propertybook.ro\/blog\/wp-json\/wp\/v2\/posts"}],"about":[{"href":"https:\/\/propertybook.ro\/blog\/wp-json\/wp\/v2\/types\/post"}],"author":[{"embeddable":true,"href":"https:\/\/propertybook.ro\/blog\/wp-json\/wp\/v2\/users\/8"}],"replies":[{"embeddable":true,"href":"https:\/\/propertybook.ro\/blog\/wp-json\/wp\/v2\/comments?post=2633"}],"version-history":[{"count":0,"href":"https:\/\/propertybook.ro\/blog\/wp-json\/wp\/v2\/posts\/2633\/revisions"}],"wp:featuredmedia":[{"embeddable":true,"href":"https:\/\/propertybook.ro\/blog\/wp-json\/wp\/v2\/media\/2632"}],"wp:attachment":[{"href":"https:\/\/propertybook.ro\/blog\/wp-json\/wp\/v2\/media?parent=2633"}],"wp:term":[{"taxonomy":"category","embeddable":true,"href":"https:\/\/propertybook.ro\/blog\/wp-json\/wp\/v2\/categories?post=2633"},{"taxonomy":"post_tag","embeddable":true,"href":"https:\/\/propertybook.ro\/blog\/wp-json\/wp\/v2\/tags?post=2633"}],"curies":[{"name":"wp","href":"https:\/\/api.w.org\/{rel}","templated":true}]}}