{"id":2799,"date":"2024-10-17T17:43:44","date_gmt":"2024-10-17T14:43:44","guid":{"rendered":"https:\/\/propertybook.ro\/blog\/vila-interbelica-deosebita-in-cartierul-armenesc-oportunitate-de-investitie-in-bucuresti\/"},"modified":"2024-10-17T17:43:44","modified_gmt":"2024-10-17T14:43:44","slug":"vila-interbelica-deosebita-in-cartierul-armenesc-oportunitate-de-investitie-in-bucuresti","status":"publish","type":"post","link":"https:\/\/propertybook.ro\/blog\/vila-interbelica-deosebita-in-cartierul-armenesc-oportunitate-de-investitie-in-bucuresti\/","title":{"rendered":"Vila Interbelic\u0103 deosebit\u0103 \u00een Cartierul Armenesc &#8211; Oportunitate de Investi\u021bie \u00een Bucure\u0219ti!"},"content":{"rendered":"\n<!-- ngfb content-buttons begin -->\n<!-- generated on 2026-04-30T15:16:53+00:00 -->\n<div class=\"ngfb-content-buttons\">\n<div class=\"ngfb-buttons en_US\">\n<!-- Email Button --><div class=\"css-button email-button\">\n  <a href=\"mailto:?subject=Share:%20Vila%20Interbelic%C4%83%20deosebit%C4%83%20%C3%AEn%20Cartierul%20Armenesc%20%26%238211%3B%20Oportunitate%20de%20Investi%C8%9Bie%20%C3%AEn%20Bucure%C8%99ti%21&body=Bucure%C8%99ti%20-%20Vila%20interbelic%C4%83%20din%20cartierul%20Armenesc%2C%20construit%C4%83%20%C3%AEn%201933%20%C8%99i%20reconsolidat%C4%83%20%C3%AEn%202020%2C%20ofer%C4%83%20260%20mp%20utili%2C%20cu%207%20camere%20la%20parter%20%C8%99i%202%20camere%20plus%20o%20baie%20la%20demisol.%20Terenul%20are%20210%20mp%20%C8%99i%20imobilul%20este%20situat%20%C3%AEn%20centrul%20Bucure%C8%99tiului%2C%20%C3%AEntr-o%20zon%C4%83%20lini%C8%99tit%C4%83%2C%20ideal%C4%83%20pentru%20locuin%C8%9B%C4%83%20sau%20investi%C8%9Bie.%20%C3%8En%20prezent%2C%20proprietatea%20este%20%C3%AEnchiriat%C4%83%20pentru%202100%20Euro.%20Certificatul%20energetic%20va%20fi%20disponibil%20la%20tranzac%C8%9Bie.%0D%0A%0D%0AShared%20from%20https:\/\/propertybook.ro\/blog\/vila-interbelica-deosebita-in-cartierul-armenesc-oportunitate-de-investitie-in-bucuresti\/%0D%0A\">\n    <span class=\"ngfb-icon\">\n      <svg xmlns=\"http:\/\/www.w3.org\/2000\/svg\" width=\"9\" height=\"9\" viewBox=\"0 0 28 28\">\n        <path d=\"M20.11 26.147c-2.335 1.05-4.36 1.4-7.124 1.4C6.524 27.548.84 22.916.84 15.284.84 7.343 6.602.45 15.4.45c6.854 0 11.8 4.7 11.8 11.252 0 5.684-3.193 9.265-7.398 9.3-1.83 0-3.153-.934-3.347-2.997h-.077c-1.208 1.986-2.96 2.997-5.023 2.997-2.532 0-4.36-1.868-4.36-5.062 0-4.75 3.503-9.07 9.11-9.07 1.713 0 3.7.4 4.6.972l-1.17 7.203c-.387 2.298-.115 3.3 1 3.4 1.674 0 3.774-2.102 3.774-6.58 0-5.06-3.27-8.994-9.304-8.994C9.05 2.87 3.83 7.545 3.83 14.97c0 6.5 4.2 10.2 10 10.202 1.987 0 4.09-.43 5.647-1.245l.634 2.22zM16.647 10.1c-.31-.078-.7-.155-1.207-.155-2.572 0-4.596 2.53-4.596 5.53 0 1.5.7 2.4 1.9 2.4 1.44 0 2.96-1.83 3.31-4.088l.592-3.72z\" \/>\n      <\/svg>\n    <\/span>\n    <span class=\"ngfb-text\"><\/span>\n  <\/a>\n<\/div><\/div><!-- .ngfb-buttons.en_US -->\n<\/div><!-- .ngfb-content-buttons -->\n<!-- ngfb content-buttons end -->\n\n\n<!-- ngfb schema image for pinterest pin it button -->\n<div class=\"ngfb-schema-image-for-pinterest\" style=\"display:none;\">\n<img loading=\"lazy\" decoding=\"async\" src=\"https:\/\/propertybook.ro\/blog\/wp-content\/uploads\/2024\/10\/22004298.webp\" width=\"0\" height=\"0\" style=\"width:0;height:0;\" data-pin-description=\"Bucure\u0219ti - Vila interbelic\u0103 din cartierul Armenesc, construit\u0103 &icirc;n 1933 \u0219i reconsolidat\u0103 &icirc;n 2020, ofer\u0103 260 mp utili, cu 7 camere la parter \u0219i 2 camere plus o baie la demisol. Terenul are 210 mp \u0219i imobilul este situat &icirc;n centrul Bucure\u0219tiului, &icirc;ntr-o zon\u0103 lini\u0219tit\u0103, ideal\u0103 pentru locuin\u021b\u0103 sau...\" alt=\"\"\/>\n<\/div><!-- .ngfb-schema-image-for-pinterest -->\n\n<figure class=\"wp-block-image size-large\"><img decoding=\"async\" src=\"https:\/\/cdn.propertybook.ro\/svn_residentialist\/22004298.webp\" alt=\"\" \/><\/figure>\n<ul>\n<li><a href=\"\/bucuresti\/\">Imobiliare Bucure\u0219ti<\/a><\/li>\n<li><a href=\"\/bucuresti\/case-vanzare\/7-camere\/\">Case cu 7 camere de vanzare Bucure\u0219ti<\/a><\/li>\n<\/ul>\n<p><a href=\"\/bucuresti\/imobiliare-163-22004298-de-vanzare-casa-7-camere-in-sector-2-zona-dacia\/\" class=\"pb-listing-action\">Detaliile proprietatii<\/a><\/p>\n<p><h2 class=\"wp-block-heading\">Descoperi\u021bi o Bijuterie Interbelic\u0103 \u00een Inima Bucure\u0219tiului<\/h2>\n<p>Dac\u0103 sunte\u021bi \u00een c\u0103utarea unei propriet\u0103\u021bi cu adev\u0103rat unice, v\u0103 invit\u0103m s\u0103 explora\u021bi o vil\u0103 interbelic\u0103 situat\u0103 \u00een cartierul Armenesc din Bucure\u0219ti. Aceast\u0103 splendit\u0103 cl\u0103dire, construit\u0103 din c\u0103r\u0103mid\u0103 \u00een anul 1933 \u0219i reabilitat\u0103 cu aten\u021bie \u0219i respect pentru caracterul s\u0103u original \u00een 2020, combin\u0103 farmecul autentic al trecutului cu confortul modern.<\/p>\n<p>#<\/p>\n<h2 class=\"wp-block-heading\">Detalii despre Proprietate<\/h2>\n<p>Vila dispune de o suprafa\u021b\u0103 util\u0103 de 260 mp, oferind un spa\u021biu generos \u0219i bine compartimentat. La parter, ve\u021bi g\u0103si 7 camere care pot fi utilizate pentru diverse scopuri, fie c\u0103 este vorba de locuit, birouri sau spa\u021bii pentru activit\u0103\u021bi creative. Demisolul adaug\u0103 o not\u0103 suplimentar\u0103 de utilitate, av\u00e2nd 2 camere \u0219i o baie, ideal pentru oaspe\u021bi sau activit\u0103\u021bi de recreere.<\/p>\n<p>Proprietatea se afl\u0103 pe un teren cu o suprafa\u021b\u0103 de 210 mp, care v\u0103 permite s\u0103 v\u0103 bucura\u021bi de un mic col\u021b de verdea\u021b\u0103 \u0219i lini\u0219te \u00een mijlocul agita\u021biei urbane. Aceast\u0103 combina\u021bie \u00eentre istorie \u0219i modernitate face ca vila s\u0103 fie o alegere excelent\u0103 at\u00e2t pentru cei care caut\u0103 o locuin\u021b\u0103 confortabil\u0103, c\u00e2t \u0219i pentru investitori \u00een c\u0103utarea unei oportunit\u0103\u021bi atractive.<\/p>\n<p>#<\/p>\n<h2 class=\"wp-block-heading\">Amplasament \u0219i Avantaje<\/h2>\n<p>Situat\u0103 \u00een centrul Bucure\u0219tiului, vila se afl\u0103 \u00eentr-o zon\u0103 lini\u0219tit\u0103, \u00eenconjurat\u0103 de case, ceea ce \u00eei confer\u0103 un sentiment de intimitate \u0219i confort. Aceast\u0103 loca\u021bie excelent\u0103 este la c\u00e2teva minute distan\u021b\u0103 de principalele atractii culturale, restaurante \u0219i centre comerciale, asigur\u00e2ndu-v\u0103 acces rapid la tot ce ofer\u0103 ora\u0219ul.<\/p>\n<p>\u00cen plus, imobilul este \u00een prezent \u00eenchiriat la o sum\u0103 impresionant\u0103 de 2100 Euro, ceea ce \u00eel transform\u0103 \u00eentr-o oportunitate de investi\u021bie remarcabil\u0103. Aceasta \u00eenseamn\u0103 c\u0103 ave\u021bi deja un venit pasiv asigurat \u00eenc\u0103 din prima zi.<\/p>\n<p>#<\/p>\n<h2 class=\"wp-block-heading\">Concluzie<\/h2>\n<p>Aceast\u0103 vil\u0103 interbelic\u0103 din cartierul Armenesc nu este doar o proprietate, ci o poveste \u00een sine, un loc unde istoria \u0219i modernitatea se \u00eent\u00e2lnesc. Perfect\u0103 at\u00e2t pentru locuin\u021b\u0103 c\u00e2t \u0219i pentru investi\u021bie, aceasta a\u0219teapt\u0103 s\u0103 devin\u0103 acas\u0103 pentru cineva care apreciaz\u0103 elegan\u021ba \u0219i rafinamentul.<\/p>\n<p>Dac\u0103 sunte\u021bi interesat de mai multe detalii sau dori\u021bi s\u0103 programa\u021bi o vizionare, nu ezita\u021bi s\u0103 explora\u021bi aceast\u0103 oportunitate unic\u0103. Aceast\u0103 bijuterie arhitectural\u0103 a\u0219teapt\u0103 s\u0103 fie descoperit\u0103!<\/p>\n<p><a href=\"\/bucuresti\/imobiliare-163-22004298-de-vanzare-casa-7-camere-in-sector-2-zona-dacia\/\" class=\"pb-listing-action\">Stabileste o vizionare<\/a><\/p>\n<ul>\n<li><a href=\"\/bucuresti\/\">Imobiliare Bucure\u0219ti<\/a><\/li>\n<li><a href=\"\/bucuresti\/case-vanzare\/7-camere\/\">Case cu 7 camere de vanzare Bucure\u0219ti<\/a><\/li>\n<\/ul>\n\n<!-- ngfb content-buttons begin -->\n<!-- generated on 2026-04-30T15:16:53+00:00 -->\n<div class=\"ngfb-content-buttons\">\n<div class=\"ngfb-buttons en_US\">\n<!-- Email Button --><div class=\"css-button email-button\">\n  <a href=\"mailto:?subject=Share:%20Vila%20Interbelic%C4%83%20deosebit%C4%83%20%C3%AEn%20Cartierul%20Armenesc%20%26%238211%3B%20Oportunitate%20de%20Investi%C8%9Bie%20%C3%AEn%20Bucure%C8%99ti%21&body=Bucure%C8%99ti%20-%20Vila%20interbelic%C4%83%20din%20cartierul%20Armenesc%2C%20construit%C4%83%20%C3%AEn%201933%20%C8%99i%20reconsolidat%C4%83%20%C3%AEn%202020%2C%20ofer%C4%83%20260%20mp%20utili%2C%20cu%207%20camere%20la%20parter%20%C8%99i%202%20camere%20plus%20o%20baie%20la%20demisol.%20Terenul%20are%20210%20mp%20%C8%99i%20imobilul%20este%20situat%20%C3%AEn%20centrul%20Bucure%C8%99tiului%2C%20%C3%AEntr-o%20zon%C4%83%20lini%C8%99tit%C4%83%2C%20ideal%C4%83%20pentru%20locuin%C8%9B%C4%83%20sau%20investi%C8%9Bie.%20%C3%8En%20prezent%2C%20proprietatea%20este%20%C3%AEnchiriat%C4%83%20pentru%202100%20Euro.%20Certificatul%20energetic%20va%20fi%20disponibil%20la%20tranzac%C8%9Bie.%0D%0A%0D%0AShared%20from%20https:\/\/propertybook.ro\/blog\/vila-interbelica-deosebita-in-cartierul-armenesc-oportunitate-de-investitie-in-bucuresti\/%0D%0A\">\n    <span class=\"ngfb-icon\">\n      <svg xmlns=\"http:\/\/www.w3.org\/2000\/svg\" width=\"9\" height=\"9\" viewBox=\"0 0 28 28\">\n        <path d=\"M20.11 26.147c-2.335 1.05-4.36 1.4-7.124 1.4C6.524 27.548.84 22.916.84 15.284.84 7.343 6.602.45 15.4.45c6.854 0 11.8 4.7 11.8 11.252 0 5.684-3.193 9.265-7.398 9.3-1.83 0-3.153-.934-3.347-2.997h-.077c-1.208 1.986-2.96 2.997-5.023 2.997-2.532 0-4.36-1.868-4.36-5.062 0-4.75 3.503-9.07 9.11-9.07 1.713 0 3.7.4 4.6.972l-1.17 7.203c-.387 2.298-.115 3.3 1 3.4 1.674 0 3.774-2.102 3.774-6.58 0-5.06-3.27-8.994-9.304-8.994C9.05 2.87 3.83 7.545 3.83 14.97c0 6.5 4.2 10.2 10 10.202 1.987 0 4.09-.43 5.647-1.245l.634 2.22zM16.647 10.1c-.31-.078-.7-.155-1.207-.155-2.572 0-4.596 2.53-4.596 5.53 0 1.5.7 2.4 1.9 2.4 1.44 0 2.96-1.83 3.31-4.088l.592-3.72z\" \/>\n      <\/svg>\n    <\/span>\n    <span class=\"ngfb-text\"><\/span>\n  <\/a>\n<\/div><\/div><!-- .ngfb-buttons.en_US -->\n<\/div><!-- .ngfb-content-buttons -->\n<!-- ngfb content-buttons end -->\n\n","protected":false},"excerpt":{"rendered":"<p>Bucure\u0219ti &#8211; Vila interbelic\u0103 din cartierul Armenesc, construit\u0103 \u00een 1933 \u0219i reconsolidat\u0103 \u00een 2020, ofer\u0103 260 mp utili, cu 7 camere la parter \u0219i 2 camere plus o baie la demisol. Terenul are 210 mp \u0219i imobilul este situat \u00een centrul Bucure\u0219tiului, \u00eentr-o zon\u0103 lini\u0219tit\u0103, ideal\u0103 pentru locuin\u021b\u0103 sau investi\u021bie. \u00cen prezent, proprietatea este \u00eenchiriat\u0103 pentru 2100 Euro. Certificatul energetic va fi disponibil la tranzac\u021bie.<\/p>\n","protected":false},"author":8,"featured_media":2798,"comment_status":"open","ping_status":"open","sticky":false,"template":"","format":"standard","meta":{"footnotes":""},"categories":[49,53,47],"tags":[176,337,89,70,85],"class_list":["post-2799","post","type-post","status-publish","format-standard","has-post-thumbnail","hentry","category-oferte-imobiliare-bucuresti","category-case-de-vanzare-bucuresti","category-oferte","tag-7-camere","tag-an-const-1933","tag-bucuresti","tag-parchet","tag-termopane"],"_links":{"self":[{"href":"https:\/\/propertybook.ro\/blog\/wp-json\/wp\/v2\/posts\/2799","targetHints":{"allow":["GET"]}}],"collection":[{"href":"https:\/\/propertybook.ro\/blog\/wp-json\/wp\/v2\/posts"}],"about":[{"href":"https:\/\/propertybook.ro\/blog\/wp-json\/wp\/v2\/types\/post"}],"author":[{"embeddable":true,"href":"https:\/\/propertybook.ro\/blog\/wp-json\/wp\/v2\/users\/8"}],"replies":[{"embeddable":true,"href":"https:\/\/propertybook.ro\/blog\/wp-json\/wp\/v2\/comments?post=2799"}],"version-history":[{"count":0,"href":"https:\/\/propertybook.ro\/blog\/wp-json\/wp\/v2\/posts\/2799\/revisions"}],"wp:featuredmedia":[{"embeddable":true,"href":"https:\/\/propertybook.ro\/blog\/wp-json\/wp\/v2\/media\/2798"}],"wp:attachment":[{"href":"https:\/\/propertybook.ro\/blog\/wp-json\/wp\/v2\/media?parent=2799"}],"wp:term":[{"taxonomy":"category","embeddable":true,"href":"https:\/\/propertybook.ro\/blog\/wp-json\/wp\/v2\/categories?post=2799"},{"taxonomy":"post_tag","embeddable":true,"href":"https:\/\/propertybook.ro\/blog\/wp-json\/wp\/v2\/tags?post=2799"}],"curies":[{"name":"wp","href":"https:\/\/api.w.org\/{rel}","templated":true}]}}