{"id":2809,"date":"2024-10-18T11:43:40","date_gmt":"2024-10-18T08:43:40","guid":{"rendered":"https:\/\/propertybook.ro\/blog\/vila-renovata-cu-birouri-si-curte-generoasa-in-zona-centrala-a-bucurestiului\/"},"modified":"2024-10-18T11:43:40","modified_gmt":"2024-10-18T08:43:40","slug":"vila-renovata-cu-birouri-si-curte-generoasa-in-zona-centrala-a-bucurestiului","status":"publish","type":"post","link":"https:\/\/propertybook.ro\/blog\/vila-renovata-cu-birouri-si-curte-generoasa-in-zona-centrala-a-bucurestiului\/","title":{"rendered":"Vila Renovata Cu Birouri Si Curte Generoasa In Zona Centrala A Bucurestiului"},"content":{"rendered":"\n<!-- ngfb content-buttons begin -->\n<!-- generated on 2026-04-30T15:16:11+00:00 -->\n<div class=\"ngfb-content-buttons\">\n<div class=\"ngfb-buttons en_US\">\n<!-- Email Button --><div class=\"css-button email-button\">\n  <a href=\"mailto:?subject=Share:%20Vila%20Renovata%20Cu%20Birouri%20Si%20Curte%20Generoasa%20In%20Zona%20Centrala%20A%20Bucurestiului&body=Bucure%C8%99ti%20-%20Proprietate%20renovat%C4%83%20%C8%99i%20extins%C4%83%2C%20situat%C4%83%20%C3%AEn%20zona%20central%C4%83%20a%20Bucure%C8%99tiului%2C%20%C3%AEn%20apropiere%20de%20Pia%C8%9Ba%20Roman%C4%83.%20Dispune%20de%20o%20suprafa%C8%9B%C4%83%20total%C4%83%20de%20937%20mp%2C%20cu%20P%2B1%2BM%2C%20%C8%99i%20este%20amenajat%C4%83%20pentru%20birouri.%20Include%206%20grupuri%20sanitare%2C%20podea%20flotant%C4%83%20%C3%AEn%20camerele%20mari%2C%20curte%20de%20160%20mp%2C%20capacitate%20de%20parc%C4%83ri%20pentru%206%20ma%C8%99ini%20%C8%99i%20un%20grup%20electrogen%20automat%20de%2066%20kVA%2C%20asigur%C3%A2nd%20continuitatea%20aliment%C4%83rii%20electrice.%0D%0A%0D%0AShared%20from%20https:\/\/propertybook.ro\/blog\/vila-renovata-cu-birouri-si-curte-generoasa-in-zona-centrala-a-bucurestiului\/%0D%0A\">\n    <span class=\"ngfb-icon\">\n      <svg xmlns=\"http:\/\/www.w3.org\/2000\/svg\" width=\"9\" height=\"9\" viewBox=\"0 0 28 28\">\n        <path d=\"M20.11 26.147c-2.335 1.05-4.36 1.4-7.124 1.4C6.524 27.548.84 22.916.84 15.284.84 7.343 6.602.45 15.4.45c6.854 0 11.8 4.7 11.8 11.252 0 5.684-3.193 9.265-7.398 9.3-1.83 0-3.153-.934-3.347-2.997h-.077c-1.208 1.986-2.96 2.997-5.023 2.997-2.532 0-4.36-1.868-4.36-5.062 0-4.75 3.503-9.07 9.11-9.07 1.713 0 3.7.4 4.6.972l-1.17 7.203c-.387 2.298-.115 3.3 1 3.4 1.674 0 3.774-2.102 3.774-6.58 0-5.06-3.27-8.994-9.304-8.994C9.05 2.87 3.83 7.545 3.83 14.97c0 6.5 4.2 10.2 10 10.202 1.987 0 4.09-.43 5.647-1.245l.634 2.22zM16.647 10.1c-.31-.078-.7-.155-1.207-.155-2.572 0-4.596 2.53-4.596 5.53 0 1.5.7 2.4 1.9 2.4 1.44 0 2.96-1.83 3.31-4.088l.592-3.72z\" \/>\n      <\/svg>\n    <\/span>\n    <span class=\"ngfb-text\"><\/span>\n  <\/a>\n<\/div><\/div><!-- .ngfb-buttons.en_US -->\n<\/div><!-- .ngfb-content-buttons -->\n<!-- ngfb content-buttons end -->\n\n\n<!-- ngfb schema image for pinterest pin it button -->\n<div class=\"ngfb-schema-image-for-pinterest\" style=\"display:none;\">\n<img loading=\"lazy\" decoding=\"async\" src=\"https:\/\/propertybook.ro\/blog\/wp-content\/uploads\/2024\/10\/22000634.webp\" width=\"0\" height=\"0\" style=\"width:0;height:0;\" data-pin-description=\"Bucure\u0219ti - Proprietate renovat\u0103 \u0219i extins\u0103, situat\u0103 &icirc;n zona central\u0103 a Bucure\u0219tiului, &icirc;n apropiere de Pia\u021ba Roman\u0103. Dispune de o suprafa\u021b\u0103 total\u0103 de 937 mp, cu P+1+M, \u0219i este amenajat\u0103 pentru birouri. Include 6 grupuri sanitare, podea flotant\u0103 &icirc;n camerele mari, curte de 160 mp, capacitate de...\" alt=\"\"\/>\n<\/div><!-- .ngfb-schema-image-for-pinterest -->\n\n<figure class=\"wp-block-image size-large\"><img decoding=\"async\" src=\"https:\/\/cdn.propertybook.ro\/svn_residentialist\/22000634.webp\" alt=\"\" \/><\/figure>\n<ul>\n<li><a href=\"\/bucuresti\/\">Imobiliare Bucure\u0219ti<\/a><\/li>\n<li><a href=\"\/bucuresti\/case-vanzare\/16-camere\/\">Case cu 16 camere de vanzare Bucure\u0219ti<\/a><\/li>\n<\/ul>\n<p><a href=\"\/bucuresti\/imobiliare-163-22000634-vanzare-casa-16-camere-in-sector-1-zona-piata-romana\/\" class=\"pb-listing-action\">Detaliile proprietatii<\/a><\/p>\n<p><h2 class=\"wp-block-heading\">Descoperi\u021bi Oportunitatea Ideal\u0103 \u00een Inima Bucure\u0219tiului<\/h2>\n<p>Dac\u0103 sunte\u021bi \u00een c\u0103utarea unei propriet\u0103\u021bi deosebite \u00een centrul Bucure\u0219tiului, zona Lahovari poate fi locul perfect pentru dumneavoastr\u0103. Aceast\u0103 vil\u0103 recent renovat\u0103, cu un design modern \u0219i func\u021bional, se eviden\u021biaz\u0103 printr-o combina\u021bie excelent\u0103 de confort, stil \u0219i utilitate, fiind ideal\u0103 pentru un spa\u021biu de birouri.<\/p>\n<p><h2 class=\"wp-block-heading\">O Cl\u0103dire Cu Istoric, Renovare Modern\u0103<\/h2>\n<p>Construc\u021bia, cu un regim de \u00een\u0103l\u021bime P+1+M, se \u00eentinde pe o suprafa\u021b\u0103 total\u0103 de 937 mp. Aceast\u0103 vil\u0103 nu doar c\u0103 a fost consolidat\u0103 \u0219i extins\u0103, dar a beneficiat \u0219i de o renovare complet\u0103 \u00een perioada 2018-2019. Noua extindere, realizat\u0103 pe o structur\u0103 metalic\u0103, aduce un suflu nou, integr\u00e2nd elemente contemporane \u00een arhitectura clasic\u0103 a zonei.<\/p>\n<p><h2 class=\"wp-block-heading\">Spa\u021biu Generos pentru Birouri<\/h2>\n<p>Interiorul propriet\u0103\u021bii este optimizat pentru a g\u0103zdui un spa\u021biu de birouri confortabil \u0219i eficient. Cele 6 grupuri sanitare, distribuite uniform pe cele trei niveluri, ofer\u0103 comoditate angaja\u021bilor \u0219i vizitatorilor. Camerele mari din corpul nou, \u00eempreun\u0103 cu mansarda, sunt echipate cu podea flotant\u0103, oferind un ambient pl\u0103cut \u0219i modern.<\/p>\n<p><h2 class=\"wp-block-heading\">Facilit\u0103\u021bi Pe Care Nu Le Ve\u021bi G\u0103si A\u0219a U\u0219or<\/h2>\n<p>Un alt aspect remarcabil al acestei propriet\u0103\u021bi este curtea, care se \u00eentinde pe o suprafa\u021b\u0103 liber\u0103 de 160 mp, oferind suficient spa\u021biu pentru diverse activit\u0103\u021bi \u00een aer liber sau chiar pentru organizarea de evenimente. \u00cen plus, exist\u0103 suficient loc pentru parcare, av\u00e2nd capacitatea de a primi p\u00e2n\u0103 la 8 ma\u0219ini \u2013 6 \u00een curte \u0219i 2 \u00een fa\u021ba por\u021bii.<\/p>\n<p>De asemenea, proprietatea dispune de un grup electrogen automat, cu o capacitate de 66 kVA, care garanteaz\u0103 alimentarea cu energie electric\u0103 \u00een cazul c\u0103derilor de tensiune, asigur\u00e2ndu-se astfel continuitatea activit\u0103\u021bii biroului, inclusiv func\u021bionarea aparatelor de aer condi\u021bionat.<\/p>\n<p><h2 class=\"wp-block-heading\">O Loca\u021bie Excep\u021bional\u0103<\/h2>\n<p>Situat\u0103 \u00een apropierea Pie\u021bei Romane, aceast\u0103 vil\u0103 beneficiaz\u0103 de acces facil la majoritatea punctelor de interes din Bucure\u0219ti, fiind \u00eenconjurat\u0103 de cafenele, restaurante \u0219i centre comerciale. Asta \u00eenseamn\u0103 c\u0103 angaja\u021bii vor avea la dispozi\u021bie toate facilitatile necesare pentru a se sim\u021bi bine la birou \u0219i \u00een timpul pauzelor.<\/p>\n<p>\u00cen concluzie, aceast\u0103 proprietate reprezint\u0103 o oportunitate unic\u0103 \u00een pia\u021ba imobiliar\u0103 bucure\u0219tean\u0103, oferind tot ce este necesar pentru a dezvolta sau extinde o afacere de succes. Nu rata\u021bi \u0219ansa de a vizita aceast\u0103 vil\u0103 \u0219i de a explora posibilit\u0103\u021bile pe care le ofer\u0103!<\/p>\n<p><a href=\"\/bucuresti\/imobiliare-163-22000634-vanzare-casa-16-camere-in-sector-1-zona-piata-romana\/\" class=\"pb-listing-action\">Stabileste o vizionare<\/a><\/p>\n<ul>\n<li><a href=\"\/bucuresti\/\">Imobiliare Bucure\u0219ti<\/a><\/li>\n<li><a href=\"\/bucuresti\/case-vanzare\/16-camere\/\">Case cu 16 camere de vanzare Bucure\u0219ti<\/a><\/li>\n<\/ul>\n\n<!-- ngfb content-buttons begin -->\n<!-- generated on 2026-04-30T15:16:11+00:00 -->\n<div class=\"ngfb-content-buttons\">\n<div class=\"ngfb-buttons en_US\">\n<!-- Email Button --><div class=\"css-button email-button\">\n  <a href=\"mailto:?subject=Share:%20Vila%20Renovata%20Cu%20Birouri%20Si%20Curte%20Generoasa%20In%20Zona%20Centrala%20A%20Bucurestiului&body=Bucure%C8%99ti%20-%20Proprietate%20renovat%C4%83%20%C8%99i%20extins%C4%83%2C%20situat%C4%83%20%C3%AEn%20zona%20central%C4%83%20a%20Bucure%C8%99tiului%2C%20%C3%AEn%20apropiere%20de%20Pia%C8%9Ba%20Roman%C4%83.%20Dispune%20de%20o%20suprafa%C8%9B%C4%83%20total%C4%83%20de%20937%20mp%2C%20cu%20P%2B1%2BM%2C%20%C8%99i%20este%20amenajat%C4%83%20pentru%20birouri.%20Include%206%20grupuri%20sanitare%2C%20podea%20flotant%C4%83%20%C3%AEn%20camerele%20mari%2C%20curte%20de%20160%20mp%2C%20capacitate%20de%20parc%C4%83ri%20pentru%206%20ma%C8%99ini%20%C8%99i%20un%20grup%20electrogen%20automat%20de%2066%20kVA%2C%20asigur%C3%A2nd%20continuitatea%20aliment%C4%83rii%20electrice.%0D%0A%0D%0AShared%20from%20https:\/\/propertybook.ro\/blog\/vila-renovata-cu-birouri-si-curte-generoasa-in-zona-centrala-a-bucurestiului\/%0D%0A\">\n    <span class=\"ngfb-icon\">\n      <svg xmlns=\"http:\/\/www.w3.org\/2000\/svg\" width=\"9\" height=\"9\" viewBox=\"0 0 28 28\">\n        <path d=\"M20.11 26.147c-2.335 1.05-4.36 1.4-7.124 1.4C6.524 27.548.84 22.916.84 15.284.84 7.343 6.602.45 15.4.45c6.854 0 11.8 4.7 11.8 11.252 0 5.684-3.193 9.265-7.398 9.3-1.83 0-3.153-.934-3.347-2.997h-.077c-1.208 1.986-2.96 2.997-5.023 2.997-2.532 0-4.36-1.868-4.36-5.062 0-4.75 3.503-9.07 9.11-9.07 1.713 0 3.7.4 4.6.972l-1.17 7.203c-.387 2.298-.115 3.3 1 3.4 1.674 0 3.774-2.102 3.774-6.58 0-5.06-3.27-8.994-9.304-8.994C9.05 2.87 3.83 7.545 3.83 14.97c0 6.5 4.2 10.2 10 10.202 1.987 0 4.09-.43 5.647-1.245l.634 2.22zM16.647 10.1c-.31-.078-.7-.155-1.207-.155-2.572 0-4.596 2.53-4.596 5.53 0 1.5.7 2.4 1.9 2.4 1.44 0 2.96-1.83 3.31-4.088l.592-3.72z\" \/>\n      <\/svg>\n    <\/span>\n    <span class=\"ngfb-text\"><\/span>\n  <\/a>\n<\/div><\/div><!-- .ngfb-buttons.en_US -->\n<\/div><!-- .ngfb-content-buttons -->\n<!-- ngfb content-buttons end -->\n\n","protected":false},"excerpt":{"rendered":"<p>Bucure\u0219ti &#8211; Proprietate renovat\u0103 \u0219i extins\u0103, situat\u0103 \u00een zona central\u0103 a Bucure\u0219tiului, \u00een apropiere de Pia\u021ba Roman\u0103. Dispune de o suprafa\u021b\u0103 total\u0103 de 937 mp, cu P+1+M, \u0219i este amenajat\u0103 pentru birouri. Include 6 grupuri sanitare, podea flotant\u0103 \u00een camerele mari, curte de 160 mp, capacitate de parc\u0103ri pentru 6 ma\u0219ini \u0219i un grup electrogen automat de 66 kVA, asigur\u00e2nd continuitatea aliment\u0103rii electrice.<\/p>\n","protected":false},"author":8,"featured_media":2808,"comment_status":"open","ping_status":"open","sticky":false,"template":"","format":"standard","meta":{"footnotes":""},"categories":[49,53,47],"tags":[347,59,348,89,70,85],"class_list":["post-2809","post","type-post","status-publish","format-standard","has-post-thumbnail","hentry","category-oferte-imobiliare-bucuresti","category-case-de-vanzare-bucuresti","category-oferte","tag-16-camere","tag-2-balcoane","tag-an-const-1935","tag-bucuresti","tag-parchet","tag-termopane"],"_links":{"self":[{"href":"https:\/\/propertybook.ro\/blog\/wp-json\/wp\/v2\/posts\/2809","targetHints":{"allow":["GET"]}}],"collection":[{"href":"https:\/\/propertybook.ro\/blog\/wp-json\/wp\/v2\/posts"}],"about":[{"href":"https:\/\/propertybook.ro\/blog\/wp-json\/wp\/v2\/types\/post"}],"author":[{"embeddable":true,"href":"https:\/\/propertybook.ro\/blog\/wp-json\/wp\/v2\/users\/8"}],"replies":[{"embeddable":true,"href":"https:\/\/propertybook.ro\/blog\/wp-json\/wp\/v2\/comments?post=2809"}],"version-history":[{"count":0,"href":"https:\/\/propertybook.ro\/blog\/wp-json\/wp\/v2\/posts\/2809\/revisions"}],"wp:featuredmedia":[{"embeddable":true,"href":"https:\/\/propertybook.ro\/blog\/wp-json\/wp\/v2\/media\/2808"}],"wp:attachment":[{"href":"https:\/\/propertybook.ro\/blog\/wp-json\/wp\/v2\/media?parent=2809"}],"wp:term":[{"taxonomy":"category","embeddable":true,"href":"https:\/\/propertybook.ro\/blog\/wp-json\/wp\/v2\/categories?post=2809"},{"taxonomy":"post_tag","embeddable":true,"href":"https:\/\/propertybook.ro\/blog\/wp-json\/wp\/v2\/tags?post=2809"}],"curies":[{"name":"wp","href":"https:\/\/api.w.org\/{rel}","templated":true}]}}