{"id":2811,"date":"2024-10-18T13:43:39","date_gmt":"2024-10-18T10:43:39","guid":{"rendered":"https:\/\/propertybook.ro\/blog\/vila-art-deco-deosebita-in-zona-exclusivista-domenii-agronomie-spatiu-generos-pentru-familie-sau-doua-familii-distincte\/"},"modified":"2024-10-18T13:43:39","modified_gmt":"2024-10-18T10:43:39","slug":"vila-art-deco-deosebita-in-zona-exclusivista-domenii-agronomie-spatiu-generos-pentru-familie-sau-doua-familii-distincte","status":"publish","type":"post","link":"https:\/\/propertybook.ro\/blog\/vila-art-deco-deosebita-in-zona-exclusivista-domenii-agronomie-spatiu-generos-pentru-familie-sau-doua-familii-distincte\/","title":{"rendered":"Vila Art Deco deosebit\u0103 \u00een zona exclusivist\u0103 Domenii-Agronomie &#8211; Spa\u021biu generos pentru familie sau dou\u0103 familii distincte"},"content":{"rendered":"\n<!-- ngfb content-buttons begin -->\n<!-- generated on 2026-04-30T15:18:15+00:00 -->\n<div class=\"ngfb-content-buttons\">\n<div class=\"ngfb-buttons en_US\">\n<!-- Email Button --><div class=\"css-button email-button\">\n  <a href=\"mailto:?subject=Share:%20Vila%20Art%20Deco%20deosebit%C4%83%20%C3%AEn%20zona%20exclusivist%C4%83%20Domenii-Agronomie%20%26%238211%3B%20Spa%C8%9Biu%20generos%20pentru%20familie%20sau%20dou%C4%83%20familii%20distincte&body=Bucure%C8%99ti%2C%20Domenii%20-%20Vila%20%C3%AEn%20stil%20Art%20Deco%2C%20situat%C4%83%20%C3%AEn%20zona%20exclusivist%C4%83%20Domenii-Agronomie%2C%20ofer%C4%83%20o%20compartimentare%20practic%C4%83%20pe%20patru%20niveluri%2C%20ideal%C4%83%20pentru%20dou%C4%83%20familii.%20Cu%20demisol%20dotat%20cu%20cram%C4%83%2C%206%20camere%2C%204%20b%C4%83i%20%C8%99i%202%20buc%C4%83t%C4%83rii%2C%20proprietatea%20include%20un%20pod%20versatil%20%C8%99i%20curte%20verde.%20Echipat%C4%83%20cu%20centrale%20termice%20individuale%20%C8%99i%20izola%C8%9Bie%2C%20vila%20asigur%C4%83%20confort%20%C8%99i%20intimitate.%20Zona%20de%20parcare%20%C8%99i%20balconul%20cu%20vedere%20completeaz%C4%83%20atractivitatea%20acestei%20locuin%C8%9Be%20elegante.%0D%0A%0D%0AShared%20from%20https:\/\/propertybook.ro\/blog\/vila-art-deco-deosebita-in-zona-exclusivista-domenii-agronomie-spatiu-generos-pentru-familie-sau-doua-familii-distincte\/%0D%0A\">\n    <span class=\"ngfb-icon\">\n      <svg xmlns=\"http:\/\/www.w3.org\/2000\/svg\" width=\"9\" height=\"9\" viewBox=\"0 0 28 28\">\n        <path d=\"M20.11 26.147c-2.335 1.05-4.36 1.4-7.124 1.4C6.524 27.548.84 22.916.84 15.284.84 7.343 6.602.45 15.4.45c6.854 0 11.8 4.7 11.8 11.252 0 5.684-3.193 9.265-7.398 9.3-1.83 0-3.153-.934-3.347-2.997h-.077c-1.208 1.986-2.96 2.997-5.023 2.997-2.532 0-4.36-1.868-4.36-5.062 0-4.75 3.503-9.07 9.11-9.07 1.713 0 3.7.4 4.6.972l-1.17 7.203c-.387 2.298-.115 3.3 1 3.4 1.674 0 3.774-2.102 3.774-6.58 0-5.06-3.27-8.994-9.304-8.994C9.05 2.87 3.83 7.545 3.83 14.97c0 6.5 4.2 10.2 10 10.202 1.987 0 4.09-.43 5.647-1.245l.634 2.22zM16.647 10.1c-.31-.078-.7-.155-1.207-.155-2.572 0-4.596 2.53-4.596 5.53 0 1.5.7 2.4 1.9 2.4 1.44 0 2.96-1.83 3.31-4.088l.592-3.72z\" \/>\n      <\/svg>\n    <\/span>\n    <span class=\"ngfb-text\"><\/span>\n  <\/a>\n<\/div><\/div><!-- .ngfb-buttons.en_US -->\n<\/div><!-- .ngfb-content-buttons -->\n<!-- ngfb content-buttons end -->\n\n\n<!-- ngfb schema image for pinterest pin it button -->\n<div class=\"ngfb-schema-image-for-pinterest\" style=\"display:none;\">\n<img loading=\"lazy\" decoding=\"async\" src=\"https:\/\/propertybook.ro\/blog\/wp-content\/uploads\/2024\/10\/22004376.webp\" width=\"0\" height=\"0\" style=\"width:0;height:0;\" data-pin-description=\"Bucure\u0219ti, Domenii - Vila &icirc;n stil Art Deco, situat\u0103 &icirc;n zona exclusivist\u0103 Domenii-Agronomie, ofer\u0103 o compartimentare practic\u0103 pe patru niveluri, ideal\u0103 pentru dou\u0103 familii. Cu demisol dotat cu cram\u0103, 6 camere, 4 b\u0103i \u0219i 2 buc\u0103t\u0103rii, proprietatea include un pod versatil \u0219i curte verde. Echipat\u0103 cu...\" alt=\"\"\/>\n<\/div><!-- .ngfb-schema-image-for-pinterest -->\n\n<figure class=\"wp-block-image size-large\"><img decoding=\"async\" src=\"https:\/\/cdn.propertybook.ro\/svn_residentialist\/22004376.webp\" alt=\"\" \/><\/figure>\n<ul>\n<li><a href=\"\/bucuresti\/\">Imobiliare Bucure\u0219ti<\/a><\/li>\n<li><a href=\"\/bucuresti\/case-vanzare\/\">Case de vanzare Bucure\u0219ti<\/a><\/li>\n<li><a href=\"\/bucuresti\/case-vanzare\/8-camere\/\">Case cu 8 camere de vanzare Bucure\u0219ti<\/a><\/li>\n<li><a href=\"\/bucuresti\/case-vanzare\/domenii\/8-camere\/\">Case cu 8 camere de vanzare Domenii, Bucure\u0219ti<\/a><\/li>\n<\/ul>\n<p><a href=\"\/bucuresti\/imobiliare-163-22004376-de-vanzare-casa-8-camere-in-sector-1-zona-domenii\/\" class=\"pb-listing-action\">Detaliile proprietatii<\/a><\/p>\n<p><h2 class=\"wp-block-heading\">O Vila Eleganta \u00een Stil Art Deco \u00een Inima Domeniilor<\/h2>\n<p>\u00centr-o zon\u0103 exclusivist\u0103 precum Domenii-Agronomie, se afl\u0103 o vil\u0103 impresionant\u0103 construit\u0103 \u00een stil Art Deco, care \u00eembin\u0103 elegan\u021ba arhitectural\u0103 cu confortul modern. Aceast\u0103 proprietate unic\u0103 se \u00eentinde pe un teren de 363 mp, oferind un spa\u021biu generos \u0219i bine compartimentat, ideal at\u00e2t pentru o familie numeroas\u0103, c\u00e2t \u0219i pentru dou\u0103 familii care doresc s\u0103 p\u0103streze independen\u021ba.<\/p>\n<p>#<\/p>\n<h2 class=\"wp-block-heading\">Compartimentare Ingineresc\u0103 \u0219i Versatil\u0103<\/h2>\n<p>Vila este dispus\u0103 pe patru niveluri: demisol, parter, etaj \u0219i pod, fiecare av\u00e2nd o func\u021bionalitate bine definit\u0103. La demisol, vizitatorii vor descoperi o cram\u0103 perfect\u0103 pentru pasiona\u021bii de vinuri sau pentru organizarea unor seri de degustare memorabile. \u00cen plus, la acest nivel se afl\u0103 o sp\u0103l\u0103torie \u0219i o camer\u0103 de depozitare, care asigur\u0103 un spa\u021biu util pentru organizarea lucrurilor.<\/p>\n<p>Parterul este conceput pentru a oferi confort \u0219i relaxare, incluz\u00e2nd un living generos, trei camere, dou\u0103 b\u0103i \u0219i o buc\u0103t\u0103rie func\u021bional\u0103. Un balcon adorabil adaug\u0103 un col\u021b de r\u0103gaz \u00een aer liber, ideal pentru cele mai frumoase dimine\u021bi sau seri de var\u0103.<\/p>\n<p>Etajul p\u0103streaz\u0103 aceea\u0219i armonie \u0219i continu\u0103 cu un living, trei camere confortabile, dou\u0103 b\u0103i \u0219i o buc\u0103t\u0103rie complet mobilat\u0103. Balconul de la acest nivel ofer\u0103 o priveli\u0219te \u00eenc\u00e2nt\u0103toare asupra \u00eemprejurimilor, transform\u00e2nd fiecare moment petrecut aici \u00eentr-o experien\u021b\u0103 pl\u0103cut\u0103.<\/p>\n<p>#<\/p>\n<h2 class=\"wp-block-heading\">Spa\u021bii Versatile \u0219i Comfort Acas\u0103<\/h2>\n<p>Unul dintre detaliile deosebite ale acestei propriet\u0103\u021bi este podul, transformat \u00eentr-un spa\u021biu versatil care poate \u00eendeplini multiple roluri. Fie c\u0103 este vorba de un atelier pentru hobby-uri, o sal\u0103 de sport sau o zon\u0103 de relaxare, acest spa\u021biu ofer\u0103 libertatea de a fi amenajat dup\u0103 preferin\u021be.<\/p>\n<p>Casa este dotat\u0103 cu dou\u0103 centrale termice, c\u00e2te una pentru fiecare nivel, permi\u021b\u00e2nd un control individual al temperaturii \u0219i un consum energetic eficient. Izola\u021bia termic\u0103 asigur\u0103 un confort sporit pe tot parcursul anului, f\u0103c\u00e2nd din acest c\u0103min un loc primitor indiferent de sezonalitate.<\/p>\n<p>#<\/p>\n<h2 class=\"wp-block-heading\">Oaz\u0103 de Verdea\u021b\u0103 \u0219i Intimitate<\/h2>\n<p>Curtea din jurul vilei este o adev\u0103rat\u0103 oaz\u0103 de verdea\u021b\u0103, cu pomi \u0219i arbu\u0219ti maturi care ofer\u0103 umbr\u0103 \u0219i intimitate. Spa\u021biul exterior este dotat cu o zon\u0103 de parcare pentru o ma\u0219in\u0103, aduc\u00e2nd un plus de comoditate viitorilor proprietari. Structura cu dou\u0103 intr\u0103ri separate permite \u0219i mai mult\u0103 intimitate, av\u00e2nd \u00een acela\u0219i timp avantajul de a g\u0103zdui dou\u0103 familii distincte.<\/p>\n<p>#<\/p>\n<h2 class=\"wp-block-heading\">Un C\u0103min de Vis<\/h2>\n<p>Aceast\u0103 vil\u0103 \u00een stil Art Deco, cu facilit\u0103\u021bile sale moderne \u0219i ubicuuitatea unei zone de prestigiu, reprezint\u0103 o alegere perfect\u0103 pentru cei care \u00ee\u0219i doresc s\u0103 transforme o cas\u0103 \u00eentr-un c\u0103min elegant \u0219i confortabil. Certificatul energetic va fi disponibil la momentul potrivit, oferind informa\u021bii transparente despre eficien\u021ba energetic\u0103 a locuin\u021bei.<\/p>\n<p>Dac\u0103 v-a\u021bi dorit mereu o locuin\u021b\u0103 care s\u0103 \u00eembine stilul clasic cu confortul contemporan, aceast\u0103 proprietate v\u0103 a\u0219teapt\u0103 s\u0103 o descoperi\u021bi!<\/p>\n<p><a href=\"\/bucuresti\/imobiliare-163-22004376-de-vanzare-casa-8-camere-in-sector-1-zona-domenii\/\" class=\"pb-listing-action\">Stabileste o vizionare<\/a><\/p>\n<ul>\n<li><a href=\"\/bucuresti\/\">Imobiliare Bucure\u0219ti<\/a><\/li>\n<li><a href=\"\/bucuresti\/case-vanzare\/\">Case de vanzare Bucure\u0219ti<\/a><\/li>\n<li><a href=\"\/bucuresti\/case-vanzare\/8-camere\/\">Case cu 8 camere de vanzare Bucure\u0219ti<\/a><\/li>\n<li><a href=\"\/bucuresti\/case-vanzare\/domenii\/8-camere\/\">Case cu 8 camere de vanzare Domenii, Bucure\u0219ti<\/a><\/li>\n<\/ul>\n\n<!-- ngfb content-buttons begin -->\n<!-- generated on 2026-04-30T15:18:15+00:00 -->\n<div class=\"ngfb-content-buttons\">\n<div class=\"ngfb-buttons en_US\">\n<!-- Email Button --><div class=\"css-button email-button\">\n  <a href=\"mailto:?subject=Share:%20Vila%20Art%20Deco%20deosebit%C4%83%20%C3%AEn%20zona%20exclusivist%C4%83%20Domenii-Agronomie%20%26%238211%3B%20Spa%C8%9Biu%20generos%20pentru%20familie%20sau%20dou%C4%83%20familii%20distincte&body=Bucure%C8%99ti%2C%20Domenii%20-%20Vila%20%C3%AEn%20stil%20Art%20Deco%2C%20situat%C4%83%20%C3%AEn%20zona%20exclusivist%C4%83%20Domenii-Agronomie%2C%20ofer%C4%83%20o%20compartimentare%20practic%C4%83%20pe%20patru%20niveluri%2C%20ideal%C4%83%20pentru%20dou%C4%83%20familii.%20Cu%20demisol%20dotat%20cu%20cram%C4%83%2C%206%20camere%2C%204%20b%C4%83i%20%C8%99i%202%20buc%C4%83t%C4%83rii%2C%20proprietatea%20include%20un%20pod%20versatil%20%C8%99i%20curte%20verde.%20Echipat%C4%83%20cu%20centrale%20termice%20individuale%20%C8%99i%20izola%C8%9Bie%2C%20vila%20asigur%C4%83%20confort%20%C8%99i%20intimitate.%20Zona%20de%20parcare%20%C8%99i%20balconul%20cu%20vedere%20completeaz%C4%83%20atractivitatea%20acestei%20locuin%C8%9Be%20elegante.%0D%0A%0D%0AShared%20from%20https:\/\/propertybook.ro\/blog\/vila-art-deco-deosebita-in-zona-exclusivista-domenii-agronomie-spatiu-generos-pentru-familie-sau-doua-familii-distincte\/%0D%0A\">\n    <span class=\"ngfb-icon\">\n      <svg xmlns=\"http:\/\/www.w3.org\/2000\/svg\" width=\"9\" height=\"9\" viewBox=\"0 0 28 28\">\n        <path d=\"M20.11 26.147c-2.335 1.05-4.36 1.4-7.124 1.4C6.524 27.548.84 22.916.84 15.284.84 7.343 6.602.45 15.4.45c6.854 0 11.8 4.7 11.8 11.252 0 5.684-3.193 9.265-7.398 9.3-1.83 0-3.153-.934-3.347-2.997h-.077c-1.208 1.986-2.96 2.997-5.023 2.997-2.532 0-4.36-1.868-4.36-5.062 0-4.75 3.503-9.07 9.11-9.07 1.713 0 3.7.4 4.6.972l-1.17 7.203c-.387 2.298-.115 3.3 1 3.4 1.674 0 3.774-2.102 3.774-6.58 0-5.06-3.27-8.994-9.304-8.994C9.05 2.87 3.83 7.545 3.83 14.97c0 6.5 4.2 10.2 10 10.202 1.987 0 4.09-.43 5.647-1.245l.634 2.22zM16.647 10.1c-.31-.078-.7-.155-1.207-.155-2.572 0-4.596 2.53-4.596 5.53 0 1.5.7 2.4 1.9 2.4 1.44 0 2.96-1.83 3.31-4.088l.592-3.72z\" \/>\n      <\/svg>\n    <\/span>\n    <span class=\"ngfb-text\"><\/span>\n  <\/a>\n<\/div><\/div><!-- .ngfb-buttons.en_US -->\n<\/div><!-- .ngfb-content-buttons -->\n<!-- ngfb content-buttons end -->\n\n","protected":false},"excerpt":{"rendered":"<p>Bucure\u0219ti, Domenii &#8211; Vila \u00een stil Art Deco, situat\u0103 \u00een zona exclusivist\u0103 Domenii-Agronomie, ofer\u0103 o compartimentare practic\u0103 pe patru niveluri, ideal\u0103 pentru dou\u0103 familii. Cu demisol dotat cu cram\u0103, 6 camere, 4 b\u0103i \u0219i 2 buc\u0103t\u0103rii, proprietatea include un pod versatil \u0219i curte verde. Echipat\u0103 cu centrale termice individuale \u0219i izola\u021bie, vila asigur\u0103 confort \u0219i intimitate. Zona de parcare \u0219i balconul cu vedere completeaz\u0103 atractivitatea acestei locuin\u021be elegante.<\/p>\n","protected":false},"author":8,"featured_media":2810,"comment_status":"open","ping_status":"open","sticky":false,"template":"","format":"standard","meta":{"footnotes":""},"categories":[49,53,47],"tags":[59,217,304,89,259,70,85],"class_list":["post-2811","post","type-post","status-publish","format-standard","has-post-thumbnail","hentry","category-oferte-imobiliare-bucuresti","category-case-de-vanzare-bucuresti","category-oferte","tag-2-balcoane","tag-8-camere","tag-an-const-1937","tag-bucuresti","tag-domenii","tag-parchet","tag-termopane"],"_links":{"self":[{"href":"https:\/\/propertybook.ro\/blog\/wp-json\/wp\/v2\/posts\/2811","targetHints":{"allow":["GET"]}}],"collection":[{"href":"https:\/\/propertybook.ro\/blog\/wp-json\/wp\/v2\/posts"}],"about":[{"href":"https:\/\/propertybook.ro\/blog\/wp-json\/wp\/v2\/types\/post"}],"author":[{"embeddable":true,"href":"https:\/\/propertybook.ro\/blog\/wp-json\/wp\/v2\/users\/8"}],"replies":[{"embeddable":true,"href":"https:\/\/propertybook.ro\/blog\/wp-json\/wp\/v2\/comments?post=2811"}],"version-history":[{"count":0,"href":"https:\/\/propertybook.ro\/blog\/wp-json\/wp\/v2\/posts\/2811\/revisions"}],"wp:featuredmedia":[{"embeddable":true,"href":"https:\/\/propertybook.ro\/blog\/wp-json\/wp\/v2\/media\/2810"}],"wp:attachment":[{"href":"https:\/\/propertybook.ro\/blog\/wp-json\/wp\/v2\/media?parent=2811"}],"wp:term":[{"taxonomy":"category","embeddable":true,"href":"https:\/\/propertybook.ro\/blog\/wp-json\/wp\/v2\/categories?post=2811"},{"taxonomy":"post_tag","embeddable":true,"href":"https:\/\/propertybook.ro\/blog\/wp-json\/wp\/v2\/tags?post=2811"}],"curies":[{"name":"wp","href":"https:\/\/api.w.org\/{rel}","templated":true}]}}