{"id":2817,"date":"2024-10-18T15:44:03","date_gmt":"2024-10-18T12:44:03","guid":{"rendered":"https:\/\/propertybook.ro\/blog\/vila-spatioasa-de-renovat-in-zona-kiseleff-450-mp-cu-subsol-parter-etaj-si-mansarda\/"},"modified":"2024-10-18T15:44:03","modified_gmt":"2024-10-18T12:44:03","slug":"vila-spatioasa-de-renovat-in-zona-kiseleff-450-mp-cu-subsol-parter-etaj-si-mansarda","status":"publish","type":"post","link":"https:\/\/propertybook.ro\/blog\/vila-spatioasa-de-renovat-in-zona-kiseleff-450-mp-cu-subsol-parter-etaj-si-mansarda\/","title":{"rendered":"Vila spa\u021bioas\u0103 de renovat \u00een zona Kiseleff &#8211; 450 mp, cu subsol, parter, etaj \u0219i mansard\u0103"},"content":{"rendered":"\n<!-- ngfb content-buttons begin -->\n<!-- generated on 2026-04-30T15:16:28+00:00 -->\n<div class=\"ngfb-content-buttons\">\n<div class=\"ngfb-buttons en_US\">\n<!-- Email Button --><div class=\"css-button email-button\">\n  <a href=\"mailto:?subject=Share:%20Vila%20spa%C8%9Bioas%C4%83%20de%20renovat%20%C3%AEn%20zona%20Kiseleff%20%26%238211%3B%20450%20mp%2C%20cu%20subsol%2C%20parter%2C%20etaj%20%C8%99i%20mansard%C4%83&body=Bucure%C8%99ti%2C%20Aviatorilor%20-%20V%C3%A2nd%20vila%20situat%C4%83%20%C3%AEn%20zona%20Kiseleff%2C%20structurat%C4%83%20pe%20subsol%2C%20parter%2C%20etaj%20%C8%99i%20mansard%C4%83%2C%20cu%20o%20suprafa%C8%9B%C4%83%20de%20aproximativ%20450%20mp.%20Proprietatea%20necesit%C4%83%20renovare%20complet%C4%83%2C%20oferind%20oportunitatea%20de%20a%20crea%20un%20spa%C8%9Biu%20personalizat.%20Certificatul%20energetic%20va%20fi%20disponibil%20%C3%AEn%20momentul%20v%C3%A2nz%C4%83rii.%0D%0A%0D%0AShared%20from%20https:\/\/propertybook.ro\/blog\/vila-spatioasa-de-renovat-in-zona-kiseleff-450-mp-cu-subsol-parter-etaj-si-mansarda\/%0D%0A\">\n    <span class=\"ngfb-icon\">\n      <svg xmlns=\"http:\/\/www.w3.org\/2000\/svg\" width=\"9\" height=\"9\" viewBox=\"0 0 28 28\">\n        <path d=\"M20.11 26.147c-2.335 1.05-4.36 1.4-7.124 1.4C6.524 27.548.84 22.916.84 15.284.84 7.343 6.602.45 15.4.45c6.854 0 11.8 4.7 11.8 11.252 0 5.684-3.193 9.265-7.398 9.3-1.83 0-3.153-.934-3.347-2.997h-.077c-1.208 1.986-2.96 2.997-5.023 2.997-2.532 0-4.36-1.868-4.36-5.062 0-4.75 3.503-9.07 9.11-9.07 1.713 0 3.7.4 4.6.972l-1.17 7.203c-.387 2.298-.115 3.3 1 3.4 1.674 0 3.774-2.102 3.774-6.58 0-5.06-3.27-8.994-9.304-8.994C9.05 2.87 3.83 7.545 3.83 14.97c0 6.5 4.2 10.2 10 10.202 1.987 0 4.09-.43 5.647-1.245l.634 2.22zM16.647 10.1c-.31-.078-.7-.155-1.207-.155-2.572 0-4.596 2.53-4.596 5.53 0 1.5.7 2.4 1.9 2.4 1.44 0 2.96-1.83 3.31-4.088l.592-3.72z\" \/>\n      <\/svg>\n    <\/span>\n    <span class=\"ngfb-text\"><\/span>\n  <\/a>\n<\/div><\/div><!-- .ngfb-buttons.en_US -->\n<\/div><!-- .ngfb-content-buttons -->\n<!-- ngfb content-buttons end -->\n\n\n<!-- ngfb schema image for pinterest pin it button -->\n<div class=\"ngfb-schema-image-for-pinterest\" style=\"display:none;\">\n<img loading=\"lazy\" decoding=\"async\" src=\"https:\/\/propertybook.ro\/blog\/wp-content\/uploads\/2024\/10\/22003151.webp\" width=\"0\" height=\"0\" style=\"width:0;height:0;\" data-pin-description=\"Bucure\u0219ti, Aviatorilor - V&acirc;nd vila situat\u0103 &icirc;n zona Kiseleff, structurat\u0103 pe subsol, parter, etaj \u0219i mansard\u0103, cu o suprafa\u021b\u0103 de aproximativ 450 mp. Proprietatea necesit\u0103 renovare complet\u0103, oferind oportunitatea de a crea un spa\u021biu personalizat. Certificatul energetic va fi disponibil &icirc;n momentul...\" alt=\"\"\/>\n<\/div><!-- .ngfb-schema-image-for-pinterest -->\n\n<figure class=\"wp-block-image size-large\"><img decoding=\"async\" src=\"https:\/\/cdn.propertybook.ro\/svn_residentialist\/22003151.webp\" alt=\"\" \/><\/figure>\n<ul>\n<li><a href=\"\/bucuresti\/\">Imobiliare Bucure\u0219ti<\/a><\/li>\n<li><a href=\"\/bucuresti\/case-vanzare\/\">Case de vanzare Bucure\u0219ti<\/a><\/li>\n<li><a href=\"\/bucuresti\/case-vanzare\/10-camere\/\">Case cu 10 camere de vanzare Bucure\u0219ti<\/a><\/li>\n<li><a href=\"\/bucuresti\/case-vanzare\/aviatorilor\/10-camere\/\">Case cu 10 camere de vanzare Aviatorilor, Bucure\u0219ti<\/a><\/li>\n<\/ul>\n<p><a href=\"\/bucuresti\/imobiliare-163-22003151-vanzare-casa-10-camere-in-sector-1-zona-kiseleff\/\" class=\"pb-listing-action\">Detaliile proprietatii<\/a><\/p>\n<p><h2 class=\"wp-block-heading\">Descoper\u0103 \u00cenc\u00e2ntarea Vilei din Zona Kiseleff<\/h2>\n<p>Dac\u0103 e\u0219ti \u00een c\u0103utarea unei propriet\u0103\u021bi cu poten\u021bial \u00een inima Bucure\u0219tiului, aceast\u0103 vil\u0103 din zona Kiseleff ar putea fi alegerea perfect\u0103 pentru tine. Cu o amplasare privilegiat\u0103 \u0219i un cadru elegant, aceast\u0103 proprietate ofer\u0103 o oportunitate rar\u0103 de a transforma o structur\u0103 cu istorie \u00een c\u0103minul visurilor tale.<\/p>\n<p>#<\/p>\n<h2 class=\"wp-block-heading\">Descrierea Propriet\u0103\u021bii<\/h2>\n<p>Aceast\u0103 vil\u0103 impresionant\u0103 se desf\u0103\u0219oar\u0103 pe o suprafa\u021b\u0103 generoas\u0103 de aproximativ 450 mp \u0219i este structurat\u0103 pe mai multe niveluri: subsol, parter, etaj \u0219i mansard\u0103. Fiecare dintre aceste niveluri poate fi adaptat pentru a r\u0103spunde nevoilor tale, fie c\u0103 \u00ee\u021bi dore\u0219ti un spa\u021biu de birou, o zon\u0103 de relaxare sau chiar apartamente pentru oaspe\u021bi.<\/p>\n<p>#<\/p>\n<h2 class=\"wp-block-heading\">Oportunit\u0103\u021bi Renovare<\/h2>\n<p>De\u0219i vila necesit\u0103 o renovare complet\u0103, aceasta reprezint\u0103 o oportunitate ideal\u0103 pentru cei care doresc s\u0103 \u00ee\u0219i imprime viziunea personal\u0103 asupra unui spa\u021biu. Imagina\u021bi-v\u0103 cum ar putea fi transformate camerele luminoase \u0219i \u00eenalte \u00eentr-un stil modern sau \u00eentr-unul clasic, p\u0103str\u00e2nd \u00een acela\u0219i timp farmecul original al arhitecturii.<\/p>\n<p>#<\/p>\n<h2 class=\"wp-block-heading\">Posibile Beneficii<\/h2>\n<p>Loca\u021bia acestei propriet\u0103\u021bi nu este doar o oportunitate de investi\u021bie, ci \u0219i un avantaj al stilului de via\u021b\u0103. Zona Kiseleff este cunoscut\u0103 pentru parcurile sale frumoase, ambasadele \u0219i facilit\u0103\u021bile de \u00eenalt\u0103 clas\u0103, f\u0103c\u00e2ndu-o extrem de atractiv\u0103 pentru familii \u0219i profesioni\u0219ti deopotriv\u0103. Aproape de centrele comerciale, \u0219coli de prestigiu \u0219i institu\u021bii de \u00eenv\u0103\u021b\u0103m\u00e2nt, ve\u021bi avea tot ce ave\u021bi nevoie la \u00eendem\u00e2n\u0103.<\/p>\n<p>#<\/p>\n<h2 class=\"wp-block-heading\">Certificatul Energetic<\/h2>\n<p>La momentul v\u00e2nz\u0103rii, proprietatea va avea disponibil un certificat energetic, oferind informa\u021bii esen\u021biale despre eficien\u021ba energetic\u0103 a acesteia. Acest aspect este important nu doar pentru confortul t\u0103u, ci \u0219i pentru economiile pe termen lung.<\/p>\n<p>#<\/p>\n<h2 class=\"wp-block-heading\">Concluzie<\/h2>\n<p>Aceast\u0103 vil\u0103 din Kiseleff reprezint\u0103 o oportunitate unic\u0103 de a crea un c\u0103min personalizat, \u00eentr-o zon\u0103 dorit\u0103 a capitalei. Cu imagina\u021bia \u0219i creativitatea potrivit\u0103, aceast\u0103 proprietate poate deveni nu doar un spa\u021biu de locuit, ci \u0219i un simbol al stilului de via\u021b\u0103 pe care \u021bi-l dore\u0219ti. Dac\u0103 e\u0219ti preg\u0103tit s\u0103 \u00ee\u021bi transformi visurile \u00een realitate, aceast\u0103 vil\u0103 te a\u0219teapt\u0103 s\u0103-i descoperi poten\u021bialul!<\/p>\n<p><a href=\"\/bucuresti\/imobiliare-163-22003151-vanzare-casa-10-camere-in-sector-1-zona-kiseleff\/\" class=\"pb-listing-action\">Stabileste o vizionare<\/a><\/p>\n<ul>\n<li><a href=\"\/bucuresti\/\">Imobiliare Bucure\u0219ti<\/a><\/li>\n<li><a href=\"\/bucuresti\/case-vanzare\/\">Case de vanzare Bucure\u0219ti<\/a><\/li>\n<li><a href=\"\/bucuresti\/case-vanzare\/10-camere\/\">Case cu 10 camere de vanzare Bucure\u0219ti<\/a><\/li>\n<li><a href=\"\/bucuresti\/case-vanzare\/aviatorilor\/10-camere\/\">Case cu 10 camere de vanzare Aviatorilor, Bucure\u0219ti<\/a><\/li>\n<\/ul>\n\n<!-- ngfb content-buttons begin -->\n<!-- generated on 2026-04-30T15:16:28+00:00 -->\n<div class=\"ngfb-content-buttons\">\n<div class=\"ngfb-buttons en_US\">\n<!-- Email Button --><div class=\"css-button email-button\">\n  <a href=\"mailto:?subject=Share:%20Vila%20spa%C8%9Bioas%C4%83%20de%20renovat%20%C3%AEn%20zona%20Kiseleff%20%26%238211%3B%20450%20mp%2C%20cu%20subsol%2C%20parter%2C%20etaj%20%C8%99i%20mansard%C4%83&body=Bucure%C8%99ti%2C%20Aviatorilor%20-%20V%C3%A2nd%20vila%20situat%C4%83%20%C3%AEn%20zona%20Kiseleff%2C%20structurat%C4%83%20pe%20subsol%2C%20parter%2C%20etaj%20%C8%99i%20mansard%C4%83%2C%20cu%20o%20suprafa%C8%9B%C4%83%20de%20aproximativ%20450%20mp.%20Proprietatea%20necesit%C4%83%20renovare%20complet%C4%83%2C%20oferind%20oportunitatea%20de%20a%20crea%20un%20spa%C8%9Biu%20personalizat.%20Certificatul%20energetic%20va%20fi%20disponibil%20%C3%AEn%20momentul%20v%C3%A2nz%C4%83rii.%0D%0A%0D%0AShared%20from%20https:\/\/propertybook.ro\/blog\/vila-spatioasa-de-renovat-in-zona-kiseleff-450-mp-cu-subsol-parter-etaj-si-mansarda\/%0D%0A\">\n    <span class=\"ngfb-icon\">\n      <svg xmlns=\"http:\/\/www.w3.org\/2000\/svg\" width=\"9\" height=\"9\" viewBox=\"0 0 28 28\">\n        <path d=\"M20.11 26.147c-2.335 1.05-4.36 1.4-7.124 1.4C6.524 27.548.84 22.916.84 15.284.84 7.343 6.602.45 15.4.45c6.854 0 11.8 4.7 11.8 11.252 0 5.684-3.193 9.265-7.398 9.3-1.83 0-3.153-.934-3.347-2.997h-.077c-1.208 1.986-2.96 2.997-5.023 2.997-2.532 0-4.36-1.868-4.36-5.062 0-4.75 3.503-9.07 9.11-9.07 1.713 0 3.7.4 4.6.972l-1.17 7.203c-.387 2.298-.115 3.3 1 3.4 1.674 0 3.774-2.102 3.774-6.58 0-5.06-3.27-8.994-9.304-8.994C9.05 2.87 3.83 7.545 3.83 14.97c0 6.5 4.2 10.2 10 10.202 1.987 0 4.09-.43 5.647-1.245l.634 2.22zM16.647 10.1c-.31-.078-.7-.155-1.207-.155-2.572 0-4.596 2.53-4.596 5.53 0 1.5.7 2.4 1.9 2.4 1.44 0 2.96-1.83 3.31-4.088l.592-3.72z\" \/>\n      <\/svg>\n    <\/span>\n    <span class=\"ngfb-text\"><\/span>\n  <\/a>\n<\/div><\/div><!-- .ngfb-buttons.en_US -->\n<\/div><!-- .ngfb-content-buttons -->\n<!-- ngfb content-buttons end -->\n\n","protected":false},"excerpt":{"rendered":"<p>Bucure\u0219ti, Aviatorilor &#8211; V\u00e2nd vila situat\u0103 \u00een zona Kiseleff, structurat\u0103 pe subsol, parter, etaj \u0219i mansard\u0103, cu o suprafa\u021b\u0103 de aproximativ 450 mp. Proprietatea necesit\u0103 renovare complet\u0103, oferind oportunitatea de a crea un spa\u021biu personalizat. Certificatul energetic va fi disponibil \u00een momentul v\u00e2nz\u0103rii.<\/p>\n","protected":false},"author":8,"featured_media":2816,"comment_status":"open","ping_status":"open","sticky":false,"template":"","format":"standard","meta":{"footnotes":""},"categories":[49,53,47],"tags":[190,198,202,89],"class_list":["post-2817","post","type-post","status-publish","format-standard","has-post-thumbnail","hentry","category-oferte-imobiliare-bucuresti","category-case-de-vanzare-bucuresti","category-oferte","tag-10-camere","tag-an-const-1940","tag-aviatorilor","tag-bucuresti"],"_links":{"self":[{"href":"https:\/\/propertybook.ro\/blog\/wp-json\/wp\/v2\/posts\/2817","targetHints":{"allow":["GET"]}}],"collection":[{"href":"https:\/\/propertybook.ro\/blog\/wp-json\/wp\/v2\/posts"}],"about":[{"href":"https:\/\/propertybook.ro\/blog\/wp-json\/wp\/v2\/types\/post"}],"author":[{"embeddable":true,"href":"https:\/\/propertybook.ro\/blog\/wp-json\/wp\/v2\/users\/8"}],"replies":[{"embeddable":true,"href":"https:\/\/propertybook.ro\/blog\/wp-json\/wp\/v2\/comments?post=2817"}],"version-history":[{"count":0,"href":"https:\/\/propertybook.ro\/blog\/wp-json\/wp\/v2\/posts\/2817\/revisions"}],"wp:featuredmedia":[{"embeddable":true,"href":"https:\/\/propertybook.ro\/blog\/wp-json\/wp\/v2\/media\/2816"}],"wp:attachment":[{"href":"https:\/\/propertybook.ro\/blog\/wp-json\/wp\/v2\/media?parent=2817"}],"wp:term":[{"taxonomy":"category","embeddable":true,"href":"https:\/\/propertybook.ro\/blog\/wp-json\/wp\/v2\/categories?post=2817"},{"taxonomy":"post_tag","embeddable":true,"href":"https:\/\/propertybook.ro\/blog\/wp-json\/wp\/v2\/tags?post=2817"}],"curies":[{"name":"wp","href":"https:\/\/api.w.org\/{rel}","templated":true}]}}