{"id":2920,"date":"2024-10-25T13:44:02","date_gmt":"2024-10-25T10:44:02","guid":{"rendered":"https:\/\/propertybook.ro\/blog\/apartament-deosebit-renovat-mobilat-luxos-in-zona-gradina-icoanei-sector-2\/"},"modified":"2024-10-25T13:44:02","modified_gmt":"2024-10-25T10:44:02","slug":"apartament-deosebit-renovat-mobilat-luxos-in-zona-gradina-icoanei-sector-2","status":"publish","type":"post","link":"https:\/\/propertybook.ro\/blog\/apartament-deosebit-renovat-mobilat-luxos-in-zona-gradina-icoanei-sector-2\/","title":{"rendered":"Apartament deosebit renovat, mobilat luxos, \u00een zona Gradina Icoanei, Sector 2"},"content":{"rendered":"\n<!-- ngfb content-buttons begin -->\n<!-- generated on 2026-05-02T10:30:34+00:00 -->\n<div class=\"ngfb-content-buttons\">\n<div class=\"ngfb-buttons en_US\">\n<!-- Email Button --><div class=\"css-button email-button\">\n  <a href=\"mailto:?subject=Share:%20Apartament%20deosebit%20renovat%2C%20mobilat%20luxos%2C%20%C3%AEn%20zona%20Gradina%20Icoanei%2C%20Sector%202&body=Bucure%C8%99ti%20-%20Apartament%20deosebit%20la%20etajul%201%2C%20situat%20%C3%AEn%20zona%20Gr%C4%83dina%20Icoanei%2FBati%C8%99tei%2C%20Sector%202%2C%20%C3%AEntr-un%20imobil%20f%C4%83r%C4%83%20risc%20seismic.%20Complet%20mobilat%20cu%20piese%20din%20lemn%20masiv%20%C8%99i%20echipat%20cu%20electrocasnice%20de%20lux%2C%20renovat%20%C3%AEn%202021.%20Dispunere%3A%20balcon%20pentru%20savurarea%20cafelei%2C%20central%C4%83%20termic%C4%83%20proprie%20%C8%99i%20box%C4%83.%20Pre%C8%9Bul%20nu%20include%20mobilierul.%20Ideal%20pentru%20cei%20care%20apreciaz%C4%83%20confortul%20%C8%99i%20elegan%C8%9Ba.%0D%0A%0D%0AShared%20from%20https:\/\/propertybook.ro\/blog\/apartament-deosebit-renovat-mobilat-luxos-in-zona-gradina-icoanei-sector-2\/%0D%0A\">\n    <span class=\"ngfb-icon\">\n      <svg xmlns=\"http:\/\/www.w3.org\/2000\/svg\" width=\"9\" height=\"9\" viewBox=\"0 0 28 28\">\n        <path d=\"M20.11 26.147c-2.335 1.05-4.36 1.4-7.124 1.4C6.524 27.548.84 22.916.84 15.284.84 7.343 6.602.45 15.4.45c6.854 0 11.8 4.7 11.8 11.252 0 5.684-3.193 9.265-7.398 9.3-1.83 0-3.153-.934-3.347-2.997h-.077c-1.208 1.986-2.96 2.997-5.023 2.997-2.532 0-4.36-1.868-4.36-5.062 0-4.75 3.503-9.07 9.11-9.07 1.713 0 3.7.4 4.6.972l-1.17 7.203c-.387 2.298-.115 3.3 1 3.4 1.674 0 3.774-2.102 3.774-6.58 0-5.06-3.27-8.994-9.304-8.994C9.05 2.87 3.83 7.545 3.83 14.97c0 6.5 4.2 10.2 10 10.202 1.987 0 4.09-.43 5.647-1.245l.634 2.22zM16.647 10.1c-.31-.078-.7-.155-1.207-.155-2.572 0-4.596 2.53-4.596 5.53 0 1.5.7 2.4 1.9 2.4 1.44 0 2.96-1.83 3.31-4.088l.592-3.72z\" \/>\n      <\/svg>\n    <\/span>\n    <span class=\"ngfb-text\"><\/span>\n  <\/a>\n<\/div><\/div><!-- .ngfb-buttons.en_US -->\n<\/div><!-- .ngfb-content-buttons -->\n<!-- ngfb content-buttons end -->\n\n\n<!-- ngfb schema image for pinterest pin it button -->\n<div class=\"ngfb-schema-image-for-pinterest\" style=\"display:none;\">\n<img loading=\"lazy\" decoding=\"async\" src=\"https:\/\/propertybook.ro\/blog\/wp-content\/uploads\/2024\/10\/11016491.webp\" width=\"0\" height=\"0\" style=\"width:0;height:0;\" data-pin-description=\"Bucure\u0219ti - Apartament deosebit la etajul 1, situat &icirc;n zona Gr\u0103dina Icoanei\/Bati\u0219tei, Sector 2, &icirc;ntr-un imobil f\u0103r\u0103 risc seismic. Complet mobilat cu piese din lemn masiv \u0219i echipat cu electrocasnice de lux, renovat &icirc;n 2021. Dispunere: balcon pentru savurarea cafelei, central\u0103 termic\u0103 proprie \u0219i...\" alt=\"\"\/>\n<\/div><!-- .ngfb-schema-image-for-pinterest -->\n\n<figure class=\"wp-block-image size-large\"><img decoding=\"async\" src=\"https:\/\/cdn.propertybook.ro\/svn_residentialist\/11016491.webp\" alt=\"\" \/><\/figure>\n<ul>\n<li><a href=\"\/bucuresti\/\">Imobiliare Bucure\u0219ti<\/a><\/li>\n<li><a href=\"\/bucuresti\/apartamente-vanzare\/4-camere\/\">Apartamente cu 4 camere de vanzare Bucure\u0219ti<\/a><\/li>\n<\/ul>\n<p><a href=\"\/bucuresti\/imobiliare-163-11016491-vanzare-apartament-4-camere-in-sector-2-zona-gradina-icoanei\/\" class=\"pb-listing-action\">Detaliile proprietatii<\/a><\/p>\n<p><h2 class=\"wp-block-heading\">Descoper\u0103 Apartamentul Ideal \u00een Zona Gradina Icoanei<\/h2>\n<p>Dac\u0103 e\u0219ti \u00een c\u0103utarea unui apartament deosebit \u00een Bucure\u0219ti, cu siguran\u021b\u0103 vei fi atras de aceast\u0103 bijuterie situat\u0103 \u00een zona Gradina Icoanei\/Batistei, Sectorul II. Acest apartament elegant, aflat la etajul 1 al unui imobil f\u0103r\u0103 risc seismic, promite confort \u0219i stil pe toat\u0103 durata locuirii.<\/p>\n<p>#<\/p>\n<h2 class=\"wp-block-heading\">Detalii Despre Apartament<\/h2>\n<p>Apartamentul a fost complet renovat \u00een 2021 \u0219i este mobilat cu piese din lemn masiv, aduc\u00e2nd un aer cald \u0219i primitor \u00een fiecare col\u021bi\u0219or. Chiar dac\u0103 costul mobilierului nu este inclus \u00een pre\u021bul de v\u00e2nzare, calitatea materialelor \u0219i aten\u021bia la detalii fac din acesta o alegere excelent\u0103 pentru oricine \u00ee\u0219i dore\u0219te un c\u0103min care s\u0103 reflecte rafinamentul.<\/p>\n<p>Pe l\u00e2ng\u0103 designul interior, apartamentul dispune de electrocasnice de lux, care nu doar faciliteaz\u0103 activit\u0103\u021bile zilnice, dar \u0219i \u00eembun\u0103t\u0103\u021besc semnificativ stilul de via\u021b\u0103 al viitorilor proprietari. Fie c\u0103 \u00ee\u021bi place s\u0103 g\u0103te\u0219ti, s\u0103 te relaxezi sau s\u0103 te bucuri de momente petrecute cu prietenii, acest spa\u021biu ofer\u0103 toate facilit\u0103\u021bile necesare.<\/p>\n<p>#<\/p>\n<h2 class=\"wp-block-heading\">Caracteristici Suplimentare<\/h2>\n<p>Un alt avantaj al acestui apartament este balconul s\u0103u, perfect pentru a savura o cafea diminea\u021ba sau pentru a te bucura de apusurile de sear\u0103. Acest detaliu adaug\u0103 un plus de valoare, oferindu-\u021bi un loc intim pentru relaxare.<\/p>\n<p>De asemenea, apartamentul dispune de central\u0103 termic\u0103 proprie, asigur\u00e2nd un confort termic ideal pe tot parcursul anului. Iar pentru cei care au nevoie de spa\u021bii de depozitare, boxa inclus\u0103 este un element practic \u0219i util.<\/p>\n<p>#<\/p>\n<h2 class=\"wp-block-heading\">Loca\u021bie Ideal\u0103<\/h2>\n<p>Zona Gradina Icoanei este cunoscut\u0103 pentru frumuse\u021bea sa urban\u0103, combin\u00e2nd arhitectura istoric\u0103 cu facilit\u0103\u021bi moderne. Aproape de centre comerciale, restaurante, cafenele \u0219i parcuri, acest loc ofer\u0103 un stil de via\u021b\u0103 dinamic \u0219i accesibil. Transportul public este excelent, ceea ce face mutarea \u00een aceast\u0103 zon\u0103 \u0219i mai atr\u0103g\u0103toare.<\/p>\n<p>#<\/p>\n<h2 class=\"wp-block-heading\">Concluzie<\/h2>\n<p>Dac\u0103 e\u0219ti \u00een c\u0103utarea unui apartament care s\u0103 \u00eembine confortul, elegan\u021ba \u0219i o loca\u021bie excelent\u0103, acest apartament din zona Gradina Icoanei ar putea fi alegerea perfect\u0103. Renov\u0103rile recente \u0219i mobilarea de calitate superioar\u0103 \u00eel transform\u0103 \u00eentr-un c\u0103min cu adev\u0103rat special. Nu rata oportunitatea de a face parte din aceast\u0103 comunitate vibrant\u0103!<\/p>\n<p><a href=\"\/bucuresti\/imobiliare-163-11016491-vanzare-apartament-4-camere-in-sector-2-zona-gradina-icoanei\/\" class=\"pb-listing-action\">Stabileste o vizionare<\/a><\/p>\n<ul>\n<li><a href=\"\/bucuresti\/\">Imobiliare Bucure\u0219ti<\/a><\/li>\n<li><a href=\"\/bucuresti\/apartamente-vanzare\/4-camere\/\">Apartamente cu 4 camere de vanzare Bucure\u0219ti<\/a><\/li>\n<\/ul>\n\n<!-- ngfb content-buttons begin -->\n<!-- generated on 2026-05-02T10:30:34+00:00 -->\n<div class=\"ngfb-content-buttons\">\n<div class=\"ngfb-buttons en_US\">\n<!-- Email Button --><div class=\"css-button email-button\">\n  <a href=\"mailto:?subject=Share:%20Apartament%20deosebit%20renovat%2C%20mobilat%20luxos%2C%20%C3%AEn%20zona%20Gradina%20Icoanei%2C%20Sector%202&body=Bucure%C8%99ti%20-%20Apartament%20deosebit%20la%20etajul%201%2C%20situat%20%C3%AEn%20zona%20Gr%C4%83dina%20Icoanei%2FBati%C8%99tei%2C%20Sector%202%2C%20%C3%AEntr-un%20imobil%20f%C4%83r%C4%83%20risc%20seismic.%20Complet%20mobilat%20cu%20piese%20din%20lemn%20masiv%20%C8%99i%20echipat%20cu%20electrocasnice%20de%20lux%2C%20renovat%20%C3%AEn%202021.%20Dispunere%3A%20balcon%20pentru%20savurarea%20cafelei%2C%20central%C4%83%20termic%C4%83%20proprie%20%C8%99i%20box%C4%83.%20Pre%C8%9Bul%20nu%20include%20mobilierul.%20Ideal%20pentru%20cei%20care%20apreciaz%C4%83%20confortul%20%C8%99i%20elegan%C8%9Ba.%0D%0A%0D%0AShared%20from%20https:\/\/propertybook.ro\/blog\/apartament-deosebit-renovat-mobilat-luxos-in-zona-gradina-icoanei-sector-2\/%0D%0A\">\n    <span class=\"ngfb-icon\">\n      <svg xmlns=\"http:\/\/www.w3.org\/2000\/svg\" width=\"9\" height=\"9\" viewBox=\"0 0 28 28\">\n        <path d=\"M20.11 26.147c-2.335 1.05-4.36 1.4-7.124 1.4C6.524 27.548.84 22.916.84 15.284.84 7.343 6.602.45 15.4.45c6.854 0 11.8 4.7 11.8 11.252 0 5.684-3.193 9.265-7.398 9.3-1.83 0-3.153-.934-3.347-2.997h-.077c-1.208 1.986-2.96 2.997-5.023 2.997-2.532 0-4.36-1.868-4.36-5.062 0-4.75 3.503-9.07 9.11-9.07 1.713 0 3.7.4 4.6.972l-1.17 7.203c-.387 2.298-.115 3.3 1 3.4 1.674 0 3.774-2.102 3.774-6.58 0-5.06-3.27-8.994-9.304-8.994C9.05 2.87 3.83 7.545 3.83 14.97c0 6.5 4.2 10.2 10 10.202 1.987 0 4.09-.43 5.647-1.245l.634 2.22zM16.647 10.1c-.31-.078-.7-.155-1.207-.155-2.572 0-4.596 2.53-4.596 5.53 0 1.5.7 2.4 1.9 2.4 1.44 0 2.96-1.83 3.31-4.088l.592-3.72z\" \/>\n      <\/svg>\n    <\/span>\n    <span class=\"ngfb-text\"><\/span>\n  <\/a>\n<\/div><\/div><!-- .ngfb-buttons.en_US -->\n<\/div><!-- .ngfb-content-buttons -->\n<!-- ngfb content-buttons end -->\n\n","protected":false},"excerpt":{"rendered":"<p>Bucure\u0219ti &#8211; Apartament deosebit la etajul 1, situat \u00een zona Gr\u0103dina Icoanei\/Bati\u0219tei, Sector 2, \u00eentr-un imobil f\u0103r\u0103 risc seismic. Complet mobilat cu piese din lemn masiv \u0219i echipat cu electrocasnice de lux, renovat \u00een 2021. Dispunere: balcon pentru savurarea cafelei, central\u0103 termic\u0103 proprie \u0219i box\u0103. Pre\u021bul nu include mobilierul. Ideal pentru cei care apreciaz\u0103 confortul \u0219i elegan\u021ba.<\/p>\n","protected":false},"author":8,"featured_media":2919,"comment_status":"open","ping_status":"open","sticky":false,"template":"","format":"standard","meta":{"footnotes":""},"categories":[52,49,47],"tags":[93,166,74,89,68,243,70,85],"class_list":["post-2920","post","type-post","status-publish","format-standard","has-post-thumbnail","hentry","category-apartamente-de-vanzare-bucuresti","category-oferte-imobiliare-bucuresti","category-oferte","tag-4-camere","tag-an-const-1946","tag-balcon","tag-bucuresti","tag-decomandat","tag-etaj-1-7","tag-parchet","tag-termopane"],"_links":{"self":[{"href":"https:\/\/propertybook.ro\/blog\/wp-json\/wp\/v2\/posts\/2920","targetHints":{"allow":["GET"]}}],"collection":[{"href":"https:\/\/propertybook.ro\/blog\/wp-json\/wp\/v2\/posts"}],"about":[{"href":"https:\/\/propertybook.ro\/blog\/wp-json\/wp\/v2\/types\/post"}],"author":[{"embeddable":true,"href":"https:\/\/propertybook.ro\/blog\/wp-json\/wp\/v2\/users\/8"}],"replies":[{"embeddable":true,"href":"https:\/\/propertybook.ro\/blog\/wp-json\/wp\/v2\/comments?post=2920"}],"version-history":[{"count":0,"href":"https:\/\/propertybook.ro\/blog\/wp-json\/wp\/v2\/posts\/2920\/revisions"}],"wp:featuredmedia":[{"embeddable":true,"href":"https:\/\/propertybook.ro\/blog\/wp-json\/wp\/v2\/media\/2919"}],"wp:attachment":[{"href":"https:\/\/propertybook.ro\/blog\/wp-json\/wp\/v2\/media?parent=2920"}],"wp:term":[{"taxonomy":"category","embeddable":true,"href":"https:\/\/propertybook.ro\/blog\/wp-json\/wp\/v2\/categories?post=2920"},{"taxonomy":"post_tag","embeddable":true,"href":"https:\/\/propertybook.ro\/blog\/wp-json\/wp\/v2\/tags?post=2920"}],"curies":[{"name":"wp","href":"https:\/\/api.w.org\/{rel}","templated":true}]}}