{"id":2930,"date":"2024-10-25T17:43:45","date_gmt":"2024-10-25T14:43:45","guid":{"rendered":"https:\/\/propertybook.ro\/blog\/vila-deosebita-cu-4-camere-in-floreasca-pod-mansardabil-si-curte-privata\/"},"modified":"2024-10-25T17:43:45","modified_gmt":"2024-10-25T14:43:45","slug":"vila-deosebita-cu-4-camere-in-floreasca-pod-mansardabil-si-curte-privata","status":"publish","type":"post","link":"https:\/\/propertybook.ro\/blog\/vila-deosebita-cu-4-camere-in-floreasca-pod-mansardabil-si-curte-privata\/","title":{"rendered":"Vila deosebit\u0103 cu 4 camere \u00een Floreasca &#8211; Pod mansardabil \u0219i curte privat\u0103!"},"content":{"rendered":"\n<!-- ngfb content-buttons begin -->\n<!-- generated on 2026-04-30T13:41:00+00:00 -->\n<div class=\"ngfb-content-buttons\">\n<div class=\"ngfb-buttons en_US\">\n<!-- Email Button --><div class=\"css-button email-button\">\n  <a href=\"mailto:?subject=Share:%20Vila%20deosebit%C4%83%20cu%204%20camere%20%C3%AEn%20Floreasca%20%26%238211%3B%20Pod%20mansardabil%20%C8%99i%20curte%20privat%C4%83%21&body=Bucure%C8%99ti%2C%20Floreasca%20-%20Se%20ofer%C4%83%20spre%20achizi%C8%9Bie%20o%20vil%C4%83%20cu%204%20camere%20%C3%AEn%20zona%20Floreasca-B%C4%83e%C8%99ti%2C%20av%C3%A2nd%20o%20suprafa%C8%9B%C4%83%20util%C4%83%20de%2085%2C4%20mp.%20Proprietatea%20include%20un%20pod%20potrivit%20pentru%20mansardare%2C%20subsol%20cu%202%20camere%20tehnice%2C%20garaj%20%C8%99i%20curte%20pentru%20parcare.%20Construit%C4%83%20%C3%AEn%201937%2C%20vila%20dispune%20de%20central%C4%83%20proprie%20%C8%99i%20parchet%20din%20lemn%20masiv%20%C3%AEn%20stare%20excelent%C4%83.%20Certificatul%20energetic%20va%20fi%20disponibil%20la%20momentul%20v%C3%A2nz%C4%83rii.%0D%0A%0D%0AShared%20from%20https:\/\/propertybook.ro\/blog\/vila-deosebita-cu-4-camere-in-floreasca-pod-mansardabil-si-curte-privata\/%0D%0A\">\n    <span class=\"ngfb-icon\">\n      <svg xmlns=\"http:\/\/www.w3.org\/2000\/svg\" width=\"9\" height=\"9\" viewBox=\"0 0 28 28\">\n        <path d=\"M20.11 26.147c-2.335 1.05-4.36 1.4-7.124 1.4C6.524 27.548.84 22.916.84 15.284.84 7.343 6.602.45 15.4.45c6.854 0 11.8 4.7 11.8 11.252 0 5.684-3.193 9.265-7.398 9.3-1.83 0-3.153-.934-3.347-2.997h-.077c-1.208 1.986-2.96 2.997-5.023 2.997-2.532 0-4.36-1.868-4.36-5.062 0-4.75 3.503-9.07 9.11-9.07 1.713 0 3.7.4 4.6.972l-1.17 7.203c-.387 2.298-.115 3.3 1 3.4 1.674 0 3.774-2.102 3.774-6.58 0-5.06-3.27-8.994-9.304-8.994C9.05 2.87 3.83 7.545 3.83 14.97c0 6.5 4.2 10.2 10 10.202 1.987 0 4.09-.43 5.647-1.245l.634 2.22zM16.647 10.1c-.31-.078-.7-.155-1.207-.155-2.572 0-4.596 2.53-4.596 5.53 0 1.5.7 2.4 1.9 2.4 1.44 0 2.96-1.83 3.31-4.088l.592-3.72z\" \/>\n      <\/svg>\n    <\/span>\n    <span class=\"ngfb-text\"><\/span>\n  <\/a>\n<\/div><\/div><!-- .ngfb-buttons.en_US -->\n<\/div><!-- .ngfb-content-buttons -->\n<!-- ngfb content-buttons end -->\n\n\n<!-- ngfb schema image for pinterest pin it button -->\n<div class=\"ngfb-schema-image-for-pinterest\" style=\"display:none;\">\n<img loading=\"lazy\" decoding=\"async\" src=\"https:\/\/propertybook.ro\/blog\/wp-content\/uploads\/2024\/10\/22003750.webp\" width=\"0\" height=\"0\" style=\"width:0;height:0;\" data-pin-description=\"Bucure\u0219ti, Floreasca - Se ofer\u0103 spre achizi\u021bie o vil\u0103 cu 4 camere &icirc;n zona Floreasca-B\u0103e\u0219ti, av&acirc;nd o suprafa\u021b\u0103 util\u0103 de 85,4 mp. Proprietatea include un pod potrivit pentru mansardare, subsol cu 2 camere tehnice, garaj \u0219i curte pentru parcare. Construit\u0103 &icirc;n 1937, vila dispune de central\u0103 proprie...\" alt=\"\"\/>\n<\/div><!-- .ngfb-schema-image-for-pinterest -->\n\n<figure class=\"wp-block-image size-large\"><img decoding=\"async\" src=\"https:\/\/cdn.propertybook.ro\/svn_residentialist\/22003750.webp\" alt=\"\" \/><\/figure>\n<ul>\n<li><a href=\"\/bucuresti\/\">Imobiliare Bucure\u0219ti<\/a><\/li>\n<li><a href=\"\/bucuresti\/case-vanzare\/\">Case de vanzare Bucure\u0219ti<\/a><\/li>\n<li><a href=\"\/bucuresti\/case-vanzare\/5-camere\/\">Case cu 5 camere de vanzare Bucure\u0219ti<\/a><\/li>\n<li><a href=\"\/bucuresti\/case-vanzare\/floreasca\/5-camere\/\">Case cu 5 camere de vanzare Floreasca, Bucure\u0219ti<\/a><\/li>\n<\/ul>\n<p><a href=\"\/bucuresti\/imobiliare-163-22003750-se-vinde-casa-5-camere-in-sector-2-zona-barbu-vacarescu\/\" class=\"pb-listing-action\">Detaliile proprietatii<\/a><\/p>\n<p><h2 class=\"wp-block-heading\">Descoperi\u021bi O Vila Deosebit\u0103 \u00cen Floreasca Barbu Vacarescu<\/h2>\n<p>\u00cen inima uneia dintre cele mai c\u0103utate zone ale Bucure\u0219tiului, Floreasca Barbu Vacarescu, se afl\u0103 o vil\u0103 cu caracter \u0219i istorie, perfect\u0103 pentru cei care \u00ee\u0219i doresc un c\u0103min cu personalitate. Aceast\u0103 proprietate de 4 camere, construit\u0103 \u00een 1937, \u00eembin\u0103 farmecul arhitecturii clasice cu confortul modern, oferind un spa\u021biu ideal pentru familii sau pentru cei care doresc s\u0103 se bucure de via\u021ba urban\u0103 \u00eentr-un cadru elegant.<\/p>\n<p><h2 class=\"wp-block-heading\">Distribu\u021bia Spa\u021biului<\/h2>\n<p>Cu o suprafa\u021b\u0103 util\u0103 de 85,4 mp, vila dispune de un living generos \u0219i trei dormitoare, fiecare av\u00e2nd poten\u021bialul de a fi personalizat \u00een func\u021bie de preferin\u021bele owner-ului. Un aspect distinctiv este podul \u00eenalt \u0219i spa\u021bios, care poate fi mansardat, oferind oportunit\u0103\u021bi suplimentare de amenajare sau extindere a spa\u021biului util.<\/p>\n<p><h2 class=\"wp-block-heading\">Func\u021bionalitate \u0219i Confort<\/h2>\n<p>Aceast\u0103 proprietate vine cu un subsol bine structurat, av\u00e2nd dou\u0103 camere tehnice \u0219i de depozitare, ideale pentru organizarea eficient\u0103 a diverselor obiecte. De asemenea, garajul ata\u0219at asigur\u0103 siguran\u021ba ma\u0219inii, iar curtea permite parcarea suplimentar\u0103 a unei masini, facilit\u00e2nd astfel accesibilitatea \u00eentr-o zon\u0103 urban\u0103 aglomerat\u0103.<\/p>\n<p><h2 class=\"wp-block-heading\">Finisaje de Calitate<\/h2>\n<p>Un alt aspect remarcabil al vilei este parchetul din lemn masiv, care este \u00een stare excelent\u0103, aduc\u00e2nd un aer cald \u0219i primitor. \u00cenc\u0103lzirea se realizeaz\u0103 printr-o central\u0103 proprie, asigur\u00e2nd confortul necesar pe timpul iernii \u0219i eficien\u021b\u0103 energetic\u0103.<\/p>\n<p><h2 class=\"wp-block-heading\">Certificat Energetic<\/h2>\n<p>Pentru a asigura transparen\u021ba \u0219i eficien\u021ba energetic\u0103 a propriet\u0103\u021bii, un certificat energetic va fi disponibil la momentul achizi\u021biei, oferindu-v\u0103 informa\u021biile necesare despre performan\u021bele energetice ale cl\u0103dirii.<\/p>\n<h2 class=\"wp-block-heading\">Concluzie<\/h2>\n<p>Aceast\u0103 vil\u0103 din Floreasca Barbu Vacarescu reprezint\u0103 o oportunitate rar\u0103 de a achizi\u021biona o proprietate cu mult\u0103 istorie \u0219i poten\u021bial de transformare. Fie c\u0103 sunte\u021bi \u00een c\u0103utarea unui c\u0103min confortabil pentru familia dumneavoastr\u0103 sau dori\u021bi s\u0103 investi\u021bi \u00eentr-o bijuterie arhitectural\u0103, aceast\u0103 vil\u0103 merit\u0103 toat\u0103 aten\u021bia. Nu ezita\u021bi s\u0103 explora\u021bi acest spa\u021biu remarcabil \u0219i s\u0103 v\u0103 imagina\u021bi via\u021ba \u00een inima uneia dintre cele mai vibrante zone ale capitalei!<\/p>\n<p><a href=\"\/bucuresti\/imobiliare-163-22003750-se-vinde-casa-5-camere-in-sector-2-zona-barbu-vacarescu\/\" class=\"pb-listing-action\">Stabileste o vizionare<\/a><\/p>\n<ul>\n<li><a href=\"\/bucuresti\/\">Imobiliare Bucure\u0219ti<\/a><\/li>\n<li><a href=\"\/bucuresti\/case-vanzare\/\">Case de vanzare Bucure\u0219ti<\/a><\/li>\n<li><a href=\"\/bucuresti\/case-vanzare\/5-camere\/\">Case cu 5 camere de vanzare Bucure\u0219ti<\/a><\/li>\n<li><a href=\"\/bucuresti\/case-vanzare\/floreasca\/5-camere\/\">Case cu 5 camere de vanzare Floreasca, Bucure\u0219ti<\/a><\/li>\n<\/ul>\n\n<!-- ngfb content-buttons begin -->\n<!-- generated on 2026-04-30T13:41:00+00:00 -->\n<div class=\"ngfb-content-buttons\">\n<div class=\"ngfb-buttons en_US\">\n<!-- Email Button --><div class=\"css-button email-button\">\n  <a href=\"mailto:?subject=Share:%20Vila%20deosebit%C4%83%20cu%204%20camere%20%C3%AEn%20Floreasca%20%26%238211%3B%20Pod%20mansardabil%20%C8%99i%20curte%20privat%C4%83%21&body=Bucure%C8%99ti%2C%20Floreasca%20-%20Se%20ofer%C4%83%20spre%20achizi%C8%9Bie%20o%20vil%C4%83%20cu%204%20camere%20%C3%AEn%20zona%20Floreasca-B%C4%83e%C8%99ti%2C%20av%C3%A2nd%20o%20suprafa%C8%9B%C4%83%20util%C4%83%20de%2085%2C4%20mp.%20Proprietatea%20include%20un%20pod%20potrivit%20pentru%20mansardare%2C%20subsol%20cu%202%20camere%20tehnice%2C%20garaj%20%C8%99i%20curte%20pentru%20parcare.%20Construit%C4%83%20%C3%AEn%201937%2C%20vila%20dispune%20de%20central%C4%83%20proprie%20%C8%99i%20parchet%20din%20lemn%20masiv%20%C3%AEn%20stare%20excelent%C4%83.%20Certificatul%20energetic%20va%20fi%20disponibil%20la%20momentul%20v%C3%A2nz%C4%83rii.%0D%0A%0D%0AShared%20from%20https:\/\/propertybook.ro\/blog\/vila-deosebita-cu-4-camere-in-floreasca-pod-mansardabil-si-curte-privata\/%0D%0A\">\n    <span class=\"ngfb-icon\">\n      <svg xmlns=\"http:\/\/www.w3.org\/2000\/svg\" width=\"9\" height=\"9\" viewBox=\"0 0 28 28\">\n        <path d=\"M20.11 26.147c-2.335 1.05-4.36 1.4-7.124 1.4C6.524 27.548.84 22.916.84 15.284.84 7.343 6.602.45 15.4.45c6.854 0 11.8 4.7 11.8 11.252 0 5.684-3.193 9.265-7.398 9.3-1.83 0-3.153-.934-3.347-2.997h-.077c-1.208 1.986-2.96 2.997-5.023 2.997-2.532 0-4.36-1.868-4.36-5.062 0-4.75 3.503-9.07 9.11-9.07 1.713 0 3.7.4 4.6.972l-1.17 7.203c-.387 2.298-.115 3.3 1 3.4 1.674 0 3.774-2.102 3.774-6.58 0-5.06-3.27-8.994-9.304-8.994C9.05 2.87 3.83 7.545 3.83 14.97c0 6.5 4.2 10.2 10 10.202 1.987 0 4.09-.43 5.647-1.245l.634 2.22zM16.647 10.1c-.31-.078-.7-.155-1.207-.155-2.572 0-4.596 2.53-4.596 5.53 0 1.5.7 2.4 1.9 2.4 1.44 0 2.96-1.83 3.31-4.088l.592-3.72z\" \/>\n      <\/svg>\n    <\/span>\n    <span class=\"ngfb-text\"><\/span>\n  <\/a>\n<\/div><\/div><!-- .ngfb-buttons.en_US -->\n<\/div><!-- .ngfb-content-buttons -->\n<!-- ngfb content-buttons end -->\n\n","protected":false},"excerpt":{"rendered":"<p>Bucure\u0219ti, Floreasca &#8211; Se ofer\u0103 spre achizi\u021bie o vil\u0103 cu 4 camere \u00een zona Floreasca-B\u0103e\u0219ti, av\u00e2nd o suprafa\u021b\u0103 util\u0103 de 85,4 mp. Proprietatea include un pod potrivit pentru mansardare, subsol cu 2 camere tehnice, garaj \u0219i curte pentru parcare. Construit\u0103 \u00een 1937, vila dispune de central\u0103 proprie \u0219i parchet din lemn masiv \u00een stare excelent\u0103. Certificatul energetic va fi disponibil la momentul v\u00e2nz\u0103rii.<\/p>\n","protected":false},"author":8,"featured_media":2929,"comment_status":"open","ping_status":"open","sticky":false,"template":"","format":"standard","meta":{"footnotes":""},"categories":[49,53,47],"tags":[142,304,89,135,70],"class_list":["post-2930","post","type-post","status-publish","format-standard","has-post-thumbnail","hentry","category-oferte-imobiliare-bucuresti","category-case-de-vanzare-bucuresti","category-oferte","tag-5-camere","tag-an-const-1937","tag-bucuresti","tag-floreasca","tag-parchet"],"_links":{"self":[{"href":"https:\/\/propertybook.ro\/blog\/wp-json\/wp\/v2\/posts\/2930","targetHints":{"allow":["GET"]}}],"collection":[{"href":"https:\/\/propertybook.ro\/blog\/wp-json\/wp\/v2\/posts"}],"about":[{"href":"https:\/\/propertybook.ro\/blog\/wp-json\/wp\/v2\/types\/post"}],"author":[{"embeddable":true,"href":"https:\/\/propertybook.ro\/blog\/wp-json\/wp\/v2\/users\/8"}],"replies":[{"embeddable":true,"href":"https:\/\/propertybook.ro\/blog\/wp-json\/wp\/v2\/comments?post=2930"}],"version-history":[{"count":0,"href":"https:\/\/propertybook.ro\/blog\/wp-json\/wp\/v2\/posts\/2930\/revisions"}],"wp:featuredmedia":[{"embeddable":true,"href":"https:\/\/propertybook.ro\/blog\/wp-json\/wp\/v2\/media\/2929"}],"wp:attachment":[{"href":"https:\/\/propertybook.ro\/blog\/wp-json\/wp\/v2\/media?parent=2930"}],"wp:term":[{"taxonomy":"category","embeddable":true,"href":"https:\/\/propertybook.ro\/blog\/wp-json\/wp\/v2\/categories?post=2930"},{"taxonomy":"post_tag","embeddable":true,"href":"https:\/\/propertybook.ro\/blog\/wp-json\/wp\/v2\/tags?post=2930"}],"curies":[{"name":"wp","href":"https:\/\/api.w.org\/{rel}","templated":true}]}}