{"id":2936,"date":"2024-10-28T11:43:34","date_gmt":"2024-10-28T09:43:34","guid":{"rendered":"https:\/\/propertybook.ro\/blog\/apartament-luminos-cu-3-camere-si-vedere-spectaculoasa-in-primaverii-aproape-de-parcul-herastrau\/"},"modified":"2024-10-28T11:43:34","modified_gmt":"2024-10-28T09:43:34","slug":"apartament-luminos-cu-3-camere-si-vedere-spectaculoasa-in-primaverii-aproape-de-parcul-herastrau","status":"publish","type":"post","link":"https:\/\/propertybook.ro\/blog\/apartament-luminos-cu-3-camere-si-vedere-spectaculoasa-in-primaverii-aproape-de-parcul-herastrau\/","title":{"rendered":"Apartament Luminos cu 3 Camere \u0219i Vedere Spectaculoas\u0103 \u00een Primaverii, Aproape de Parcul Her\u0103str\u0103u"},"content":{"rendered":"\n<!-- ngfb content-buttons begin -->\n<!-- generated on 2026-05-02T08:55:46+00:00 -->\n<div class=\"ngfb-content-buttons\">\n<div class=\"ngfb-buttons en_US\">\n<!-- Email Button --><div class=\"css-button email-button\">\n  <a href=\"mailto:?subject=Share:%20Apartament%20Luminos%20cu%203%20Camere%20%C8%99i%20Vedere%20Spectaculoas%C4%83%20%C3%AEn%20Primaverii%2C%20Aproape%20de%20Parcul%20Her%C4%83str%C4%83u&body=Bucure%C8%99ti%2C%20Prim%C4%83verii%20-%20Apartament%20superb%20de%203%20camere%2C%20situat%20%C3%AEn%20Prim%C4%83verii%2C%20la%20400%20m%20de%20Parcul%20Her%C4%83str%C4%83u%20%C8%99i%20metrou%20Aviatorilor.%20Imobilul%2C%20renovat%20%C3%AEn%202021%2C%20se%20afl%C4%83%20la%20etajul%204%2C%20fiind%20singur%20pe%20etaj%2C%20oferind%20o%20vedere%20spectaculoas%C4%83.%20Dispune%20de%20buc%C4%83t%C4%83rie%20%C8%99i%202%20b%C4%83i%20complet%20mobilate%20%C8%99i%20utilate%2C%20centrala%20proprie%20%C8%99i%20supraveghere%20video.%20Include%20balcon%20%C8%99i%20acces%20la%20terasa%20exterioar%C4%83.%20Parcare%20disponibil%C4%83%20%C3%AEn%20fa%C8%9Ba%20blocului%2C%20gratuit%C4%83%20sau%20contra%20cost.%20Certificat%20energetic%20va%20fi%20ob%C8%9Binut%20la%20v%C3%A2nzare.%0D%0A%0D%0AShared%20from%20https:\/\/propertybook.ro\/blog\/apartament-luminos-cu-3-camere-si-vedere-spectaculoasa-in-primaverii-aproape-de-parcul-herastrau\/%0D%0A\">\n    <span class=\"ngfb-icon\">\n      <svg xmlns=\"http:\/\/www.w3.org\/2000\/svg\" width=\"9\" height=\"9\" viewBox=\"0 0 28 28\">\n        <path d=\"M20.11 26.147c-2.335 1.05-4.36 1.4-7.124 1.4C6.524 27.548.84 22.916.84 15.284.84 7.343 6.602.45 15.4.45c6.854 0 11.8 4.7 11.8 11.252 0 5.684-3.193 9.265-7.398 9.3-1.83 0-3.153-.934-3.347-2.997h-.077c-1.208 1.986-2.96 2.997-5.023 2.997-2.532 0-4.36-1.868-4.36-5.062 0-4.75 3.503-9.07 9.11-9.07 1.713 0 3.7.4 4.6.972l-1.17 7.203c-.387 2.298-.115 3.3 1 3.4 1.674 0 3.774-2.102 3.774-6.58 0-5.06-3.27-8.994-9.304-8.994C9.05 2.87 3.83 7.545 3.83 14.97c0 6.5 4.2 10.2 10 10.202 1.987 0 4.09-.43 5.647-1.245l.634 2.22zM16.647 10.1c-.31-.078-.7-.155-1.207-.155-2.572 0-4.596 2.53-4.596 5.53 0 1.5.7 2.4 1.9 2.4 1.44 0 2.96-1.83 3.31-4.088l.592-3.72z\" \/>\n      <\/svg>\n    <\/span>\n    <span class=\"ngfb-text\"><\/span>\n  <\/a>\n<\/div><\/div><!-- .ngfb-buttons.en_US -->\n<\/div><!-- .ngfb-content-buttons -->\n<!-- ngfb content-buttons end -->\n\n\n<!-- ngfb schema image for pinterest pin it button -->\n<div class=\"ngfb-schema-image-for-pinterest\" style=\"display:none;\">\n<img loading=\"lazy\" decoding=\"async\" src=\"https:\/\/propertybook.ro\/blog\/wp-content\/uploads\/2024\/10\/1126150.webp\" width=\"0\" height=\"0\" style=\"width:0;height:0;\" data-pin-description=\"Bucure\u0219ti, Prim\u0103verii - Apartament superb de 3 camere, situat &icirc;n Prim\u0103verii, la 400 m de Parcul Her\u0103str\u0103u \u0219i metrou Aviatorilor. Imobilul, renovat &icirc;n 2021, se afl\u0103 la etajul 4, fiind singur pe etaj, oferind o vedere spectaculoas\u0103. Dispune de buc\u0103t\u0103rie \u0219i 2 b\u0103i complet mobilate \u0219i utilate...\" alt=\"\"\/>\n<\/div><!-- .ngfb-schema-image-for-pinterest -->\n\n<figure class=\"wp-block-image size-large\"><img decoding=\"async\" src=\"https:\/\/cdn.propertybook.ro\/svn_residentialist\/1126150.webp\" alt=\"\" \/><\/figure>\n<ul>\n<li><a href=\"\/bucuresti\/\">Imobiliare Bucure\u0219ti<\/a><\/li>\n<li><a href=\"\/bucuresti\/apartamente-vanzare\/\">Apartamente de vanzare Bucure\u0219ti<\/a><\/li>\n<li><a href=\"\/bucuresti\/apartamente-vanzare\/3-camere\/\">Apartamente cu 3 camere de vanzare Bucure\u0219ti<\/a><\/li>\n<li><a href=\"\/bucuresti\/apartamente-vanzare\/primaverii\/3-camere\/\">Apartamente cu 3 camere de vanzare Prim\u0103verii, Bucure\u0219ti<\/a><\/li>\n<\/ul>\n<p><a href=\"\/bucuresti\/imobiliare-163-1126150-se-vinde-apartament-3-camere-in-sector-1-zona-primaverii\/\" class=\"pb-listing-action\">Detaliile proprietatii<\/a><\/p>\n<p><h2 class=\"wp-block-heading\">Apartament de Vis \u00een Primaverii, Aproape de Parcul Her\u0103str\u0103u<\/h2>\n<p>Dac\u0103 e\u0219ti \u00een c\u0103utarea unei propriet\u0103\u021bi deosebite \u00een Bucure\u0219ti, \u00een zona Primaverii, am g\u0103sit pentru tine un apartament care cu siguran\u021b\u0103 te va impresiona. Situat la doar 400 de metri de Parcul Her\u0103str\u0103u \u0219i de sta\u021bia de metrou Aviatorilor, acest apartament ofer\u0103 at\u00e2t confortul urban, c\u00e2t \u0219i accesibilitate la natur\u0103 \u0219i relaxare.<\/p>\n<p>#<\/p>\n<h2 class=\"wp-block-heading\">Detalii despre Apartament<\/h2>\n<p>Amplificat \u00eentr-un bloc modern construit \u00een anul 2000 \u0219i recent renovat \u00een 2021, apartamentul se afl\u0103 la etajul 4. Elementul distinctiv al acestuia este c\u0103 ocup\u0103 \u00eentreg etajul, garant\u00e2nd intimitate \u0219i mult\u0103 lumin\u0103 natural\u0103 datorit\u0103 feroneriilor mari \u0219i a feroneriilor orientate c\u0103tre o vedere liber\u0103 \u0219i spectaculoas\u0103.<\/p>\n<p>Cu o configura\u021bie de 3 camere spa\u021bioase, apartamentul dispune de o buc\u0103t\u0103rie complet mobilat\u0103 \u0219i dou\u0103 b\u0103i utilate, oferind un spa\u021biu generos ideal pentru familii sau pentru cei care apreciaz\u0103 confortul \u0219i spa\u021biul. Decorul modern, complet utilat, adaug\u0103 un plus de valoare acestei propriet\u0103\u021bi.<\/p>\n<p>#<\/p>\n<h2 class=\"wp-block-heading\">Caracteristici \u0219i Avantaje<\/h2>\n<p>Un alt aspect remarcabil este u\u0219urin\u021ba cu care te po\u021bi bucura de un stil de via\u021b\u0103 confortabil. Apartamentul beneficiaz\u0103 de un sistem de supraveghere video, sporind astfel nivelul de securitate. De asemenea, pentru confort suplimentar, dispune de central\u0103 proprie, asigur\u00e2nd astfel c\u0103ldura \u0219i ap\u0103 cald\u0103 \u00een perioada sezonului rece.<\/p>\n<p>Un alt avantaj este balconul propriu, care \u00ee\u021bi ofer\u0103 un loc perfect pentru a savura cafeaua de diminea\u021b\u0103 sau a te relaxa seara. \u00cen plus, ai acces la o teras\u0103 exterioar\u0103 a blocului, unde po\u021bi organiza mici \u00eent\u00e2lniri cu prietenii sau unde te po\u021bi bucura de soare.<\/p>\n<p>Pentru cei care au nevoie de un loc de parcare, exist\u0103 op\u021biuni disponibile \u2013 at\u00e2t parcarea gratuit\u0103 \u00een fa\u021ba blocului, c\u00e2t \u0219i op\u021biuni contra cost cu paz\u0103 la aproximativ 100 de metri distan\u021b\u0103.<\/p>\n<p>#<\/p>\n<h2 class=\"wp-block-heading\">Localizare<\/h2>\n<p>Localizarea este un alt punct forte al acestei propriet\u0103\u021bi. \u00cen apropiere se afl\u0103 Parcul Her\u0103str\u0103u, una dintre cele mai mari \u0219i frumoase oaze verzi din Bucure\u0219ti, ideal pentru plimb\u0103ri, jogging sau activit\u0103\u021bi \u00een aer liber. De asemenea, accesibilitatea la metrou faciliteaz\u0103 deplasarea rapid\u0103 c\u0103tre alte zone importante ale ora\u0219ului.<\/p>\n<p>#<\/p>\n<h2 class=\"wp-block-heading\">Concluzie<\/h2>\n<p>Acest apartament din Primaverii reprezint\u0103 o alegere ideal\u0103 pentru cei care caut\u0103 confort, siguran\u021b\u0103 \u0219i accesibilitate \u00een inima unui cartier elegant. Este locul perfect pentru a-\u021bi construi un nou c\u0103min, \u00eentr-un mediu care \u00eembin\u0103 via\u021ba urban\u0103 cu natura. Dac\u0103 e\u0219ti interesat s\u0103 descoperi mai multe despre aceast\u0103 proprietate sau s\u0103 programezi o vizionare, nu ezita s\u0103 cercetezi mai multe detalii \u0219i s\u0103 explorezi posibilitatea de a face din acest apartament cu vedere spectacular\u0103, urm\u0103torul t\u0103u c\u0103min.<\/p>\n<p><a href=\"\/bucuresti\/imobiliare-163-1126150-se-vinde-apartament-3-camere-in-sector-1-zona-primaverii\/\" class=\"pb-listing-action\">Stabileste o vizionare<\/a><\/p>\n<ul>\n<li><a href=\"\/bucuresti\/\">Imobiliare Bucure\u0219ti<\/a><\/li>\n<li><a href=\"\/bucuresti\/apartamente-vanzare\/\">Apartamente de vanzare Bucure\u0219ti<\/a><\/li>\n<li><a href=\"\/bucuresti\/apartamente-vanzare\/3-camere\/\">Apartamente cu 3 camere de vanzare Bucure\u0219ti<\/a><\/li>\n<li><a href=\"\/bucuresti\/apartamente-vanzare\/primaverii\/3-camere\/\">Apartamente cu 3 camere de vanzare Prim\u0103verii, Bucure\u0219ti<\/a><\/li>\n<\/ul>\n\n<!-- ngfb content-buttons begin -->\n<!-- generated on 2026-05-02T08:55:46+00:00 -->\n<div class=\"ngfb-content-buttons\">\n<div class=\"ngfb-buttons en_US\">\n<!-- Email Button --><div class=\"css-button email-button\">\n  <a href=\"mailto:?subject=Share:%20Apartament%20Luminos%20cu%203%20Camere%20%C8%99i%20Vedere%20Spectaculoas%C4%83%20%C3%AEn%20Primaverii%2C%20Aproape%20de%20Parcul%20Her%C4%83str%C4%83u&body=Bucure%C8%99ti%2C%20Prim%C4%83verii%20-%20Apartament%20superb%20de%203%20camere%2C%20situat%20%C3%AEn%20Prim%C4%83verii%2C%20la%20400%20m%20de%20Parcul%20Her%C4%83str%C4%83u%20%C8%99i%20metrou%20Aviatorilor.%20Imobilul%2C%20renovat%20%C3%AEn%202021%2C%20se%20afl%C4%83%20la%20etajul%204%2C%20fiind%20singur%20pe%20etaj%2C%20oferind%20o%20vedere%20spectaculoas%C4%83.%20Dispune%20de%20buc%C4%83t%C4%83rie%20%C8%99i%202%20b%C4%83i%20complet%20mobilate%20%C8%99i%20utilate%2C%20centrala%20proprie%20%C8%99i%20supraveghere%20video.%20Include%20balcon%20%C8%99i%20acces%20la%20terasa%20exterioar%C4%83.%20Parcare%20disponibil%C4%83%20%C3%AEn%20fa%C8%9Ba%20blocului%2C%20gratuit%C4%83%20sau%20contra%20cost.%20Certificat%20energetic%20va%20fi%20ob%C8%9Binut%20la%20v%C3%A2nzare.%0D%0A%0D%0AShared%20from%20https:\/\/propertybook.ro\/blog\/apartament-luminos-cu-3-camere-si-vedere-spectaculoasa-in-primaverii-aproape-de-parcul-herastrau\/%0D%0A\">\n    <span class=\"ngfb-icon\">\n      <svg xmlns=\"http:\/\/www.w3.org\/2000\/svg\" width=\"9\" height=\"9\" viewBox=\"0 0 28 28\">\n        <path d=\"M20.11 26.147c-2.335 1.05-4.36 1.4-7.124 1.4C6.524 27.548.84 22.916.84 15.284.84 7.343 6.602.45 15.4.45c6.854 0 11.8 4.7 11.8 11.252 0 5.684-3.193 9.265-7.398 9.3-1.83 0-3.153-.934-3.347-2.997h-.077c-1.208 1.986-2.96 2.997-5.023 2.997-2.532 0-4.36-1.868-4.36-5.062 0-4.75 3.503-9.07 9.11-9.07 1.713 0 3.7.4 4.6.972l-1.17 7.203c-.387 2.298-.115 3.3 1 3.4 1.674 0 3.774-2.102 3.774-6.58 0-5.06-3.27-8.994-9.304-8.994C9.05 2.87 3.83 7.545 3.83 14.97c0 6.5 4.2 10.2 10 10.202 1.987 0 4.09-.43 5.647-1.245l.634 2.22zM16.647 10.1c-.31-.078-.7-.155-1.207-.155-2.572 0-4.596 2.53-4.596 5.53 0 1.5.7 2.4 1.9 2.4 1.44 0 2.96-1.83 3.31-4.088l.592-3.72z\" \/>\n      <\/svg>\n    <\/span>\n    <span class=\"ngfb-text\"><\/span>\n  <\/a>\n<\/div><\/div><!-- .ngfb-buttons.en_US -->\n<\/div><!-- .ngfb-content-buttons -->\n<!-- ngfb content-buttons end -->\n\n","protected":false},"excerpt":{"rendered":"<p>Bucure\u0219ti, Prim\u0103verii &#8211; Apartament superb de 3 camere, situat \u00een Prim\u0103verii, la 400 m de Parcul Her\u0103str\u0103u \u0219i metrou Aviatorilor. Imobilul, renovat \u00een 2021, se afl\u0103 la etajul 4, fiind singur pe etaj, oferind o vedere spectaculoas\u0103. Dispune de buc\u0103t\u0103rie \u0219i 2 b\u0103i complet mobilate \u0219i utilate, centrala proprie \u0219i supraveghere video. Include balcon \u0219i acces la terasa exterioar\u0103. Parcare disponibil\u0103 \u00een fa\u021ba blocului, gratuit\u0103 sau contra cost. Certificat energetic va fi ob\u021binut la v\u00e2nzare.<\/p>\n","protected":false},"author":8,"featured_media":2935,"comment_status":"open","ping_status":"open","sticky":false,"template":"","format":"standard","meta":{"footnotes":""},"categories":[52,49,47],"tags":[55,286,74,89,79,70,334,63,85],"class_list":["post-2936","post","type-post","status-publish","format-standard","has-post-thumbnail","hentry","category-apartamente-de-vanzare-bucuresti","category-oferte-imobiliare-bucuresti","category-oferte","tag-3-camere","tag-an-const-2000","tag-balcon","tag-bucuresti","tag-etaj-4-4","tag-parchet","tag-primaverii","tag-semidecomandat","tag-termopane"],"_links":{"self":[{"href":"https:\/\/propertybook.ro\/blog\/wp-json\/wp\/v2\/posts\/2936","targetHints":{"allow":["GET"]}}],"collection":[{"href":"https:\/\/propertybook.ro\/blog\/wp-json\/wp\/v2\/posts"}],"about":[{"href":"https:\/\/propertybook.ro\/blog\/wp-json\/wp\/v2\/types\/post"}],"author":[{"embeddable":true,"href":"https:\/\/propertybook.ro\/blog\/wp-json\/wp\/v2\/users\/8"}],"replies":[{"embeddable":true,"href":"https:\/\/propertybook.ro\/blog\/wp-json\/wp\/v2\/comments?post=2936"}],"version-history":[{"count":0,"href":"https:\/\/propertybook.ro\/blog\/wp-json\/wp\/v2\/posts\/2936\/revisions"}],"wp:featuredmedia":[{"embeddable":true,"href":"https:\/\/propertybook.ro\/blog\/wp-json\/wp\/v2\/media\/2935"}],"wp:attachment":[{"href":"https:\/\/propertybook.ro\/blog\/wp-json\/wp\/v2\/media?parent=2936"}],"wp:term":[{"taxonomy":"category","embeddable":true,"href":"https:\/\/propertybook.ro\/blog\/wp-json\/wp\/v2\/categories?post=2936"},{"taxonomy":"post_tag","embeddable":true,"href":"https:\/\/propertybook.ro\/blog\/wp-json\/wp\/v2\/tags?post=2936"}],"curies":[{"name":"wp","href":"https:\/\/api.w.org\/{rel}","templated":true}]}}