{"id":2966,"date":"2024-10-29T17:43:36","date_gmt":"2024-10-29T15:43:36","guid":{"rendered":"https:\/\/propertybook.ro\/blog\/apartament-modern-cu-2-camere-in-catedral-residence-ideal-pentru-investitie-sau-locuinta-personala\/"},"modified":"2024-10-29T17:43:36","modified_gmt":"2024-10-29T15:43:36","slug":"apartament-modern-cu-2-camere-in-catedral-residence-ideal-pentru-investitie-sau-locuinta-personala","status":"publish","type":"post","link":"https:\/\/propertybook.ro\/blog\/apartament-modern-cu-2-camere-in-catedral-residence-ideal-pentru-investitie-sau-locuinta-personala\/","title":{"rendered":"\u201eApartament modern cu 2 camere \u00een Catedral Residence, ideal pentru investi\u021bie sau locuin\u021b\u0103 personal\u0103\u201d"},"content":{"rendered":"\n<!-- ngfb content-buttons begin -->\n<!-- generated on 2026-05-02T07:14:36+00:00 -->\n<div class=\"ngfb-content-buttons\">\n<div class=\"ngfb-buttons en_US\">\n<!-- Email Button --><div class=\"css-button email-button\">\n  <a href=\"mailto:?subject=Share:%20%E2%80%9EApartament%20modern%20cu%202%20camere%20%C3%AEn%20Catedral%20Residence%2C%20ideal%20pentru%20investi%C8%9Bie%20sau%20locuin%C8%9B%C4%83%20personal%C4%83%E2%80%9D&body=Bucure%C8%99ti%2C%20Centrul%20Civic%20-%20Apartamentul%20cu%20dou%C4%83%20camere%20are%20o%20suprafa%C8%9B%C4%83%20util%C4%83%20de%2054.10%20mp%20%C8%99i%20o%20teras%C4%83%20de%2080.90%20mp%2C%20oferind%20un%20total%20de%20135%20mp.%20Este%20complet%20mobilat%20%C8%99i%20utilat%2C%20av%C3%A2nd%20finisaje%20de%20calitate%20superioar%C4%83%2C%20precum%20feronerie%20Salamander%2C%20parchet%20Egger%20PRO%20%C8%99i%20central%C4%83%20Vaillant.%20Cu%20certificat%20de%20clasificare%20pentru%20%C3%AEnchiriere%20%C3%AEn%20sistem%20hotelier%2C%20este%20ideal%20at%C3%A2t%20pentru%20investi%C8%9Bie%2C%20c%C3%A2t%20%C8%99i%20pentru%20locuin%C8%9B%C4%83%20personal%C4%83.%0D%0A%0D%0AShared%20from%20https:\/\/propertybook.ro\/blog\/apartament-modern-cu-2-camere-in-catedral-residence-ideal-pentru-investitie-sau-locuinta-personala\/%0D%0A\">\n    <span class=\"ngfb-icon\">\n      <svg xmlns=\"http:\/\/www.w3.org\/2000\/svg\" width=\"9\" height=\"9\" viewBox=\"0 0 28 28\">\n        <path d=\"M20.11 26.147c-2.335 1.05-4.36 1.4-7.124 1.4C6.524 27.548.84 22.916.84 15.284.84 7.343 6.602.45 15.4.45c6.854 0 11.8 4.7 11.8 11.252 0 5.684-3.193 9.265-7.398 9.3-1.83 0-3.153-.934-3.347-2.997h-.077c-1.208 1.986-2.96 2.997-5.023 2.997-2.532 0-4.36-1.868-4.36-5.062 0-4.75 3.503-9.07 9.11-9.07 1.713 0 3.7.4 4.6.972l-1.17 7.203c-.387 2.298-.115 3.3 1 3.4 1.674 0 3.774-2.102 3.774-6.58 0-5.06-3.27-8.994-9.304-8.994C9.05 2.87 3.83 7.545 3.83 14.97c0 6.5 4.2 10.2 10 10.202 1.987 0 4.09-.43 5.647-1.245l.634 2.22zM16.647 10.1c-.31-.078-.7-.155-1.207-.155-2.572 0-4.596 2.53-4.596 5.53 0 1.5.7 2.4 1.9 2.4 1.44 0 2.96-1.83 3.31-4.088l.592-3.72z\" \/>\n      <\/svg>\n    <\/span>\n    <span class=\"ngfb-text\"><\/span>\n  <\/a>\n<\/div><\/div><!-- .ngfb-buttons.en_US -->\n<\/div><!-- .ngfb-content-buttons -->\n<!-- ngfb content-buttons end -->\n\n\n<!-- ngfb schema image for pinterest pin it button -->\n<div class=\"ngfb-schema-image-for-pinterest\" style=\"display:none;\">\n<img loading=\"lazy\" decoding=\"async\" src=\"https:\/\/propertybook.ro\/blog\/wp-content\/uploads\/2024\/10\/11021756.webp\" width=\"0\" height=\"0\" style=\"width:0;height:0;\" data-pin-description=\"Bucure\u0219ti, Centrul Civic - Apartamentul cu dou\u0103 camere are o suprafa\u021b\u0103 util\u0103 de 54.10 mp \u0219i o teras\u0103 de 80.90 mp, oferind un total de 135 mp. Este complet mobilat \u0219i utilat, av&acirc;nd finisaje de calitate superioar\u0103, precum feronerie Salamander, parchet Egger PRO \u0219i central\u0103 Vaillant. Cu certificat...\" alt=\"\"\/>\n<\/div><!-- .ngfb-schema-image-for-pinterest -->\n\n<figure class=\"wp-block-image size-large\"><img decoding=\"async\" src=\"https:\/\/cdn.propertybook.ro\/svn_residentialist\/11021756.webp\" alt=\"\" \/><\/figure>\n<ul>\n<li><a href=\"\/bucuresti\/\">Imobiliare Bucure\u0219ti<\/a><\/li>\n<li><a href=\"\/bucuresti\/apartamente-vanzare\/\">Apartamente de vanzare Bucure\u0219ti<\/a><\/li>\n<li><a href=\"\/bucuresti\/apartamente-vanzare\/2-camere\/\">Apartamente cu 2 camere de vanzare Bucure\u0219ti<\/a><\/li>\n<li><a href=\"\/bucuresti\/apartamente-vanzare\/centrul_civic\/2-camere\/\">Apartamente cu 2 camere de vanzare Centrul Civic, Bucure\u0219ti<\/a><\/li>\n<\/ul>\n<p><a href=\"\/bucuresti\/imobiliare-163-11021756-vanzare-apartament-2-camere-in-sector-5-zona-13-septembrie\/\" class=\"pb-listing-action\">Detaliile proprietatii<\/a><\/p>\n<p><h2 class=\"wp-block-heading\">Apartament de Lux \u00een Catedral Residence &#8211; O Oaz\u0103 de Confort<\/h2>\n<p>Dac\u0103 e\u0219ti \u00een c\u0103utarea unui apartament modern \u0219i elegant, situat \u00eentr-o zon\u0103 deosebit\u0103, Catedral Residence ar putea fi alegerea perfect\u0103 pentru tine. Acest apartament cu dou\u0103 camere, av\u00e2nd o suprafa\u021b\u0103 util\u0103 de 54.10 mp, este ideal pentru cei care doresc s\u0103 se bucure de un spa\u021biu confortabil \u0219i bine compartimentat.<\/p>\n<p>#<\/p>\n<h2 class=\"wp-block-heading\">Construc\u021bie \u0219i Compartimentare<\/h2>\n<p>Apartamentul se remarc\u0103 printr-o compartimentare optim\u0103, ce include:<\/p>\n<p>&#8211; **Living + Buc\u0103t\u0103rie + Hol**: 33.60 mp<\/p>\n<p>&#8211; **Dormitor**: 12.50 mp<\/p>\n<p>&#8211; **Baie**: 3.70 mp<\/p>\n<p>&#8211; **Dressing**: 4.30 mp<\/p>\n<p>&#8211; **Terasa**: 80.90 mp<\/p>\n<p>Cu o suprafa\u021b\u0103 total\u0103 de 135 mp care include terasa, acest apartament ofer\u0103 suficiente op\u021biuni de relaxare \u0219i distrac\u021bie, fiind perfect pentru serile petrecute al\u0103turi de prieteni sau familie.<\/p>\n<p>#<\/p>\n<h2 class=\"wp-block-heading\">Finisaje de Top<\/h2>\n<p>\u00centregul apartament este dotat cu finisaje de cea mai bun\u0103 calitate, care pun accent pe confort \u0219i estetic\u0103. Feroneria Salamander Bluevolution 82 \u00een nuan\u021ba gri graphite, u\u0219ile din lemn de pin, parchetul Egger PRO \u0219i pl\u0103cile ceramice Marazzi contribuie la o ambian\u021b\u0103 cald\u0103 \u0219i primitoare. De asemenea, apartamentul dispune de central\u0103 Vaillant \u0219i sistem de \u00eenc\u0103lzire prin pardoseal\u0103, asigur\u00e2nd confortul termic pe tot parcursul anului.<\/p>\n<p>#<\/p>\n<h2 class=\"wp-block-heading\">Dot\u0103ri Moderne<\/h2>\n<p>Un alt aspect care transform\u0103 acest apartament \u00eentr-o alegere excelent\u0103 este includerea unui video interfon smart, care aduce un plus de securitate \u0219i confort. Astfel, ai control asupra accesului \u0219i po\u021bi fi mereu conectat, chiar \u0219i de la distan\u021b\u0103.<\/p>\n<p>#<\/p>\n<h2 class=\"wp-block-heading\">Potrivit pentru Investi\u021bie<\/h2>\n<p>Apartamentul beneficiaz\u0103 de un certificat de clasificare pentru \u00eenchiriere \u00een sistem hotelier, ceea ce \u00eel face o oportunitate excelent\u0103 pentru cei care doresc s\u0103 investeasc\u0103 \u00een imobiliare. Indiferent dac\u0103 vrei s\u0103 \u00eel folose\u0219ti ca locuin\u021b\u0103 personal\u0103 sau s\u0103 \u00eel \u00eenchiriezi, acest apartament se dovede\u0219te a fi o investi\u021bie de viitor.<\/p>\n<h2 class=\"wp-block-heading\">Concluzie<\/h2>\n<p>Catedral Residence ofer\u0103 nu doar un apartament, ci un stil de via\u021b\u0103. Cu un design modern, spa\u021bii generoase \u0219i dot\u0103ri de top, acesta reprezint\u0103 o alegere excelent\u0103 pentru oricine \u00ee\u0219i dore\u0219te confort \u0219i calitate. Nu mai r\u0103m\u00e2ne dec\u00e2t s\u0103 te bucuri de spa\u021biul t\u0103u nou, unde fiecare detaliu este g\u00e2ndit pentru a-\u021bi oferi cele mai pl\u0103cute momente!<\/p>\n<p><a href=\"\/bucuresti\/imobiliare-163-11021756-vanzare-apartament-2-camere-in-sector-5-zona-13-septembrie\/\" class=\"pb-listing-action\">Stabileste o vizionare<\/a><\/p>\n<ul>\n<li><a href=\"\/bucuresti\/\">Imobiliare Bucure\u0219ti<\/a><\/li>\n<li><a href=\"\/bucuresti\/apartamente-vanzare\/\">Apartamente de vanzare Bucure\u0219ti<\/a><\/li>\n<li><a href=\"\/bucuresti\/apartamente-vanzare\/2-camere\/\">Apartamente cu 2 camere de vanzare Bucure\u0219ti<\/a><\/li>\n<li><a href=\"\/bucuresti\/apartamente-vanzare\/centrul_civic\/2-camere\/\">Apartamente cu 2 camere de vanzare Centrul Civic, Bucure\u0219ti<\/a><\/li>\n<\/ul>\n\n<!-- ngfb content-buttons begin -->\n<!-- generated on 2026-05-02T07:14:36+00:00 -->\n<div class=\"ngfb-content-buttons\">\n<div class=\"ngfb-buttons en_US\">\n<!-- Email Button --><div class=\"css-button email-button\">\n  <a href=\"mailto:?subject=Share:%20%E2%80%9EApartament%20modern%20cu%202%20camere%20%C3%AEn%20Catedral%20Residence%2C%20ideal%20pentru%20investi%C8%9Bie%20sau%20locuin%C8%9B%C4%83%20personal%C4%83%E2%80%9D&body=Bucure%C8%99ti%2C%20Centrul%20Civic%20-%20Apartamentul%20cu%20dou%C4%83%20camere%20are%20o%20suprafa%C8%9B%C4%83%20util%C4%83%20de%2054.10%20mp%20%C8%99i%20o%20teras%C4%83%20de%2080.90%20mp%2C%20oferind%20un%20total%20de%20135%20mp.%20Este%20complet%20mobilat%20%C8%99i%20utilat%2C%20av%C3%A2nd%20finisaje%20de%20calitate%20superioar%C4%83%2C%20precum%20feronerie%20Salamander%2C%20parchet%20Egger%20PRO%20%C8%99i%20central%C4%83%20Vaillant.%20Cu%20certificat%20de%20clasificare%20pentru%20%C3%AEnchiriere%20%C3%AEn%20sistem%20hotelier%2C%20este%20ideal%20at%C3%A2t%20pentru%20investi%C8%9Bie%2C%20c%C3%A2t%20%C8%99i%20pentru%20locuin%C8%9B%C4%83%20personal%C4%83.%0D%0A%0D%0AShared%20from%20https:\/\/propertybook.ro\/blog\/apartament-modern-cu-2-camere-in-catedral-residence-ideal-pentru-investitie-sau-locuinta-personala\/%0D%0A\">\n    <span class=\"ngfb-icon\">\n      <svg xmlns=\"http:\/\/www.w3.org\/2000\/svg\" width=\"9\" height=\"9\" viewBox=\"0 0 28 28\">\n        <path d=\"M20.11 26.147c-2.335 1.05-4.36 1.4-7.124 1.4C6.524 27.548.84 22.916.84 15.284.84 7.343 6.602.45 15.4.45c6.854 0 11.8 4.7 11.8 11.252 0 5.684-3.193 9.265-7.398 9.3-1.83 0-3.153-.934-3.347-2.997h-.077c-1.208 1.986-2.96 2.997-5.023 2.997-2.532 0-4.36-1.868-4.36-5.062 0-4.75 3.503-9.07 9.11-9.07 1.713 0 3.7.4 4.6.972l-1.17 7.203c-.387 2.298-.115 3.3 1 3.4 1.674 0 3.774-2.102 3.774-6.58 0-5.06-3.27-8.994-9.304-8.994C9.05 2.87 3.83 7.545 3.83 14.97c0 6.5 4.2 10.2 10 10.202 1.987 0 4.09-.43 5.647-1.245l.634 2.22zM16.647 10.1c-.31-.078-.7-.155-1.207-.155-2.572 0-4.596 2.53-4.596 5.53 0 1.5.7 2.4 1.9 2.4 1.44 0 2.96-1.83 3.31-4.088l.592-3.72z\" \/>\n      <\/svg>\n    <\/span>\n    <span class=\"ngfb-text\"><\/span>\n  <\/a>\n<\/div><\/div><!-- .ngfb-buttons.en_US -->\n<\/div><!-- .ngfb-content-buttons -->\n<!-- ngfb content-buttons end -->\n\n","protected":false},"excerpt":{"rendered":"<p>Bucure\u0219ti, Centrul Civic &#8211; Apartamentul cu dou\u0103 camere are o suprafa\u021b\u0103 util\u0103 de 54.10 mp \u0219i o teras\u0103 de 80.90 mp, oferind un total de 135 mp. Este complet mobilat \u0219i utilat, av\u00e2nd finisaje de calitate superioar\u0103, precum feronerie Salamander, parchet Egger PRO \u0219i central\u0103 Vaillant. Cu certificat de clasificare pentru \u00eenchiriere \u00een sistem hotelier, este ideal at\u00e2t pentru investi\u021bie, c\u00e2t \u0219i pentru locuin\u021b\u0103 personal\u0103.<\/p>\n","protected":false},"author":8,"featured_media":2965,"comment_status":"open","ping_status":"open","sticky":false,"template":"","format":"standard","meta":{"footnotes":""},"categories":[52,49,47],"tags":[62,131,89,90,99,70,63,85],"class_list":["post-2966","post","type-post","status-publish","format-standard","has-post-thumbnail","hentry","category-apartamente-de-vanzare-bucuresti","category-oferte-imobiliare-bucuresti","category-oferte","tag-2-camere","tag-an-const-2022","tag-bucuresti","tag-centrul-civic","tag-etaj-2-3","tag-parchet","tag-semidecomandat","tag-termopane"],"_links":{"self":[{"href":"https:\/\/propertybook.ro\/blog\/wp-json\/wp\/v2\/posts\/2966","targetHints":{"allow":["GET"]}}],"collection":[{"href":"https:\/\/propertybook.ro\/blog\/wp-json\/wp\/v2\/posts"}],"about":[{"href":"https:\/\/propertybook.ro\/blog\/wp-json\/wp\/v2\/types\/post"}],"author":[{"embeddable":true,"href":"https:\/\/propertybook.ro\/blog\/wp-json\/wp\/v2\/users\/8"}],"replies":[{"embeddable":true,"href":"https:\/\/propertybook.ro\/blog\/wp-json\/wp\/v2\/comments?post=2966"}],"version-history":[{"count":0,"href":"https:\/\/propertybook.ro\/blog\/wp-json\/wp\/v2\/posts\/2966\/revisions"}],"wp:featuredmedia":[{"embeddable":true,"href":"https:\/\/propertybook.ro\/blog\/wp-json\/wp\/v2\/media\/2965"}],"wp:attachment":[{"href":"https:\/\/propertybook.ro\/blog\/wp-json\/wp\/v2\/media?parent=2966"}],"wp:term":[{"taxonomy":"category","embeddable":true,"href":"https:\/\/propertybook.ro\/blog\/wp-json\/wp\/v2\/categories?post=2966"},{"taxonomy":"post_tag","embeddable":true,"href":"https:\/\/propertybook.ro\/blog\/wp-json\/wp\/v2\/tags?post=2966"}],"curies":[{"name":"wp","href":"https:\/\/api.w.org\/{rel}","templated":true}]}}