{"id":2982,"date":"2024-10-30T13:43:57","date_gmt":"2024-10-30T11:43:57","guid":{"rendered":"https:\/\/propertybook.ro\/blog\/apartament-modern-cu-2-dormitoare-in-cartierul-francez-aproape-de-herastrau\/"},"modified":"2024-10-30T13:43:57","modified_gmt":"2024-10-30T11:43:57","slug":"apartament-modern-cu-2-dormitoare-in-cartierul-francez-aproape-de-herastrau","status":"publish","type":"post","link":"https:\/\/propertybook.ro\/blog\/apartament-modern-cu-2-dormitoare-in-cartierul-francez-aproape-de-herastrau\/","title":{"rendered":"Apartament modern cu 2 dormitoare \u00een Cartierul Francez, aproape de Herastrau"},"content":{"rendered":"\n<!-- ngfb content-buttons begin -->\n<!-- generated on 2026-05-02T05:44:41+00:00 -->\n<div class=\"ngfb-content-buttons\">\n<div class=\"ngfb-buttons en_US\">\n<!-- Email Button --><div class=\"css-button email-button\">\n  <a href=\"mailto:?subject=Share:%20Apartament%20modern%20cu%202%20dormitoare%20%C3%AEn%20Cartierul%20Francez%2C%20aproape%20de%20Herastrau&body=Bucure%C8%99ti%2C%20Avia%C8%9Biei%20-%20Apartament%20elegant%20situat%20%C3%AEntr-un%20imobil%20din%202010%2C%20%C3%AEn%20Cartierul%20Francez%2C%20Bucure%C8%99ti.%20Cu%20o%20suprafa%C8%9B%C4%83%20util%C4%83%20de%2083%20mp%20%285%20mp%20balcon%29%2C%20compartimentare%20semi-decomandat%C4%83%2C%20include%20un%20living%20generos%2C%20dou%C4%83%20dormitoare%20%C8%99i%20dou%C4%83%20b%C4%83i.%20Este%20luminos%2C%20orientat%20spre%20est%20%C8%99i%20se%20vinde%20complet%20mobilat%20%C8%99i%20utilat.%20Locuri%20de%20parcare%20subteran%20disponibile%20separat.%20Aproape%20de%20transport%20public%2C%20%C8%99coli%20de%20prestigiu%20%C8%99i%20Parcul%20Her%C4%83str%C4%83u%2C%20la%20doar%202%20minute%20de%20mers%20pe%20jos.%0D%0A%0D%0AShared%20from%20https:\/\/propertybook.ro\/blog\/apartament-modern-cu-2-dormitoare-in-cartierul-francez-aproape-de-herastrau\/%0D%0A\">\n    <span class=\"ngfb-icon\">\n      <svg xmlns=\"http:\/\/www.w3.org\/2000\/svg\" width=\"9\" height=\"9\" viewBox=\"0 0 28 28\">\n        <path d=\"M20.11 26.147c-2.335 1.05-4.36 1.4-7.124 1.4C6.524 27.548.84 22.916.84 15.284.84 7.343 6.602.45 15.4.45c6.854 0 11.8 4.7 11.8 11.252 0 5.684-3.193 9.265-7.398 9.3-1.83 0-3.153-.934-3.347-2.997h-.077c-1.208 1.986-2.96 2.997-5.023 2.997-2.532 0-4.36-1.868-4.36-5.062 0-4.75 3.503-9.07 9.11-9.07 1.713 0 3.7.4 4.6.972l-1.17 7.203c-.387 2.298-.115 3.3 1 3.4 1.674 0 3.774-2.102 3.774-6.58 0-5.06-3.27-8.994-9.304-8.994C9.05 2.87 3.83 7.545 3.83 14.97c0 6.5 4.2 10.2 10 10.202 1.987 0 4.09-.43 5.647-1.245l.634 2.22zM16.647 10.1c-.31-.078-.7-.155-1.207-.155-2.572 0-4.596 2.53-4.596 5.53 0 1.5.7 2.4 1.9 2.4 1.44 0 2.96-1.83 3.31-4.088l.592-3.72z\" \/>\n      <\/svg>\n    <\/span>\n    <span class=\"ngfb-text\"><\/span>\n  <\/a>\n<\/div><\/div><!-- .ngfb-buttons.en_US -->\n<\/div><!-- .ngfb-content-buttons -->\n<!-- ngfb content-buttons end -->\n\n\n<!-- ngfb schema image for pinterest pin it button -->\n<div class=\"ngfb-schema-image-for-pinterest\" style=\"display:none;\">\n<img loading=\"lazy\" decoding=\"async\" src=\"https:\/\/propertybook.ro\/blog\/wp-content\/uploads\/2024\/10\/11015283.webp\" width=\"0\" height=\"0\" style=\"width:0;height:0;\" data-pin-description=\"Bucure\u0219ti, Avia\u021biei - Apartament elegant situat &icirc;ntr-un imobil din 2010, &icirc;n Cartierul Francez, Bucure\u0219ti. Cu o suprafa\u021b\u0103 util\u0103 de 83 mp (5 mp balcon), compartimentare semi-decomandat\u0103, include un living generos, dou\u0103 dormitoare \u0219i dou\u0103 b\u0103i. Este luminos, orientat spre est \u0219i se vinde complet...\" alt=\"\"\/>\n<\/div><!-- .ngfb-schema-image-for-pinterest -->\n\n<figure class=\"wp-block-image size-large\"><img decoding=\"async\" src=\"https:\/\/cdn.propertybook.ro\/svn_residentialist\/11015283.webp\" alt=\"\" \/><\/figure>\n<ul>\n<li><a href=\"\/bucuresti\/\">Imobiliare Bucure\u0219ti<\/a><\/li>\n<li><a href=\"\/bucuresti\/apartamente-vanzare\/\">Apartamente de vanzare Bucure\u0219ti<\/a><\/li>\n<li><a href=\"\/bucuresti\/apartamente-vanzare\/3-camere\/\">Apartamente cu 3 camere de vanzare Bucure\u0219ti<\/a><\/li>\n<li><a href=\"\/bucuresti\/apartamente-vanzare\/aviatiei\/3-camere\/\">Apartamente cu 3 camere de vanzare Avia\u021biei, Bucure\u0219ti<\/a><\/li>\n<\/ul>\n<p><a href=\"\/bucuresti\/imobiliare-163-11015283-de-vanzare-apartament-3-camere-in-sector-1-zona-nordului\/\" class=\"pb-listing-action\">Detaliile proprietatii<\/a><\/p>\n<p><h2 class=\"wp-block-heading\">Descoper\u0103 Elegan\u021ba \u0219i Confortul \u00een Cartierul Francez din Bucure\u0219ti<\/h2>\n<p>Dac\u0103 e\u0219ti \u00een c\u0103utarea unei locuin\u021be care s\u0103 combine confortul modern cu o loca\u021bie de excep\u021bie, te invit\u0103m s\u0103 descoperi un apartament splendid situat \u00een inima Cartierului Francez din Bucure\u0219ti. Aceast\u0103 proprietate reprezint\u0103 o oportunitate rar\u0103 de a experimenta un stil de via\u021b\u0103 urban, f\u0103r\u0103 a renun\u021ba la lini\u0219tea \u0219i elegan\u021ba de care ai nevoie.<\/p>\n<p>#<\/p>\n<h2 class=\"wp-block-heading\">Detalii despre Apartament<\/h2>\n<p>Aflat \u00eentr-un imobil construit \u00een 2010, apartamentul se remarc\u0103 printr-o suprafa\u021b\u0103 util\u0103 de 83 mp, care include un balcon de 5 mp perfect pentru a savura cafeaua de diminea\u021b\u0103 sau pentru a te relaxa dup\u0103 o zi lung\u0103. Dispune de o compartimentare semi-decomandat\u0103, care optimizeaz\u0103 spa\u021biul \u0219i ofer\u0103 o senza\u021bie de aerisire.<\/p>\n<p>**Zona de Living** este generoas\u0103, integr\u00e2nd o zon\u0103 de dining ce \u00eencurajeaz\u0103 convivialitatea. Luminile naturale inunda fiecare col\u021bi\u0219or al apartamentului, datorit\u0103 amplas\u0103rii pe partea de est \u0219i a feroneriilor mari, care asigur\u0103 o atmosfer\u0103 cald\u0103 \u0219i primitoare.<\/p>\n<p>Buc\u0103t\u0103ria, complet separat\u0103, ofer\u0103 intimitate \u0219i func\u021bionalitate, fiind ideal\u0103 pentru g\u0103tit \u0219i desf\u0103\u0219urarea activit\u0103\u021bilor cotidiene. Holul mare duce c\u0103tre cele dou\u0103 dormitoare, spa\u021bioase \u0219i luminoase, asigur\u00e2nd un mediu propice pentru relaxare. Baia matrimonial\u0103 este dotat\u0103 cu facilit\u0103\u021bi moderne, iar toaleta de serviciu dispune de o cabin\u0103 de du\u0219, practicitatea fiind la ordinea zilei.<\/p>\n<p>#<\/p>\n<h2 class=\"wp-block-heading\">Mobilier \u0219i Utilit\u0103\u021bi<\/h2>\n<p>Apartamentul este v\u00e2ndut complet mobilat \u0219i utilat, gata s\u0103 te primeasc\u0103 f\u0103r\u0103 b\u0103t\u0103i de cap. Fiecare pies\u0103 de mobilier a fost ales cu grij\u0103 pentru a maximiza confortul \u0219i stilul, inclusiv electrocasnicele moderne care fac via\u021ba de zi cu zi mai u\u0219oar\u0103.<\/p>\n<p>#<\/p>\n<h2 class=\"wp-block-heading\">Parcaj \u0219i Accesibilitate<\/h2>\n<p>Pentru cei care dispun de un automobil, exist\u0103 op\u021biuni separate pentru achizi\u021bionarea locurilor de parcare la subteran, ceea ce adaug\u0103 un plus de comoditate. De asemenea, apartamentul beneficiaz\u0103 de o accesibilitate excelent\u0103 datorit\u0103 proximit\u0103\u021bii fa\u021b\u0103 de mijloacele de transport \u00een comun. <\/p>\n<p>\u00cen plus, zona este bine cunoscut\u0103 pentru \u0219coli \u0219i gr\u0103dini\u021be de prestigiu, fiind ideal\u0103 pentru familii. Iar pentru iubitorii de natur\u0103, Parcul Her\u0103str\u0103u este la doar 2 minute de mers pe jos, oferind un spa\u021biu verde perfect pentru plimb\u0103ri sau pentru activit\u0103\u021bi recreative.<\/p>\n<p>#<\/p>\n<h2 class=\"wp-block-heading\">Concluzie<\/h2>\n<p>Cu o combina\u021bie perfect\u0103 de elegan\u021b\u0103, confort \u0219i o loca\u021bie privilegiat\u0103, acest apartament din Cartierul Francez reprezint\u0103 nu doar o locuin\u021b\u0103, ci un adev\u0103rat stil de via\u021b\u0103. Fie c\u0103 e\u0219ti un profesionist \u00een c\u0103utarea unui c\u0103min modern sau o familie care \u00ee\u0219i dore\u0219te un mediu pl\u0103cut pentru cre\u0219terea copiilor, aceast\u0103 proprietate are toate calit\u0103\u021bile necesare. Nu rata ocazia de a explora aceast\u0103 bijuterie din inima Bucure\u0219tiului!<\/p>\n<p><a href=\"\/bucuresti\/imobiliare-163-11015283-de-vanzare-apartament-3-camere-in-sector-1-zona-nordului\/\" class=\"pb-listing-action\">Stabileste o vizionare<\/a><\/p>\n<ul>\n<li><a href=\"\/bucuresti\/\">Imobiliare Bucure\u0219ti<\/a><\/li>\n<li><a href=\"\/bucuresti\/apartamente-vanzare\/\">Apartamente de vanzare Bucure\u0219ti<\/a><\/li>\n<li><a href=\"\/bucuresti\/apartamente-vanzare\/3-camere\/\">Apartamente cu 3 camere de vanzare Bucure\u0219ti<\/a><\/li>\n<li><a href=\"\/bucuresti\/apartamente-vanzare\/aviatiei\/3-camere\/\">Apartamente cu 3 camere de vanzare Avia\u021biei, Bucure\u0219ti<\/a><\/li>\n<\/ul>\n\n<!-- ngfb content-buttons begin -->\n<!-- generated on 2026-05-02T05:44:41+00:00 -->\n<div class=\"ngfb-content-buttons\">\n<div class=\"ngfb-buttons en_US\">\n<!-- Email Button --><div class=\"css-button email-button\">\n  <a href=\"mailto:?subject=Share:%20Apartament%20modern%20cu%202%20dormitoare%20%C3%AEn%20Cartierul%20Francez%2C%20aproape%20de%20Herastrau&body=Bucure%C8%99ti%2C%20Avia%C8%9Biei%20-%20Apartament%20elegant%20situat%20%C3%AEntr-un%20imobil%20din%202010%2C%20%C3%AEn%20Cartierul%20Francez%2C%20Bucure%C8%99ti.%20Cu%20o%20suprafa%C8%9B%C4%83%20util%C4%83%20de%2083%20mp%20%285%20mp%20balcon%29%2C%20compartimentare%20semi-decomandat%C4%83%2C%20include%20un%20living%20generos%2C%20dou%C4%83%20dormitoare%20%C8%99i%20dou%C4%83%20b%C4%83i.%20Este%20luminos%2C%20orientat%20spre%20est%20%C8%99i%20se%20vinde%20complet%20mobilat%20%C8%99i%20utilat.%20Locuri%20de%20parcare%20subteran%20disponibile%20separat.%20Aproape%20de%20transport%20public%2C%20%C8%99coli%20de%20prestigiu%20%C8%99i%20Parcul%20Her%C4%83str%C4%83u%2C%20la%20doar%202%20minute%20de%20mers%20pe%20jos.%0D%0A%0D%0AShared%20from%20https:\/\/propertybook.ro\/blog\/apartament-modern-cu-2-dormitoare-in-cartierul-francez-aproape-de-herastrau\/%0D%0A\">\n    <span class=\"ngfb-icon\">\n      <svg xmlns=\"http:\/\/www.w3.org\/2000\/svg\" width=\"9\" height=\"9\" viewBox=\"0 0 28 28\">\n        <path d=\"M20.11 26.147c-2.335 1.05-4.36 1.4-7.124 1.4C6.524 27.548.84 22.916.84 15.284.84 7.343 6.602.45 15.4.45c6.854 0 11.8 4.7 11.8 11.252 0 5.684-3.193 9.265-7.398 9.3-1.83 0-3.153-.934-3.347-2.997h-.077c-1.208 1.986-2.96 2.997-5.023 2.997-2.532 0-4.36-1.868-4.36-5.062 0-4.75 3.503-9.07 9.11-9.07 1.713 0 3.7.4 4.6.972l-1.17 7.203c-.387 2.298-.115 3.3 1 3.4 1.674 0 3.774-2.102 3.774-6.58 0-5.06-3.27-8.994-9.304-8.994C9.05 2.87 3.83 7.545 3.83 14.97c0 6.5 4.2 10.2 10 10.202 1.987 0 4.09-.43 5.647-1.245l.634 2.22zM16.647 10.1c-.31-.078-.7-.155-1.207-.155-2.572 0-4.596 2.53-4.596 5.53 0 1.5.7 2.4 1.9 2.4 1.44 0 2.96-1.83 3.31-4.088l.592-3.72z\" \/>\n      <\/svg>\n    <\/span>\n    <span class=\"ngfb-text\"><\/span>\n  <\/a>\n<\/div><\/div><!-- .ngfb-buttons.en_US -->\n<\/div><!-- .ngfb-content-buttons -->\n<!-- ngfb content-buttons end -->\n\n","protected":false},"excerpt":{"rendered":"<p>Bucure\u0219ti, Avia\u021biei &#8211; Apartament elegant situat \u00eentr-un imobil din 2010, \u00een Cartierul Francez, Bucure\u0219ti. Cu o suprafa\u021b\u0103 util\u0103 de 83 mp (5 mp balcon), compartimentare semi-decomandat\u0103, include un living generos, dou\u0103 dormitoare \u0219i dou\u0103 b\u0103i. Este luminos, orientat spre est \u0219i se vinde complet mobilat \u0219i utilat. Locuri de parcare subteran disponibile separat. Aproape de transport public, \u0219coli de prestigiu \u0219i Parcul Her\u0103str\u0103u, la doar 2 minute de mers pe jos.<\/p>\n","protected":false},"author":8,"featured_media":2981,"comment_status":"open","ping_status":"open","sticky":false,"template":"","format":"standard","meta":{"footnotes":""},"categories":[52,49,47],"tags":[55,180,204,89,110,70,63,85],"class_list":["post-2982","post","type-post","status-publish","format-standard","has-post-thumbnail","hentry","category-apartamente-de-vanzare-bucuresti","category-oferte-imobiliare-bucuresti","category-oferte","tag-3-camere","tag-an-const-2011","tag-aviatiei","tag-bucuresti","tag-etaj-1-5","tag-parchet","tag-semidecomandat","tag-termopane"],"_links":{"self":[{"href":"https:\/\/propertybook.ro\/blog\/wp-json\/wp\/v2\/posts\/2982","targetHints":{"allow":["GET"]}}],"collection":[{"href":"https:\/\/propertybook.ro\/blog\/wp-json\/wp\/v2\/posts"}],"about":[{"href":"https:\/\/propertybook.ro\/blog\/wp-json\/wp\/v2\/types\/post"}],"author":[{"embeddable":true,"href":"https:\/\/propertybook.ro\/blog\/wp-json\/wp\/v2\/users\/8"}],"replies":[{"embeddable":true,"href":"https:\/\/propertybook.ro\/blog\/wp-json\/wp\/v2\/comments?post=2982"}],"version-history":[{"count":0,"href":"https:\/\/propertybook.ro\/blog\/wp-json\/wp\/v2\/posts\/2982\/revisions"}],"wp:featuredmedia":[{"embeddable":true,"href":"https:\/\/propertybook.ro\/blog\/wp-json\/wp\/v2\/media\/2981"}],"wp:attachment":[{"href":"https:\/\/propertybook.ro\/blog\/wp-json\/wp\/v2\/media?parent=2982"}],"wp:term":[{"taxonomy":"category","embeddable":true,"href":"https:\/\/propertybook.ro\/blog\/wp-json\/wp\/v2\/categories?post=2982"},{"taxonomy":"post_tag","embeddable":true,"href":"https:\/\/propertybook.ro\/blog\/wp-json\/wp\/v2\/tags?post=2982"}],"curies":[{"name":"wp","href":"https:\/\/api.w.org\/{rel}","templated":true}]}}