{"id":2994,"date":"2024-10-30T19:43:54","date_gmt":"2024-10-30T17:43:54","guid":{"rendered":"https:\/\/propertybook.ro\/blog\/apartament-spatios-cu-3-camere-si-terasa-generoasa-de-78-mp-confort-si-relaxare-in-aer-liber\/"},"modified":"2024-10-30T19:43:54","modified_gmt":"2024-10-30T17:43:54","slug":"apartament-spatios-cu-3-camere-si-terasa-generoasa-de-78-mp-confort-si-relaxare-in-aer-liber","status":"publish","type":"post","link":"https:\/\/propertybook.ro\/blog\/apartament-spatios-cu-3-camere-si-terasa-generoasa-de-78-mp-confort-si-relaxare-in-aer-liber\/","title":{"rendered":"Apartament Spa\u021bios cu 3 Camere \u0219i Teras\u0103 Generoas\u0103 de 78 mp \u2013 Confort \u0219i Relaxare \u00een Aer Liber!"},"content":{"rendered":"\n<!-- ngfb content-buttons begin -->\n<!-- generated on 2026-05-02T07:11:58+00:00 -->\n<div class=\"ngfb-content-buttons\">\n<div class=\"ngfb-buttons en_US\">\n<!-- Email Button --><div class=\"css-button email-button\">\n  <a href=\"mailto:?subject=Share:%20Apartament%20Spa%C8%9Bios%20cu%203%20Camere%20%C8%99i%20Teras%C4%83%20Generoas%C4%83%20de%2078%20mp%20%E2%80%93%20Confort%20%C8%99i%20Relaxare%20%C3%AEn%20Aer%20Liber%21&body=Bucure%C8%99ti%20-%20Apartament%20spa%C8%9Bios%20cu%203%20camere%2C%20cu%20o%20suprafa%C8%9B%C4%83%20util%C4%83%20de%20103%20mp%20%C8%99i%20o%20teras%C4%83%20generoas%C4%83%20de%2078%20mp.%20Este%20complet%20mobilat%20%C8%99i%20utilat%2C%20oferind%20confortul%20necesar%20pentru%20un%20stil%20de%20via%C8%9B%C4%83%20modern.%20Disponibil%20imediat%2C%20cu%20op%C8%9Biune%20de%20parcare%20separat%C4%83%20la%2020.000%20euro%2C%20aceast%C4%83%20proprietate%20reprezint%C4%83%20o%20oportunitate%20excelent%C4%83%20pentru%20relaxare%20%C8%99i%20socializare.%20Gr%C4%83bi%C8%9Bi-v%C4%83%20s%C4%83%20profita%C8%9Bi%20de%20aceast%C4%83%20ofert%C4%83%20unic%C4%83%21%0D%0A%0D%0AShared%20from%20https:\/\/propertybook.ro\/blog\/apartament-spatios-cu-3-camere-si-terasa-generoasa-de-78-mp-confort-si-relaxare-in-aer-liber\/%0D%0A\">\n    <span class=\"ngfb-icon\">\n      <svg xmlns=\"http:\/\/www.w3.org\/2000\/svg\" width=\"9\" height=\"9\" viewBox=\"0 0 28 28\">\n        <path d=\"M20.11 26.147c-2.335 1.05-4.36 1.4-7.124 1.4C6.524 27.548.84 22.916.84 15.284.84 7.343 6.602.45 15.4.45c6.854 0 11.8 4.7 11.8 11.252 0 5.684-3.193 9.265-7.398 9.3-1.83 0-3.153-.934-3.347-2.997h-.077c-1.208 1.986-2.96 2.997-5.023 2.997-2.532 0-4.36-1.868-4.36-5.062 0-4.75 3.503-9.07 9.11-9.07 1.713 0 3.7.4 4.6.972l-1.17 7.203c-.387 2.298-.115 3.3 1 3.4 1.674 0 3.774-2.102 3.774-6.58 0-5.06-3.27-8.994-9.304-8.994C9.05 2.87 3.83 7.545 3.83 14.97c0 6.5 4.2 10.2 10 10.202 1.987 0 4.09-.43 5.647-1.245l.634 2.22zM16.647 10.1c-.31-.078-.7-.155-1.207-.155-2.572 0-4.596 2.53-4.596 5.53 0 1.5.7 2.4 1.9 2.4 1.44 0 2.96-1.83 3.31-4.088l.592-3.72z\" \/>\n      <\/svg>\n    <\/span>\n    <span class=\"ngfb-text\"><\/span>\n  <\/a>\n<\/div><\/div><!-- .ngfb-buttons.en_US -->\n<\/div><!-- .ngfb-content-buttons -->\n<!-- ngfb content-buttons end -->\n\n\n<!-- ngfb schema image for pinterest pin it button -->\n<div class=\"ngfb-schema-image-for-pinterest\" style=\"display:none;\">\n<img loading=\"lazy\" decoding=\"async\" src=\"https:\/\/propertybook.ro\/blog\/wp-content\/uploads\/2024\/10\/11016450.webp\" width=\"0\" height=\"0\" style=\"width:0;height:0;\" data-pin-description=\"Bucure\u0219ti - Apartament spa\u021bios cu 3 camere, cu o suprafa\u021b\u0103 util\u0103 de 103 mp \u0219i o teras\u0103 generoas\u0103 de 78 mp. Este complet mobilat \u0219i utilat, oferind confortul necesar pentru un stil de via\u021b\u0103 modern. Disponibil imediat, cu op\u021biune de parcare separat\u0103 la 20.000 euro, aceast\u0103 proprietate reprezint\u0103 o...\" alt=\"\"\/>\n<\/div><!-- .ngfb-schema-image-for-pinterest -->\n\n<figure class=\"wp-block-image size-large\"><img decoding=\"async\" src=\"https:\/\/cdn.propertybook.ro\/svn_residentialist\/11016450.webp\" alt=\"\" \/><\/figure>\n<ul>\n<li><a href=\"\/bucuresti\/\">Imobiliare Bucure\u0219ti<\/a><\/li>\n<li><a href=\"\/bucuresti\/apartamente-vanzare\/3-camere\/\">Apartamente cu 3 camere de vanzare Bucure\u0219ti<\/a><\/li>\n<\/ul>\n<p><a href=\"\/bucuresti\/imobiliare-163-11016450-de-vanzare-apartament-3-camere-in-sector-1-zona-arcul-de-triumf\/\" class=\"pb-listing-action\">Detaliile proprietatii<\/a><\/p>\n<p><h2 class=\"wp-block-heading\">Descoper\u0103 un Apartament Spa\u021bios cu Teras\u0103 Generoas\u0103<\/h2>\n<p>Dac\u0103 te afli \u00een c\u0103utarea unei locuin\u021be care s\u0103 \u00eembine confortul cu stilul modern, atunci unui apartament cu 3 camere ar putea fi solu\u021bia ideal\u0103. Acest apartament spa\u021bios nu doar c\u0103 ofer\u0103 un interior bine organizat, ci vine \u0219i cu o teras\u0103 impresionant\u0103 care \u00ee\u021bi va transforma momentele de relaxare.<\/p>\n<p>#<\/p>\n<h2 class=\"wp-block-heading\">Suprafa\u021ba Generoas\u0103<\/h2>\n<p>Unul dintre cele mai atr\u0103g\u0103toare aspecte ale acestui apartament este suprafa\u021ba util\u0103 de 103 mp. Aceasta permite o amenajare flexibil\u0103, astfel \u00eenc\u00e2t fiecare camer\u0103 s\u0103 fie folosit\u0103 la maxim. Indiferent dac\u0103 contezi pe un spa\u021biu dedicat dormitului, unui birou acas\u0103 sau unui living confortabil, acest apartament se poate adapta stilului t\u0103u de via\u021b\u0103.<\/p>\n<p>#<\/p>\n<h2 class=\"wp-block-heading\">O Teras\u0103 de Vis<\/h2>\n<p>Terasa de 78 mp este cu adev\u0103rat vedeta acestui apartament. Imagineaz\u0103-\u021bi serile petrecute \u00een aer liber, organiz\u00e2nd petreceri cu prietenii sau pur \u0219i simplu savur\u00e2nd o carte \u00een mijlocul naturii. Aceast\u0103 extensie a locuin\u021bei tale devine un loc perfect pentru relaxare \u0219i socializare, aduc\u00e2nd cu sine beneficiile vie\u021bii \u00een aer liber.<\/p>\n<p>#<\/p>\n<h2 class=\"wp-block-heading\">Complet Mobilat \u0219i Utilat<\/h2>\n<p>De asemenea, apartamentul vine complet mobilat \u0219i utilat, f\u0103c\u00e2ndu-l preg\u0103tit s\u0103 te primeasc\u0103 \u00eenc\u0103 de la prima zi. Fiecare detaliu a fost g\u00e2ndit pentru a oferi confortul necesar, astfel \u00eenc\u00e2t s\u0103 te po\u021bi bucura de un stil de via\u021b\u0103 modern f\u0103r\u0103 a face compromisuri.<\/p>\n<p>#<\/p>\n<h2 class=\"wp-block-heading\">Loc de Parcare<\/h2>\n<p>Un alt avantaj este disponibilitatea op\u021biunii de achizi\u021bionare a unui loc de parcare separat. \u00centr-o lume \u00een care g\u0103sirea unui loc de parcare devine din ce \u00een ce mai dificil\u0103, acest aspect poate fi un mare plus pentru locatari.<\/p>\n<p>#<\/p>\n<h2 class=\"wp-block-heading\">Disponibil Imediat<\/h2>\n<p>Dac\u0103 e\u0219ti preg\u0103tit s\u0103 te mu\u021bi \u00eentr-un nou c\u0103min, acest apartament este disponibil imediat. Aceasta reprezint\u0103 nu doar o oportunitate excelent\u0103 de a locui \u00eentr-un spa\u021biu generos, ci \u0219i de a beneficia de un stil de via\u021b\u0103 mai confortabil.<\/p>\n<p>#<\/p>\n<h2 class=\"wp-block-heading\">Concluzie<\/h2>\n<p>Acest apartament cu teras\u0103 generas\u0103 este mai mult dec\u00e2t o simpl\u0103 proprietate &#8211; este o oportunitate de a trai \u00eentr-un spa\u021biu care reflect\u0103 stilul de via\u021b\u0103 modern. Indiferent dac\u0103 e\u0219ti singur, cuplu sau o familie, aceast\u0103 locuin\u021b\u0103 poate s\u0103 devin\u0103 acas\u0103. Nu rata ocazia de a descoperi un loc unde confortul \u0219i stilul se \u00eent\u00e2lnesc!<\/p>\n<p><a href=\"\/bucuresti\/imobiliare-163-11016450-de-vanzare-apartament-3-camere-in-sector-1-zona-arcul-de-triumf\/\" class=\"pb-listing-action\">Stabileste o vizionare<\/a><\/p>\n<ul>\n<li><a href=\"\/bucuresti\/\">Imobiliare Bucure\u0219ti<\/a><\/li>\n<li><a href=\"\/bucuresti\/apartamente-vanzare\/3-camere\/\">Apartamente cu 3 camere de vanzare Bucure\u0219ti<\/a><\/li>\n<\/ul>\n\n<!-- ngfb content-buttons begin -->\n<!-- generated on 2026-05-02T07:11:58+00:00 -->\n<div class=\"ngfb-content-buttons\">\n<div class=\"ngfb-buttons en_US\">\n<!-- Email Button --><div class=\"css-button email-button\">\n  <a href=\"mailto:?subject=Share:%20Apartament%20Spa%C8%9Bios%20cu%203%20Camere%20%C8%99i%20Teras%C4%83%20Generoas%C4%83%20de%2078%20mp%20%E2%80%93%20Confort%20%C8%99i%20Relaxare%20%C3%AEn%20Aer%20Liber%21&body=Bucure%C8%99ti%20-%20Apartament%20spa%C8%9Bios%20cu%203%20camere%2C%20cu%20o%20suprafa%C8%9B%C4%83%20util%C4%83%20de%20103%20mp%20%C8%99i%20o%20teras%C4%83%20generoas%C4%83%20de%2078%20mp.%20Este%20complet%20mobilat%20%C8%99i%20utilat%2C%20oferind%20confortul%20necesar%20pentru%20un%20stil%20de%20via%C8%9B%C4%83%20modern.%20Disponibil%20imediat%2C%20cu%20op%C8%9Biune%20de%20parcare%20separat%C4%83%20la%2020.000%20euro%2C%20aceast%C4%83%20proprietate%20reprezint%C4%83%20o%20oportunitate%20excelent%C4%83%20pentru%20relaxare%20%C8%99i%20socializare.%20Gr%C4%83bi%C8%9Bi-v%C4%83%20s%C4%83%20profita%C8%9Bi%20de%20aceast%C4%83%20ofert%C4%83%20unic%C4%83%21%0D%0A%0D%0AShared%20from%20https:\/\/propertybook.ro\/blog\/apartament-spatios-cu-3-camere-si-terasa-generoasa-de-78-mp-confort-si-relaxare-in-aer-liber\/%0D%0A\">\n    <span class=\"ngfb-icon\">\n      <svg xmlns=\"http:\/\/www.w3.org\/2000\/svg\" width=\"9\" height=\"9\" viewBox=\"0 0 28 28\">\n        <path d=\"M20.11 26.147c-2.335 1.05-4.36 1.4-7.124 1.4C6.524 27.548.84 22.916.84 15.284.84 7.343 6.602.45 15.4.45c6.854 0 11.8 4.7 11.8 11.252 0 5.684-3.193 9.265-7.398 9.3-1.83 0-3.153-.934-3.347-2.997h-.077c-1.208 1.986-2.96 2.997-5.023 2.997-2.532 0-4.36-1.868-4.36-5.062 0-4.75 3.503-9.07 9.11-9.07 1.713 0 3.7.4 4.6.972l-1.17 7.203c-.387 2.298-.115 3.3 1 3.4 1.674 0 3.774-2.102 3.774-6.58 0-5.06-3.27-8.994-9.304-8.994C9.05 2.87 3.83 7.545 3.83 14.97c0 6.5 4.2 10.2 10 10.202 1.987 0 4.09-.43 5.647-1.245l.634 2.22zM16.647 10.1c-.31-.078-.7-.155-1.207-.155-2.572 0-4.596 2.53-4.596 5.53 0 1.5.7 2.4 1.9 2.4 1.44 0 2.96-1.83 3.31-4.088l.592-3.72z\" \/>\n      <\/svg>\n    <\/span>\n    <span class=\"ngfb-text\"><\/span>\n  <\/a>\n<\/div><\/div><!-- .ngfb-buttons.en_US -->\n<\/div><!-- .ngfb-content-buttons -->\n<!-- ngfb content-buttons end -->\n\n","protected":false},"excerpt":{"rendered":"<p>Bucure\u0219ti &#8211; Apartament spa\u021bios cu 3 camere, cu o suprafa\u021b\u0103 util\u0103 de 103 mp \u0219i o teras\u0103 generoas\u0103 de 78 mp. Este complet mobilat \u0219i utilat, oferind confortul necesar pentru un stil de via\u021b\u0103 modern. Disponibil imediat, cu op\u021biune de parcare separat\u0103 la 20.000 euro, aceast\u0103 proprietate reprezint\u0103 o oportunitate excelent\u0103 pentru relaxare \u0219i socializare. Gr\u0103bi\u021bi-v\u0103 s\u0103 profita\u021bi de aceast\u0103 ofert\u0103 unic\u0103!<\/p>\n","protected":false},"author":8,"featured_media":2993,"comment_status":"open","ping_status":"open","sticky":false,"template":"","format":"standard","meta":{"footnotes":""},"categories":[52,49,47],"tags":[55,286,89,68,70,85],"class_list":["post-2994","post","type-post","status-publish","format-standard","has-post-thumbnail","hentry","category-apartamente-de-vanzare-bucuresti","category-oferte-imobiliare-bucuresti","category-oferte","tag-3-camere","tag-an-const-2000","tag-bucuresti","tag-decomandat","tag-parchet","tag-termopane"],"_links":{"self":[{"href":"https:\/\/propertybook.ro\/blog\/wp-json\/wp\/v2\/posts\/2994","targetHints":{"allow":["GET"]}}],"collection":[{"href":"https:\/\/propertybook.ro\/blog\/wp-json\/wp\/v2\/posts"}],"about":[{"href":"https:\/\/propertybook.ro\/blog\/wp-json\/wp\/v2\/types\/post"}],"author":[{"embeddable":true,"href":"https:\/\/propertybook.ro\/blog\/wp-json\/wp\/v2\/users\/8"}],"replies":[{"embeddable":true,"href":"https:\/\/propertybook.ro\/blog\/wp-json\/wp\/v2\/comments?post=2994"}],"version-history":[{"count":0,"href":"https:\/\/propertybook.ro\/blog\/wp-json\/wp\/v2\/posts\/2994\/revisions"}],"wp:featuredmedia":[{"embeddable":true,"href":"https:\/\/propertybook.ro\/blog\/wp-json\/wp\/v2\/media\/2993"}],"wp:attachment":[{"href":"https:\/\/propertybook.ro\/blog\/wp-json\/wp\/v2\/media?parent=2994"}],"wp:term":[{"taxonomy":"category","embeddable":true,"href":"https:\/\/propertybook.ro\/blog\/wp-json\/wp\/v2\/categories?post=2994"},{"taxonomy":"post_tag","embeddable":true,"href":"https:\/\/propertybook.ro\/blog\/wp-json\/wp\/v2\/tags?post=2994"}],"curies":[{"name":"wp","href":"https:\/\/api.w.org\/{rel}","templated":true}]}}