{"id":2998,"date":"2024-10-31T13:43:35","date_gmt":"2024-10-31T11:43:35","guid":{"rendered":"https:\/\/propertybook.ro\/blog\/apartament-modern-cu-2-camere-in-complexul-cloud9-aproape-de-metrou-perfect-mobilat-si-utilat\/"},"modified":"2024-10-31T13:43:35","modified_gmt":"2024-10-31T11:43:35","slug":"apartament-modern-cu-2-camere-in-complexul-cloud9-aproape-de-metrou-perfect-mobilat-si-utilat","status":"publish","type":"post","link":"https:\/\/propertybook.ro\/blog\/apartament-modern-cu-2-camere-in-complexul-cloud9-aproape-de-metrou-perfect-mobilat-si-utilat\/","title":{"rendered":"Apartament modern cu 2 camere \u00een complexul Cloud9, aproape de metrou, perfect mobilat \u0219i utilat"},"content":{"rendered":"\n<!-- ngfb content-buttons begin -->\n<!-- generated on 2026-04-29T21:07:47+00:00 -->\n<div class=\"ngfb-content-buttons\">\n<div class=\"ngfb-buttons en_US\">\n<!-- Email Button --><div class=\"css-button email-button\">\n  <a href=\"mailto:?subject=Share:%20Apartament%20modern%20cu%202%20camere%20%C3%AEn%20complexul%20Cloud9%2C%20aproape%20de%20metrou%2C%20perfect%20mobilat%20%C8%99i%20utilat&body=Bucure%C8%99ti%20-%20Apartament%20de%202%20camere%2C%20complet%20mobilat%20%C8%99i%20utilat%2C%20situat%20%C3%AEn%20complexul%20Cloud9%2C%20aproape%20de%20Metroul%20Aurel%20Vlaicu.%20Este%20decomandat%2C%20cu%20o%20suprafa%C8%9B%C4%83%20util%C4%83%20de%2055%20mp%20plus%20balcon%20de%205%20mp.%20La%20etajul%208%20din%2011%2C%20apartamentul%20beneficiaz%C4%83%20de%20mult%C4%83%20lumin%C4%83%20natural%C4%83%20%C8%99i%20o%20vedere%20lini%C8%99tit%C4%83.%20Complexul%20ofer%C4%83%20paza%20permanent%C4%83%2C%20loc%20de%20joac%C4%83%20pentru%20copii%20%C8%99i%20control%20acces%20auto%2C%20av%C3%A2nd%20finisaje%20de%20%C3%AEnalt%C4%83%20calitate.%0D%0A%0D%0AShared%20from%20https:\/\/propertybook.ro\/blog\/apartament-modern-cu-2-camere-in-complexul-cloud9-aproape-de-metrou-perfect-mobilat-si-utilat\/%0D%0A\">\n    <span class=\"ngfb-icon\">\n      <svg xmlns=\"http:\/\/www.w3.org\/2000\/svg\" width=\"9\" height=\"9\" viewBox=\"0 0 28 28\">\n        <path d=\"M20.11 26.147c-2.335 1.05-4.36 1.4-7.124 1.4C6.524 27.548.84 22.916.84 15.284.84 7.343 6.602.45 15.4.45c6.854 0 11.8 4.7 11.8 11.252 0 5.684-3.193 9.265-7.398 9.3-1.83 0-3.153-.934-3.347-2.997h-.077c-1.208 1.986-2.96 2.997-5.023 2.997-2.532 0-4.36-1.868-4.36-5.062 0-4.75 3.503-9.07 9.11-9.07 1.713 0 3.7.4 4.6.972l-1.17 7.203c-.387 2.298-.115 3.3 1 3.4 1.674 0 3.774-2.102 3.774-6.58 0-5.06-3.27-8.994-9.304-8.994C9.05 2.87 3.83 7.545 3.83 14.97c0 6.5 4.2 10.2 10 10.202 1.987 0 4.09-.43 5.647-1.245l.634 2.22zM16.647 10.1c-.31-.078-.7-.155-1.207-.155-2.572 0-4.596 2.53-4.596 5.53 0 1.5.7 2.4 1.9 2.4 1.44 0 2.96-1.83 3.31-4.088l.592-3.72z\" \/>\n      <\/svg>\n    <\/span>\n    <span class=\"ngfb-text\"><\/span>\n  <\/a>\n<\/div><\/div><!-- .ngfb-buttons.en_US -->\n<\/div><!-- .ngfb-content-buttons -->\n<!-- ngfb content-buttons end -->\n\n\n<!-- ngfb schema image for pinterest pin it button -->\n<div class=\"ngfb-schema-image-for-pinterest\" style=\"display:none;\">\n<img loading=\"lazy\" decoding=\"async\" src=\"https:\/\/propertybook.ro\/blog\/wp-content\/uploads\/2024\/10\/11021803.webp\" width=\"0\" height=\"0\" style=\"width:0;height:0;\" data-pin-description=\"Bucure\u0219ti - Apartament de 2 camere, complet mobilat \u0219i utilat, situat &icirc;n complexul Cloud9, aproape de Metroul Aurel Vlaicu. Este decomandat, cu o suprafa\u021b\u0103 util\u0103 de 55 mp plus balcon de 5 mp. La etajul 8 din 11, apartamentul beneficiaz\u0103 de mult\u0103 lumin\u0103 natural\u0103 \u0219i o vedere lini\u0219tit\u0103. Complexul...\" alt=\"\"\/>\n<\/div><!-- .ngfb-schema-image-for-pinterest -->\n\n<figure class=\"wp-block-image size-large\"><img decoding=\"async\" src=\"https:\/\/cdn.propertybook.ro\/svn_residentialist\/11021803.webp\" alt=\"\" \/><\/figure>\n<ul>\n<li><a href=\"\/bucuresti\/\">Imobiliare Bucure\u0219ti<\/a><\/li>\n<li><a href=\"\/bucuresti\/apartamente-vanzare\/2-camere\/\">Apartamente cu 2 camere de vanzare Bucure\u0219ti<\/a><\/li>\n<\/ul>\n<p><a href=\"\/bucuresti\/imobiliare-163-11021803-se-vinde-apartament-2-camere-in-sector-1-zona-aviatiei\/\" class=\"pb-listing-action\">Detaliile proprietatii<\/a><\/p>\n<p><h2 class=\"wp-block-heading\">Descoper\u0103 Apartamentul Ideal \u00een Cloud9: Un Spa\u021biu Modern \u0219i Confortabil<\/h2>\n<p>Dac\u0103 e\u0219ti \u00een c\u0103utarea unui apartament care s\u0103 \u00eembine confortul cu un design modern, atunci acest apartament cu 2 camere situat \u00een complexul Cloud9 ar putea fi alegerea perfect\u0103 pentru tine. Amplasat \u00eentr-una dintre cele mai dezvoltate zone de birouri \u0219i la doar c\u00e2teva minute de sta\u021bia de metrou Aurel Vlaicu, acest apartament ofer\u0103 nu doar un loc de trai, ci \u0219i un stil de via\u021b\u0103 urban convenabil.<\/p>\n<p><h2 class=\"wp-block-heading\">Design Deosebit \u0219i Spa\u021biu Generos<\/h2>\n<p>Situat la etajul 8 din 11, apartamentul este decomandat \u0219i are o suprafa\u021b\u0103 util\u0103 de 55 mp, plus un balcon de 5 mp, totaliz\u00e2nd astfel 60 mp. Fiecare col\u021bi\u0219or al acestui apartament este g\u00e2ndit pentru a maximiza confortul \u0219i func\u021bionalitatea. Holul de intrare te conduce spre un living generos, perfect pentru relaxare sau \u00eent\u00e2lniri cu prietenii, dar \u0219i spre o buc\u0103t\u0103rie \u00eenchis\u0103, dotat\u0103 cu un perete din sticl\u0103 care aduce un plus de luminozitate. <\/p>\n<p>Dormitorul ofer\u0103 un spa\u021biu intim, ideal pentru a te odihni dup\u0103 o zi lung\u0103, \u00een timp ce b\u0103ile \u0219i balconul contribuie la confortul general al locuin\u021bei.<\/p>\n<p><h2 class=\"wp-block-heading\">Luminozitate \u0219i Vedere Relaxant\u0103<\/h2>\n<p>Un alt aspect remarcabil al acestui apartament este luminozitatea sa. Cu feronerie mare \u0219i vitraj generos, apartamentul beneficiaz\u0103 de o iluminare natural\u0103 excelent\u0103 pe parcursul \u00eentregii zile. Vederea este orientat\u0103 spre spate, ceea ce \u00eenseamn\u0103 c\u0103 te po\u021bi bucura de lini\u0219te \u0219i intimitate, departe de zgomotul stradal.<\/p>\n<p><h2 class=\"wp-block-heading\">Finisaje de Calitate \u0219i Dot\u0103ri Premium<\/h2>\n<p>Calitatea se reg\u0103se\u0219te \u00een fiecare detaliu al acestui apartament. Finisajele moderne sunt de \u00eenalt\u0103 calitate, iar designul minimalist confer\u0103 un aer elegant \u0219i sofisticat. Toate mobilierul \u0219i utilit\u0103\u021bile sunt incluse \u00een pre\u021b, oferind proprietarului tot ceea ce \u00eei trebuie pentru un trai confortabil de la prima zi.<\/p>\n<p><h2 class=\"wp-block-heading\">Un Complex Prietenos \u0219i Sigur<\/h2>\n<p>Complexul Cloud9 se distinge nu doar prin apartamentele sale deosebite, ci \u0219i prin facilit\u0103\u021bile oferite. Paza permanent\u0103, locul de joac\u0103 pentru copii \u0219i controlul accesului auto asigur\u0103 un mediu sigur \u0219i prietenos, perfect pentru familii, dar \u0219i pentru tinerii profesioni\u0219ti care \u00ee\u0219i doresc un c\u0103min confortabil \u0219i bine situat.<\/p>\n<p>\u00cen concluzie, acest apartament de 2 camere din Cloud9 nu este doar un loc de stat, ci un adev\u0103rat c\u0103min care \u00eembin\u0103 modernitatea cu confortul. Dac\u0103 e\u0219ti \u00een c\u0103utarea unui nou \u00eenceput, acest apartament ar putea fi r\u0103spunsul pe care \u00eel a\u0219tep\u021bi. Fiecare zi petrecut\u0103 aici poate fi o oportunitate de a te bucura de un stil de via\u021b\u0103 de calitate superioar\u0103. Nu rata ocazia de a-l viziona!<\/p>\n<p><a href=\"\/bucuresti\/imobiliare-163-11021803-se-vinde-apartament-2-camere-in-sector-1-zona-aviatiei\/\" class=\"pb-listing-action\">Stabileste o vizionare<\/a><\/p>\n<ul>\n<li><a href=\"\/bucuresti\/\">Imobiliare Bucure\u0219ti<\/a><\/li>\n<li><a href=\"\/bucuresti\/apartamente-vanzare\/2-camere\/\">Apartamente cu 2 camere de vanzare Bucure\u0219ti<\/a><\/li>\n<\/ul>\n\n<!-- ngfb content-buttons begin -->\n<!-- generated on 2026-04-29T21:07:47+00:00 -->\n<div class=\"ngfb-content-buttons\">\n<div class=\"ngfb-buttons en_US\">\n<!-- Email Button --><div class=\"css-button email-button\">\n  <a href=\"mailto:?subject=Share:%20Apartament%20modern%20cu%202%20camere%20%C3%AEn%20complexul%20Cloud9%2C%20aproape%20de%20metrou%2C%20perfect%20mobilat%20%C8%99i%20utilat&body=Bucure%C8%99ti%20-%20Apartament%20de%202%20camere%2C%20complet%20mobilat%20%C8%99i%20utilat%2C%20situat%20%C3%AEn%20complexul%20Cloud9%2C%20aproape%20de%20Metroul%20Aurel%20Vlaicu.%20Este%20decomandat%2C%20cu%20o%20suprafa%C8%9B%C4%83%20util%C4%83%20de%2055%20mp%20plus%20balcon%20de%205%20mp.%20La%20etajul%208%20din%2011%2C%20apartamentul%20beneficiaz%C4%83%20de%20mult%C4%83%20lumin%C4%83%20natural%C4%83%20%C8%99i%20o%20vedere%20lini%C8%99tit%C4%83.%20Complexul%20ofer%C4%83%20paza%20permanent%C4%83%2C%20loc%20de%20joac%C4%83%20pentru%20copii%20%C8%99i%20control%20acces%20auto%2C%20av%C3%A2nd%20finisaje%20de%20%C3%AEnalt%C4%83%20calitate.%0D%0A%0D%0AShared%20from%20https:\/\/propertybook.ro\/blog\/apartament-modern-cu-2-camere-in-complexul-cloud9-aproape-de-metrou-perfect-mobilat-si-utilat\/%0D%0A\">\n    <span class=\"ngfb-icon\">\n      <svg xmlns=\"http:\/\/www.w3.org\/2000\/svg\" width=\"9\" height=\"9\" viewBox=\"0 0 28 28\">\n        <path d=\"M20.11 26.147c-2.335 1.05-4.36 1.4-7.124 1.4C6.524 27.548.84 22.916.84 15.284.84 7.343 6.602.45 15.4.45c6.854 0 11.8 4.7 11.8 11.252 0 5.684-3.193 9.265-7.398 9.3-1.83 0-3.153-.934-3.347-2.997h-.077c-1.208 1.986-2.96 2.997-5.023 2.997-2.532 0-4.36-1.868-4.36-5.062 0-4.75 3.503-9.07 9.11-9.07 1.713 0 3.7.4 4.6.972l-1.17 7.203c-.387 2.298-.115 3.3 1 3.4 1.674 0 3.774-2.102 3.774-6.58 0-5.06-3.27-8.994-9.304-8.994C9.05 2.87 3.83 7.545 3.83 14.97c0 6.5 4.2 10.2 10 10.202 1.987 0 4.09-.43 5.647-1.245l.634 2.22zM16.647 10.1c-.31-.078-.7-.155-1.207-.155-2.572 0-4.596 2.53-4.596 5.53 0 1.5.7 2.4 1.9 2.4 1.44 0 2.96-1.83 3.31-4.088l.592-3.72z\" \/>\n      <\/svg>\n    <\/span>\n    <span class=\"ngfb-text\"><\/span>\n  <\/a>\n<\/div><\/div><!-- .ngfb-buttons.en_US -->\n<\/div><!-- .ngfb-content-buttons -->\n<!-- ngfb content-buttons end -->\n\n","protected":false},"excerpt":{"rendered":"<p>Bucure\u0219ti &#8211; Apartament de 2 camere, complet mobilat \u0219i utilat, situat \u00een complexul Cloud9, aproape de Metroul Aurel Vlaicu. Este decomandat, cu o suprafa\u021b\u0103 util\u0103 de 55 mp plus balcon de 5 mp. La etajul 8 din 11, apartamentul beneficiaz\u0103 de mult\u0103 lumin\u0103 natural\u0103 \u0219i o vedere lini\u0219tit\u0103. Complexul ofer\u0103 paza permanent\u0103, loc de joac\u0103 pentru copii \u0219i control acces auto, av\u00e2nd finisaje de \u00eenalt\u0103 calitate.<\/p>\n","protected":false},"author":8,"featured_media":2997,"comment_status":"open","ping_status":"open","sticky":false,"template":"","format":"standard","meta":{"footnotes":""},"categories":[52,49,47],"tags":[62,207,74,89,68,296,70,85],"class_list":["post-2998","post","type-post","status-publish","format-standard","has-post-thumbnail","hentry","category-apartamente-de-vanzare-bucuresti","category-oferte-imobiliare-bucuresti","category-oferte","tag-2-camere","tag-an-const-2020","tag-balcon","tag-bucuresti","tag-decomandat","tag-etaj-8-11","tag-parchet","tag-termopane"],"_links":{"self":[{"href":"https:\/\/propertybook.ro\/blog\/wp-json\/wp\/v2\/posts\/2998","targetHints":{"allow":["GET"]}}],"collection":[{"href":"https:\/\/propertybook.ro\/blog\/wp-json\/wp\/v2\/posts"}],"about":[{"href":"https:\/\/propertybook.ro\/blog\/wp-json\/wp\/v2\/types\/post"}],"author":[{"embeddable":true,"href":"https:\/\/propertybook.ro\/blog\/wp-json\/wp\/v2\/users\/8"}],"replies":[{"embeddable":true,"href":"https:\/\/propertybook.ro\/blog\/wp-json\/wp\/v2\/comments?post=2998"}],"version-history":[{"count":0,"href":"https:\/\/propertybook.ro\/blog\/wp-json\/wp\/v2\/posts\/2998\/revisions"}],"wp:featuredmedia":[{"embeddable":true,"href":"https:\/\/propertybook.ro\/blog\/wp-json\/wp\/v2\/media\/2997"}],"wp:attachment":[{"href":"https:\/\/propertybook.ro\/blog\/wp-json\/wp\/v2\/media?parent=2998"}],"wp:term":[{"taxonomy":"category","embeddable":true,"href":"https:\/\/propertybook.ro\/blog\/wp-json\/wp\/v2\/categories?post=2998"},{"taxonomy":"post_tag","embeddable":true,"href":"https:\/\/propertybook.ro\/blog\/wp-json\/wp\/v2\/tags?post=2998"}],"curies":[{"name":"wp","href":"https:\/\/api.w.org\/{rel}","templated":true}]}}