{"id":3002,"date":"2024-10-31T15:43:20","date_gmt":"2024-10-31T13:43:20","guid":{"rendered":"https:\/\/propertybook.ro\/blog\/apartament-modern-cu-2-camere-balcon-si-facilite-de-acces-in-zona-centrala-a-bucurestiului\/"},"modified":"2024-10-31T15:43:20","modified_gmt":"2024-10-31T13:43:20","slug":"apartament-modern-cu-2-camere-balcon-si-facilite-de-acces-in-zona-centrala-a-bucurestiului","status":"publish","type":"post","link":"https:\/\/propertybook.ro\/blog\/apartament-modern-cu-2-camere-balcon-si-facilite-de-acces-in-zona-centrala-a-bucurestiului\/","title":{"rendered":"Apartament modern cu 2 camere, balcon \u0219i facilite de acces \u00een zona central\u0103 a Bucure\u0219tiului"},"content":{"rendered":"\n<!-- ngfb content-buttons begin -->\n<!-- generated on 2026-04-25T20:30:14+00:00 -->\n<div class=\"ngfb-content-buttons\">\n<div class=\"ngfb-buttons en_US\">\n<!-- Email Button --><div class=\"css-button email-button\">\n  <a href=\"mailto:?subject=Share:%20Apartament%20modern%20cu%202%20camere%2C%20balcon%20%C8%99i%20facilite%20de%20acces%20%C3%AEn%20zona%20central%C4%83%20a%20Bucure%C8%99tiului&body=Bucure%C8%99ti%20-%20Apartament%20semidecomandat%20cu%202%20camere%2C%2040%20mp%20utili%20%C8%99i%20balcon%20de%203%20mp%2C%20situat%20central%2C%20aproape%20de%20parcul%20Cismigiu.%20La%20etajul%207%20din%208%2C%20construit%20%C3%AEn%201939%2C%20renovat%20recent%2C%20f%C4%83r%C4%83%20risc%20seismic.%20Instalatii%20sanitare%20%C8%99i%20electrice%20modernizate%20%C3%AEn%202020%2C%20cu%20central%C4%83%20proprie%20pentru%20%C3%AEnc%C4%83lzire.%20Ideal%20pentru%20cei%20care%20apreciaz%C4%83%20confortul%20%C8%99i%20accesul%20rapid%20la%20facilit%C4%83%C8%9Bi%20culturale.%20Pre%C8%9B%20negociabil%2C%20achizi%C8%9Bie%20cu%20orice%20form%C4%83%20de%20creditare.%0D%0A%0D%0AShared%20from%20https:\/\/propertybook.ro\/blog\/apartament-modern-cu-2-camere-balcon-si-facilite-de-acces-in-zona-centrala-a-bucurestiului\/%0D%0A\">\n    <span class=\"ngfb-icon\">\n      <svg xmlns=\"http:\/\/www.w3.org\/2000\/svg\" width=\"9\" height=\"9\" viewBox=\"0 0 28 28\">\n        <path d=\"M20.11 26.147c-2.335 1.05-4.36 1.4-7.124 1.4C6.524 27.548.84 22.916.84 15.284.84 7.343 6.602.45 15.4.45c6.854 0 11.8 4.7 11.8 11.252 0 5.684-3.193 9.265-7.398 9.3-1.83 0-3.153-.934-3.347-2.997h-.077c-1.208 1.986-2.96 2.997-5.023 2.997-2.532 0-4.36-1.868-4.36-5.062 0-4.75 3.503-9.07 9.11-9.07 1.713 0 3.7.4 4.6.972l-1.17 7.203c-.387 2.298-.115 3.3 1 3.4 1.674 0 3.774-2.102 3.774-6.58 0-5.06-3.27-8.994-9.304-8.994C9.05 2.87 3.83 7.545 3.83 14.97c0 6.5 4.2 10.2 10 10.202 1.987 0 4.09-.43 5.647-1.245l.634 2.22zM16.647 10.1c-.31-.078-.7-.155-1.207-.155-2.572 0-4.596 2.53-4.596 5.53 0 1.5.7 2.4 1.9 2.4 1.44 0 2.96-1.83 3.31-4.088l.592-3.72z\" \/>\n      <\/svg>\n    <\/span>\n    <span class=\"ngfb-text\"><\/span>\n  <\/a>\n<\/div><\/div><!-- .ngfb-buttons.en_US -->\n<\/div><!-- .ngfb-content-buttons -->\n<!-- ngfb content-buttons end -->\n\n\n<!-- ngfb schema image for pinterest pin it button -->\n<div class=\"ngfb-schema-image-for-pinterest\" style=\"display:none;\">\n<img loading=\"lazy\" decoding=\"async\" src=\"https:\/\/propertybook.ro\/blog\/wp-content\/uploads\/2024\/10\/11021755.webp\" width=\"0\" height=\"0\" style=\"width:0;height:0;\" data-pin-description=\"Bucure\u0219ti - Apartament semidecomandat cu 2 camere, 40 mp utili \u0219i balcon de 3 mp, situat central, aproape de parcul Cismigiu. La etajul 7 din 8, construit &icirc;n 1939, renovat recent, f\u0103r\u0103 risc seismic. Instalatii sanitare \u0219i electrice modernizate &icirc;n 2020, cu central\u0103 proprie pentru &icirc;nc\u0103lzire. Ideal...\" alt=\"\"\/>\n<\/div><!-- .ngfb-schema-image-for-pinterest -->\n\n<figure class=\"wp-block-image size-large\"><img decoding=\"async\" src=\"https:\/\/cdn.propertybook.ro\/svn_residentialist\/11021755.webp\" alt=\"\" \/><\/figure>\n<ul>\n<li><a href=\"\/bucuresti\/\">Imobiliare Bucure\u0219ti<\/a><\/li>\n<li><a href=\"\/bucuresti\/apartamente-vanzare\/2-camere\/\">Apartamente cu 2 camere de vanzare Bucure\u0219ti<\/a><\/li>\n<\/ul>\n<p><a href=\"\/bucuresti\/imobiliare-163-11021755-se-vinde-apartament-2-camere-in-sector-1-zona-cismigiu\/\" class=\"pb-listing-action\">Detaliile proprietatii<\/a><\/p>\n<p><h2 class=\"wp-block-heading\">Descoper\u0103 un Apartament de Vis \u00een Inima Bucure\u0219tiului<\/h2>\n<p>Bucure\u0219tiul, un ora\u0219 plin de istorie \u0219i via\u021b\u0103, ofer\u0103 diverse oportunit\u0103\u021bi de locuire \u00een zone centrale care combin\u0103 confortul \u0219i accesibilitatea. \u00cen acest cadru, un apartament de dou\u0103 camere semidecomandat atrage aten\u021bia celor care caut\u0103 un spa\u021biu primitor, dar modern.<\/p>\n<p>Situat \u00eentr-o zon\u0103 central\u0103 \u0219i istoric\u0103, l\u00e2ng\u0103 parcul Cismigiu, acest apartament se afl\u0103 la etajul 7 dintr-un imobil cu 8 etaje, construit \u00een 1939, dar complet renovat. Cu o suprafa\u021b\u0103 util\u0103 de 40 mp, plus un balcon generos de 3 mp, proprietatea \u00eembin\u0103 elegan\u021ba clasic\u0103 a arhitecturii bucure\u0219tene cu confortul contemporan. <\/p>\n<p>Unul dintre cele mai importante aspecte ale acestui apartament este absen\u021ba riscului seismic datorit\u0103 renov\u0103rii \u0219i consolid\u0103rii recent efectuate. \u00cen plus, instala\u021biile sanitare \u0219i electrice au fost modernizate complet \u00een 2020, oferind un nivel sporit de siguran\u021b\u0103 \u0219i eficien\u021b\u0103. Blocul beneficiaz\u0103 de o central\u0103 termic\u0103 proprie, asigur\u00e2nd \u00eengrijirea eficient\u0103 a \u00eenc\u0103lzirii \u0219i confort \u00een sezonul rece. <\/p>\n<p>Amplificarea calit\u0103\u021bii vie\u021bii nu se opre\u0219te la interior. Zona \u00een care se afl\u0103 apartamentul ofer\u0103 acces facil la o varietate de cafenele, restaurante, parcuri \u0219i diverse facilit\u0103\u021bi culturale. A\u0219adar, locuitorii pot savura un stil de via\u021b\u0103 activ, av\u00e2nd totul la \u00eendem\u00e2n\u0103. Lini\u0219tea din jur se \u00eembin\u0103 perfect cu pulsul vibrant al ora\u0219ului, oferind un echilibru ideal \u00eentre relaxare \u0219i distrac\u021bie.<\/p>\n<p>Pentru cei care sunt interesa\u021bi de achizi\u021bionarea unei propriet\u0103\u021bi, acest apartament vine cu flexibilitate \u00een ceea ce prive\u0219te op\u021biunile de finan\u021bare. Pre\u021bul este negociabil, iar achizi\u021bia poate fi realizat\u0103 prin orice form\u0103 de creditare, ceea ce \u00eel face accesibil unui num\u0103r mai mare de poten\u021biali proprietari.<\/p>\n<p>Acest apartament reprezint\u0103 nu doar o oportunitate de a tr\u0103i \u00eentr-un spa\u021biu modern \u0219i confortabil, ci \u0219i de a experimenta via\u021ba urban\u0103 \u00een toat\u0103 splendoarea ei. Fie c\u0103 e\u0219ti un t\u00e2n\u0103r profesionist, o familie mic\u0103 sau pur \u0219i simplu \u00een c\u0103utarea unui nou \u00eenceput \u00een inima Bucure\u0219tiului, acest apartament ar putea fi solu\u021bia ideal\u0103.<\/p>\n<p>Dac\u0103 e\u0219ti \u00een c\u0103utarea unei propriet\u0103\u021bi care combin\u0103 istoria, confortul \u0219i loca\u021bia perfect\u0103, nu rata ocazia de a explora acest apartament fermec\u0103tor! Contacteaz\u0103 un agent imobiliar pentru mai multe detalii \u0219i pentru a programa o vizionare. Vei descoperi c\u0103 acest loc poate deveni cu u\u0219urin\u021b\u0103 c\u0103minul t\u0103u perfect.<\/p>\n<p><a href=\"\/bucuresti\/imobiliare-163-11021755-se-vinde-apartament-2-camere-in-sector-1-zona-cismigiu\/\" class=\"pb-listing-action\">Stabileste o vizionare<\/a><\/p>\n<ul>\n<li><a href=\"\/bucuresti\/\">Imobiliare Bucure\u0219ti<\/a><\/li>\n<li><a href=\"\/bucuresti\/apartamente-vanzare\/2-camere\/\">Apartamente cu 2 camere de vanzare Bucure\u0219ti<\/a><\/li>\n<\/ul>\n\n<!-- ngfb content-buttons begin -->\n<!-- generated on 2026-04-25T20:30:14+00:00 -->\n<div class=\"ngfb-content-buttons\">\n<div class=\"ngfb-buttons en_US\">\n<!-- Email Button --><div class=\"css-button email-button\">\n  <a href=\"mailto:?subject=Share:%20Apartament%20modern%20cu%202%20camere%2C%20balcon%20%C8%99i%20facilite%20de%20acces%20%C3%AEn%20zona%20central%C4%83%20a%20Bucure%C8%99tiului&body=Bucure%C8%99ti%20-%20Apartament%20semidecomandat%20cu%202%20camere%2C%2040%20mp%20utili%20%C8%99i%20balcon%20de%203%20mp%2C%20situat%20central%2C%20aproape%20de%20parcul%20Cismigiu.%20La%20etajul%207%20din%208%2C%20construit%20%C3%AEn%201939%2C%20renovat%20recent%2C%20f%C4%83r%C4%83%20risc%20seismic.%20Instalatii%20sanitare%20%C8%99i%20electrice%20modernizate%20%C3%AEn%202020%2C%20cu%20central%C4%83%20proprie%20pentru%20%C3%AEnc%C4%83lzire.%20Ideal%20pentru%20cei%20care%20apreciaz%C4%83%20confortul%20%C8%99i%20accesul%20rapid%20la%20facilit%C4%83%C8%9Bi%20culturale.%20Pre%C8%9B%20negociabil%2C%20achizi%C8%9Bie%20cu%20orice%20form%C4%83%20de%20creditare.%0D%0A%0D%0AShared%20from%20https:\/\/propertybook.ro\/blog\/apartament-modern-cu-2-camere-balcon-si-facilite-de-acces-in-zona-centrala-a-bucurestiului\/%0D%0A\">\n    <span class=\"ngfb-icon\">\n      <svg xmlns=\"http:\/\/www.w3.org\/2000\/svg\" width=\"9\" height=\"9\" viewBox=\"0 0 28 28\">\n        <path d=\"M20.11 26.147c-2.335 1.05-4.36 1.4-7.124 1.4C6.524 27.548.84 22.916.84 15.284.84 7.343 6.602.45 15.4.45c6.854 0 11.8 4.7 11.8 11.252 0 5.684-3.193 9.265-7.398 9.3-1.83 0-3.153-.934-3.347-2.997h-.077c-1.208 1.986-2.96 2.997-5.023 2.997-2.532 0-4.36-1.868-4.36-5.062 0-4.75 3.503-9.07 9.11-9.07 1.713 0 3.7.4 4.6.972l-1.17 7.203c-.387 2.298-.115 3.3 1 3.4 1.674 0 3.774-2.102 3.774-6.58 0-5.06-3.27-8.994-9.304-8.994C9.05 2.87 3.83 7.545 3.83 14.97c0 6.5 4.2 10.2 10 10.202 1.987 0 4.09-.43 5.647-1.245l.634 2.22zM16.647 10.1c-.31-.078-.7-.155-1.207-.155-2.572 0-4.596 2.53-4.596 5.53 0 1.5.7 2.4 1.9 2.4 1.44 0 2.96-1.83 3.31-4.088l.592-3.72z\" \/>\n      <\/svg>\n    <\/span>\n    <span class=\"ngfb-text\"><\/span>\n  <\/a>\n<\/div><\/div><!-- .ngfb-buttons.en_US -->\n<\/div><!-- .ngfb-content-buttons -->\n<!-- ngfb content-buttons end -->\n\n","protected":false},"excerpt":{"rendered":"<p>Bucure\u0219ti &#8211; Apartament semidecomandat cu 2 camere, 40 mp utili \u0219i balcon de 3 mp, situat central, aproape de parcul Cismigiu. La etajul 7 din 8, construit \u00een 1939, renovat recent, f\u0103r\u0103 risc seismic. Instalatii sanitare \u0219i electrice modernizate \u00een 2020, cu central\u0103 proprie pentru \u00eenc\u0103lzire. Ideal pentru cei care apreciaz\u0103 confortul \u0219i accesul rapid la facilit\u0103\u021bi culturale. Pre\u021b negociabil, achizi\u021bie cu orice form\u0103 de creditare.<\/p>\n","protected":false},"author":8,"featured_media":3001,"comment_status":"open","ping_status":"open","sticky":false,"template":"","format":"standard","meta":{"footnotes":""},"categories":[52,49,47],"tags":[62,256,89,68,205,70],"class_list":["post-3002","post","type-post","status-publish","format-standard","has-post-thumbnail","hentry","category-apartamente-de-vanzare-bucuresti","category-oferte-imobiliare-bucuresti","category-oferte","tag-2-camere","tag-an-const-1938","tag-bucuresti","tag-decomandat","tag-etaj-7-8","tag-parchet"],"_links":{"self":[{"href":"https:\/\/propertybook.ro\/blog\/wp-json\/wp\/v2\/posts\/3002","targetHints":{"allow":["GET"]}}],"collection":[{"href":"https:\/\/propertybook.ro\/blog\/wp-json\/wp\/v2\/posts"}],"about":[{"href":"https:\/\/propertybook.ro\/blog\/wp-json\/wp\/v2\/types\/post"}],"author":[{"embeddable":true,"href":"https:\/\/propertybook.ro\/blog\/wp-json\/wp\/v2\/users\/8"}],"replies":[{"embeddable":true,"href":"https:\/\/propertybook.ro\/blog\/wp-json\/wp\/v2\/comments?post=3002"}],"version-history":[{"count":0,"href":"https:\/\/propertybook.ro\/blog\/wp-json\/wp\/v2\/posts\/3002\/revisions"}],"wp:featuredmedia":[{"embeddable":true,"href":"https:\/\/propertybook.ro\/blog\/wp-json\/wp\/v2\/media\/3001"}],"wp:attachment":[{"href":"https:\/\/propertybook.ro\/blog\/wp-json\/wp\/v2\/media?parent=3002"}],"wp:term":[{"taxonomy":"category","embeddable":true,"href":"https:\/\/propertybook.ro\/blog\/wp-json\/wp\/v2\/categories?post=3002"},{"taxonomy":"post_tag","embeddable":true,"href":"https:\/\/propertybook.ro\/blog\/wp-json\/wp\/v2\/tags?post=3002"}],"curies":[{"name":"wp","href":"https:\/\/api.w.org\/{rel}","templated":true}]}}