{"id":3004,"date":"2024-10-31T15:43:42","date_gmt":"2024-10-31T13:43:42","guid":{"rendered":"https:\/\/propertybook.ro\/blog\/apartament-semifinisat-cu-3-camere-si-terasa-generoasa-in-cartierul-intre-lacuri-cluj-napoca\/"},"modified":"2024-10-31T15:43:42","modified_gmt":"2024-10-31T13:43:42","slug":"apartament-semifinisat-cu-3-camere-si-terasa-generoasa-in-cartierul-intre-lacuri-cluj-napoca","status":"publish","type":"post","link":"https:\/\/propertybook.ro\/blog\/apartament-semifinisat-cu-3-camere-si-terasa-generoasa-in-cartierul-intre-lacuri-cluj-napoca\/","title":{"rendered":"Apartament Semifinisat cu 3 Camere \u0219i Teras\u0103 Generoas\u0103 \u00een Cartierul \u00centre Lacuri, Cluj-Napoca!"},"content":{"rendered":"\n<!-- ngfb content-buttons begin -->\n<!-- generated on 2026-04-29T08:45:52+00:00 -->\n<div class=\"ngfb-content-buttons\">\n<div class=\"ngfb-buttons en_US\">\n<!-- Email Button --><div class=\"css-button email-button\">\n  <a href=\"mailto:?subject=Share:%20Apartament%20Semifinisat%20cu%203%20Camere%20%C8%99i%20Teras%C4%83%20Generoas%C4%83%20%C3%AEn%20Cartierul%20%C3%8Entre%20Lacuri%2C%20Cluj-Napoca%21&body=Cluj-Napoca%2C%20Intre%20Lacuri%20-%20Apartament%20cu%203%20camere%20de%20v%C3%A2nzare%20%C3%AEn%20cartierul%20%C3%8Entre%20Lacuri%2C%20Cluj-Napoca%2C%20situat%20la%20etajul%205%20din%206.%20Suprafa%C8%9Ba%20util%C4%83%20este%20de%2087.98%20mp%2C%20plus%20teras%C4%83%20de%2032.69%20mp.%20Compartimentat%20%C3%AEn%20living%2C%20buc%C4%83t%C4%83rie%2C%202%20dormitoare%20%28unul%20cu%20baie%20proprie%29%20%C8%99i%202%20b%C4%83i%2C%20se%20pred%C4%83%20semifinisat%2C%20cu%20u%C8%99%C4%83%20metalic%C4%83%20%C8%99i%20feronerie%20de%20calitate.%20Confortul%20termic%20este%20asigurat%20prin%20central%C4%83%20proprie.%20Loc%20de%20parcare%20disponibil.%20TVA%20de%2019%25%20se%20adaug%C4%83%20la%20pre%C8%9B.%0D%0A%0D%0AShared%20from%20https:\/\/propertybook.ro\/blog\/apartament-semifinisat-cu-3-camere-si-terasa-generoasa-in-cartierul-intre-lacuri-cluj-napoca\/%0D%0A\">\n    <span class=\"ngfb-icon\">\n      <svg xmlns=\"http:\/\/www.w3.org\/2000\/svg\" width=\"9\" height=\"9\" viewBox=\"0 0 28 28\">\n        <path d=\"M20.11 26.147c-2.335 1.05-4.36 1.4-7.124 1.4C6.524 27.548.84 22.916.84 15.284.84 7.343 6.602.45 15.4.45c6.854 0 11.8 4.7 11.8 11.252 0 5.684-3.193 9.265-7.398 9.3-1.83 0-3.153-.934-3.347-2.997h-.077c-1.208 1.986-2.96 2.997-5.023 2.997-2.532 0-4.36-1.868-4.36-5.062 0-4.75 3.503-9.07 9.11-9.07 1.713 0 3.7.4 4.6.972l-1.17 7.203c-.387 2.298-.115 3.3 1 3.4 1.674 0 3.774-2.102 3.774-6.58 0-5.06-3.27-8.994-9.304-8.994C9.05 2.87 3.83 7.545 3.83 14.97c0 6.5 4.2 10.2 10 10.202 1.987 0 4.09-.43 5.647-1.245l.634 2.22zM16.647 10.1c-.31-.078-.7-.155-1.207-.155-2.572 0-4.596 2.53-4.596 5.53 0 1.5.7 2.4 1.9 2.4 1.44 0 2.96-1.83 3.31-4.088l.592-3.72z\" \/>\n      <\/svg>\n    <\/span>\n    <span class=\"ngfb-text\"><\/span>\n  <\/a>\n<\/div><\/div><!-- .ngfb-buttons.en_US -->\n<\/div><!-- .ngfb-content-buttons -->\n<!-- ngfb content-buttons end -->\n\n<figure class=\"wp-block-image size-large\"><img decoding=\"async\" src=\"https:\/\/cdn.propertybook.ro\/napoca_imobiliare\/148583.webp\" alt=\"\" \/><\/figure>\n<ul>\n<li><a href=\"\/cluj-napoca\/\">Imobiliare Cluj-Napoca<\/a><\/li>\n<li><a href=\"\/cluj-napoca\/apartamente-vanzare\/\">Apartamente de vanzare Cluj-Napoca<\/a><\/li>\n<li><a href=\"\/cluj-napoca\/apartamente-vanzare\/3-camere\/\">Apartamente cu 3 camere de vanzare Cluj-Napoca<\/a><\/li>\n<li><a href=\"\/cluj-napoca\/apartamente-vanzare\/intre_lacuri\/3-camere\/\">Apartamente cu 3 camere de vanzare Intre Lacuri, Cluj-Napoca<\/a><\/li>\n<\/ul>\n<p><a href=\"\/cluj-napoca\/imobiliare-25-148583-vanzare-apartament-3-camere-in-intre-lacuri\/\" class=\"pb-listing-action\">Detaliile proprietatii<\/a><\/p>\n<p><h2 class=\"wp-block-heading\">De V\u00e2nzare: Apartament Modern cu 3 Camere \u00een Cartierul \u00centre Lacuri, Cluj-Napoca<\/h2>\n<p>Visezi la un apartament modern, luminos \u0219i spa\u021bios \u00een inima Clujului? \u00ce\u021bi prezent\u0103m o oportunitate excelent\u0103: un apartament cu 3 camere, situat \u00eentr-unul dintre cele mai c\u0103utate cartiere ale ora\u0219ului, \u00centre Lacuri.<\/p>\n<p>#<\/p>\n<h2 class=\"wp-block-heading\">Detalii despre Apartament<\/h2>\n<p>Acest apartament generos are o suprafa\u021b\u0103 util\u0103 de 87.98 mp, plus o teras\u0103 de 32.69 mp, perfect\u0103 pentru serile relaxante sau pentru petreceri cu prietenii. Situat la etajul 5 al unui imobil cu 6 etaje, apartamentul beneficiaz\u0103 de o vedere superb\u0103 asupra zonei, asigur\u00e2ndu-\u021bi un confort sporit.<\/p>\n<p>#<\/p>\n<h2 class=\"wp-block-heading\">Compartimentare<\/h2>\n<p>Apartamentul dispune de un design inteligent, compartimentat astfel:<\/p>\n<p>&#8211; 1 hol primitor<\/p>\n<p>&#8211; 1 living spa\u021bios, ideal pentru un loc de relaxare sau socializare<\/p>\n<p>&#8211; 2 dormitoare confortabile, dintre care unul cu baie proprie<\/p>\n<p>&#8211; 2 b\u0103i moderne<\/p>\n<p>&#8211; 1 buc\u0103t\u0103rie care te a\u0219teapt\u0103 s\u0103 o transformi \u00een spa\u021biul t\u0103u culinar<\/p>\n<p>#<\/p>\n<h2 class=\"wp-block-heading\">Caracteristici Tehnice<\/h2>\n<p>Proprietatea se preda semifinisat\u0103, oferindu-\u021bi oportunitatea de a alege finisajele preferate dintr-o gam\u0103 variat\u0103, astfel \u00eenc\u00e2t s\u0103 po\u021bi personaliza apartamentul conform stilului t\u0103u.<\/p>\n<p>Printre caracteristicile tehnice se num\u0103r\u0103:<\/p>\n<p>&#8211; U\u0219a metalic\u0103 la intrare, care ofer\u0103 securitate sporit\u0103<\/p>\n<p>&#8211; Feroneria de \u00eenalt\u0103 calitate \u0219i feronerie termoizolant\u0103 din PVC, care asigur\u0103 o izolare fonic\u0103 \u0219i termic\u0103 excelent\u0103<\/p>\n<p>&#8211; Pere\u021bi zugr\u0103vi\u021bi cu vopsea lavabil\u0103, gata pentru a fi personaliza\u021bi cu nuan\u021bele tale preferate<\/p>\n<p>#<\/p>\n<h2 class=\"wp-block-heading\">Confort \u0219i Eficien\u021b\u0103 Energetic\u0103<\/h2>\n<p>Confortul termic este garantat prin centrala termic\u0103 proprie, asigur\u00e2ndu-\u021bi o temperatur\u0103 pl\u0103cut\u0103 pe durata \u00eentregului an. Aceasta \u00ee\u021bi ofer\u0103 at\u00e2t independen\u021b\u0103, c\u00e2t \u0219i eficien\u021b\u0103 energetic\u0103.<\/p>\n<p>#<\/p>\n<h2 class=\"wp-block-heading\">Op\u021biuni de Parcare<\/h2>\n<p>Pentru un plus de confort, exist\u0103 posibilitatea de a achizi\u021biona un loc de parcare adi\u021bional, la un pre\u021b de 12.000 euro + TVA, astfel \u00eenc\u00e2t s\u0103 nu mai ai grija parc\u0103rii \u00een zona aglomerat\u0103.<\/p>\n<p>#<\/p>\n<h2 class=\"wp-block-heading\">Investi\u021bie Ideal\u0103<\/h2>\n<p>Aceast\u0103 proprietate este nu doar un c\u0103min perfect pentru tine \u0219i familia ta, ci \u0219i o investi\u021bie excelent\u0103 \u00een viitor. Cartierul \u00centre Lacuri este o zon\u0103 vibrant\u0103, cu acces facil la facilit\u0103\u021bi precum \u0219coli, magazine, parcuri \u0219i transport \u00een comun.<\/p>\n<p>Nu rata ocazia de a viziona acest apartament! Contacteaz\u0103 un agent imobiliar pentru mai multe informa\u021bii \u0219i pentru a programa o vizionare. Transform\u0103-\u021bi visul \u00een realitate!<\/p>\n<p><a href=\"\/cluj-napoca\/imobiliare-25-148583-vanzare-apartament-3-camere-in-intre-lacuri\/\" class=\"pb-listing-action\">Stabileste o vizionare<\/a><\/p>\n<ul>\n<li><a href=\"\/cluj-napoca\/\">Imobiliare Cluj-Napoca<\/a><\/li>\n<li><a href=\"\/cluj-napoca\/apartamente-vanzare\/\">Apartamente de vanzare Cluj-Napoca<\/a><\/li>\n<li><a href=\"\/cluj-napoca\/apartamente-vanzare\/3-camere\/\">Apartamente cu 3 camere de vanzare Cluj-Napoca<\/a><\/li>\n<li><a href=\"\/cluj-napoca\/apartamente-vanzare\/intre_lacuri\/3-camere\/\">Apartamente cu 3 camere de vanzare Intre Lacuri, Cluj-Napoca<\/a><\/li>\n<\/ul>\n\n<!-- ngfb content-buttons begin -->\n<!-- generated on 2026-04-29T08:45:52+00:00 -->\n<div class=\"ngfb-content-buttons\">\n<div class=\"ngfb-buttons en_US\">\n<!-- Email Button --><div class=\"css-button email-button\">\n  <a href=\"mailto:?subject=Share:%20Apartament%20Semifinisat%20cu%203%20Camere%20%C8%99i%20Teras%C4%83%20Generoas%C4%83%20%C3%AEn%20Cartierul%20%C3%8Entre%20Lacuri%2C%20Cluj-Napoca%21&body=Cluj-Napoca%2C%20Intre%20Lacuri%20-%20Apartament%20cu%203%20camere%20de%20v%C3%A2nzare%20%C3%AEn%20cartierul%20%C3%8Entre%20Lacuri%2C%20Cluj-Napoca%2C%20situat%20la%20etajul%205%20din%206.%20Suprafa%C8%9Ba%20util%C4%83%20este%20de%2087.98%20mp%2C%20plus%20teras%C4%83%20de%2032.69%20mp.%20Compartimentat%20%C3%AEn%20living%2C%20buc%C4%83t%C4%83rie%2C%202%20dormitoare%20%28unul%20cu%20baie%20proprie%29%20%C8%99i%202%20b%C4%83i%2C%20se%20pred%C4%83%20semifinisat%2C%20cu%20u%C8%99%C4%83%20metalic%C4%83%20%C8%99i%20feronerie%20de%20calitate.%20Confortul%20termic%20este%20asigurat%20prin%20central%C4%83%20proprie.%20Loc%20de%20parcare%20disponibil.%20TVA%20de%2019%25%20se%20adaug%C4%83%20la%20pre%C8%9B.%0D%0A%0D%0AShared%20from%20https:\/\/propertybook.ro\/blog\/apartament-semifinisat-cu-3-camere-si-terasa-generoasa-in-cartierul-intre-lacuri-cluj-napoca\/%0D%0A\">\n    <span class=\"ngfb-icon\">\n      <svg xmlns=\"http:\/\/www.w3.org\/2000\/svg\" width=\"9\" height=\"9\" viewBox=\"0 0 28 28\">\n        <path d=\"M20.11 26.147c-2.335 1.05-4.36 1.4-7.124 1.4C6.524 27.548.84 22.916.84 15.284.84 7.343 6.602.45 15.4.45c6.854 0 11.8 4.7 11.8 11.252 0 5.684-3.193 9.265-7.398 9.3-1.83 0-3.153-.934-3.347-2.997h-.077c-1.208 1.986-2.96 2.997-5.023 2.997-2.532 0-4.36-1.868-4.36-5.062 0-4.75 3.503-9.07 9.11-9.07 1.713 0 3.7.4 4.6.972l-1.17 7.203c-.387 2.298-.115 3.3 1 3.4 1.674 0 3.774-2.102 3.774-6.58 0-5.06-3.27-8.994-9.304-8.994C9.05 2.87 3.83 7.545 3.83 14.97c0 6.5 4.2 10.2 10 10.202 1.987 0 4.09-.43 5.647-1.245l.634 2.22zM16.647 10.1c-.31-.078-.7-.155-1.207-.155-2.572 0-4.596 2.53-4.596 5.53 0 1.5.7 2.4 1.9 2.4 1.44 0 2.96-1.83 3.31-4.088l.592-3.72z\" \/>\n      <\/svg>\n    <\/span>\n    <span class=\"ngfb-text\"><\/span>\n  <\/a>\n<\/div><\/div><!-- .ngfb-buttons.en_US -->\n<\/div><!-- .ngfb-content-buttons -->\n<!-- ngfb content-buttons end -->\n\n","protected":false},"excerpt":{"rendered":"<p>Cluj-Napoca, Intre Lacuri &#8211; Apartament cu 3 camere de v\u00e2nzare \u00een cartierul \u00centre Lacuri, Cluj-Napoca, situat la etajul 5 din 6. Suprafa\u021ba util\u0103 este de 87.98 mp, plus teras\u0103 de 32.69 mp. Compartimentat \u00een living, buc\u0103t\u0103rie, 2 dormitoare (unul cu baie proprie) \u0219i 2 b\u0103i, se pred\u0103 semifinisat, cu u\u0219\u0103 metalic\u0103 \u0219i feronerie de calitate. Confortul termic este asigurat prin central\u0103 proprie. Loc de parcare disponibil. TVA de 19% se adaug\u0103 la pre\u021b.<\/p>\n","protected":false},"author":8,"featured_media":3003,"comment_status":"open","ping_status":"open","sticky":false,"template":"","format":"standard","meta":{"footnotes":""},"categories":[50,48,47],"tags":[55,65,91,108,116,60,63],"class_list":["post-3004","post","type-post","status-publish","format-standard","has-post-thumbnail","hentry","category-apartamente-de-vanzare-in-cluj-napoca","category-oferte-imobiliare-in-cluj-napoca","category-oferte","tag-3-camere","tag-centrala-termica","tag-cluj-napoca","tag-etaj-5-6","tag-intre-lacuri","tag-parcare","tag-semidecomandat"],"_links":{"self":[{"href":"https:\/\/propertybook.ro\/blog\/wp-json\/wp\/v2\/posts\/3004","targetHints":{"allow":["GET"]}}],"collection":[{"href":"https:\/\/propertybook.ro\/blog\/wp-json\/wp\/v2\/posts"}],"about":[{"href":"https:\/\/propertybook.ro\/blog\/wp-json\/wp\/v2\/types\/post"}],"author":[{"embeddable":true,"href":"https:\/\/propertybook.ro\/blog\/wp-json\/wp\/v2\/users\/8"}],"replies":[{"embeddable":true,"href":"https:\/\/propertybook.ro\/blog\/wp-json\/wp\/v2\/comments?post=3004"}],"version-history":[{"count":0,"href":"https:\/\/propertybook.ro\/blog\/wp-json\/wp\/v2\/posts\/3004\/revisions"}],"wp:featuredmedia":[{"embeddable":true,"href":"https:\/\/propertybook.ro\/blog\/wp-json\/wp\/v2\/media\/3003"}],"wp:attachment":[{"href":"https:\/\/propertybook.ro\/blog\/wp-json\/wp\/v2\/media?parent=3004"}],"wp:term":[{"taxonomy":"category","embeddable":true,"href":"https:\/\/propertybook.ro\/blog\/wp-json\/wp\/v2\/categories?post=3004"},{"taxonomy":"post_tag","embeddable":true,"href":"https:\/\/propertybook.ro\/blog\/wp-json\/wp\/v2\/tags?post=3004"}],"curies":[{"name":"wp","href":"https:\/\/api.w.org\/{rel}","templated":true}]}}